{"id":22484,"date":"2026-08-27T18:58:29","date_gmt":"2026-08-27T23:58:29","guid":{"rendered":"https:\/\/ocaru.org.ec\/?p=22484"},"modified":"2026-09-01T11:10:29","modified_gmt":"2026-09-01T16:10:29","slug":"cambio-climatico-impactos-y-medidas-de-sustentabilidad-en-los-andes","status":"publish","type":"post","link":"https:\/\/ocaru.org.ec\/en\/cambio-climatico-impactos-y-medidas-de-sustentabilidad-en-los-andes\/","title":{"rendered":"Cambio clim\u00e1tico:  impactos y medidas de sustentabilidad en los Andes"},"content":{"rendered":"<div data-elementor-type=\"wp-post\" data-elementor-id=\"22484\" class=\"elementor elementor-22484\" data-elementor-post-type=\"post\">\n\t\t\t\t\t\t<section class=\"elementor-section elementor-top-section elementor-element elementor-element-eda0a24 elementor-section-boxed elementor-section-height-default elementor-section-height-default\" data-id=\"eda0a24\" data-element_type=\"section\" data-e-type=\"section\">\n\t\t\t\t\t\t<div class=\"elementor-container elementor-column-gap-default\">\n\t\t\t\t\t<div class=\"elementor-column elementor-col-50 elementor-top-column elementor-element elementor-element-c37ed10\" data-id=\"c37ed10\" data-element_type=\"column\" data-e-type=\"column\">\n\t\t\t<div class=\"elementor-widget-wrap elementor-element-populated\">\n\t\t\t\t\t\t<div class=\"elementor-element elementor-element-c7fd051 elementor-widget elementor-widget-image\" data-id=\"c7fd051\" data-element_type=\"widget\" data-e-type=\"widget\" data-widget_type=\"image.default\">\n\t\t\t\t<div class=\"elementor-widget-container\">\n\t\t\t\t\t\t\t\t\t\t\t\t<figure class=\"wp-caption\">\n\t\t\t\t\t\t\t\t\t\t<img fetchpriority=\"high\" decoding=\"async\" width=\"1024\" height=\"487\" src=\"https:\/\/ocaru.org.ec\/wp-content\/uploads\/2026\/08\/Captura-de-pantalla-2026-08-30-a-las-10.04.33-p.-m-1024x487.png\" class=\"attachment-large size-large wp-image-22584\" alt=\"\" srcset=\"https:\/\/ocaru.org.ec\/wp-content\/uploads\/2026\/08\/Captura-de-pantalla-2026-08-30-a-las-10.04.33-p.-m-1024x487.png 1024w, https:\/\/ocaru.org.ec\/wp-content\/uploads\/2026\/08\/Captura-de-pantalla-2026-08-30-a-las-10.04.33-p.-m-300x143.png 300w, https:\/\/ocaru.org.ec\/wp-content\/uploads\/2026\/08\/Captura-de-pantalla-2026-08-30-a-las-10.04.33-p.-m-768x365.png 768w, https:\/\/ocaru.org.ec\/wp-content\/uploads\/2026\/08\/Captura-de-pantalla-2026-08-30-a-las-10.04.33-p.-m-18x9.png 18w, https:\/\/ocaru.org.ec\/wp-content\/uploads\/2026\/08\/Captura-de-pantalla-2026-08-30-a-las-10.04.33-p.-m.png 1304w\" sizes=\"(max-width: 1024px) 100vw, 1024px\" \/>\t\t\t\t\t\t\t\t\t\t\t<figcaption class=\"widget-image-caption wp-caption-text\">Dise\u00f1o y diagramaci\u00f3n ~ Katherine Herrera<\/figcaption>\n\t\t\t\t\t\t\t\t\t\t<\/figure>\n\t\t\t\t\t\t\t\t\t<\/div>\n\t\t\t\t<\/div>\n\t\t\t\t\t<\/div>\n\t\t<\/div>\n\t\t\t\t<div class=\"elementor-column elementor-col-50 elementor-top-column elementor-element elementor-element-2fd10f8\" data-id=\"2fd10f8\" data-element_type=\"column\" data-e-type=\"column\">\n\t\t\t<div class=\"elementor-widget-wrap elementor-element-populated\">\n\t\t\t\t\t\t<div class=\"elementor-element elementor-element-47c3a98 elementor-widget elementor-widget-text-editor\" data-id=\"47c3a98\" data-element_type=\"widget\" data-e-type=\"widget\" data-widget_type=\"text-editor.default\">\n\t\t\t\t<div class=\"elementor-widget-container\">\n\t\t\t\t\t\t\t\t\t<p><strong>Resumen:<\/strong> Las experiencias de los impactos del cambio clim\u00e1tico en la agricultura dan cuenta de la inserci\u00f3n hist\u00f3rica del modelo depredador de producci\u00f3n agropecuaria, pero al mismo tiempo muestran las alternativas cotidianas e institucionales que se forjan para contener sus efectos negativos. En esta ocasi\u00f3n compartimos la mirada t\u00e9cnica y social de Gerardo Vald\u00e9s, quien reconstruye las din\u00e1micas campesinas en la sierra centro-sur de los Andes ecuatorianos, nos cuenta de deslaves, migraci\u00f3n, p\u00e9rdida de biodiversidad y las estrategias campesinas por cambiar esa realidad en tiempos de colapso clim\u00e1tico.<\/p>\t\t\t\t\t\t\t\t<\/div>\n\t\t\t\t<\/div>\n\t\t\t\t\t<\/div>\n\t\t<\/div>\n\t\t\t\t\t<\/div>\n\t\t<\/section>\n\t\t\t\t<section class=\"elementor-section elementor-top-section elementor-element elementor-element-36d3ee2 elementor-section-boxed elementor-section-height-default elementor-section-height-default\" data-id=\"36d3ee2\" data-element_type=\"section\" data-e-type=\"section\">\n\t\t\t\t\t\t<div class=\"elementor-container elementor-column-gap-default\">\n\t\t\t\t\t<div class=\"elementor-column elementor-col-100 elementor-top-column elementor-element elementor-element-f989545\" data-id=\"f989545\" data-element_type=\"column\" data-e-type=\"column\">\n\t\t\t<div class=\"elementor-widget-wrap elementor-element-populated\">\n\t\t\t\t\t\t<div class=\"elementor-element elementor-element-756b03a elementor-widget elementor-widget-text-editor\" data-id=\"756b03a\" data-element_type=\"widget\" data-e-type=\"widget\" data-widget_type=\"text-editor.default\">\n\t\t\t\t<div class=\"elementor-widget-container\">\n\t\t\t\t\t\t\t\t\t<p><strong>\u00bfQu\u00e9 cambios ha observado usted en las agriculturas familiares campesinas debido al cambio clim\u00e1tico en el cant\u00f3n del Ca\u00f1ar &#8211; Ecuador?<\/strong><\/p><p>Hasta los a\u00f1os 80, en Ca\u00f1ar, se pod\u00eda observar una gran diversidad de cultivos de ciclo corto como las ocas, las mashuas, los mellocos, las papas, las habas, el ma\u00edz, la cebada, el trigo, la arveja, la lenteja, las habas, frutales andinos, plantas hort\u00edcolas, medicinales, todos estos alimentos con una caracter\u00edstica especial, en cada uno de los predios se dispon\u00edan de cercas vivas que serv\u00edan como linderos. Estos linderos estaban constituidos por una gran variedad de arbustos, plantas rastreras, forestales, pencas y otros, lo que permit\u00eda una producci\u00f3n agropecuaria en armon\u00eda con la naturaleza.<\/p><p>A ra\u00edz del auge de la reforma agraria y la revoluci\u00f3n verde, con el uso de agro qu\u00edmicos en la agricultura y la especializaci\u00f3n de los cultivos por demandas del mercado, la gran diversidad de productos fue desapareciendo y desequilibrando los ecosistemas agr\u00edcolas. Proliferaron las plagas, enfermedades y se contaminaron los suelos. Es a partir del a\u00f1o de 1988 que la temperatura parece incrementarse dando paso a un proceso de adaptaci\u00f3n de nuevos cultivos en zonas en donde nunca se adaptaban, por ejemplo, el ma\u00edz y algunos frutales empiezan a producir a una altitud de 3 200 msnm y m\u00e1s. Las precipitaciones disminuyen notablemente, desarroll\u00e1ndose fuertes olas de calor a medio d\u00eda, mientras por las tardes y las ma\u00f1anas hace fr\u00edo extremo. Los veranos se hacen m\u00e1s prolongados afectando notablemente a la agricultura.<\/p><p>Con mayores d\u00edas de estiaje las vertientes de agua bajan notablemente su caudal, provocando una serie de conflictos socio ambientales, y como consecuencia de esto podr\u00edamos decir que inician los problemas de la agricultura, que coinciden con las primeras olas migratorias fuera del pa\u00eds. Inmediatamente, la falta de mano de obra provocada por la migraci\u00f3n y por el bajo precio de los diversos productos agr\u00edcolas, ha promovido que las familias campesinas vayan cambiando paulatinamente el uso del suelo hacia los pastizales, esto lo podemos ver con mayor presencia a partir del a\u00f1o 2018.<\/p>\t\t\t\t\t\t\t\t<\/div>\n\t\t\t\t<\/div>\n\t\t\t\t\t<\/div>\n\t\t<\/div>\n\t\t\t\t\t<\/div>\n\t\t<\/section>\n\t\t\t\t<section class=\"elementor-section elementor-top-section elementor-element elementor-element-4c794bd elementor-section-boxed elementor-section-height-default elementor-section-height-default\" data-id=\"4c794bd\" data-element_type=\"section\" data-e-type=\"section\">\n\t\t\t\t\t\t<div class=\"elementor-container elementor-column-gap-default\">\n\t\t\t\t\t<div class=\"elementor-column elementor-col-50 elementor-top-column elementor-element elementor-element-74d9f63\" data-id=\"74d9f63\" data-element_type=\"column\" data-e-type=\"column\">\n\t\t\t<div class=\"elementor-widget-wrap elementor-element-populated\">\n\t\t\t\t\t\t<div class=\"elementor-element elementor-element-65af345 elementor-widget elementor-widget-image\" data-id=\"65af345\" data-element_type=\"widget\" data-e-type=\"widget\" data-widget_type=\"image.default\">\n\t\t\t\t<div class=\"elementor-widget-container\">\n\t\t\t\t\t\t\t\t\t\t\t\t\t\t\t<img decoding=\"async\" width=\"634\" height=\"310\" src=\"https:\/\/ocaru.org.ec\/wp-content\/uploads\/2026\/08\/Captura-de-pantalla-2026-08-30-a-las-8.56.46-p.-m.png\" class=\"attachment-large size-large wp-image-22512\" alt=\"\" srcset=\"https:\/\/ocaru.org.ec\/wp-content\/uploads\/2026\/08\/Captura-de-pantalla-2026-08-30-a-las-8.56.46-p.-m.png 634w, https:\/\/ocaru.org.ec\/wp-content\/uploads\/2026\/08\/Captura-de-pantalla-2026-08-30-a-las-8.56.46-p.-m-300x147.png 300w, https:\/\/ocaru.org.ec\/wp-content\/uploads\/2026\/08\/Captura-de-pantalla-2026-08-30-a-las-8.56.46-p.-m-18x9.png 18w\" sizes=\"(max-width: 634px) 100vw, 634px\" \/>\t\t\t\t\t\t\t\t\t\t\t\t\t\t\t<\/div>\n\t\t\t\t<\/div>\n\t\t\t\t\t<\/div>\n\t\t<\/div>\n\t\t\t\t<div class=\"elementor-column elementor-col-50 elementor-top-column elementor-element elementor-element-be49963\" data-id=\"be49963\" data-element_type=\"column\" data-e-type=\"column\">\n\t\t\t<div class=\"elementor-widget-wrap elementor-element-populated\">\n\t\t\t\t\t\t<div class=\"elementor-element elementor-element-c614ccd elementor-widget elementor-widget-text-editor\" data-id=\"c614ccd\" data-element_type=\"widget\" data-e-type=\"widget\" data-widget_type=\"text-editor.default\">\n\t\t\t\t<div class=\"elementor-widget-container\">\n\t\t\t\t\t\t\t\t\t<p>Hoy en d\u00eda el 75% de los suelos agr\u00edcolas est\u00e1n reemplazados por pastizales, incrementando a\u00fan m\u00e1s la contaminaci\u00f3n ambiental y el cambio clim\u00e1tico, debido a la gran cantidad de desechos inorg\u00e1nicos s\u00f3lidos, el uso de fertilizantes qu\u00edmicos, el excremento de los animales vacunos que emanan grandes cantidades de metano a la atm\u00f3sfera. Por otra parte, la mecanizaci\u00f3n agr\u00edcola y el proceso de urbanizaci\u00f3n y vialidad han provocado la destrucci\u00f3n de las cercas vivas, lo que contribuye a la erosi\u00f3n de los suelos, deslizamientos, inundaciones y otros.<\/p>\t\t\t\t\t\t\t\t<\/div>\n\t\t\t\t<\/div>\n\t\t\t\t\t<\/div>\n\t\t<\/div>\n\t\t\t\t\t<\/div>\n\t\t<\/section>\n\t\t\t\t<section class=\"elementor-section elementor-top-section elementor-element elementor-element-99f92b5 elementor-section-boxed elementor-section-height-default elementor-section-height-default\" data-id=\"99f92b5\" data-element_type=\"section\" data-e-type=\"section\">\n\t\t\t\t\t\t<div class=\"elementor-container elementor-column-gap-default\">\n\t\t\t\t\t<div class=\"elementor-column elementor-col-100 elementor-top-column elementor-element elementor-element-0e2c93b\" data-id=\"0e2c93b\" data-element_type=\"column\" data-e-type=\"column\">\n\t\t\t<div class=\"elementor-widget-wrap elementor-element-populated\">\n\t\t\t\t\t\t<div class=\"elementor-element elementor-element-741a865 elementor-widget elementor-widget-text-editor\" data-id=\"741a865\" data-element_type=\"widget\" data-e-type=\"widget\" data-widget_type=\"text-editor.default\">\n\t\t\t\t<div class=\"elementor-widget-container\">\n\t\t\t\t\t\t\t\t\t<p>Con la mayor producci\u00f3n ganadera se incrementa la demanda del agua, misma que cada vez disminuye por el impactante avance de la frontera agr\u00edcola que arrasa con importantes zonas de inter\u00e9s h\u00eddrico. En el a\u00f1o 2023 en esta zona no tuvimos la llamada \u201cllovizna del Oriente\u201d que va desde mayo a septiembre, y al contrario experimentamos 6 meses de verano que provocaron grandes p\u00e9rdidas en el sector agr\u00edcola y ganadero. Vemos como se desatan mayores conflictos socioambientales por la demanda del agua y el aumento de la pobreza.<\/p><p>Actualmente vivimos una larga etapa invernal adem\u00e1s de su intensificaci\u00f3n, lo que viene provocando deslizamientos, inundaciones, deslaves y afecci\u00f3n a la agricultura familiar campesina y peque\u00f1os ganaderos.<\/p><p><strong>\u00bfC\u00f3mo describir\u00eda los efectos de estas transformaciones sobre los ciclos productivos?<\/strong><\/p><p>En el a\u00f1o 2023 tuvimos la mayor temporada de estiaje en el que se desataron incendios forestales a tal magnitud que declararon a Ca\u00f1ar en emergencia. Los incendios destruyeron \u00e1reas boscosas y pajonal como: El Tabl\u00f3n en la parroquia Honorato V\u00e1squez, Gulapan del cant\u00f3n Suscal, Yuracasha del cant\u00f3n Ca\u00f1ar, Ramos Loma de la parroquia General Morales, m\u00e1s o menos unas 73 ha.<\/p><p>Por otro parte, el incremento y descenso no controlado de la temperatura es notorio, tenemos d\u00edas en que las ma\u00f1anas presentan temperaturas menores a un grado cent\u00edgrado, ocasionando la p\u00e9rdida de cultivos como la papa, la arveja, las habas e incluso los pastos \u2013mismos que se marchitan y provocan enfermedades gastrointestinales en el ganado y animales menores\u2013. Luego a partir de mediod\u00eda la temperatura oscila entre los 18 a 22 grados, lo que afecta a la producci\u00f3n agr\u00edcola y pecuaria.<\/p><p>Con respecto a las fuentes de agua vemos como viene disminuyendo en cantidad y calidad por efectos del cambio clim\u00e1tico, pero tambi\u00e9n por la contaminaci\u00f3n y deterioro de la vegetaci\u00f3n, como es el caso de las lagunas de Cochahuma, Masanqui, que las est\u00e1n secando para la implementaci\u00f3n de pastizales. Tenemos la disminuci\u00f3n del caudal de agua para consumo humano, como es el caso de la Junta Administradora de Agua Potable y Saneamiento Regional de la parroquia Honorato V\u00e1squez, su captaci\u00f3n ha disminuido a la mitad del caudal por el avance de la frontera agr\u00edcola.<\/p><p>Y, por otra parte, hoy en d\u00eda las precipitaciones son m\u00e1s intensas con presencia de granizadas y torrenciales, que afectan a los suelos desprovistos de vegetaci\u00f3n y los erosionan. Tambi\u00e9n est\u00e1n las inundaciones y los deslizamientos de tierra que afectan a las poblaciones, un ejemplo es lo que sucedi\u00f3 el 14 de abril de 2025, un deslave provoc\u00f3 que las casas y calles se llenaran de lodo, mientras los predios de cultivos y pastizales fueran destruidos.<\/p><p><strong>\u00bfPodr\u00eda mencionar algunas de las causas que provocan estos eventos extremos en el clima?<\/strong><\/p><p>S\u00ed, son varias las causas: el deterioro de las \u00e1reas naturales como los bosques nativos, el p\u00e1ramo, las cercas vivas; tambi\u00e9n est\u00e1 la contaminaci\u00f3n ambiental por los plaguicidas y fertilizantes qu\u00edmicos, los desechos inorg\u00e1nicos y las grandes cantidades de excretas de bovinos; estas son las principales causas que provocan eventos extremos en el clima en nuestras zonas.<\/p><p>Ahora vivimos veranos prolongados, lluvias intensas; as\u00ed tambi\u00e9n, fen\u00f3menos de movimientos de tierra como las fallas geol\u00f3gicas que se agudizan por la deforestaci\u00f3n y la construcci\u00f3n de infraestructura sin consideraciones t\u00e9cnicas previas, tal es el caso del movimiento de tierra que se da en el sector Cuchucun del cant\u00f3n Ca\u00f1ar, que provoc\u00f3 la salida de algunas familias a vivir en otras zonas y la p\u00e9rdida de cultivos y pastizales.<\/p><p><strong>Ca\u00f1ar es un territorio de altos niveles migratorios, \u00bfc\u00f3mo esto ha incidido en la agricultura de la zona, dir\u00eda que guarda alguna relaci\u00f3n tambi\u00e9n con el cambio clim\u00e1tico?<\/strong><\/p><p>Los factores que influyen para la migraci\u00f3n son, por un lado, la no rentabilidad de la agricultura, la crisis econ\u00f3mica y la social relacionada con la inseguridad. Pero me atrever\u00eda a decir que, por otro lado, tambi\u00e9n son las condiciones clim\u00e1ticas adversas. Conocemos casos extremos donde han migrado familias completas, lo que ocasiona escasez de mano de obra para las labores agr\u00edcolas, cambio del uso del suelo y afectaci\u00f3n a la soberan\u00eda y seguridad alimentaria, porque las personas que en estos tiempos sostienen la agricultura tienen una edad mayor a los 50 a\u00f1os.<\/p>\t\t\t\t\t\t\t\t<\/div>\n\t\t\t\t<\/div>\n\t\t\t\t\t<\/div>\n\t\t<\/div>\n\t\t\t\t\t<\/div>\n\t\t<\/section>\n\t\t\t\t<section class=\"elementor-section elementor-top-section elementor-element elementor-element-c5ebca4 elementor-section-boxed elementor-section-height-default elementor-section-height-default\" data-id=\"c5ebca4\" data-element_type=\"section\" data-e-type=\"section\">\n\t\t\t\t\t\t<div class=\"elementor-container elementor-column-gap-default\">\n\t\t\t\t\t<div class=\"elementor-column elementor-col-50 elementor-top-column elementor-element elementor-element-ec35db3\" data-id=\"ec35db3\" data-element_type=\"column\" data-e-type=\"column\">\n\t\t\t<div class=\"elementor-widget-wrap elementor-element-populated\">\n\t\t\t\t\t\t<div class=\"elementor-element elementor-element-84dacd1 elementor-widget elementor-widget-image\" data-id=\"84dacd1\" data-element_type=\"widget\" data-e-type=\"widget\" data-widget_type=\"image.default\">\n\t\t\t\t<div class=\"elementor-widget-container\">\n\t\t\t\t\t\t\t\t\t\t\t\t\t\t\t<img decoding=\"async\" width=\"620\" height=\"232\" src=\"https:\/\/ocaru.org.ec\/wp-content\/uploads\/2026\/08\/Captura-de-pantalla-2026-08-30-a-las-9.29.01-p.-m.png\" class=\"attachment-large size-large wp-image-22546\" alt=\"\" srcset=\"https:\/\/ocaru.org.ec\/wp-content\/uploads\/2026\/08\/Captura-de-pantalla-2026-08-30-a-las-9.29.01-p.-m.png 620w, https:\/\/ocaru.org.ec\/wp-content\/uploads\/2026\/08\/Captura-de-pantalla-2026-08-30-a-las-9.29.01-p.-m-300x112.png 300w, https:\/\/ocaru.org.ec\/wp-content\/uploads\/2026\/08\/Captura-de-pantalla-2026-08-30-a-las-9.29.01-p.-m-18x7.png 18w\" sizes=\"(max-width: 620px) 100vw, 620px\" \/>\t\t\t\t\t\t\t\t\t\t\t\t\t\t\t<\/div>\n\t\t\t\t<\/div>\n\t\t\t\t\t<\/div>\n\t\t<\/div>\n\t\t\t\t<div class=\"elementor-column elementor-col-50 elementor-top-column elementor-element elementor-element-7f4e76b\" data-id=\"7f4e76b\" data-element_type=\"column\" data-e-type=\"column\">\n\t\t\t<div class=\"elementor-widget-wrap elementor-element-populated\">\n\t\t\t\t\t\t<div class=\"elementor-element elementor-element-70f4f55 elementor-widget elementor-widget-text-editor\" data-id=\"70f4f55\" data-element_type=\"widget\" data-e-type=\"widget\" data-widget_type=\"text-editor.default\">\n\t\t\t\t<div class=\"elementor-widget-container\">\n\t\t\t\t\t\t\t\t\t<p>La migraci\u00f3n principalmente va al extranjero (Espa\u00f1a y Estados Unidos). Este tipo de migraci\u00f3n genera cambios dr\u00e1sticos en el uso del suelo, que han dejado de ser agr\u00edcolas y pasan a ser pecuarios. En el cant\u00f3n Ca\u00f1ar, el 62% de cobertura vegetal son pastos, el 8% vegetaci\u00f3n arbustiva, el 8% vegetaci\u00f3n herb\u00e1cea, el 16% p\u00e1ramos y apenas el 6% de cultivos diversos.<\/p>\t\t\t\t\t\t\t\t<\/div>\n\t\t\t\t<\/div>\n\t\t\t\t\t<\/div>\n\t\t<\/div>\n\t\t\t\t\t<\/div>\n\t\t<\/section>\n\t\t\t\t<section class=\"elementor-section elementor-top-section elementor-element elementor-element-eef8fe0 elementor-section-boxed elementor-section-height-default elementor-section-height-default\" data-id=\"eef8fe0\" data-element_type=\"section\" data-e-type=\"section\">\n\t\t\t\t\t\t<div class=\"elementor-container elementor-column-gap-default\">\n\t\t\t\t\t<div class=\"elementor-column elementor-col-100 elementor-top-column elementor-element elementor-element-3a2568b\" data-id=\"3a2568b\" data-element_type=\"column\" data-e-type=\"column\">\n\t\t\t<div class=\"elementor-widget-wrap elementor-element-populated\">\n\t\t\t\t\t\t<div class=\"elementor-element elementor-element-13203e6 elementor-widget elementor-widget-text-editor\" data-id=\"13203e6\" data-element_type=\"widget\" data-e-type=\"widget\" data-widget_type=\"text-editor.default\">\n\t\t\t\t<div class=\"elementor-widget-container\">\n\t\t\t\t\t\t\t\t\t<p>En conclusi\u00f3n, por un lado, la poblaci\u00f3n de Ca\u00f1ar hoy en d\u00eda es ganadera y se especializan en la producci\u00f3n l\u00e1ctea. Es un cant\u00f3n que ha ca\u00eddo en el consumismo, debido a que las remesas mensuales se dirigen a las grandes tiendas y supermercados. Vivimos contaminaci\u00f3n del campo por desechos inorg\u00e1nicos y una crisis alimentaria que se refleja en la desnutrici\u00f3n infantil. Es decir, el cambio clim\u00e1tico y otros factores han motivado la migraci\u00f3n hacia el exterior del pa\u00eds.<\/p><p><strong>\u00bfQu\u00e9 pr\u00e1cticas agroecol\u00f3gicas o de agricultura sustentable impulsan las instituciones estatales, privadas y las familias campesinas para enfrentar estos cambios en el clima?<\/strong><\/p><p>A trav\u00e9s de entidades de desarrollo como el Gobierno Provincial del Ca\u00f1ar, se impulsan programas y proyectos de resiliencia para promover la recuperaci\u00f3n y conservaci\u00f3n de \u00e1reas naturales, la restauraci\u00f3n de cercas vivas y zonas de inter\u00e9s h\u00eddrico, la recuperaci\u00f3n de cultivos ancestrales y huertas familiares org\u00e1nicas, con la elaboraci\u00f3n de abonos org\u00e1nicos y biofertilizantes. Programas agroforestales, agroecolog\u00eda y ganader\u00eda sostenible partiendo de las enmiendas y mineralizaci\u00f3n de los suelos.<\/p><p>Las familias participantes realizan las siembras de plantas forestales en sus predios bajo el sistema silvopastoril, as\u00ed tambi\u00e9n, elaboran sus huertas familiares y practican la agroecolog\u00eda con la siembra de plantas forestales, frutales, medicinales, ornamentales y otras; de igual manera elaboran los biofertilizantes, abonos fermentados, sales minerales caseras, bloques nutricionales y balanceados para el ganado, con el prop\u00f3sito de mejorar la calidad y cantidad de la producci\u00f3n agr\u00edcola y pecuaria en sus predios.<\/p><p>Tambi\u00e9n a trav\u00e9s de la organizaci\u00f3n comunitaria y coordinaci\u00f3n interinstitucional, se promueve la delimitaci\u00f3n de la frontera agr\u00edcola, el cercado f\u00edsico y la restauraci\u00f3n natural y asistida de \u00e1reas naturales, la recuperaci\u00f3n y conservaci\u00f3n de vertientes y \u00e1reas de inter\u00e9s h\u00eddrico.<\/p>\t\t\t\t\t\t\t\t<\/div>\n\t\t\t\t<\/div>\n\t\t\t\t\t<\/div>\n\t\t<\/div>\n\t\t\t\t\t<\/div>\n\t\t<\/section>\n\t\t\t\t<section class=\"elementor-section elementor-top-section elementor-element elementor-element-03f6d81 elementor-section-boxed elementor-section-height-default elementor-section-height-default\" data-id=\"03f6d81\" data-element_type=\"section\" data-e-type=\"section\">\n\t\t\t\t\t\t<div class=\"elementor-container elementor-column-gap-default\">\n\t\t\t\t\t<div class=\"elementor-column elementor-col-100 elementor-top-column elementor-element elementor-element-0834cae\" data-id=\"0834cae\" data-element_type=\"column\" data-e-type=\"column\">\n\t\t\t<div class=\"elementor-widget-wrap elementor-element-populated\">\n\t\t\t\t\t\t<div class=\"elementor-element elementor-element-910e29a elementor-align-center elementor-widget elementor-widget-button\" data-id=\"910e29a\" data-element_type=\"widget\" data-e-type=\"widget\" data-widget_type=\"button.default\">\n\t\t\t\t<div class=\"elementor-widget-container\">\n\t\t\t\t\t\t\t\t\t<div class=\"elementor-button-wrapper\">\n\t\t\t\t\t<a class=\"elementor-button elementor-button-link elementor-size-sm\" href=\"https:\/\/ocaru.org.ec\/wp-content\/uploads\/2026\/08\/Gerardo-Valdes.pdf\" target=\"_blank\">\n\t\t\t\t\t\t<span class=\"elementor-button-content-wrapper\">\n\t\t\t\t\t\t\t\t\t<span class=\"elementor-button-text\">Descargar PDF<\/span>\n\t\t\t\t\t<\/span>\n\t\t\t\t\t<\/a>\n\t\t\t\t<\/div>\n\t\t\t\t\t\t\t\t<\/div>\n\t\t\t\t<\/div>\n\t\t\t\t\t<\/div>\n\t\t<\/div>\n\t\t\t\t\t<\/div>\n\t\t<\/section>\n\t\t\t\t<section class=\"elementor-section elementor-top-section elementor-element elementor-element-cda2738 elementor-section-boxed elementor-section-height-default elementor-section-height-default\" data-id=\"cda2738\" data-element_type=\"section\" data-e-type=\"section\">\n\t\t\t\t\t\t<div class=\"elementor-container elementor-column-gap-default\">\n\t\t\t\t\t<div class=\"elementor-column elementor-col-100 elementor-top-column elementor-element elementor-element-19d6289\" data-id=\"19d6289\" data-element_type=\"column\" data-e-type=\"column\">\n\t\t\t<div class=\"elementor-widget-wrap elementor-element-populated\">\n\t\t\t\t\t\t<div class=\"elementor-element elementor-element-c9c2ce1 elementor-widget elementor-widget-text-editor\" data-id=\"c9c2ce1\" data-element_type=\"widget\" data-e-type=\"widget\" data-widget_type=\"text-editor.default\">\n\t\t\t\t<div class=\"elementor-widget-container\">\n\t\t\t\t\t\t\t\t\t<p>*<strong> Gerardo Vald\u00e9s:<\/strong> Experto en agricultura y cambio clim\u00e1tico, trabaja de cerca con las organizaciones campesinas de los territorios del sur de Ecuador. Forma parte del Comit\u00e9 Nacional de Agricultura Familiar Campesina y Comunitaria de Ecuador.<\/p><p>* Entrevista y Edici\u00f3n: Esteban Daza Cevallos (OCARU).<\/p><p>* Las opiniones expresadas en esta publicaci\u00f3n no representan necesariamente las del Instituto de Estudios Ecuatorianos, el Observatorio del Cambio Rural, la Fundaci\u00f3n Rosa Luxemburgo, el International Development Research Centre y, dem\u00e1s instituciones aliadas al Proyecto Coaliciones para apoyar procesos socio-pol\u00edticos hacia la transici\u00f3n agroecol\u00f3gica en Suram\u00e9rica.<\/p>\t\t\t\t\t\t\t\t<\/div>\n\t\t\t\t<\/div>\n\t\t\t\t\t<\/div>\n\t\t<\/div>\n\t\t\t\t\t<\/div>\n\t\t<\/section>\n\t\t\t\t<section class=\"elementor-section elementor-top-section elementor-element elementor-element-a2bc39e elementor-section-boxed elementor-section-height-default elementor-section-height-default\" data-id=\"a2bc39e\" data-element_type=\"section\" data-e-type=\"section\">\n\t\t\t\t\t\t<div class=\"elementor-container elementor-column-gap-default\">\n\t\t\t\t\t<div class=\"elementor-column elementor-col-100 elementor-top-column elementor-element elementor-element-e6db493\" data-id=\"e6db493\" data-element_type=\"column\" data-e-type=\"column\">\n\t\t\t<div class=\"elementor-widget-wrap elementor-element-populated\">\n\t\t\t\t\t\t<div class=\"elementor-element elementor-element-2c7a5a8 elementor-widget elementor-widget-spacer\" data-id=\"2c7a5a8\" data-element_type=\"widget\" data-e-type=\"widget\" data-widget_type=\"spacer.default\">\n\t\t\t\t<div class=\"elementor-widget-container\">\n\t\t\t\t\t\t\t<div class=\"elementor-spacer\">\n\t\t\t<div class=\"elementor-spacer-inner\"><\/div>\n\t\t<\/div>\n\t\t\t\t\t\t<\/div>\n\t\t\t\t<\/div>\n\t\t\t\t\t<\/div>\n\t\t<\/div>\n\t\t\t\t\t<\/div>\n\t\t<\/section>\n\t\t\t\t<section class=\"elementor-section elementor-top-section elementor-element elementor-element-bc8a1e4 elementor-section-boxed elementor-section-height-default elementor-section-height-default\" data-id=\"bc8a1e4\" data-element_type=\"section\" data-e-type=\"section\">\n\t\t\t\t\t\t<div class=\"elementor-container elementor-column-gap-default\">\n\t\t\t\t\t<div class=\"elementor-column elementor-col-100 elementor-top-column elementor-element elementor-element-dc58070\" data-id=\"dc58070\" data-element_type=\"column\" data-e-type=\"column\">\n\t\t\t<div class=\"elementor-widget-wrap elementor-element-populated\">\n\t\t\t\t\t\t<div class=\"elementor-element elementor-element-fd99cb6 elementor-widget elementor-widget-spacer\" data-id=\"fd99cb6\" data-element_type=\"widget\" data-e-type=\"widget\" data-widget_type=\"spacer.default\">\n\t\t\t\t<div class=\"elementor-widget-container\">\n\t\t\t\t\t\t\t<div class=\"elementor-spacer\">\n\t\t\t<div class=\"elementor-spacer-inner\"><\/div>\n\t\t<\/div>\n\t\t\t\t\t\t<\/div>\n\t\t\t\t<\/div>\n\t\t\t\t\t<\/div>\n\t\t<\/div>\n\t\t\t\t\t<\/div>\n\t\t<\/section>\n\t\t\t\t<section class=\"elementor-section elementor-top-section elementor-element elementor-element-7cc07d6 elementor-section-boxed elementor-section-height-default elementor-section-height-default\" data-id=\"7cc07d6\" data-element_type=\"section\" data-e-type=\"section\">\n\t\t\t\t\t\t<div class=\"elementor-container elementor-column-gap-default\">\n\t\t\t\t\t<div class=\"elementor-column elementor-col-100 elementor-top-column elementor-element elementor-element-6158e3e\" data-id=\"6158e3e\" data-element_type=\"column\" data-e-type=\"column\">\n\t\t\t<div class=\"elementor-widget-wrap elementor-element-populated\">\n\t\t\t\t\t\t<div class=\"elementor-element elementor-element-b6b23b5 elementor-widget elementor-widget-global elementor-global-10318 elementor-widget-heading\" data-id=\"b6b23b5\" data-element_type=\"widget\" data-e-type=\"widget\" data-widget_type=\"heading.default\">\n\t\t\t\t<div class=\"elementor-widget-container\">\n\t\t\t\t\t<h4 class=\"elementor-heading-title elementor-size-default\">Te podr\u00eda interesar<\/h4>\t\t\t\t<\/div>\n\t\t\t\t<\/div>\n\t\t\t\t<div class=\"elementor-element elementor-element-be0a0ed pp-card-slider-image-left pp-card-slider-dots-aside elementor-widget elementor-widget-global elementor-global-10298 elementor-widget-pp-card-slider\" data-id=\"be0a0ed\" data-element_type=\"widget\" data-e-type=\"widget\" data-settings=\"{&quot;open_lightbox&quot;:&quot;default&quot;,&quot;pause_on_hover&quot;:&quot;yes&quot;}\" data-widget_type=\"pp-card-slider.default\">\n\t\t\t\t<div class=\"elementor-widget-container\">\n\t\t\t\t\t\t\t<div class=\"pp-card-slider pp-swiper-slider\" data-slider-settings=\"{&quot;effect&quot;:&quot;fade&quot;,&quot;speed&quot;:500,&quot;slides_per_view&quot;:1,&quot;auto_height&quot;:false,&quot;loop&quot;:&quot;yes&quot;,&quot;autoplay&quot;:&quot;yes&quot;,&quot;autoplay_speed&quot;:3000,&quot;pause_on_interaction&quot;:false,&quot;keyboard&quot;:&quot;yes&quot;,&quot;pagination&quot;:&quot;bullets&quot;}\">\n\t\t\t<div class=\"swiper-wrapper\">\n\t\t\t\t\t\t\t\t<div class=\"pp-card-slider-item swiper-slide pp-card-slider-item-0\">\n\t\t\t\t\t\t\t\t\t\t\t\t\t<div class=\"pp-card-slider-image\">\n\t\t\t\t<a data-elementor-open-lightbox=\"yes\" data-elementor-lightbox-slideshow=\"be0a0ed\" data-elementor-lightbox-title=\"Cuestio\u0301n Agraria y Agroecologi\u0301a\" data-e-action-hash=\"#elementor-action%3Aaction%3Dlightbox%26settings%3DeyJpZCI6MjIyNTYsInVybCI6Imh0dHBzOlwvXC9vY2FydS5vcmcuZWNcL3dwLWNvbnRlbnRcL3VwbG9hZHNcLzIwMjZcLzA4XC9DdWVzdGlvbi1BZ3JhcmlhLXktQWdyb2Vjb2xvZ2lhLmpwZyIsInNsaWRlc2hvdyI6ImJlMGEwZWQifQ%3D%3D\" href=\"https:\/\/ocaru.org.ec\/wp-content\/uploads\/2026\/08\/Cuestion-Agraria-y-Agroecologia-768x432.jpg\"><img decoding=\"async\" src=\"https:\/\/ocaru.org.ec\/wp-content\/uploads\/2026\/08\/Cuestion-Agraria-y-Agroecologia-768x432.jpg\" alt=\"\"><\/a>\t\t\t<\/div>\n\t\t\t\t\t\t\t\t<div class=\"pp-card-slider-content-wrap\">\n\t\t\t\t\t\t\t\t\t<div class=\"pp-card-slider-date\">\n\t\t\t\t\t\t\t\t\t<span class=\"pp-card-slider-meta-icon pp-icon\">\n\t\t\t\t\t\t<i aria-hidden=\"true\" class=\"fas fa-calendar-alt\"><\/i>\t\t\t\t\t<\/span>\n\t\t\t\t\t\t\t\t<span class=\"pp-card-slider-meta-text\">\n\t\t\t\t\tAugust 11, 2026\t\t\t\t<\/span>\n\t\t\t<\/div>\n\t\t\t\t\t\t\t\t\t\t\t\t\t\t\t\t<h2 class=\"pp-card-slider-title\">\n\t\t\t\t\t\t\t\t<a href=\"https:\/\/ocaru.org.ec\/en\/cuestion-agraria-y-agroecologia\/\">Cuesti\u00f3n Agraria y Agroecolog\u00eda<\/a>\t\t\t\t\t\t\t<\/h2>\n\t\t\t\t\t\t\n\t\t\t\t\t\t\t\t\t<div class=\"pp-card-slider-meta\">\n\t\t\t\t\t\t\t\t\t<span class=\"pp-content-author\">\n\t\t\t\t\t\t\t\t\t\t\t\t\t<span class=\"pp-card-slider-meta-icon pp-icon\">\n\t\t\t\t\t\t\t\t<i aria-hidden=\"true\" class=\"fas fa-user\"><\/i>\t\t\t\t\t\t\t<\/span>\n\t\t\t\t\t\t\t\t\t\t\t\t<span class=\"pp-card-slider-meta-text\">\n\t\t\t\t\t\t\tEquipo OCARU\t\t\t\t\t\t<\/span>\n\t\t\t\t\t<\/span>\n\t\t\t\t  \n\t\t\t\t\t\t\t\t\t<span class=\"pp-post-category\">\n\t\t\t\t\t\t\t\t\t\t\t\t\t<span class=\"pp-card-slider-meta-icon pp-icon\">\n\t\t\t\t\t\t\t\t<i aria-hidden=\"true\" class=\"fas fa-folder-open\"><\/i>\t\t\t\t\t\t\t<\/span>\n\t\t\t\t\t\t\t\t\t\t\t\t<span class=\"pp-card-slider-meta-text\">\n\t\t\t\t\t\t\tOpini\u00f3n\t\t\t\t\t\t<\/span>\n\t\t\t\t\t<\/span>\n\t\t\t\t  \n\t\t\t<\/div>\n\t\t\t\n\t\t\t\t\t\t\t\t\t\t\t\t\t\t\t\t\t<\/div>\n\t\t\t\t<\/div>\n\t\t\t\t\t\t\t\t<div class=\"pp-card-slider-item swiper-slide pp-card-slider-item-1\">\n\t\t\t\t\t\t\t\t\t\t\t\t\t<div class=\"pp-card-slider-image\">\n\t\t\t\t<a data-elementor-open-lightbox=\"yes\" data-elementor-lightbox-slideshow=\"be0a0ed\" data-elementor-lightbox-title=\"WhatsApp Image 2026-07-22 at 1.42.40 PM\" data-e-action-hash=\"#elementor-action%3Aaction%3Dlightbox%26settings%3DeyJpZCI6MjIxNjIsInVybCI6Imh0dHBzOlwvXC9vY2FydS5vcmcuZWNcL3dwLWNvbnRlbnRcL3VwbG9hZHNcLzIwMjZcLzA3XC9XaGF0c0FwcC1JbWFnZS0yMDI2LTA3LTIyLWF0LTEuNDIuNDAtUE0uanBlZyIsInNsaWRlc2hvdyI6ImJlMGEwZWQifQ%3D%3D\" href=\"https:\/\/ocaru.org.ec\/wp-content\/uploads\/2026\/07\/WhatsApp-Image-2026-07-22-at-1.42.40-PM-768x406.jpeg\"><img decoding=\"async\" src=\"https:\/\/ocaru.org.ec\/wp-content\/uploads\/2026\/07\/WhatsApp-Image-2026-07-22-at-1.42.40-PM-768x406.jpeg\" alt=\"\"><\/a>\t\t\t<\/div>\n\t\t\t\t\t\t\t\t<div class=\"pp-card-slider-content-wrap\">\n\t\t\t\t\t\t\t\t\t<div class=\"pp-card-slider-date\">\n\t\t\t\t\t\t\t\t\t<span class=\"pp-card-slider-meta-icon pp-icon\">\n\t\t\t\t\t\t<i aria-hidden=\"true\" class=\"fas fa-calendar-alt\"><\/i>\t\t\t\t\t<\/span>\n\t\t\t\t\t\t\t\t<span class=\"pp-card-slider-meta-text\">\n\t\t\t\t\tJuly 28, 2026\t\t\t\t<\/span>\n\t\t\t<\/div>\n\t\t\t\t\t\t\t\t\t\t\t\t\t\t\t\t<h2 class=\"pp-card-slider-title\">\n\t\t\t\t\t\t\t\t<a href=\"https:\/\/ocaru.org.ec\/en\/organizaciones-sociales-dicen-no-al-tratado-comercial-con-ee-uu\/\">Organizaciones sociales dicen no al Tratado Comercial con EE.UU<\/a>\t\t\t\t\t\t\t<\/h2>\n\t\t\t\t\t\t\n\t\t\t\t\t\t\t\t\t<div class=\"pp-card-slider-meta\">\n\t\t\t\t\t\t\t\t\t<span class=\"pp-content-author\">\n\t\t\t\t\t\t\t\t\t\t\t\t\t<span class=\"pp-card-slider-meta-icon pp-icon\">\n\t\t\t\t\t\t\t\t<i aria-hidden=\"true\" class=\"fas fa-user\"><\/i>\t\t\t\t\t\t\t<\/span>\n\t\t\t\t\t\t\t\t\t\t\t\t<span class=\"pp-card-slider-meta-text\">\n\t\t\t\t\t\t\tGabriela Vanegas Carrera\t\t\t\t\t\t<\/span>\n\t\t\t\t\t<\/span>\n\t\t\t\t  \n\t\t\t\t\t\t\t\t\t<span class=\"pp-post-category\">\n\t\t\t\t\t\t\t\t\t\t\t\t\t<span class=\"pp-card-slider-meta-icon pp-icon\">\n\t\t\t\t\t\t\t\t<i aria-hidden=\"true\" class=\"fas fa-folder-open\"><\/i>\t\t\t\t\t\t\t<\/span>\n\t\t\t\t\t\t\t\t\t\t\t\t<span class=\"pp-card-slider-meta-text\">\n\t\t\t\t\t\t\tActualidad\t\t\t\t\t\t<\/span>\n\t\t\t\t\t<\/span>\n\t\t\t\t  \n\t\t\t<\/div>\n\t\t\t\n\t\t\t\t\t\t\t\t\t\t\t\t\t\t\t\t\t<\/div>\n\t\t\t\t<\/div>\n\t\t\t\t\t\t\t\t<div class=\"pp-card-slider-item swiper-slide pp-card-slider-item-2\">\n\t\t\t\t\t\t\t\t\t\t\t\t\t<div class=\"pp-card-slider-image\">\n\t\t\t\t<a data-elementor-open-lightbox=\"yes\" data-elementor-lightbox-slideshow=\"be0a0ed\" data-elementor-lightbox-title=\"Foto Arti\u0301culo Ecuador y Colombia (3)\" data-e-action-hash=\"#elementor-action%3Aaction%3Dlightbox%26settings%3DeyJpZCI6MjE5MzMsInVybCI6Imh0dHBzOlwvXC9vY2FydS5vcmcuZWNcL3dwLWNvbnRlbnRcL3VwbG9hZHNcLzIwMjZcLzA3XC9Gb3RvLUFydGljdWxvLUVjdWFkb3IteS1Db2xvbWJpYS0zLmpwZyIsInNsaWRlc2hvdyI6ImJlMGEwZWQifQ%3D%3D\" href=\"https:\/\/ocaru.org.ec\/wp-content\/uploads\/2026\/07\/Foto-Articulo-Ecuador-y-Colombia-3-768x432.jpg\"><img decoding=\"async\" src=\"https:\/\/ocaru.org.ec\/wp-content\/uploads\/2026\/07\/Foto-Articulo-Ecuador-y-Colombia-3-768x432.jpg\" alt=\"\"><\/a>\t\t\t<\/div>\n\t\t\t\t\t\t\t\t<div class=\"pp-card-slider-content-wrap\">\n\t\t\t\t\t\t\t\t\t<div class=\"pp-card-slider-date\">\n\t\t\t\t\t\t\t\t\t<span class=\"pp-card-slider-meta-icon pp-icon\">\n\t\t\t\t\t\t<i aria-hidden=\"true\" class=\"fas fa-calendar-alt\"><\/i>\t\t\t\t\t<\/span>\n\t\t\t\t\t\t\t\t<span class=\"pp-card-slider-meta-text\">\n\t\t\t\t\tJuly 13, 2026\t\t\t\t<\/span>\n\t\t\t<\/div>\n\t\t\t\t\t\t\t\t\t\t\t\t\t\t\t\t<h2 class=\"pp-card-slider-title\">\n\t\t\t\t\t\t\t\t<a href=\"https:\/\/ocaru.org.ec\/en\/emergencia-y-coaliciones-por-la-agroecologia\/\">Emergencia y Coaliciones por la  Agroecolog\u00eda<\/a>\t\t\t\t\t\t\t<\/h2>\n\t\t\t\t\t\t\n\t\t\t\t\t\t\t\t\t<div class=\"pp-card-slider-meta\">\n\t\t\t\t\t\t\t\t\t<span class=\"pp-content-author\">\n\t\t\t\t\t\t\t\t\t\t\t\t\t<span class=\"pp-card-slider-meta-icon pp-icon\">\n\t\t\t\t\t\t\t\t<i aria-hidden=\"true\" class=\"fas fa-user\"><\/i>\t\t\t\t\t\t\t<\/span>\n\t\t\t\t\t\t\t\t\t\t\t\t<span class=\"pp-card-slider-meta-text\">\n\t\t\t\t\t\t\tEquipo OCARU\t\t\t\t\t\t<\/span>\n\t\t\t\t\t<\/span>\n\t\t\t\t  \n\t\t\t\t\t\t\t\t\t<span class=\"pp-post-category\">\n\t\t\t\t\t\t\t\t\t\t\t\t\t<span class=\"pp-card-slider-meta-icon pp-icon\">\n\t\t\t\t\t\t\t\t<i aria-hidden=\"true\" class=\"fas fa-folder-open\"><\/i>\t\t\t\t\t\t\t<\/span>\n\t\t\t\t\t\t\t\t\t\t\t\t<span class=\"pp-card-slider-meta-text\">\n\t\t\t\t\t\t\tOpini\u00f3n\t\t\t\t\t\t<\/span>\n\t\t\t\t\t<\/span>\n\t\t\t\t  \n\t\t\t<\/div>\n\t\t\t\n\t\t\t\t\t\t\t\t\t\t\t\t\t\t\t\t\t<\/div>\n\t\t\t\t<\/div>\n\t\t\t\t\t\t\t\t<div class=\"pp-card-slider-item swiper-slide pp-card-slider-item-3\">\n\t\t\t\t\t\t\t\t\t\t\t\t\t<div class=\"pp-card-slider-image\">\n\t\t\t\t<a data-elementor-open-lightbox=\"yes\" data-elementor-lightbox-slideshow=\"be0a0ed\" data-elementor-lightbox-title=\"WhatsApp Image 2026-06-23 at 9.52.06 AM\" data-e-action-hash=\"#elementor-action%3Aaction%3Dlightbox%26settings%3DeyJpZCI6MjE4NDgsInVybCI6Imh0dHBzOlwvXC9vY2FydS5vcmcuZWNcL3dwLWNvbnRlbnRcL3VwbG9hZHNcLzIwMjZcLzA2XC9XaGF0c0FwcC1JbWFnZS0yMDI2LTA2LTIzLWF0LTkuNTIuMDYtQU0uanBlZyIsInNsaWRlc2hvdyI6ImJlMGEwZWQifQ%3D%3D\" href=\"https:\/\/ocaru.org.ec\/wp-content\/uploads\/2026\/06\/WhatsApp-Image-2026-06-23-at-9.52.06-AM-768x383.jpeg\"><img decoding=\"async\" src=\"https:\/\/ocaru.org.ec\/wp-content\/uploads\/2026\/06\/WhatsApp-Image-2026-06-23-at-9.52.06-AM-768x383.jpeg\" alt=\"\"><\/a>\t\t\t<\/div>\n\t\t\t\t\t\t\t\t<div class=\"pp-card-slider-content-wrap\">\n\t\t\t\t\t\t\t\t\t<div class=\"pp-card-slider-date\">\n\t\t\t\t\t\t\t\t\t<span class=\"pp-card-slider-meta-icon pp-icon\">\n\t\t\t\t\t\t<i aria-hidden=\"true\" class=\"fas fa-calendar-alt\"><\/i>\t\t\t\t\t<\/span>\n\t\t\t\t\t\t\t\t<span class=\"pp-card-slider-meta-text\">\n\t\t\t\t\tJuly 1, 2026\t\t\t\t<\/span>\n\t\t\t<\/div>\n\t\t\t\t\t\t\t\t\t\t\t\t\t\t\t\t<h2 class=\"pp-card-slider-title\">\n\t\t\t\t\t\t\t\t<a href=\"https:\/\/ocaru.org.ec\/en\/primer-encuentro-sobre-edicion-genica-en-america-latina\/\">Primer encuentro sobre edici\u00f3n g\u00e9nica en Am\u00e9rica Latina<\/a>\t\t\t\t\t\t\t<\/h2>\n\t\t\t\t\t\t\n\t\t\t\t\t\t\t\t\t<div class=\"pp-card-slider-meta\">\n\t\t\t\t\t\t\t\t\t<span class=\"pp-content-author\">\n\t\t\t\t\t\t\t\t\t\t\t\t\t<span class=\"pp-card-slider-meta-icon pp-icon\">\n\t\t\t\t\t\t\t\t<i aria-hidden=\"true\" class=\"fas fa-user\"><\/i>\t\t\t\t\t\t\t<\/span>\n\t\t\t\t\t\t\t\t\t\t\t\t<span class=\"pp-card-slider-meta-text\">\n\t\t\t\t\t\t\tGabriela Vanegas Carrera\t\t\t\t\t\t<\/span>\n\t\t\t\t\t<\/span>\n\t\t\t\t  \n\t\t\t\t\t\t\t\t\t<span class=\"pp-post-category\">\n\t\t\t\t\t\t\t\t\t\t\t\t\t<span class=\"pp-card-slider-meta-icon pp-icon\">\n\t\t\t\t\t\t\t\t<i aria-hidden=\"true\" class=\"fas fa-folder-open\"><\/i>\t\t\t\t\t\t\t<\/span>\n\t\t\t\t\t\t\t\t\t\t\t\t<span class=\"pp-card-slider-meta-text\">\n\t\t\t\t\t\t\tActualidad\t\t\t\t\t\t<\/span>\n\t\t\t\t\t<\/span>\n\t\t\t\t  \n\t\t\t<\/div>\n\t\t\t\n\t\t\t\t\t\t\t\t\t\t\t\t\t\t\t\t\t<\/div>\n\t\t\t\t<\/div>\n\t\t\t\t\t\t\t\t<div class=\"pp-card-slider-item swiper-slide pp-card-slider-item-4\">\n\t\t\t\t\t\t\t\t\t\t\t\t\t<div class=\"pp-card-slider-image\">\n\t\t\t\t<a data-elementor-open-lightbox=\"yes\" data-elementor-lightbox-slideshow=\"be0a0ed\" data-elementor-lightbox-title=\"Foto Arti\u0301culo Esteban\" data-e-action-hash=\"#elementor-action%3Aaction%3Dlightbox%26settings%3DeyJpZCI6MjE1MjcsInVybCI6Imh0dHBzOlwvXC9vY2FydS5vcmcuZWNcL3dwLWNvbnRlbnRcL3VwbG9hZHNcLzIwMjZcLzA2XC9Gb3RvLUFydGljdWxvLUVzdGViYW4uanBnIiwic2xpZGVzaG93IjoiYmUwYTBlZCJ9\" href=\"https:\/\/ocaru.org.ec\/wp-content\/uploads\/2026\/06\/Foto-Articulo-Esteban-768x432.jpg\"><img decoding=\"async\" src=\"https:\/\/ocaru.org.ec\/wp-content\/uploads\/2026\/06\/Foto-Articulo-Esteban-768x432.jpg\" alt=\"\"><\/a>\t\t\t<\/div>\n\t\t\t\t\t\t\t\t<div class=\"pp-card-slider-content-wrap\">\n\t\t\t\t\t\t\t\t\t<div class=\"pp-card-slider-date\">\n\t\t\t\t\t\t\t\t\t<span class=\"pp-card-slider-meta-icon pp-icon\">\n\t\t\t\t\t\t<i aria-hidden=\"true\" class=\"fas fa-calendar-alt\"><\/i>\t\t\t\t\t<\/span>\n\t\t\t\t\t\t\t\t<span class=\"pp-card-slider-meta-text\">\n\t\t\t\t\tJune 22, 2026\t\t\t\t<\/span>\n\t\t\t<\/div>\n\t\t\t\t\t\t\t\t\t\t\t\t\t\t\t\t<h2 class=\"pp-card-slider-title\">\n\t\t\t\t\t\t\t\t<a href=\"https:\/\/ocaru.org.ec\/en\/politicas-publicas-y-agroecologia-en-ecuador-colombia-brasil-y-bolivia\/\">Pol\u00edticas P\u00fablicas y Agroecolog\u00eda en Ecuador, Colombia, Brasil y Bolivia<\/a>\t\t\t\t\t\t\t<\/h2>\n\t\t\t\t\t\t\n\t\t\t\t\t\t\t\t\t<div class=\"pp-card-slider-meta\">\n\t\t\t\t\t\t\t\t\t<span class=\"pp-content-author\">\n\t\t\t\t\t\t\t\t\t\t\t\t\t<span class=\"pp-card-slider-meta-icon pp-icon\">\n\t\t\t\t\t\t\t\t<i aria-hidden=\"true\" class=\"fas fa-user\"><\/i>\t\t\t\t\t\t\t<\/span>\n\t\t\t\t\t\t\t\t\t\t\t\t<span class=\"pp-card-slider-meta-text\">\n\t\t\t\t\t\t\tEquipo OCARU\t\t\t\t\t\t<\/span>\n\t\t\t\t\t<\/span>\n\t\t\t\t  \n\t\t\t\t\t\t\t\t\t<span class=\"pp-post-category\">\n\t\t\t\t\t\t\t\t\t\t\t\t\t<span class=\"pp-card-slider-meta-icon pp-icon\">\n\t\t\t\t\t\t\t\t<i aria-hidden=\"true\" class=\"fas fa-folder-open\"><\/i>\t\t\t\t\t\t\t<\/span>\n\t\t\t\t\t\t\t\t\t\t\t\t<span class=\"pp-card-slider-meta-text\">\n\t\t\t\t\t\t\tOpini\u00f3n\t\t\t\t\t\t<\/span>\n\t\t\t\t\t<\/span>\n\t\t\t\t  \n\t\t\t<\/div>\n\t\t\t\n\t\t\t\t\t\t\t\t\t\t\t\t\t\t\t\t\t<\/div>\n\t\t\t\t<\/div>\n\t\t\t\t\t\t\t\t<div class=\"pp-card-slider-item swiper-slide pp-card-slider-item-5\">\n\t\t\t\t\t\t\t\t\t\t\t\t\t<div class=\"pp-card-slider-image\">\n\t\t\t\t<a data-elementor-open-lightbox=\"yes\" data-elementor-lightbox-slideshow=\"be0a0ed\" data-elementor-lightbox-title=\"WhatsApp Image 2026-06-11 at 3.34.55 PM\" data-e-action-hash=\"#elementor-action%3Aaction%3Dlightbox%26settings%3DeyJpZCI6MjE0OTEsInVybCI6Imh0dHBzOlwvXC9vY2FydS5vcmcuZWNcL3dwLWNvbnRlbnRcL3VwbG9hZHNcLzIwMjZcLzA2XC9XaGF0c0FwcC1JbWFnZS0yMDI2LTA2LTExLWF0LTMuMzQuNTUtUE0uanBlZyIsInNsaWRlc2hvdyI6ImJlMGEwZWQifQ%3D%3D\" href=\"https:\/\/ocaru.org.ec\/wp-content\/uploads\/2026\/06\/WhatsApp-Image-2026-06-11-at-3.34.55-PM-768x521.jpeg\"><img decoding=\"async\" src=\"https:\/\/ocaru.org.ec\/wp-content\/uploads\/2026\/06\/WhatsApp-Image-2026-06-11-at-3.34.55-PM-768x521.jpeg\" alt=\"\"><\/a>\t\t\t<\/div>\n\t\t\t\t\t\t\t\t<div class=\"pp-card-slider-content-wrap\">\n\t\t\t\t\t\t\t\t\t<div class=\"pp-card-slider-date\">\n\t\t\t\t\t\t\t\t\t<span class=\"pp-card-slider-meta-icon pp-icon\">\n\t\t\t\t\t\t<i aria-hidden=\"true\" class=\"fas fa-calendar-alt\"><\/i>\t\t\t\t\t<\/span>\n\t\t\t\t\t\t\t\t<span class=\"pp-card-slider-meta-text\">\n\t\t\t\t\tJune 12, 2026\t\t\t\t<\/span>\n\t\t\t<\/div>\n\t\t\t\t\t\t\t\t\t\t\t\t\t\t\t\t<h2 class=\"pp-card-slider-title\">\n\t\t\t\t\t\t\t\t<a href=\"https:\/\/ocaru.org.ec\/en\/el-sector-campesinos-rechaza-la-ley-de-desarrollo-agropecuario-y-el-acuerdo-comercial-con-eeuu\/\">El sector campesino rechaza  la Ley de Desarrollo Agropecuario y el Acuerdo Comercial con EEUU<\/a>\t\t\t\t\t\t\t<\/h2>\n\t\t\t\t\t\t\n\t\t\t\t\t\t\t\t\t<div class=\"pp-card-slider-meta\">\n\t\t\t\t\t\t\t\t\t<span class=\"pp-content-author\">\n\t\t\t\t\t\t\t\t\t\t\t\t\t<span class=\"pp-card-slider-meta-icon pp-icon\">\n\t\t\t\t\t\t\t\t<i aria-hidden=\"true\" class=\"fas fa-user\"><\/i>\t\t\t\t\t\t\t<\/span>\n\t\t\t\t\t\t\t\t\t\t\t\t<span class=\"pp-card-slider-meta-text\">\n\t\t\t\t\t\t\tGabriela Vanegas Carrera\t\t\t\t\t\t<\/span>\n\t\t\t\t\t<\/span>\n\t\t\t\t  \n\t\t\t\t\t\t\t\t\t<span class=\"pp-post-category\">\n\t\t\t\t\t\t\t\t\t\t\t\t\t<span class=\"pp-card-slider-meta-icon pp-icon\">\n\t\t\t\t\t\t\t\t<i aria-hidden=\"true\" class=\"fas fa-folder-open\"><\/i>\t\t\t\t\t\t\t<\/span>\n\t\t\t\t\t\t\t\t\t\t\t\t<span class=\"pp-card-slider-meta-text\">\n\t\t\t\t\t\t\tActualidad\t\t\t\t\t\t<\/span>\n\t\t\t\t\t<\/span>\n\t\t\t\t  \n\t\t\t<\/div>\n\t\t\t\n\t\t\t\t\t\t\t\t\t\t\t\t\t\t\t\t\t<\/div>\n\t\t\t\t<\/div>\n\t\t\t\t\t\t\t\t<div class=\"pp-card-slider-item swiper-slide pp-card-slider-item-6\">\n\t\t\t\t\t\t\t\t\t\t\t\t\t<div class=\"pp-card-slider-image\">\n\t\t\t\t<a data-elementor-open-lightbox=\"yes\" data-elementor-lightbox-slideshow=\"be0a0ed\" data-elementor-lightbox-title=\"Foto Ale exterior\" data-e-action-hash=\"#elementor-action%3Aaction%3Dlightbox%26settings%3DeyJpZCI6MjE0NTAsInVybCI6Imh0dHBzOlwvXC9vY2FydS5vcmcuZWNcL3dwLWNvbnRlbnRcL3VwbG9hZHNcLzIwMjZcLzA2XC9Gb3RvLUFydGljdWxvLUVjdWFkb3IteS1Db2xvbWJpYS0yLTIuanBnIiwic2xpZGVzaG93IjoiYmUwYTBlZCJ9\" href=\"https:\/\/ocaru.org.ec\/wp-content\/uploads\/2026\/06\/Foto-Articulo-Ecuador-y-Colombia-2-2-768x432.jpg\"><img decoding=\"async\" src=\"https:\/\/ocaru.org.ec\/wp-content\/uploads\/2026\/06\/Foto-Articulo-Ecuador-y-Colombia-2-2-768x432.jpg\" alt=\"\"><\/a>\t\t\t<\/div>\n\t\t\t\t\t\t\t\t<div class=\"pp-card-slider-content-wrap\">\n\t\t\t\t\t\t\t\t\t<div class=\"pp-card-slider-date\">\n\t\t\t\t\t\t\t\t\t<span class=\"pp-card-slider-meta-icon pp-icon\">\n\t\t\t\t\t\t<i aria-hidden=\"true\" class=\"fas fa-calendar-alt\"><\/i>\t\t\t\t\t<\/span>\n\t\t\t\t\t\t\t\t<span class=\"pp-card-slider-meta-text\">\n\t\t\t\t\tJune 7, 2026\t\t\t\t<\/span>\n\t\t\t<\/div>\n\t\t\t\t\t\t\t\t\t\t\t\t\t\t\t\t<h2 class=\"pp-card-slider-title\">\n\t\t\t\t\t\t\t\t<a href=\"https:\/\/ocaru.org.ec\/en\/aportes-feministas-para-las-coaliciones-por-la-agroecologia-en-suramerica\/\">Aportes Feministas para las Coaliciones por la Agroecolog\u00eda en Suram\u00e9rica<\/a>\t\t\t\t\t\t\t<\/h2>\n\t\t\t\t\t\t\n\t\t\t\t\t\t\t\t\t<div class=\"pp-card-slider-meta\">\n\t\t\t\t\t\t\t\t\t<span class=\"pp-content-author\">\n\t\t\t\t\t\t\t\t\t\t\t\t\t<span class=\"pp-card-slider-meta-icon pp-icon\">\n\t\t\t\t\t\t\t\t<i aria-hidden=\"true\" class=\"fas fa-user\"><\/i>\t\t\t\t\t\t\t<\/span>\n\t\t\t\t\t\t\t\t\t\t\t\t<span class=\"pp-card-slider-meta-text\">\n\t\t\t\t\t\t\tAlejandra Santillana Ortiz\t\t\t\t\t\t<\/span>\n\t\t\t\t\t<\/span>\n\t\t\t\t  \n\t\t\t\t\t\t\t\t\t<span class=\"pp-post-category\">\n\t\t\t\t\t\t\t\t\t\t\t\t\t<span class=\"pp-card-slider-meta-icon pp-icon\">\n\t\t\t\t\t\t\t\t<i aria-hidden=\"true\" class=\"fas fa-folder-open\"><\/i>\t\t\t\t\t\t\t<\/span>\n\t\t\t\t\t\t\t\t\t\t\t\t<span class=\"pp-card-slider-meta-text\">\n\t\t\t\t\t\t\tOpini\u00f3n\t\t\t\t\t\t<\/span>\n\t\t\t\t\t<\/span>\n\t\t\t\t  \n\t\t\t<\/div>\n\t\t\t\n\t\t\t\t\t\t\t\t\t\t\t\t\t\t\t\t\t<\/div>\n\t\t\t\t<\/div>\n\t\t\t\t\t\t\t\t<div class=\"pp-card-slider-item swiper-slide pp-card-slider-item-7\">\n\t\t\t\t\t\t\t\t\t\t\t\t\t<div class=\"pp-card-slider-image\">\n\t\t\t\t<a data-elementor-open-lightbox=\"yes\" data-elementor-lightbox-slideshow=\"be0a0ed\" data-elementor-lightbox-title=\"Foto web serie coaliciones\" data-e-action-hash=\"#elementor-action%3Aaction%3Dlightbox%26settings%3DeyJpZCI6MjEyNjksInVybCI6Imh0dHBzOlwvXC9vY2FydS5vcmcuZWNcL3dwLWNvbnRlbnRcL3VwbG9hZHNcLzIwMjZcLzA1XC9Gb3RvLXdlYi1zZXJpZS1jb2FsaWNpb25lcy5qcGciLCJzbGlkZXNob3ciOiJiZTBhMGVkIn0%3D\" href=\"https:\/\/ocaru.org.ec\/wp-content\/uploads\/2026\/05\/Foto-web-serie-coaliciones-768x432.jpg\"><img decoding=\"async\" src=\"https:\/\/ocaru.org.ec\/wp-content\/uploads\/2026\/05\/Foto-web-serie-coaliciones-768x432.jpg\" alt=\"\"><\/a>\t\t\t<\/div>\n\t\t\t\t\t\t\t\t<div class=\"pp-card-slider-content-wrap\">\n\t\t\t\t\t\t\t\t\t<div class=\"pp-card-slider-date\">\n\t\t\t\t\t\t\t\t\t<span class=\"pp-card-slider-meta-icon pp-icon\">\n\t\t\t\t\t\t<i aria-hidden=\"true\" class=\"fas fa-calendar-alt\"><\/i>\t\t\t\t\t<\/span>\n\t\t\t\t\t\t\t\t<span class=\"pp-card-slider-meta-text\">\n\t\t\t\t\tMay 19, 2026\t\t\t\t<\/span>\n\t\t\t<\/div>\n\t\t\t\t\t\t\t\t\t\t\t\t\t\t\t\t<h2 class=\"pp-card-slider-title\">\n\t\t\t\t\t\t\t\t<a href=\"https:\/\/ocaru.org.ec\/en\/serie-coaliciones-por-la-agroecologia-en-suramerica\/\">Serie Coaliciones por la Agroecolog\u00eda en Suram\u00e9rica<\/a>\t\t\t\t\t\t\t<\/h2>\n\t\t\t\t\t\t\n\t\t\t\t\t\t\t\t\t<div class=\"pp-card-slider-meta\">\n\t\t\t\t\t\t\t\t\t<span class=\"pp-content-author\">\n\t\t\t\t\t\t\t\t\t\t\t\t\t<span class=\"pp-card-slider-meta-icon pp-icon\">\n\t\t\t\t\t\t\t\t<i aria-hidden=\"true\" class=\"fas fa-user\"><\/i>\t\t\t\t\t\t\t<\/span>\n\t\t\t\t\t\t\t\t\t\t\t\t<span class=\"pp-card-slider-meta-text\">\n\t\t\t\t\t\t\tGabriela Vanegas Carrera\t\t\t\t\t\t<\/span>\n\t\t\t\t\t<\/span>\n\t\t\t\t  \n\t\t\t\t\t\t\t\t\t<span class=\"pp-post-category\">\n\t\t\t\t\t\t\t\t\t\t\t\t\t<span class=\"pp-card-slider-meta-icon pp-icon\">\n\t\t\t\t\t\t\t\t<i aria-hidden=\"true\" class=\"fas fa-folder-open\"><\/i>\t\t\t\t\t\t\t<\/span>\n\t\t\t\t\t\t\t\t\t\t\t\t<span class=\"pp-card-slider-meta-text\">\n\t\t\t\t\t\t\tActualidad\t\t\t\t\t\t<\/span>\n\t\t\t\t\t<\/span>\n\t\t\t\t  \n\t\t\t<\/div>\n\t\t\t\n\t\t\t\t\t\t\t\t\t\t\t\t\t\t\t\t\t<\/div>\n\t\t\t\t<\/div>\n\t\t\t\t\t\t\t\t<div class=\"pp-card-slider-item swiper-slide pp-card-slider-item-8\">\n\t\t\t\t\t\t\t\t\t\t\t\t\t<div class=\"pp-card-slider-image\">\n\t\t\t\t<a data-elementor-open-lightbox=\"yes\" data-elementor-lightbox-slideshow=\"be0a0ed\" data-elementor-lightbox-title=\"Foto Arti\u0301culo Ecuador y Colombia (1)\" data-e-action-hash=\"#elementor-action%3Aaction%3Dlightbox%26settings%3DeyJpZCI6MjEyMTcsInVybCI6Imh0dHBzOlwvXC9vY2FydS5vcmcuZWNcL3dwLWNvbnRlbnRcL3VwbG9hZHNcLzIwMjZcLzA1XC9Gb3RvLUFydGljdWxvLUVjdWFkb3IteS1Db2xvbWJpYS0xLmpwZyIsInNsaWRlc2hvdyI6ImJlMGEwZWQifQ%3D%3D\" href=\"https:\/\/ocaru.org.ec\/wp-content\/uploads\/2026\/05\/Foto-Articulo-Ecuador-y-Colombia-1-768x432.jpg\"><img decoding=\"async\" src=\"https:\/\/ocaru.org.ec\/wp-content\/uploads\/2026\/05\/Foto-Articulo-Ecuador-y-Colombia-1-768x432.jpg\" alt=\"\"><\/a>\t\t\t<\/div>\n\t\t\t\t\t\t\t\t<div class=\"pp-card-slider-content-wrap\">\n\t\t\t\t\t\t\t\t\t<div class=\"pp-card-slider-date\">\n\t\t\t\t\t\t\t\t\t<span class=\"pp-card-slider-meta-icon pp-icon\">\n\t\t\t\t\t\t<i aria-hidden=\"true\" class=\"fas fa-calendar-alt\"><\/i>\t\t\t\t\t<\/span>\n\t\t\t\t\t\t\t\t<span class=\"pp-card-slider-meta-text\">\n\t\t\t\t\tMay 7, 2026\t\t\t\t<\/span>\n\t\t\t<\/div>\n\t\t\t\t\t\t\t\t\t\t\t\t\t\t\t\t<h2 class=\"pp-card-slider-title\">\n\t\t\t\t\t\t\t\t<a href=\"https:\/\/ocaru.org.ec\/en\/ecuador-entre-la-baja-inversion-extranjera-y-alimentos-mas-costosos\/\">Ecuador: entre la baja inversi\u00f3n extranjera y alimentos m\u00e1s costosos<\/a>\t\t\t\t\t\t\t<\/h2>\n\t\t\t\t\t\t\n\t\t\t\t\t\t\t\t\t<div class=\"pp-card-slider-meta\">\n\t\t\t\t\t\t\t\t\t<span class=\"pp-content-author\">\n\t\t\t\t\t\t\t\t\t\t\t\t\t<span class=\"pp-card-slider-meta-icon pp-icon\">\n\t\t\t\t\t\t\t\t<i aria-hidden=\"true\" class=\"fas fa-user\"><\/i>\t\t\t\t\t\t\t<\/span>\n\t\t\t\t\t\t\t\t\t\t\t\t<span class=\"pp-card-slider-meta-text\">\n\t\t\t\t\t\t\tDavid Singa\u00f1a Tapia\t\t\t\t\t\t<\/span>\n\t\t\t\t\t<\/span>\n\t\t\t\t  \n\t\t\t\t\t\t\t\t\t<span class=\"pp-post-category\">\n\t\t\t\t\t\t\t\t\t\t\t\t\t<span class=\"pp-card-slider-meta-icon pp-icon\">\n\t\t\t\t\t\t\t\t<i aria-hidden=\"true\" class=\"fas fa-folder-open\"><\/i>\t\t\t\t\t\t\t<\/span>\n\t\t\t\t\t\t\t\t\t\t\t\t<span class=\"pp-card-slider-meta-text\">\n\t\t\t\t\t\t\tEconom\u00eda\t\t\t\t\t\t<\/span>\n\t\t\t\t\t<\/span>\n\t\t\t\t  \n\t\t\t<\/div>\n\t\t\t\n\t\t\t\t\t\t\t\t\t\t\t\t\t\t\t\t\t<\/div>\n\t\t\t\t<\/div>\n\t\t\t\t\t\t\t\t<div class=\"pp-card-slider-item swiper-slide pp-card-slider-item-9\">\n\t\t\t\t\t\t\t\t\t\t\t\t\t<div class=\"pp-card-slider-image\">\n\t\t\t\t<a data-elementor-open-lightbox=\"yes\" data-elementor-lightbox-slideshow=\"be0a0ed\" data-elementor-lightbox-title=\"657555437_1359282936232278_422444842448717471_n\" data-e-action-hash=\"#elementor-action%3Aaction%3Dlightbox%26settings%3DeyJpZCI6MjEwMTUsInVybCI6Imh0dHBzOlwvXC9vY2FydS5vcmcuZWNcL3dwLWNvbnRlbnRcL3VwbG9hZHNcLzIwMjZcLzA0XC82NTc1NTU0MzdfMTM1OTI4MjkzNjIzMjI3OF80MjI0NDQ4NDI0NDg3MTc0NzFfbi5qcGciLCJzbGlkZXNob3ciOiJiZTBhMGVkIn0%3D\" href=\"https:\/\/ocaru.org.ec\/wp-content\/uploads\/2026\/04\/657555437_1359282936232278_422444842448717471_n-768x432.jpg\"><img decoding=\"async\" src=\"https:\/\/ocaru.org.ec\/wp-content\/uploads\/2026\/04\/657555437_1359282936232278_422444842448717471_n-768x432.jpg\" alt=\"\"><\/a>\t\t\t<\/div>\n\t\t\t\t\t\t\t\t<div class=\"pp-card-slider-content-wrap\">\n\t\t\t\t\t\t\t\t\t<div class=\"pp-card-slider-date\">\n\t\t\t\t\t\t\t\t\t<span class=\"pp-card-slider-meta-icon pp-icon\">\n\t\t\t\t\t\t<i aria-hidden=\"true\" class=\"fas fa-calendar-alt\"><\/i>\t\t\t\t\t<\/span>\n\t\t\t\t\t\t\t\t<span class=\"pp-card-slider-meta-text\">\n\t\t\t\t\tApril 23, 2026\t\t\t\t<\/span>\n\t\t\t<\/div>\n\t\t\t\t\t\t\t\t\t\t\t\t\t\t\t\t<h2 class=\"pp-card-slider-title\">\n\t\t\t\t\t\t\t\t<a href=\"https:\/\/ocaru.org.ec\/en\/el-ocaru-y-la-sandia-digital-destacan-el-papel-crucial-de-las-mujeres-rurales-y-la-comunicacion-politica\/\">El OCARU y La Sand\u00eda Digital destacan el papel crucial de las mujeres rurales y la comunicaci\u00f3n pol\u00edtica<\/a>\t\t\t\t\t\t\t<\/h2>\n\t\t\t\t\t\t\n\t\t\t\t\t\t\t\t\t<div class=\"pp-card-slider-meta\">\n\t\t\t\t\t\t\t\t\t<span class=\"pp-content-author\">\n\t\t\t\t\t\t\t\t\t\t\t\t\t<span class=\"pp-card-slider-meta-icon pp-icon\">\n\t\t\t\t\t\t\t\t<i aria-hidden=\"true\" class=\"fas fa-user\"><\/i>\t\t\t\t\t\t\t<\/span>\n\t\t\t\t\t\t\t\t\t\t\t\t<span class=\"pp-card-slider-meta-text\">\n\t\t\t\t\t\t\tGabriela Vanegas Carrera\t\t\t\t\t\t<\/span>\n\t\t\t\t\t<\/span>\n\t\t\t\t  \n\t\t\t\t\t\t\t\t\t<span class=\"pp-post-category\">\n\t\t\t\t\t\t\t\t\t\t\t\t\t<span class=\"pp-card-slider-meta-icon pp-icon\">\n\t\t\t\t\t\t\t\t<i aria-hidden=\"true\" class=\"fas fa-folder-open\"><\/i>\t\t\t\t\t\t\t<\/span>\n\t\t\t\t\t\t\t\t\t\t\t\t<span class=\"pp-card-slider-meta-text\">\n\t\t\t\t\t\t\tActualidad\t\t\t\t\t\t<\/span>\n\t\t\t\t\t<\/span>\n\t\t\t\t  \n\t\t\t<\/div>\n\t\t\t\n\t\t\t\t\t\t\t\t\t\t\t\t\t\t\t\t\t<\/div>\n\t\t\t\t<\/div>\n\t\t\t\t\t\t\t<\/div>\n\t\t\t\t\t\t\t<div class=\"swiper-pagination swiper-pagination-be0a0ed\"><\/div>\n\t\t\t\t\t<\/div>\n\t\t\t\t\t\t<\/div>\n\t\t\t\t<\/div>\n\t\t\t\t\t<\/div>\n\t\t<\/div>\n\t\t\t\t\t<\/div>\n\t\t<\/section>\n\t\t\t\t<section class=\"elementor-section elementor-top-section elementor-element elementor-element-d52d8df elementor-section-boxed elementor-section-height-default elementor-section-height-default\" data-id=\"d52d8df\" data-element_type=\"section\" data-e-type=\"section\">\n\t\t\t\t\t\t<div class=\"elementor-container elementor-column-gap-default\">\n\t\t\t\t\t<div class=\"elementor-column elementor-col-100 elementor-top-column elementor-element elementor-element-538804f\" data-id=\"538804f\" data-element_type=\"column\" data-e-type=\"column\">\n\t\t\t<div class=\"elementor-widget-wrap elementor-element-populated\">\n\t\t\t\t\t\t<div class=\"elementor-element elementor-element-7820b0d elementor-widget elementor-widget-spacer\" data-id=\"7820b0d\" data-element_type=\"widget\" data-e-type=\"widget\" data-widget_type=\"spacer.default\">\n\t\t\t\t<div class=\"elementor-widget-container\">\n\t\t\t\t\t\t\t<div class=\"elementor-spacer\">\n\t\t\t<div class=\"elementor-spacer-inner\"><\/div>\n\t\t<\/div>\n\t\t\t\t\t\t<\/div>\n\t\t\t\t<\/div>\n\t\t\t\t\t<\/div>\n\t\t<\/div>\n\t\t\t\t\t<\/div>\n\t\t<\/section>\n\t\t\t\t<section class=\"elementor-section elementor-top-section elementor-element elementor-element-a47d51b elementor-section-boxed elementor-section-height-default elementor-section-height-default\" data-id=\"a47d51b\" data-element_type=\"section\" data-e-type=\"section\">\n\t\t\t\t\t\t<div class=\"elementor-container elementor-column-gap-default\">\n\t\t\t\t\t<div class=\"elementor-column elementor-col-100 elementor-top-column elementor-element elementor-element-3bd6fd6\" data-id=\"3bd6fd6\" data-element_type=\"column\" data-e-type=\"column\">\n\t\t\t<div class=\"elementor-widget-wrap elementor-element-populated\">\n\t\t\t\t\t\t<div class=\"elementor-element elementor-element-0538513 elementor-widget elementor-widget-heading\" data-id=\"0538513\" data-element_type=\"widget\" data-e-type=\"widget\" data-widget_type=\"heading.default\">\n\t\t\t\t<div class=\"elementor-widget-container\">\n\t\t\t\t\t<h4 class=\"elementor-heading-title elementor-size-default\">Compartir este art\u00edculo<\/h4>\t\t\t\t<\/div>\n\t\t\t\t<\/div>\n\t\t\t\t<div class=\"elementor-element elementor-element-d222c3d elementor-share-buttons--view-icon elementor-share-buttons--skin-minimal elementor-share-buttons--shape-circle elementor-share-buttons--color-custom elementor-grid-mobile-0 elementor-grid-0 elementor-widget elementor-widget-global elementor-global-9480 elementor-widget-mdp-sharinger-elementor\" data-id=\"d222c3d\" data-element_type=\"widget\" data-e-type=\"widget\" data-widget_type=\"mdp-sharinger-elementor.default\">\n\t\t\t\t<div class=\"elementor-widget-container\">\n\t\t\t\t\t        <div class=\"elementor-grid mdp-sharinger\">\n                            <div class=\"elementor-grid-item\">\n                    <div class=\"elementor-share-btn elementor-share-btn_facebook elementor-animation-pulse\" tabindex=\"0\" aria-label=\"Share on facebook\">\n                                                    <span class=\"elementor-share-btn__icon\">\n\t\t\t\t\t\t\t\t<i class=\"fab fa-facebook\" aria-hidden=\"true\"><\/i>\t\t\t\t\t\t\t<\/span>\n                                                                    <\/div>\n                <\/div>\n                                <div class=\"elementor-grid-item\">\n                    <div class=\"elementor-share-btn elementor-share-btn_twitter elementor-animation-pulse\" tabindex=\"0\" aria-label=\"Share on twitter\">\n                                                    <span class=\"elementor-share-btn__icon\">\n\t\t\t\t\t\t\t\t<i class=\"fab fa-twitter\" aria-hidden=\"true\"><\/i>\t\t\t\t\t\t\t<\/span>\n                                                                    <\/div>\n                <\/div>\n                                <div class=\"elementor-grid-item\">\n                    <div class=\"elementor-share-btn elementor-share-btn_linkedin elementor-animation-pulse\" tabindex=\"0\" aria-label=\"Share on linkedin\">\n                                                    <span class=\"elementor-share-btn__icon\">\n\t\t\t\t\t\t\t\t<i class=\"fab fa-linkedin\" aria-hidden=\"true\"><\/i>\t\t\t\t\t\t\t<\/span>\n                                                                    <\/div>\n                <\/div>\n                                <div class=\"elementor-grid-item\">\n                    <div class=\"elementor-share-btn elementor-share-btn_telegram elementor-animation-pulse\" tabindex=\"0\" aria-label=\"Share on telegram\">\n                                                    <span class=\"elementor-share-btn__icon\">\n\t\t\t\t\t\t\t\t<i class=\"fab fa-telegram\" aria-hidden=\"true\"><\/i>\t\t\t\t\t\t\t<\/span>\n                                                                    <\/div>\n                <\/div>\n                                <div class=\"elementor-grid-item\">\n                    <div class=\"elementor-share-btn elementor-share-btn_whatsapp elementor-animation-pulse\" tabindex=\"0\" aria-label=\"Share on whatsapp\">\n                                                    <span class=\"elementor-share-btn__icon\">\n\t\t\t\t\t\t\t\t<i class=\"fab fa-whatsapp\" aria-hidden=\"true\"><\/i>\t\t\t\t\t\t\t<\/span>\n                                                                    <\/div>\n                <\/div>\n                                <div class=\"elementor-grid-item\">\n                    <div class=\"elementor-share-btn elementor-share-btn_email elementor-animation-pulse\" tabindex=\"0\" aria-label=\"Share on email\">\n                                                    <span class=\"elementor-share-btn__icon\">\n\t\t\t\t\t\t\t\t<i class=\"fas fa-envelope\" aria-hidden=\"true\"><\/i>\t\t\t\t\t\t\t<\/span>\n                                                                    <\/div>\n                <\/div>\n                        <\/div>\n        \t\t\t\t<\/div>\n\t\t\t\t<\/div>\n\t\t\t\t\t<\/div>\n\t\t<\/div>\n\t\t\t\t\t<\/div>\n\t\t<\/section>\n\t\t\t\t<\/div>","protected":false},"excerpt":{"rendered":"<div class=\"tmnf_excerpt meta_deko\"><p>Desde hace varias d\u00e9cadas atr\u00e1s, los problemas de distribuci\u00f3n y acceso a alimentos sanos ha sido una de las cuestiones m\u00e1s importantes a solucionar en el mundo. <\/p>\n<\/div>","protected":false},"author":15,"featured_media":22588,"comment_status":"closed","ping_status":"open","sticky":false,"template":"","format":"standard","meta":{"_mi_skip_tracking":false,"_monsterinsights_sitenote_active":false,"_monsterinsights_sitenote_note":"","_monsterinsights_sitenote_category":0,"footnotes":""},"categories":[87,99],"tags":[103],"class_list":["post-22484","post","type-post","status-publish","format-standard","has-post-thumbnail","hentry","category-entrevistas","category-coaliciones-agroecologicas","tag-noticias-rotativas"],"yoast_head":"<!-- This site is optimized with the Yoast SEO Premium plugin v24.8 (Yoast SEO v28.4) - https:\/\/yoast.com\/product\/yoast-seo-premium-wordpress\/ -->\n<title>Cambio clim\u00e1tico: impactos y medidas de sustentabilidad en los Andes - Ocaru<\/title>\n<meta name=\"description\" content=\"En esta ocasi\u00f3n compartimos la mirada t\u00e9cnica y social de Gerardo Vald\u00e9s, quien reconstruye las din\u00e1micas campesinas en la sierra centro-sur de los Andes ecuatorianos.\" \/>\n<meta name=\"robots\" content=\"index, follow, max-snippet:-1, max-image-preview:large, max-video-preview:-1\" \/>\n<link rel=\"canonical\" href=\"https:\/\/ocaru.org.ec\/en\/cambio-climatico-impactos-y-medidas-de-sustentabilidad-en-los-andes\/\" \/>\n<meta property=\"og:locale\" content=\"en_US\" \/>\n<meta property=\"og:type\" content=\"article\" \/>\n<meta property=\"og:title\" content=\"Cambio clim\u00e1tico: impactos y medidas de sustentabilidad en los Andes\" \/>\n<meta property=\"og:description\" content=\"En esta ocasi\u00f3n compartimos la mirada t\u00e9cnica y social de Gerardo Vald\u00e9s, quien reconstruye las din\u00e1micas campesinas en la sierra centro-sur de los Andes ecuatorianos.\" \/>\n<meta property=\"og:url\" content=\"https:\/\/ocaru.org.ec\/en\/cambio-climatico-impactos-y-medidas-de-sustentabilidad-en-los-andes\/\" \/>\n<meta property=\"og:site_name\" content=\"Ocaru\" \/>\n<meta property=\"article:publisher\" content=\"https:\/\/www.facebook.com\/Ocaruec\/\" \/>\n<meta property=\"article:published_time\" content=\"2026-08-27T23:58:29+00:00\" \/>\n<meta property=\"article:modified_time\" content=\"2026-09-01T16:10:29+00:00\" \/>\n<meta property=\"og:image\" content=\"https:\/\/ocaru.org.ec\/wp-content\/uploads\/2026\/08\/Foto-Articulo-Ecuador-y-Colombia-5.jpg\" \/>\n\t<meta property=\"og:image:width\" content=\"1920\" \/>\n\t<meta property=\"og:image:height\" content=\"1080\" \/>\n\t<meta property=\"og:image:type\" content=\"image\/jpeg\" \/>\n<meta name=\"author\" content=\"Equipo OCARU\" \/>\n<script type=\"application\/ld+json\" class=\"yoast-schema-graph\">{\"@context\":\"https:\\\/\\\/schema.org\",\"@graph\":[{\"@type\":\"Article\",\"@id\":\"https:\\\/\\\/ocaru.org.ec\\\/cambio-climatico-impactos-y-medidas-de-sustentabilidad-en-los-andes\\\/#article\",\"isPartOf\":{\"@id\":\"https:\\\/\\\/ocaru.org.ec\\\/cambio-climatico-impactos-y-medidas-de-sustentabilidad-en-los-andes\\\/\"},\"author\":{\"name\":\"Equipo OCARU\",\"@id\":\"https:\\\/\\\/ocaru.org.ec\\\/#\\\/schema\\\/person\\\/90b45d0b1a5b0e27ed66ebbfcdeb3b7f\"},\"headline\":\"Cambio clim\u00e1tico: impactos y medidas de sustentabilidad en los Andes\",\"datePublished\":\"2026-08-27T23:58:29+00:00\",\"dateModified\":\"2026-09-01T16:10:29+00:00\",\"mainEntityOfPage\":{\"@id\":\"https:\\\/\\\/ocaru.org.ec\\\/cambio-climatico-impactos-y-medidas-de-sustentabilidad-en-los-andes\\\/\"},\"wordCount\":2029,\"publisher\":{\"@id\":\"https:\\\/\\\/ocaru.org.ec\\\/#organization\"},\"image\":{\"@id\":\"https:\\\/\\\/ocaru.org.ec\\\/cambio-climatico-impactos-y-medidas-de-sustentabilidad-en-los-andes\\\/#primaryimage\"},\"thumbnailUrl\":\"https:\\\/\\\/ocaru.org.ec\\\/wp-content\\\/uploads\\\/2026\\\/08\\\/Foto-Articulo-Ecuador-y-Colombia-5.jpg\",\"keywords\":[\"Noticias Rotativas\"],\"articleSection\":[\"Entrevistas\",\"Coaliciones agroecol\u00f3gicas\"],\"inLanguage\":\"en-US\"},{\"@type\":\"WebPage\",\"@id\":\"https:\\\/\\\/ocaru.org.ec\\\/cambio-climatico-impactos-y-medidas-de-sustentabilidad-en-los-andes\\\/\",\"url\":\"https:\\\/\\\/ocaru.org.ec\\\/cambio-climatico-impactos-y-medidas-de-sustentabilidad-en-los-andes\\\/\",\"name\":\"Cambio clim\u00e1tico: impactos y medidas de sustentabilidad en los Andes - Ocaru\",\"isPartOf\":{\"@id\":\"https:\\\/\\\/ocaru.org.ec\\\/#website\"},\"primaryImageOfPage\":{\"@id\":\"https:\\\/\\\/ocaru.org.ec\\\/cambio-climatico-impactos-y-medidas-de-sustentabilidad-en-los-andes\\\/#primaryimage\"},\"image\":{\"@id\":\"https:\\\/\\\/ocaru.org.ec\\\/cambio-climatico-impactos-y-medidas-de-sustentabilidad-en-los-andes\\\/#primaryimage\"},\"thumbnailUrl\":\"https:\\\/\\\/ocaru.org.ec\\\/wp-content\\\/uploads\\\/2026\\\/08\\\/Foto-Articulo-Ecuador-y-Colombia-5.jpg\",\"datePublished\":\"2026-08-27T23:58:29+00:00\",\"dateModified\":\"2026-09-01T16:10:29+00:00\",\"description\":\"En esta ocasi\u00f3n compartimos la mirada t\u00e9cnica y social de Gerardo Vald\u00e9s, quien reconstruye las din\u00e1micas campesinas en la sierra centro-sur de los Andes ecuatorianos.\",\"breadcrumb\":{\"@id\":\"https:\\\/\\\/ocaru.org.ec\\\/cambio-climatico-impactos-y-medidas-de-sustentabilidad-en-los-andes\\\/#breadcrumb\"},\"inLanguage\":\"en-US\",\"potentialAction\":[{\"@type\":\"ReadAction\",\"target\":[\"https:\\\/\\\/ocaru.org.ec\\\/cambio-climatico-impactos-y-medidas-de-sustentabilidad-en-los-andes\\\/\"]}]},{\"@type\":\"ImageObject\",\"inLanguage\":\"en-US\",\"@id\":\"https:\\\/\\\/ocaru.org.ec\\\/cambio-climatico-impactos-y-medidas-de-sustentabilidad-en-los-andes\\\/#primaryimage\",\"url\":\"https:\\\/\\\/ocaru.org.ec\\\/wp-content\\\/uploads\\\/2026\\\/08\\\/Foto-Articulo-Ecuador-y-Colombia-5.jpg\",\"contentUrl\":\"https:\\\/\\\/ocaru.org.ec\\\/wp-content\\\/uploads\\\/2026\\\/08\\\/Foto-Articulo-Ecuador-y-Colombia-5.jpg\",\"width\":1920,\"height\":1080},{\"@type\":\"BreadcrumbList\",\"@id\":\"https:\\\/\\\/ocaru.org.ec\\\/cambio-climatico-impactos-y-medidas-de-sustentabilidad-en-los-andes\\\/#breadcrumb\",\"itemListElement\":[{\"@type\":\"ListItem\",\"position\":1,\"name\":\"Portada\",\"item\":\"https:\\\/\\\/ocaru.org.ec\\\/\"},{\"@type\":\"ListItem\",\"position\":2,\"name\":\"Cambio clim\u00e1tico: impactos y medidas de sustentabilidad en los Andes\"}]},{\"@type\":\"WebSite\",\"@id\":\"https:\\\/\\\/ocaru.org.ec\\\/#website\",\"url\":\"https:\\\/\\\/ocaru.org.ec\\\/\",\"name\":\"Ocaru\",\"description\":\"Observatorio del Cambio Rural\",\"publisher\":{\"@id\":\"https:\\\/\\\/ocaru.org.ec\\\/#organization\"},\"potentialAction\":[{\"@type\":\"SearchAction\",\"target\":{\"@type\":\"EntryPoint\",\"urlTemplate\":\"https:\\\/\\\/ocaru.org.ec\\\/?s={search_term_string}\"},\"query-input\":{\"@type\":\"PropertyValueSpecification\",\"valueRequired\":true,\"valueName\":\"search_term_string\"}}],\"inLanguage\":\"en-US\"},{\"@type\":\"Organization\",\"@id\":\"https:\\\/\\\/ocaru.org.ec\\\/#organization\",\"name\":\"Ocaru\",\"url\":\"https:\\\/\\\/ocaru.org.ec\\\/\",\"logo\":{\"@type\":\"ImageObject\",\"inLanguage\":\"en-US\",\"@id\":\"https:\\\/\\\/ocaru.org.ec\\\/#\\\/schema\\\/logo\\\/image\\\/\",\"url\":\"https:\\\/\\\/ocaru.org.ec\\\/wp-content\\\/uploads\\\/2026\\\/02\\\/Logo-150-x-150-1.jpg\",\"contentUrl\":\"https:\\\/\\\/ocaru.org.ec\\\/wp-content\\\/uploads\\\/2026\\\/02\\\/Logo-150-x-150-1.jpg\",\"width\":150,\"height\":150,\"caption\":\"Ocaru\"},\"image\":{\"@id\":\"https:\\\/\\\/ocaru.org.ec\\\/#\\\/schema\\\/logo\\\/image\\\/\"},\"sameAs\":[\"https:\\\/\\\/www.facebook.com\\\/Ocaruec\\\/\",\"https:\\\/\\\/x.com\\\/OCARUEc\",\"https:\\\/\\\/www.instagram.com\\\/ocaru_ecuador\\\/\",\"https:\\\/\\\/www.youtube.com\\\/user\\\/CambioRuralEC\"]},{\"@type\":\"Person\",\"@id\":\"https:\\\/\\\/ocaru.org.ec\\\/#\\\/schema\\\/person\\\/90b45d0b1a5b0e27ed66ebbfcdeb3b7f\",\"name\":\"Equipo OCARU\",\"image\":{\"@type\":\"ImageObject\",\"inLanguage\":\"en-US\",\"@id\":\"https:\\\/\\\/secure.gravatar.com\\\/avatar\\\/6fc8d9021cfef3848dc756028babfce4b172a5cdf3ddaf65c90537c341847bba?s=96&d=mm&r=g\",\"url\":\"https:\\\/\\\/secure.gravatar.com\\\/avatar\\\/6fc8d9021cfef3848dc756028babfce4b172a5cdf3ddaf65c90537c341847bba?s=96&d=mm&r=g\",\"contentUrl\":\"https:\\\/\\\/secure.gravatar.com\\\/avatar\\\/6fc8d9021cfef3848dc756028babfce4b172a5cdf3ddaf65c90537c341847bba?s=96&d=mm&r=g\",\"caption\":\"Equipo OCARU\"},\"url\":\"https:\\\/\\\/ocaru.org.ec\\\/en\\\/author\\\/equipo-ocaru\\\/\"}]}<\/script>\n<!-- \/ Yoast SEO Premium plugin. -->","yoast_head_json":{"title":"Cambio clim\u00e1tico: impactos y medidas de sustentabilidad en los Andes - Ocaru","description":"En esta ocasi\u00f3n compartimos la mirada t\u00e9cnica y social de Gerardo Vald\u00e9s, quien reconstruye las din\u00e1micas campesinas en la sierra centro-sur de los Andes ecuatorianos.","robots":{"index":"index","follow":"follow","max-snippet":"max-snippet:-1","max-image-preview":"max-image-preview:large","max-video-preview":"max-video-preview:-1"},"canonical":"https:\/\/ocaru.org.ec\/en\/cambio-climatico-impactos-y-medidas-de-sustentabilidad-en-los-andes\/","og_locale":"en_US","og_type":"article","og_title":"Cambio clim\u00e1tico: impactos y medidas de sustentabilidad en los Andes","og_description":"En esta ocasi\u00f3n compartimos la mirada t\u00e9cnica y social de Gerardo Vald\u00e9s, quien reconstruye las din\u00e1micas campesinas en la sierra centro-sur de los Andes ecuatorianos.","og_url":"https:\/\/ocaru.org.ec\/en\/cambio-climatico-impactos-y-medidas-de-sustentabilidad-en-los-andes\/","og_site_name":"Ocaru","article_publisher":"https:\/\/www.facebook.com\/Ocaruec\/","article_published_time":"2026-08-27T23:58:29+00:00","article_modified_time":"2026-09-01T16:10:29+00:00","og_image":[{"width":1920,"height":1080,"url":"https:\/\/ocaru.org.ec\/wp-content\/uploads\/2026\/08\/Foto-Articulo-Ecuador-y-Colombia-5.jpg","type":"image\/jpeg"}],"author":"Equipo OCARU","schema":{"@context":"https:\/\/schema.org","@graph":[{"@type":"Article","@id":"https:\/\/ocaru.org.ec\/cambio-climatico-impactos-y-medidas-de-sustentabilidad-en-los-andes\/#article","isPartOf":{"@id":"https:\/\/ocaru.org.ec\/cambio-climatico-impactos-y-medidas-de-sustentabilidad-en-los-andes\/"},"author":{"name":"Equipo OCARU","@id":"https:\/\/ocaru.org.ec\/#\/schema\/person\/90b45d0b1a5b0e27ed66ebbfcdeb3b7f"},"headline":"Cambio clim\u00e1tico: impactos y medidas de sustentabilidad en los Andes","datePublished":"2026-08-27T23:58:29+00:00","dateModified":"2026-09-01T16:10:29+00:00","mainEntityOfPage":{"@id":"https:\/\/ocaru.org.ec\/cambio-climatico-impactos-y-medidas-de-sustentabilidad-en-los-andes\/"},"wordCount":2029,"publisher":{"@id":"https:\/\/ocaru.org.ec\/#organization"},"image":{"@id":"https:\/\/ocaru.org.ec\/cambio-climatico-impactos-y-medidas-de-sustentabilidad-en-los-andes\/#primaryimage"},"thumbnailUrl":"https:\/\/ocaru.org.ec\/wp-content\/uploads\/2026\/08\/Foto-Articulo-Ecuador-y-Colombia-5.jpg","keywords":["Noticias Rotativas"],"articleSection":["Entrevistas","Coaliciones agroecol\u00f3gicas"],"inLanguage":"en-US"},{"@type":"WebPage","@id":"https:\/\/ocaru.org.ec\/cambio-climatico-impactos-y-medidas-de-sustentabilidad-en-los-andes\/","url":"https:\/\/ocaru.org.ec\/cambio-climatico-impactos-y-medidas-de-sustentabilidad-en-los-andes\/","name":"Cambio clim\u00e1tico: impactos y medidas de sustentabilidad en los Andes - Ocaru","isPartOf":{"@id":"https:\/\/ocaru.org.ec\/#website"},"primaryImageOfPage":{"@id":"https:\/\/ocaru.org.ec\/cambio-climatico-impactos-y-medidas-de-sustentabilidad-en-los-andes\/#primaryimage"},"image":{"@id":"https:\/\/ocaru.org.ec\/cambio-climatico-impactos-y-medidas-de-sustentabilidad-en-los-andes\/#primaryimage"},"thumbnailUrl":"https:\/\/ocaru.org.ec\/wp-content\/uploads\/2026\/08\/Foto-Articulo-Ecuador-y-Colombia-5.jpg","datePublished":"2026-08-27T23:58:29+00:00","dateModified":"2026-09-01T16:10:29+00:00","description":"En esta ocasi\u00f3n compartimos la mirada t\u00e9cnica y social de Gerardo Vald\u00e9s, quien reconstruye las din\u00e1micas campesinas en la sierra centro-sur de los Andes ecuatorianos.","breadcrumb":{"@id":"https:\/\/ocaru.org.ec\/cambio-climatico-impactos-y-medidas-de-sustentabilidad-en-los-andes\/#breadcrumb"},"inLanguage":"en-US","potentialAction":[{"@type":"ReadAction","target":["https:\/\/ocaru.org.ec\/cambio-climatico-impactos-y-medidas-de-sustentabilidad-en-los-andes\/"]}]},{"@type":"ImageObject","inLanguage":"en-US","@id":"https:\/\/ocaru.org.ec\/cambio-climatico-impactos-y-medidas-de-sustentabilidad-en-los-andes\/#primaryimage","url":"https:\/\/ocaru.org.ec\/wp-content\/uploads\/2026\/08\/Foto-Articulo-Ecuador-y-Colombia-5.jpg","contentUrl":"https:\/\/ocaru.org.ec\/wp-content\/uploads\/2026\/08\/Foto-Articulo-Ecuador-y-Colombia-5.jpg","width":1920,"height":1080},{"@type":"BreadcrumbList","@id":"https:\/\/ocaru.org.ec\/cambio-climatico-impactos-y-medidas-de-sustentabilidad-en-los-andes\/#breadcrumb","itemListElement":[{"@type":"ListItem","position":1,"name":"Portada","item":"https:\/\/ocaru.org.ec\/"},{"@type":"ListItem","position":2,"name":"Cambio clim\u00e1tico: impactos y medidas de sustentabilidad en los Andes"}]},{"@type":"WebSite","@id":"https:\/\/ocaru.org.ec\/#website","url":"https:\/\/ocaru.org.ec\/","name":"Ocaru","description":"Observatorio del Cambio Rural","publisher":{"@id":"https:\/\/ocaru.org.ec\/#organization"},"potentialAction":[{"@type":"SearchAction","target":{"@type":"EntryPoint","urlTemplate":"https:\/\/ocaru.org.ec\/?s={search_term_string}"},"query-input":{"@type":"PropertyValueSpecification","valueRequired":true,"valueName":"search_term_string"}}],"inLanguage":"en-US"},{"@type":"Organization","@id":"https:\/\/ocaru.org.ec\/#organization","name":"Ocaru","url":"https:\/\/ocaru.org.ec\/","logo":{"@type":"ImageObject","inLanguage":"en-US","@id":"https:\/\/ocaru.org.ec\/#\/schema\/logo\/image\/","url":"https:\/\/ocaru.org.ec\/wp-content\/uploads\/2026\/02\/Logo-150-x-150-1.jpg","contentUrl":"https:\/\/ocaru.org.ec\/wp-content\/uploads\/2026\/02\/Logo-150-x-150-1.jpg","width":150,"height":150,"caption":"Ocaru"},"image":{"@id":"https:\/\/ocaru.org.ec\/#\/schema\/logo\/image\/"},"sameAs":["https:\/\/www.facebook.com\/Ocaruec\/","https:\/\/x.com\/OCARUEc","https:\/\/www.instagram.com\/ocaru_ecuador\/","https:\/\/www.youtube.com\/user\/CambioRuralEC"]},{"@type":"Person","@id":"https:\/\/ocaru.org.ec\/#\/schema\/person\/90b45d0b1a5b0e27ed66ebbfcdeb3b7f","name":"Equipo OCARU","image":{"@type":"ImageObject","inLanguage":"en-US","@id":"https:\/\/secure.gravatar.com\/avatar\/6fc8d9021cfef3848dc756028babfce4b172a5cdf3ddaf65c90537c341847bba?s=96&d=mm&r=g","url":"https:\/\/secure.gravatar.com\/avatar\/6fc8d9021cfef3848dc756028babfce4b172a5cdf3ddaf65c90537c341847bba?s=96&d=mm&r=g","contentUrl":"https:\/\/secure.gravatar.com\/avatar\/6fc8d9021cfef3848dc756028babfce4b172a5cdf3ddaf65c90537c341847bba?s=96&d=mm&r=g","caption":"Equipo OCARU"},"url":"https:\/\/ocaru.org.ec\/en\/author\/equipo-ocaru\/"}]}},"_links":{"self":[{"href":"https:\/\/ocaru.org.ec\/en\/wp-json\/wp\/v2\/posts\/22484","targetHints":{"allow":["GET"]}}],"collection":[{"href":"https:\/\/ocaru.org.ec\/en\/wp-json\/wp\/v2\/posts"}],"about":[{"href":"https:\/\/ocaru.org.ec\/en\/wp-json\/wp\/v2\/types\/post"}],"author":[{"embeddable":true,"href":"https:\/\/ocaru.org.ec\/en\/wp-json\/wp\/v2\/users\/15"}],"replies":[{"embeddable":true,"href":"https:\/\/ocaru.org.ec\/en\/wp-json\/wp\/v2\/comments?post=22484"}],"version-history":[{"count":99,"href":"https:\/\/ocaru.org.ec\/en\/wp-json\/wp\/v2\/posts\/22484\/revisions"}],"predecessor-version":[{"id":22589,"href":"https:\/\/ocaru.org.ec\/en\/wp-json\/wp\/v2\/posts\/22484\/revisions\/22589"}],"wp:featuredmedia":[{"embeddable":true,"href":"https:\/\/ocaru.org.ec\/en\/wp-json\/wp\/v2\/media\/22588"}],"wp:attachment":[{"href":"https:\/\/ocaru.org.ec\/en\/wp-json\/wp\/v2\/media?parent=22484"}],"wp:term":[{"taxonomy":"category","embeddable":true,"href":"https:\/\/ocaru.org.ec\/en\/wp-json\/wp\/v2\/categories?post=22484"},{"taxonomy":"post_tag","embeddable":true,"href":"https:\/\/ocaru.org.ec\/en\/wp-json\/wp\/v2\/tags?post=22484"}],"curies":[{"name":"wp","href":"https:\/\/api.w.org\/{rel}","templated":true}]}}