{"id":15339,"date":"2016-09-16T07:14:08","date_gmt":"2016-09-16T12:14:08","guid":{"rendered":"https:\/\/ocaru.org.ec\/?p=15339"},"modified":"2023-12-01T13:21:33","modified_gmt":"2023-12-01T18:21:33","slug":"si-pensamos-en-terminos-metabolicos-la-ciudad-no-es-independiente-de-todas-las-redes-y-flujos-que-la-sostienen-david-harvey","status":"publish","type":"post","link":"https:\/\/ocaru.org.ec\/en\/si-pensamos-en-terminos-metabolicos-la-ciudad-no-es-independiente-de-todas-las-redes-y-flujos-que-la-sostienen-david-harvey\/","title":{"rendered":"\u201cSi pensamos en t\u00e9rminos metab\u00f3licos, la ciudad no es independiente de todas las redes y flujos que la sostienen\u201d: David Harvey"},"content":{"rendered":"<div data-elementor-type=\"wp-post\" data-elementor-id=\"15339\" class=\"elementor elementor-15339\" data-elementor-post-type=\"post\">\n\t\t\t\t\t\t<section class=\"elementor-section elementor-top-section elementor-element elementor-element-3a144bd elementor-section-boxed elementor-section-height-default elementor-section-height-default\" data-id=\"3a144bd\" data-element_type=\"section\" data-e-type=\"section\">\n\t\t\t\t\t\t<div class=\"elementor-container elementor-column-gap-default\">\n\t\t\t\t\t<div class=\"elementor-column elementor-col-50 elementor-top-column elementor-element elementor-element-f1a0c01\" data-id=\"f1a0c01\" data-element_type=\"column\" data-e-type=\"column\">\n\t\t\t<div class=\"elementor-widget-wrap elementor-element-populated\">\n\t\t\t\t\t\t<div class=\"elementor-element elementor-element-c79cca2 elementor-widget elementor-widget-image\" data-id=\"c79cca2\" data-element_type=\"widget\" data-e-type=\"widget\" data-widget_type=\"image.default\">\n\t\t\t\t<div class=\"elementor-widget-container\">\n\t\t\t\t\t\t\t\t\t\t\t\t<figure class=\"wp-caption\">\n\t\t\t\t\t\t\t\t\t\t<img fetchpriority=\"high\" decoding=\"async\" width=\"855\" height=\"600\" src=\"https:\/\/ocaru.org.ec\/wp-content\/uploads\/2016\/09\/linea.jpg\" class=\"attachment-large size-large wp-image-15341\" alt=\"\" srcset=\"https:\/\/ocaru.org.ec\/wp-content\/uploads\/2016\/09\/linea.jpg 855w, https:\/\/ocaru.org.ec\/wp-content\/uploads\/2016\/09\/linea-300x211.jpg 300w, https:\/\/ocaru.org.ec\/wp-content\/uploads\/2016\/09\/linea-768x539.jpg 768w, https:\/\/ocaru.org.ec\/wp-content\/uploads\/2016\/09\/linea-18x12.jpg 18w\" sizes=\"(max-width: 855px) 100vw, 855px\" \/>\t\t\t\t\t\t\t\t\t\t\t<figcaption class=\"widget-image-caption wp-caption-text\">OCARU y L\u00ednea de Fuego<\/figcaption>\n\t\t\t\t\t\t\t\t\t\t<\/figure>\n\t\t\t\t\t\t\t\t\t<\/div>\n\t\t\t\t<\/div>\n\t\t\t\t\t<\/div>\n\t\t<\/div>\n\t\t\t\t<div class=\"elementor-column elementor-col-50 elementor-top-column elementor-element elementor-element-d0dd6b3\" data-id=\"d0dd6b3\" data-element_type=\"column\" data-e-type=\"column\">\n\t\t\t<div class=\"elementor-widget-wrap elementor-element-populated\">\n\t\t\t\t\t\t<div class=\"elementor-element elementor-element-76d4bf6 elementor-widget elementor-widget-text-editor\" data-id=\"76d4bf6\" data-element_type=\"widget\" data-e-type=\"widget\" data-widget_type=\"text-editor.default\">\n\t\t\t\t<div class=\"elementor-widget-container\">\n\t\t\t\t\t\t\t\t\t<div class=\"itemIntroText\"><p>\u00bbLa lucha en San Roque tiene que ver con la preservaci\u00f3n de la historia cultural de la poblaci\u00f3n ind\u00edgena, por la defensa de sus formas culturales\u00bb.<\/p><\/div><div class=\"itemFullText\"><p>David Harvey, no solo es distinguido profesor de Antropolog\u00eda , sino al mismo tiempo probablemente el ge\u00f3grafo acad\u00e9mico marxista m\u00e1s citado del mundo.<\/p><p>Gracias a sus aportes en temas como el derecho a la ciudad y su cercan\u00eda a las organizaciones del Mercado de San Roque, en el contexto de H\u00e1bitat III Harvey convers\u00f3 con OCARU y Lalineadefuego respecto al papel de los mercados populares y la Soberan\u00eda Alimentaria en las ciudades.<\/p><\/div>\t\t\t\t\t\t\t\t<\/div>\n\t\t\t\t<\/div>\n\t\t\t\t\t<\/div>\n\t\t<\/div>\n\t\t\t\t\t<\/div>\n\t\t<\/section>\n\t\t\t\t<section class=\"elementor-section elementor-top-section elementor-element elementor-element-8465192 elementor-section-boxed elementor-section-height-default elementor-section-height-default\" data-id=\"8465192\" data-element_type=\"section\" data-e-type=\"section\">\n\t\t\t\t\t\t<div class=\"elementor-container elementor-column-gap-default\">\n\t\t\t\t\t<div class=\"elementor-column elementor-col-100 elementor-top-column elementor-element elementor-element-8da4807\" data-id=\"8da4807\" data-element_type=\"column\" data-e-type=\"column\">\n\t\t\t<div class=\"elementor-widget-wrap elementor-element-populated\">\n\t\t\t\t\t\t<div class=\"elementor-element elementor-element-bec59b6 elementor-widget elementor-widget-text-editor\" data-id=\"bec59b6\" data-element_type=\"widget\" data-e-type=\"widget\" data-widget_type=\"text-editor.default\">\n\t\t\t\t<div class=\"elementor-widget-container\">\n\t\t\t\t\t\t\t\t\t<div class=\"itemIntroText\"><p><strong>\u00bfQu\u00e9 debemos entender cuando nos referimos al Metabolismo Social en las ciudades?<\/strong><\/p><p>Uno no debe acercarse al tema de la ciudad en t\u00e9rminos mec\u00e1nicos. Tenemos que pensarla org\u00e1nicamente. Es necesario verla como algo que est\u00e1 en crecimiento, como algo \u2018vivo\u00bb, donde los habitantes la cambian constantemente, donde los flujos de energ\u00eda, de agua y comida son elementos que sostienen su vida diaria. Pero eso no es todo.<\/p><p>Adem\u00e1s de estos elementos materiales, es necesario tomar en cuenta los flujos de dinero, de poder, de influencia. Debemos preguntarnos: \u00bfqui\u00e9nes son los que controlan las llaves de los flujos dinero y poder? \u00bfqu\u00e9 sectores de la ciudad reciben servicios p\u00fablicos adecuados y qu\u00e9 sectores reciben malos servicios?<\/p><p>Otro factor para tomar en cuenta es la vida cultural en las calles y c\u00f3mo esta var\u00eda de un sector a otro. Lo interesante es que a veces son los sectores que tienen menos servicios p\u00fablicos, los que tienen m\u00e1s vida en las calles. Y en este sentido, muchas veces encuentro proyectos de la llamada \u2018regeneraci\u00f3n urbana\u2019 que desde mi punto de vista no lo son, y que en realidad representan procesos de degeneraci\u00f3n urbana. En muchos casos la gentrificaci\u00f3n provoca transformaciones culturales negativos.<\/p><p><strong>Cuando se refiere al derecho a la ciudad, \u00bfc\u00f3mo incluye a los campesinos e ind\u00edgenas que habitan las ciudades?<\/strong><\/p><p>Yo no veo el derecho a la ciudad como algo que tiene que ver con un territorio definido. Si pensamos en t\u00e9rminos metab\u00f3licos, la ciudad no es independiente de todas las redes y flujos que la sostienen. Por ejemplo, el Mercado de San Roque es un lugar en el cual el campo se encuentra dentro de la ciudad, en donde hay flujos migratorios a partir de los cuales la gente regresa al campo y luego vuelve a la ciudad. Por tanto, el derecho a la ciudad debe pensarse como un derecho pol\u00edtico. Debe servir para cambiar el entorno en el cual se vive, con los recursos para transformar la vida, para mejorarla y, en particular, para que ese derecho pertenezca a la gente que menos tiene. Desafortunadamente, todos reclaman el derecho a la ciudad: los ricos, los financistas, los empresarios y los constructores buscan construir cosas disparatadas.<\/p><p>En Quito, me enter\u00e9 de algunos proyectos que, por ejemplo, propon\u00edan desalojar a todos los ind\u00edgenas del centro hist\u00f3rico. Es decir que hay una lucha y el derecho a la ciudad supone el derecho de los que menos tiene de luchar por mejorar su vida dentro de la ciudad. La lucha en San Roque, por ejemplo, tiene que ver con la preservaci\u00f3n de la historia cultural de la poblaci\u00f3n ind\u00edgena, por la defensa de sus formas culturales. Es por eso que si bien yo a\u00fan utilizo el t\u00e9rmino Derecho a la Ciudad, estoy consciente de que en estos d\u00edas la ONU se ha apropiado del t\u00e9rmino.<\/p><p>Lo que usted menciona nos refiere a una lucha por la ciudad entre diferentes sectores sociales, espec\u00edficamente en el caso de los mercados populares.<\/p><p><strong>\u00bfCu\u00e1les son los conflictos sociales y pol\u00edticos que enfrentan quienes est\u00e1n luchando por la defensa de los mercados?<\/strong><\/p><p>No existe movimiento social alguno que no mire hacia diversas direcciones, de maneras distintas y donde no existen luchas por el poder. De acuerdo con mi experiencia de los movimientos sociales, hay mucha fracci\u00f3n. La gente de los mercados trabaja mejor cuando est\u00e1 unida, pero siempre existen aspectos que los separan, independientemente de las presiones externas. Pero no creo que el conflicto sea algo malo. Es una parte muy importante de las pasiones de la gente comprometida pero, a veces, puede producir rupturas. Sin embargo, de esto se trata la vida.<\/p><p><strong>Hay gente que prefiere los supermercados a los mercados populares como San Roque porque ofrecen mejores condiciones, \u00bfQu\u00e9 tipo de alternativas hay frente a los supermercados? \u00bfLas cooperativas, por ejemplo?<\/strong><\/p><p>Depende del equilibrio de fuerzas, de que s\u00ed realmente quieran movilizarse dentro o fuera de los mercados. Pero estoy de acuerdo en que la gente de los mercados debe tener cuidado cuando se presentan a la gente que va a comprar. Si quieren competir con los supermercados, tal vez, tendr\u00edan que abrir todo el d\u00eda porque existe mucha gente que hace sus compras en la noche. Tal vez ser\u00eda buena idea tomar una parte del mercado de San Roque para convertirla en un centro de acopio y distribuci\u00f3n que funcione las 24 horas. Entonces, el cooperativismo podr\u00eda funcionar si es que hay gente que est\u00e1 interesada en hacerlo funcionar, se puede, pero ah\u00ed viene la pregunta acerca de si hay o no gente que quiere tomar esa ruta. En la actualidad hay diversas organizaciones adentro y afuera del mercado que, aparentemente, no siempre est\u00e1n de acuerdo las unas con las otras. Entonces esto es parte del problema, la organizaci\u00f3n interna.<\/p><p>Respecto a la producci\u00f3n y distribuci\u00f3n de alimentos, el panorama est\u00e1 dominado por cadenas globales alimenticias que controlan la exportaci\u00f3n y las redes de comercializaci\u00f3n, delegando cada vez m\u00e1s el cultivo a los peque\u00f1os y medianos productores locales que terminan asumiendo todos los riesgos de la producci\u00f3n. \u00bfDe qu\u00e9 se tratan en realidad estas cadenas? \u00bfQu\u00e9 sucede en t\u00e9rminos de la renta y el precio de la tierra? \u00bfQu\u00e9 hacer para salvaguardar a los peque\u00f1os y medianos productores desde las pol\u00edticas p\u00fablicas?<\/p><p>Creo que es un asunto de poder, de lograr poner en pr\u00e1ctica las ideas frente a un bloque econ\u00f3mico con intereses muy fuertes. En relaci\u00f3n a lo que sucede respecto al precio de la tierra, en Argentina por ejemplo el precio de la tierra se ha incrementado dram\u00e1ticamente debido a las pol\u00edticas agrarias. No estoy al tanto de lo que pasa ac\u00e1 pero sospecho que el precio est\u00e1 aumentando,<\/p><p>Al mismo tiempo, estas grandes corporaciones de comercializaci\u00f3n tienen contratos con la gente que les proveen y el resultado es que hay una cantidad enorme de desperdicios porque en los supermercados solo aceptan cierta calidad y cantidad; por ejemplo, si los limones tienen peque\u00f1as manchas, no van a aceptarlos. Hay algunos estudios en EE.UU. que dicen que hasta el 40% de los alimentos son desperdiciados.<\/p><p>Existe la propuesta de obligar a los supermercados a dedicar una parte de su espacio a la venta de productos que no est\u00e1n en perfectas condiciones. La idea es buena. Ser\u00eda una fuente de comida para la gente que menos tiene y una innovaci\u00f3n como \u00e9sta podr\u00eda ser importante en un pa\u00eds como EE.UU., donde el 30% de los ni\u00f1os padecen malnutrici\u00f3n.<\/p><p>Pienso tambi\u00e9n que ser\u00eda bueno que el Estado tenga un sistema de seguros para cubrir los riesgos de los peque\u00f1os productores ya que estos est\u00e1n asumiendo todos los riesgos. Muchos de los peque\u00f1os productores no cuentan con suficiente dinero para pagar un seguro y estos problemas se han de resolver; el Estado deber\u00eda ayudar en ese sentido.<\/p><p><strong>\u00bfPor qu\u00e9 estas tem\u00e1ticas no son de inter\u00e9s para el debate sobre la ciudad en H\u00e1bitat III?<\/strong><\/p><p>Creo que la primera reuni\u00f3n de H\u00e1bitat fue m\u00e1s o menos interesante pero ahora se ha degenerado en una organizaci\u00f3n de mercadeo que est\u00e1 dominada por principios pol\u00edticos neoliberales; no creo que est\u00e9n discutiendo nada significativo aqu\u00ed en Quito. Se trata solamente de algunas empresas que venden su software de \u2018Smart Cities\u2019 o sistemas telef\u00e9ricos etc. etc. El espacio se ha degenerado. Es incre\u00edblemente aburrido.<\/p><p><strong>Ahora que mencionas que H\u00e1bitat est\u00e1 dominado por principios neoliberales, si uno mira el panorama nacional y regional luego del paso de los llamados \u00abgobiernos progresistas\u00bb, pareciera que, en efecto, no hay alternativa al neoliberalismo, que nos enfrentamos a un escenario en el que solo podemos elegir entre el neoliberalismo salvaje y el de \u00abrostro humano\u00bb, \u00bfQu\u00e9 piensas sobre esto?<\/strong><\/p><p>Parte del problema de los gobiernos progresistas en Am\u00e9rica Latina fue que, desde el principio, no desafiaron a los centros principales del poder; entonces, estos centros de poder tienden a regresar y volver a tomar las riendas. El segundo punto es que dichos gobiernos vivieron un per\u00edodo en el que fueron razonablemente ricos debido a los altos precios de las commodities. Esta riqueza la gastaron en redistribuci\u00f3n pero no tuvieron fondos de reserva para ayudarles a sobrellevar per\u00edodos de precios bajos y los embates de la derecha. Entonces, ahora est\u00e1n en un per\u00edodo en el que los precios de las commodities est\u00e1n a la baja, la econom\u00eda en crisis y la derecha aprovecha para buscar su oportunidad. Sin embargo, no creo que esto implique el fin de la izquierda. Creo que la velocidad con la que actualmente se mueven Macri y Temer sugiere que ellos saben que no van a estar en el poder por mucho tiempo.<\/p><p>Por tanto, la Izquierda tiene un buen momento para reflexionar sobre lo que estaba haciendo durante los \u00faltimos 10 a\u00f1os, para pensar en la pr\u00f3xima vez que llegue al poder, en c\u00f3mo va a manejar la econom\u00eda y en c\u00f3mo va a desafiar a los centros de poder. En 5 a\u00f1os veremos un resurgimiento de la izquierda; en parte porque la soluci\u00f3n neoliberal no soluciona nada. La soluci\u00f3n neoliberal simplemente incrementa las desigualdades y produce da\u00f1os al medio ambiente. Mucha gente ha visto durante los \u00faltimos 5 a\u00f1os que s\u00ed hay alternativas, y est\u00e1n dispuestos a desarrollar un movimiento pol\u00edtico a partir de dichas l\u00edneas de acci\u00f3n.<\/p><p><strong>Traducci\u00f3n, Gerard Coffey. Revisi\u00f3n de texto, Karla Encalada.<\/strong><\/p><\/div>\t\t\t\t\t\t\t\t<\/div>\n\t\t\t\t<\/div>\n\t\t\t\t\t<\/div>\n\t\t<\/div>\n\t\t\t\t\t<\/div>\n\t\t<\/section>\n\t\t\t\t<section class=\"elementor-section elementor-top-section elementor-element elementor-element-7cc07d6 elementor-section-boxed elementor-section-height-default elementor-section-height-default\" data-id=\"7cc07d6\" data-element_type=\"section\" data-e-type=\"section\">\n\t\t\t\t\t\t<div class=\"elementor-container elementor-column-gap-default\">\n\t\t\t\t\t<div class=\"elementor-column elementor-col-100 elementor-top-column elementor-element elementor-element-6158e3e\" data-id=\"6158e3e\" data-element_type=\"column\" data-e-type=\"column\">\n\t\t\t<div class=\"elementor-widget-wrap elementor-element-populated\">\n\t\t\t\t\t\t<div class=\"elementor-element elementor-element-b6b23b5 elementor-widget elementor-widget-global elementor-global-10318 elementor-widget-heading\" data-id=\"b6b23b5\" data-element_type=\"widget\" data-e-type=\"widget\" data-widget_type=\"heading.default\">\n\t\t\t\t<div class=\"elementor-widget-container\">\n\t\t\t\t\t<h4 class=\"elementor-heading-title elementor-size-default\">Te podr\u00eda interesar<\/h4>\t\t\t\t<\/div>\n\t\t\t\t<\/div>\n\t\t\t\t\t<\/div>\n\t\t<\/div>\n\t\t\t\t\t<\/div>\n\t\t<\/section>\n\t\t\t\t<section class=\"elementor-section elementor-top-section elementor-element elementor-element-bcb6aca elementor-section-boxed elementor-section-height-default elementor-section-height-default\" data-id=\"bcb6aca\" data-element_type=\"section\" data-e-type=\"section\">\n\t\t\t\t\t\t<div class=\"elementor-container elementor-column-gap-default\">\n\t\t\t\t\t<div class=\"elementor-column elementor-col-100 elementor-top-column elementor-element elementor-element-ace9f56\" data-id=\"ace9f56\" data-element_type=\"column\" data-e-type=\"column\">\n\t\t\t<div class=\"elementor-widget-wrap elementor-element-populated\">\n\t\t\t\t\t\t<div class=\"elementor-element elementor-element-51706b0 pp-card-slider-image-left pp-card-slider-dots-aside elementor-widget elementor-widget-global elementor-global-11749 elementor-widget-pp-card-slider\" data-id=\"51706b0\" data-element_type=\"widget\" data-e-type=\"widget\" data-settings=\"{&quot;open_lightbox&quot;:&quot;default&quot;,&quot;pause_on_hover&quot;:&quot;yes&quot;}\" data-widget_type=\"pp-card-slider.default\">\n\t\t\t\t<div class=\"elementor-widget-container\">\n\t\t\t\t\t\t\t<div class=\"pp-card-slider pp-swiper-slider\" data-slider-settings=\"{&quot;effect&quot;:&quot;fade&quot;,&quot;speed&quot;:500,&quot;slides_per_view&quot;:1,&quot;auto_height&quot;:false,&quot;loop&quot;:&quot;yes&quot;,&quot;autoplay&quot;:&quot;yes&quot;,&quot;autoplay_speed&quot;:3000,&quot;pause_on_interaction&quot;:false,&quot;keyboard&quot;:&quot;yes&quot;,&quot;pagination&quot;:&quot;bullets&quot;}\">\n\t\t\t<div class=\"swiper-wrapper\">\n\t\t\t\t\t\t\t\t<div class=\"pp-card-slider-item swiper-slide pp-card-slider-item-0\">\n\t\t\t\t\t\t\t\t\t\t\t\t\t<div class=\"pp-card-slider-image\">\n\t\t\t\t<a data-elementor-open-lightbox=\"yes\" data-elementor-lightbox-slideshow=\"51706b0\" data-elementor-lightbox-title=\"Foto-Esteban-Entrevista\" data-e-action-hash=\"#elementor-action%3Aaction%3Dlightbox%26settings%3DeyJpZCI6MTc1MDYsInVybCI6Imh0dHBzOlwvXC9vY2FydS5vcmcuZWNcL3dwLWNvbnRlbnRcL3VwbG9hZHNcLzIwMjRcLzA4XC9Gb3RvLUVzdGViYW4tRW50cmV2aXN0YS1zY2FsZWQuanBnIiwic2xpZGVzaG93IjoiNTE3MDZiMCJ9\" href=\"https:\/\/ocaru.org.ec\/wp-content\/uploads\/2024\/08\/Foto-Esteban-Entrevista-768x512.jpg\"><img decoding=\"async\" src=\"https:\/\/ocaru.org.ec\/wp-content\/uploads\/2024\/08\/Foto-Esteban-Entrevista-768x512.jpg\" alt=\"\"><\/a>\t\t\t<\/div>\n\t\t\t\t\t\t\t\t<div class=\"pp-card-slider-content-wrap\">\n\t\t\t\t\t\t\t\t\t<div class=\"pp-card-slider-date\">\n\t\t\t\t\t\t\t\t\t<span class=\"pp-card-slider-meta-icon pp-icon\">\n\t\t\t\t\t\t<i aria-hidden=\"true\" class=\"fas fa-calendar-alt\"><\/i>\t\t\t\t\t<\/span>\n\t\t\t\t\t\t\t\t<span class=\"pp-card-slider-meta-text\">\n\t\t\t\t\tAugust 28, 2024\t\t\t\t<\/span>\n\t\t\t<\/div>\n\t\t\t\t\t\t\t\t\t\t\t\t\t\t\t\t<h2 class=\"pp-card-slider-title\">\n\t\t\t\t\t\t\t\t<a href=\"https:\/\/ocaru.org.ec\/en\/entrevista-a-esteban-daza-los-sectores-campesinos-viven-una-suerte-de-catastrofe-agroalimentaria\/\">Entrevista a Esteban Daza. Los sectores campesinos viven una suerte de cat\u00e1strofe agroalimentaria<\/a>\t\t\t\t\t\t\t<\/h2>\n\t\t\t\t\t\t\n\t\t\t\t\t\t\t\t\t<div class=\"pp-card-slider-meta\">\n\t\t\t\t\t\t\t\t\t<span class=\"pp-content-author\">\n\t\t\t\t\t\t\t\t\t\t\t\t\t<span class=\"pp-card-slider-meta-icon pp-icon\">\n\t\t\t\t\t\t\t\t<i aria-hidden=\"true\" class=\"fas fa-user\"><\/i>\t\t\t\t\t\t\t<\/span>\n\t\t\t\t\t\t\t\t\t\t\t\t<span class=\"pp-card-slider-meta-text\">\n\t\t\t\t\t\t\tEquipo OCARU\t\t\t\t\t\t<\/span>\n\t\t\t\t\t<\/span>\n\t\t\t\t  \n\t\t\t\t\t\t\t\t\t<span class=\"pp-post-category\">\n\t\t\t\t\t\t\t\t\t\t\t\t\t<span class=\"pp-card-slider-meta-icon pp-icon\">\n\t\t\t\t\t\t\t\t<i aria-hidden=\"true\" class=\"fas fa-folder-open\"><\/i>\t\t\t\t\t\t\t<\/span>\n\t\t\t\t\t\t\t\t\t\t\t\t<span class=\"pp-card-slider-meta-text\">\n\t\t\t\t\t\t\tEntrevistas\t\t\t\t\t\t<\/span>\n\t\t\t\t\t<\/span>\n\t\t\t\t  \n\t\t\t<\/div>\n\t\t\t\n\t\t\t\t\t\t\t\t\t\t\t\t\t\t\t\t\t<\/div>\n\t\t\t\t<\/div>\n\t\t\t\t\t\t\t\t<div class=\"pp-card-slider-item swiper-slide pp-card-slider-item-1\">\n\t\t\t\t\t\t\t\t\t\t\t\t\t<div class=\"pp-card-slider-image\">\n\t\t\t\t<a data-elementor-open-lightbox=\"yes\" data-elementor-lightbox-slideshow=\"51706b0\" data-elementor-lightbox-title=\"Noem\u00ed\" data-e-action-hash=\"#elementor-action%3Aaction%3Dlightbox%26settings%3DeyJpZCI6MTY1MDUsInVybCI6Imh0dHBzOlwvXC9vY2FydS5vcmcuZWNcL3dwLWNvbnRlbnRcL3VwbG9hZHNcLzIwMjRcLzA0XC9Ob2VtaS5qcGciLCJzbGlkZXNob3ciOiI1MTcwNmIwIn0%3D\" href=\"https:\/\/ocaru.org.ec\/wp-content\/uploads\/2024\/04\/Noemi-768x576.jpg\"><img decoding=\"async\" src=\"https:\/\/ocaru.org.ec\/wp-content\/uploads\/2024\/04\/Noemi-768x576.jpg\" alt=\"\"><\/a>\t\t\t<\/div>\n\t\t\t\t\t\t\t\t<div class=\"pp-card-slider-content-wrap\">\n\t\t\t\t\t\t\t\t\t<div class=\"pp-card-slider-date\">\n\t\t\t\t\t\t\t\t\t<span class=\"pp-card-slider-meta-icon pp-icon\">\n\t\t\t\t\t\t<i aria-hidden=\"true\" class=\"fas fa-calendar-alt\"><\/i>\t\t\t\t\t<\/span>\n\t\t\t\t\t\t\t\t<span class=\"pp-card-slider-meta-text\">\n\t\t\t\t\tMay 16, 2024\t\t\t\t<\/span>\n\t\t\t<\/div>\n\t\t\t\t\t\t\t\t\t\t\t\t\t\t\t\t<h2 class=\"pp-card-slider-title\">\n\t\t\t\t\t\t\t\t<a href=\"https:\/\/ocaru.org.ec\/en\/entrevista-noemi\/\">Entrevista a Noem\u00ed Calgull\u00edn sobre su experiencia como productora agroecol\u00f3gica<\/a>\t\t\t\t\t\t\t<\/h2>\n\t\t\t\t\t\t\n\t\t\t\t\t\t\t\t\t<div class=\"pp-card-slider-meta\">\n\t\t\t\t\t\t\t\t\t<span class=\"pp-content-author\">\n\t\t\t\t\t\t\t\t\t\t\t\t\t<span class=\"pp-card-slider-meta-icon pp-icon\">\n\t\t\t\t\t\t\t\t<i aria-hidden=\"true\" class=\"fas fa-user\"><\/i>\t\t\t\t\t\t\t<\/span>\n\t\t\t\t\t\t\t\t\t\t\t\t<span class=\"pp-card-slider-meta-text\">\n\t\t\t\t\t\t\tEquipo OCARU\t\t\t\t\t\t<\/span>\n\t\t\t\t\t<\/span>\n\t\t\t\t  \n\t\t\t\t\t\t\t\t\t<span class=\"pp-post-category\">\n\t\t\t\t\t\t\t\t\t\t\t\t\t<span class=\"pp-card-slider-meta-icon pp-icon\">\n\t\t\t\t\t\t\t\t<i aria-hidden=\"true\" class=\"fas fa-folder-open\"><\/i>\t\t\t\t\t\t\t<\/span>\n\t\t\t\t\t\t\t\t\t\t\t\t<span class=\"pp-card-slider-meta-text\">\n\t\t\t\t\t\t\tEntrevistas\t\t\t\t\t\t<\/span>\n\t\t\t\t\t<\/span>\n\t\t\t\t  \n\t\t\t<\/div>\n\t\t\t\n\t\t\t\t\t\t\t\t\t\t\t\t\t\t\t\t\t<\/div>\n\t\t\t\t<\/div>\n\t\t\t\t\t\t\t\t<div class=\"pp-card-slider-item swiper-slide pp-card-slider-item-2\">\n\t\t\t\t\t\t\t\t\t\t\t\t\t<div class=\"pp-card-slider-image\">\n\t\t\t\t<a data-elementor-open-lightbox=\"yes\" data-elementor-lightbox-slideshow=\"51706b0\" data-elementor-lightbox-title=\"Fanny\" data-e-action-hash=\"#elementor-action%3Aaction%3Dlightbox%26settings%3DeyJpZCI6MTY0NTksInVybCI6Imh0dHBzOlwvXC9vY2FydS5vcmcuZWNcL3dwLWNvbnRlbnRcL3VwbG9hZHNcLzIwMjRcLzA0XC9GYW5ueS5qcGciLCJzbGlkZXNob3ciOiI1MTcwNmIwIn0%3D\" href=\"https:\/\/ocaru.org.ec\/wp-content\/uploads\/2024\/04\/Fanny-768x576.jpg\"><img decoding=\"async\" src=\"https:\/\/ocaru.org.ec\/wp-content\/uploads\/2024\/04\/Fanny-768x576.jpg\" alt=\"\"><\/a>\t\t\t<\/div>\n\t\t\t\t\t\t\t\t<div class=\"pp-card-slider-content-wrap\">\n\t\t\t\t\t\t\t\t\t<div class=\"pp-card-slider-date\">\n\t\t\t\t\t\t\t\t\t<span class=\"pp-card-slider-meta-icon pp-icon\">\n\t\t\t\t\t\t<i aria-hidden=\"true\" class=\"fas fa-calendar-alt\"><\/i>\t\t\t\t\t<\/span>\n\t\t\t\t\t\t\t\t<span class=\"pp-card-slider-meta-text\">\n\t\t\t\t\tApril 8, 2024\t\t\t\t<\/span>\n\t\t\t<\/div>\n\t\t\t\t\t\t\t\t\t\t\t\t\t\t\t\t<h2 class=\"pp-card-slider-title\">\n\t\t\t\t\t\t\t\t<a href=\"https:\/\/ocaru.org.ec\/en\/entrevista-fanny\/\">Entrevista a Fanny Salazar. Experiencia de la feria agroecol\u00f3gica &#8216;Siembra por la vida&#8217;<\/a>\t\t\t\t\t\t\t<\/h2>\n\t\t\t\t\t\t\n\t\t\t\t\t\t\t\t\t<div class=\"pp-card-slider-meta\">\n\t\t\t\t\t\t\t\t\t<span class=\"pp-content-author\">\n\t\t\t\t\t\t\t\t\t\t\t\t\t<span class=\"pp-card-slider-meta-icon pp-icon\">\n\t\t\t\t\t\t\t\t<i aria-hidden=\"true\" class=\"fas fa-user\"><\/i>\t\t\t\t\t\t\t<\/span>\n\t\t\t\t\t\t\t\t\t\t\t\t<span class=\"pp-card-slider-meta-text\">\n\t\t\t\t\t\t\tEquipo OCARU\t\t\t\t\t\t<\/span>\n\t\t\t\t\t<\/span>\n\t\t\t\t  \n\t\t\t\t\t\t\t\t\t<span class=\"pp-post-category\">\n\t\t\t\t\t\t\t\t\t\t\t\t\t<span class=\"pp-card-slider-meta-icon pp-icon\">\n\t\t\t\t\t\t\t\t<i aria-hidden=\"true\" class=\"fas fa-folder-open\"><\/i>\t\t\t\t\t\t\t<\/span>\n\t\t\t\t\t\t\t\t\t\t\t\t<span class=\"pp-card-slider-meta-text\">\n\t\t\t\t\t\t\tEntrevistas\t\t\t\t\t\t<\/span>\n\t\t\t\t\t<\/span>\n\t\t\t\t  \n\t\t\t<\/div>\n\t\t\t\n\t\t\t\t\t\t\t\t\t\t\t\t\t\t\t\t\t<\/div>\n\t\t\t\t<\/div>\n\t\t\t\t\t\t\t\t<div class=\"pp-card-slider-item swiper-slide pp-card-slider-item-3\">\n\t\t\t\t\t\t\t\t\t\t\t\t\t<div class=\"pp-card-slider-image\">\n\t\t\t\t<a data-elementor-open-lightbox=\"yes\" data-elementor-lightbox-slideshow=\"51706b0\" data-elementor-lightbox-title=\"Roberto Guerrero\" data-e-action-hash=\"#elementor-action%3Aaction%3Dlightbox%26settings%3DeyJpZCI6MTYzMDYsInVybCI6Imh0dHBzOlwvXC9vY2FydS5vcmcuZWNcL3dwLWNvbnRlbnRcL3VwbG9hZHNcLzIwMjRcLzAzXC9Sb2JlcnRvLUd1ZXJyZXJvLXNjYWxlZC5qcGciLCJzbGlkZXNob3ciOiI1MTcwNmIwIn0%3D\" href=\"https:\/\/ocaru.org.ec\/wp-content\/uploads\/2024\/03\/Roberto-Guerrero-768x512.jpg\"><img decoding=\"async\" src=\"https:\/\/ocaru.org.ec\/wp-content\/uploads\/2024\/03\/Roberto-Guerrero-768x512.jpg\" alt=\"\"><\/a>\t\t\t<\/div>\n\t\t\t\t\t\t\t\t<div class=\"pp-card-slider-content-wrap\">\n\t\t\t\t\t\t\t\t\t<div class=\"pp-card-slider-date\">\n\t\t\t\t\t\t\t\t\t<span class=\"pp-card-slider-meta-icon pp-icon\">\n\t\t\t\t\t\t<i aria-hidden=\"true\" class=\"fas fa-calendar-alt\"><\/i>\t\t\t\t\t<\/span>\n\t\t\t\t\t\t\t\t<span class=\"pp-card-slider-meta-text\">\n\t\t\t\t\tMarch 8, 2024\t\t\t\t<\/span>\n\t\t\t<\/div>\n\t\t\t\t\t\t\t\t\t\t\t\t\t\t\t\t<h2 class=\"pp-card-slider-title\">\n\t\t\t\t\t\t\t\t<a href=\"https:\/\/ocaru.org.ec\/en\/entrevista-roberto-guerrero\/\">Entrevista a Roberto Guerrero. Experiencias y alternativas para hacerle frente a los mercados para &#8216;pobres&#8217;<\/a>\t\t\t\t\t\t\t<\/h2>\n\t\t\t\t\t\t\n\t\t\t\t\t\t\t\t\t<div class=\"pp-card-slider-meta\">\n\t\t\t\t\t\t\t\t\t<span class=\"pp-content-author\">\n\t\t\t\t\t\t\t\t\t\t\t\t\t<span class=\"pp-card-slider-meta-icon pp-icon\">\n\t\t\t\t\t\t\t\t<i aria-hidden=\"true\" class=\"fas fa-user\"><\/i>\t\t\t\t\t\t\t<\/span>\n\t\t\t\t\t\t\t\t\t\t\t\t<span class=\"pp-card-slider-meta-text\">\n\t\t\t\t\t\t\tEquipo OCARU\t\t\t\t\t\t<\/span>\n\t\t\t\t\t<\/span>\n\t\t\t\t  \n\t\t\t\t\t\t\t\t\t<span class=\"pp-post-category\">\n\t\t\t\t\t\t\t\t\t\t\t\t\t<span class=\"pp-card-slider-meta-icon pp-icon\">\n\t\t\t\t\t\t\t\t<i aria-hidden=\"true\" class=\"fas fa-folder-open\"><\/i>\t\t\t\t\t\t\t<\/span>\n\t\t\t\t\t\t\t\t\t\t\t\t<span class=\"pp-card-slider-meta-text\">\n\t\t\t\t\t\t\tEntrevistas\t\t\t\t\t\t<\/span>\n\t\t\t\t\t<\/span>\n\t\t\t\t  \n\t\t\t<\/div>\n\t\t\t\n\t\t\t\t\t\t\t\t\t\t\t\t\t\t\t\t\t<\/div>\n\t\t\t\t<\/div>\n\t\t\t\t\t\t\t\t<div class=\"pp-card-slider-item swiper-slide pp-card-slider-item-4\">\n\t\t\t\t\t\t\t\t\t\t\t\t\t<div class=\"pp-card-slider-image\">\n\t\t\t\t<a data-elementor-open-lightbox=\"yes\" data-elementor-lightbox-slideshow=\"51706b0\" data-elementor-lightbox-title=\"Benjamin-Macas-Web\" data-e-action-hash=\"#elementor-action%3Aaction%3Dlightbox%26settings%3DeyJpZCI6MTU5NjMsInVybCI6Imh0dHBzOlwvXC9vY2FydS5vcmcuZWNcL3dwLWNvbnRlbnRcL3VwbG9hZHNcLzIwMjRcLzAzXC9CZW5qYW1pbi1NYWNhcy1XZWIuanBnIiwic2xpZGVzaG93IjoiNTE3MDZiMCJ9\" href=\"https:\/\/ocaru.org.ec\/wp-content\/uploads\/2024\/03\/Benjamin-Macas-Web-768x539.jpg\"><img decoding=\"async\" src=\"https:\/\/ocaru.org.ec\/wp-content\/uploads\/2024\/03\/Benjamin-Macas-Web-768x539.jpg\" alt=\"\"><\/a>\t\t\t<\/div>\n\t\t\t\t\t\t\t\t<div class=\"pp-card-slider-content-wrap\">\n\t\t\t\t\t\t\t\t\t<div class=\"pp-card-slider-date\">\n\t\t\t\t\t\t\t\t\t<span class=\"pp-card-slider-meta-icon pp-icon\">\n\t\t\t\t\t\t<i aria-hidden=\"true\" class=\"fas fa-calendar-alt\"><\/i>\t\t\t\t\t<\/span>\n\t\t\t\t\t\t\t\t<span class=\"pp-card-slider-meta-text\">\n\t\t\t\t\tMarch 5, 2024\t\t\t\t<\/span>\n\t\t\t<\/div>\n\t\t\t\t\t\t\t\t\t\t\t\t\t\t\t\t<h2 class=\"pp-card-slider-title\">\n\t\t\t\t\t\t\t\t<a href=\"https:\/\/ocaru.org.ec\/en\/entrevista-benjamin-macas-campesinos-tlcs-y-agricultura-en-ecuador\/\">Entrevista a Benjam\u00edn Macas. Campesinos, TLC&#8217;s y agricultura en Ecuador<\/a>\t\t\t\t\t\t\t<\/h2>\n\t\t\t\t\t\t\n\t\t\t\t\t\t\t\t\t<div class=\"pp-card-slider-meta\">\n\t\t\t\t\t\t\t\t\t<span class=\"pp-content-author\">\n\t\t\t\t\t\t\t\t\t\t\t\t\t<span class=\"pp-card-slider-meta-icon pp-icon\">\n\t\t\t\t\t\t\t\t<i aria-hidden=\"true\" class=\"fas fa-user\"><\/i>\t\t\t\t\t\t\t<\/span>\n\t\t\t\t\t\t\t\t\t\t\t\t<span class=\"pp-card-slider-meta-text\">\n\t\t\t\t\t\t\tEquipo OCARU\t\t\t\t\t\t<\/span>\n\t\t\t\t\t<\/span>\n\t\t\t\t  \n\t\t\t\t\t\t\t\t\t<span class=\"pp-post-category\">\n\t\t\t\t\t\t\t\t\t\t\t\t\t<span class=\"pp-card-slider-meta-icon pp-icon\">\n\t\t\t\t\t\t\t\t<i aria-hidden=\"true\" class=\"fas fa-folder-open\"><\/i>\t\t\t\t\t\t\t<\/span>\n\t\t\t\t\t\t\t\t\t\t\t\t<span class=\"pp-card-slider-meta-text\">\n\t\t\t\t\t\t\tEntrevistas\t\t\t\t\t\t<\/span>\n\t\t\t\t\t<\/span>\n\t\t\t\t  \n\t\t\t<\/div>\n\t\t\t\n\t\t\t\t\t\t\t\t\t\t\t\t\t\t\t\t\t<\/div>\n\t\t\t\t<\/div>\n\t\t\t\t\t\t\t\t<div class=\"pp-card-slider-item swiper-slide pp-card-slider-item-5\">\n\t\t\t\t\t\t\t\t\t\t\t\t\t<div class=\"pp-card-slider-image\">\n\t\t\t\t<a data-elementor-open-lightbox=\"yes\" data-elementor-lightbox-slideshow=\"51706b0\" data-elementor-lightbox-title=\"Eduardo-Malagon-Web\" data-e-action-hash=\"#elementor-action%3Aaction%3Dlightbox%26settings%3DeyJpZCI6MTU4NTAsInVybCI6Imh0dHBzOlwvXC9vY2FydS5vcmcuZWNcL3dwLWNvbnRlbnRcL3VwbG9hZHNcLzIwMjRcLzAzXC9FZHVhcmRvLU1hbGFnb24tV2ViLmpwZyIsInNsaWRlc2hvdyI6IjUxNzA2YjAifQ%3D%3D\" href=\"https:\/\/ocaru.org.ec\/wp-content\/uploads\/2024\/03\/Eduardo-Malagon-Web-768x539.jpg\"><img decoding=\"async\" src=\"https:\/\/ocaru.org.ec\/wp-content\/uploads\/2024\/03\/Eduardo-Malagon-Web-768x539.jpg\" alt=\"\"><\/a>\t\t\t<\/div>\n\t\t\t\t\t\t\t\t<div class=\"pp-card-slider-content-wrap\">\n\t\t\t\t\t\t\t\t\t<div class=\"pp-card-slider-date\">\n\t\t\t\t\t\t\t\t\t<span class=\"pp-card-slider-meta-icon pp-icon\">\n\t\t\t\t\t\t<i aria-hidden=\"true\" class=\"fas fa-calendar-alt\"><\/i>\t\t\t\t\t<\/span>\n\t\t\t\t\t\t\t\t<span class=\"pp-card-slider-meta-text\">\n\t\t\t\t\tMarch 2, 2024\t\t\t\t<\/span>\n\t\t\t<\/div>\n\t\t\t\t\t\t\t\t\t\t\t\t\t\t\t\t<h2 class=\"pp-card-slider-title\">\n\t\t\t\t\t\t\t\t<a href=\"https:\/\/ocaru.org.ec\/en\/entrevista-a-eduardo-malagon-zaldua-protestas-en-europa-reduccion-notable-del-numero-de-explotaciones-agrarias\/\">Entrevista a Eduardo Malag\u00f3n Zaldua. Protestas en Europa: Reducci\u00f3n notable del n\u00famero de explotaciones agrarias<\/a>\t\t\t\t\t\t\t<\/h2>\n\t\t\t\t\t\t\n\t\t\t\t\t\t\t\t\t<div class=\"pp-card-slider-meta\">\n\t\t\t\t\t\t\t\t\t<span class=\"pp-content-author\">\n\t\t\t\t\t\t\t\t\t\t\t\t\t<span class=\"pp-card-slider-meta-icon pp-icon\">\n\t\t\t\t\t\t\t\t<i aria-hidden=\"true\" class=\"fas fa-user\"><\/i>\t\t\t\t\t\t\t<\/span>\n\t\t\t\t\t\t\t\t\t\t\t\t<span class=\"pp-card-slider-meta-text\">\n\t\t\t\t\t\t\tEquipo OCARU\t\t\t\t\t\t<\/span>\n\t\t\t\t\t<\/span>\n\t\t\t\t  \n\t\t\t\t\t\t\t\t\t<span class=\"pp-post-category\">\n\t\t\t\t\t\t\t\t\t\t\t\t\t<span class=\"pp-card-slider-meta-icon pp-icon\">\n\t\t\t\t\t\t\t\t<i aria-hidden=\"true\" class=\"fas fa-folder-open\"><\/i>\t\t\t\t\t\t\t<\/span>\n\t\t\t\t\t\t\t\t\t\t\t\t<span class=\"pp-card-slider-meta-text\">\n\t\t\t\t\t\t\tEntrevistas\t\t\t\t\t\t<\/span>\n\t\t\t\t\t<\/span>\n\t\t\t\t  \n\t\t\t<\/div>\n\t\t\t\n\t\t\t\t\t\t\t\t\t\t\t\t\t\t\t\t\t<\/div>\n\t\t\t\t<\/div>\n\t\t\t\t\t\t\t\t<div class=\"pp-card-slider-item swiper-slide pp-card-slider-item-6\">\n\t\t\t\t\t\t\t\t\t\t\t\t\t<div class=\"pp-card-slider-image\">\n\t\t\t\t<a data-elementor-open-lightbox=\"yes\" data-elementor-lightbox-slideshow=\"51706b0\" data-elementor-lightbox-title=\"Mamen-Cuellar-sin-marca\" data-e-action-hash=\"#elementor-action%3Aaction%3Dlightbox%26settings%3DeyJpZCI6MTU4MjksInVybCI6Imh0dHBzOlwvXC9vY2FydS5vcmcuZWNcL3dwLWNvbnRlbnRcL3VwbG9hZHNcLzIwMjRcLzAyXC9NYW1lbi1DdWVsbGFyLXNpbi1tYXJjYS5qcGciLCJzbGlkZXNob3ciOiI1MTcwNmIwIn0%3D\" href=\"https:\/\/ocaru.org.ec\/wp-content\/uploads\/2024\/02\/Mamen-Cuellar-sin-marca-768x539.jpg\"><img decoding=\"async\" src=\"https:\/\/ocaru.org.ec\/wp-content\/uploads\/2024\/02\/Mamen-Cuellar-sin-marca-768x539.jpg\" alt=\"\"><\/a>\t\t\t<\/div>\n\t\t\t\t\t\t\t\t<div class=\"pp-card-slider-content-wrap\">\n\t\t\t\t\t\t\t\t\t<div class=\"pp-card-slider-date\">\n\t\t\t\t\t\t\t\t\t<span class=\"pp-card-slider-meta-icon pp-icon\">\n\t\t\t\t\t\t<i aria-hidden=\"true\" class=\"fas fa-calendar-alt\"><\/i>\t\t\t\t\t<\/span>\n\t\t\t\t\t\t\t\t<span class=\"pp-card-slider-meta-text\">\n\t\t\t\t\tFebruary 29, 2024\t\t\t\t<\/span>\n\t\t\t<\/div>\n\t\t\t\t\t\t\t\t\t\t\t\t\t\t\t\t<h2 class=\"pp-card-slider-title\">\n\t\t\t\t\t\t\t\t<a href=\"https:\/\/ocaru.org.ec\/en\/protestas-en-europa-agricultores-presionados-a-producir-a-perdida\/\">Entrevista a Mamen Cu\u00e9llar. Protestas en Europa: Agricultores presionados a producir a p\u00e9rdida<\/a>\t\t\t\t\t\t\t<\/h2>\n\t\t\t\t\t\t\n\t\t\t\t\t\t\t\t\t<div class=\"pp-card-slider-meta\">\n\t\t\t\t\t\t\t\t\t<span class=\"pp-content-author\">\n\t\t\t\t\t\t\t\t\t\t\t\t\t<span class=\"pp-card-slider-meta-icon pp-icon\">\n\t\t\t\t\t\t\t\t<i aria-hidden=\"true\" class=\"fas fa-user\"><\/i>\t\t\t\t\t\t\t<\/span>\n\t\t\t\t\t\t\t\t\t\t\t\t<span class=\"pp-card-slider-meta-text\">\n\t\t\t\t\t\t\tEquipo OCARU\t\t\t\t\t\t<\/span>\n\t\t\t\t\t<\/span>\n\t\t\t\t  \n\t\t\t\t\t\t\t\t\t<span class=\"pp-post-category\">\n\t\t\t\t\t\t\t\t\t\t\t\t\t<span class=\"pp-card-slider-meta-icon pp-icon\">\n\t\t\t\t\t\t\t\t<i aria-hidden=\"true\" class=\"fas fa-folder-open\"><\/i>\t\t\t\t\t\t\t<\/span>\n\t\t\t\t\t\t\t\t\t\t\t\t<span class=\"pp-card-slider-meta-text\">\n\t\t\t\t\t\t\tEntrevistas\t\t\t\t\t\t<\/span>\n\t\t\t\t\t<\/span>\n\t\t\t\t  \n\t\t\t<\/div>\n\t\t\t\n\t\t\t\t\t\t\t\t\t\t\t\t\t\t\t\t\t<\/div>\n\t\t\t\t<\/div>\n\t\t\t\t\t\t\t\t<div class=\"pp-card-slider-item swiper-slide pp-card-slider-item-7\">\n\t\t\t\t\t\t\t\t\t\t\t\t\t<div class=\"pp-card-slider-image\">\n\t\t\t\t<a data-elementor-open-lightbox=\"yes\" data-elementor-lightbox-slideshow=\"51706b0\" data-elementor-lightbox-title=\"mgr28\" data-e-action-hash=\"#elementor-action%3Aaction%3Dlightbox%26settings%3DeyJpZCI6MTQxNDksInVybCI6Imh0dHBzOlwvXC9vY2FydS5vcmcuZWNcL3dwLWNvbnRlbnRcL3VwbG9hZHNcLzIwMjNcLzExXC9tZ3IyOC5qcGciLCJzbGlkZXNob3ciOiI1MTcwNmIwIn0%3D\" href=\"https:\/\/ocaru.org.ec\/wp-content\/uploads\/2023\/11\/mgr28-768x539.jpg\"><img decoding=\"async\" src=\"https:\/\/ocaru.org.ec\/wp-content\/uploads\/2023\/11\/mgr28-768x539.jpg\" alt=\"\"><\/a>\t\t\t<\/div>\n\t\t\t\t\t\t\t\t<div class=\"pp-card-slider-content-wrap\">\n\t\t\t\t\t\t\t\t\t<div class=\"pp-card-slider-date\">\n\t\t\t\t\t\t\t\t\t<span class=\"pp-card-slider-meta-icon pp-icon\">\n\t\t\t\t\t\t<i aria-hidden=\"true\" class=\"fas fa-calendar-alt\"><\/i>\t\t\t\t\t<\/span>\n\t\t\t\t\t\t\t\t<span class=\"pp-card-slider-meta-text\">\n\t\t\t\t\tSeptember 19, 2022\t\t\t\t<\/span>\n\t\t\t<\/div>\n\t\t\t\t\t\t\t\t\t\t\t\t\t\t\t\t<h2 class=\"pp-card-slider-title\">\n\t\t\t\t\t\t\t\t<a href=\"https:\/\/ocaru.org.ec\/en\/por-que-es-importante-en-estos-momentos-implementar-el-decenio-de-las-nnuu-de-la-agricultura-familiar-en-ecuador\/\">\u00bfPor qu\u00e9 es importante, en estos momentos, implementar el Decenio de las NNUU de la Agricultura Familiar en Ecuador?<\/a>\t\t\t\t\t\t\t<\/h2>\n\t\t\t\t\t\t\n\t\t\t\t\t\t\t\t\t<div class=\"pp-card-slider-meta\">\n\t\t\t\t\t\t\t\t\t<span class=\"pp-content-author\">\n\t\t\t\t\t\t\t\t\t\t\t\t\t<span class=\"pp-card-slider-meta-icon pp-icon\">\n\t\t\t\t\t\t\t\t<i aria-hidden=\"true\" class=\"fas fa-user\"><\/i>\t\t\t\t\t\t\t<\/span>\n\t\t\t\t\t\t\t\t\t\t\t\t<span class=\"pp-card-slider-meta-text\">\n\t\t\t\t\t\t\tValeria Recalde\t\t\t\t\t\t<\/span>\n\t\t\t\t\t<\/span>\n\t\t\t\t  \n\t\t\t\t\t\t\t\t\t<span class=\"pp-post-category\">\n\t\t\t\t\t\t\t\t\t\t\t\t\t<span class=\"pp-card-slider-meta-icon pp-icon\">\n\t\t\t\t\t\t\t\t<i aria-hidden=\"true\" class=\"fas fa-folder-open\"><\/i>\t\t\t\t\t\t\t<\/span>\n\t\t\t\t\t\t\t\t\t\t\t\t<span class=\"pp-card-slider-meta-text\">\n\t\t\t\t\t\t\tEntrevistas\t\t\t\t\t\t<\/span>\n\t\t\t\t\t<\/span>\n\t\t\t\t  \n\t\t\t<\/div>\n\t\t\t\n\t\t\t\t\t\t\t\t\t\t\t\t\t\t\t\t\t<\/div>\n\t\t\t\t<\/div>\n\t\t\t\t\t\t\t\t<div class=\"pp-card-slider-item swiper-slide pp-card-slider-item-8\">\n\t\t\t\t\t\t\t\t\t\t\t\t\t<div class=\"pp-card-slider-image\">\n\t\t\t\t<a data-elementor-open-lightbox=\"yes\" data-elementor-lightbox-slideshow=\"51706b0\" data-elementor-lightbox-title=\"oportunidad\" data-e-action-hash=\"#elementor-action%3Aaction%3Dlightbox%26settings%3DeyJpZCI6MTUxOTcsInVybCI6Imh0dHBzOlwvXC9vY2FydS5vcmcuZWNcL3dwLWNvbnRlbnRcL3VwbG9hZHNcLzIwMjNcLzExXC9vcG9ydHVuaWRhZC5qcGciLCJzbGlkZXNob3ciOiI1MTcwNmIwIn0%3D\" href=\"https:\/\/ocaru.org.ec\/wp-content\/uploads\/2023\/11\/oportunidad-768x539.jpg\"><img decoding=\"async\" src=\"https:\/\/ocaru.org.ec\/wp-content\/uploads\/2023\/11\/oportunidad-768x539.jpg\" alt=\"\"><\/a>\t\t\t<\/div>\n\t\t\t\t\t\t\t\t<div class=\"pp-card-slider-content-wrap\">\n\t\t\t\t\t\t\t\t\t<div class=\"pp-card-slider-date\">\n\t\t\t\t\t\t\t\t\t<span class=\"pp-card-slider-meta-icon pp-icon\">\n\t\t\t\t\t\t<i aria-hidden=\"true\" class=\"fas fa-calendar-alt\"><\/i>\t\t\t\t\t<\/span>\n\t\t\t\t\t\t\t\t<span class=\"pp-card-slider-meta-text\">\n\t\t\t\t\tAugust 15, 2022\t\t\t\t<\/span>\n\t\t\t<\/div>\n\t\t\t\t\t\t\t\t\t\t\t\t\t\t\t\t<h2 class=\"pp-card-slider-title\">\n\t\t\t\t\t\t\t\t<a href=\"https:\/\/ocaru.org.ec\/en\/por-que-es-importante-una-politica-de-precios-para-la-agricultura-campesina\/\">\u00bfPor qu\u00e9 es importante una pol\u00edtica de precios para la agricultura campesina?<\/a>\t\t\t\t\t\t\t<\/h2>\n\t\t\t\t\t\t\n\t\t\t\t\t\t\t\t\t<div class=\"pp-card-slider-meta\">\n\t\t\t\t\t\t\t\t\t<span class=\"pp-content-author\">\n\t\t\t\t\t\t\t\t\t\t\t\t\t<span class=\"pp-card-slider-meta-icon pp-icon\">\n\t\t\t\t\t\t\t\t<i aria-hidden=\"true\" class=\"fas fa-user\"><\/i>\t\t\t\t\t\t\t<\/span>\n\t\t\t\t\t\t\t\t\t\t\t\t<span class=\"pp-card-slider-meta-text\">\n\t\t\t\t\t\t\tEquipo OCARU\t\t\t\t\t\t<\/span>\n\t\t\t\t\t<\/span>\n\t\t\t\t  \n\t\t\t\t\t\t\t\t\t<span class=\"pp-post-category\">\n\t\t\t\t\t\t\t\t\t\t\t\t\t<span class=\"pp-card-slider-meta-icon pp-icon\">\n\t\t\t\t\t\t\t\t<i aria-hidden=\"true\" class=\"fas fa-folder-open\"><\/i>\t\t\t\t\t\t\t<\/span>\n\t\t\t\t\t\t\t\t\t\t\t\t<span class=\"pp-card-slider-meta-text\">\n\t\t\t\t\t\t\tEntrevistas\t\t\t\t\t\t<\/span>\n\t\t\t\t\t<\/span>\n\t\t\t\t  \n\t\t\t<\/div>\n\t\t\t\n\t\t\t\t\t\t\t\t\t\t\t\t\t\t\t\t\t<\/div>\n\t\t\t\t<\/div>\n\t\t\t\t\t\t\t\t<div class=\"pp-card-slider-item swiper-slide pp-card-slider-item-9\">\n\t\t\t\t\t\t\t\t\t\t\t\t\t<div class=\"pp-card-slider-image\">\n\t\t\t\t<a data-elementor-open-lightbox=\"yes\" data-elementor-lightbox-slideshow=\"51706b0\" data-elementor-lightbox-title=\"mgr27\" data-e-action-hash=\"#elementor-action%3Aaction%3Dlightbox%26settings%3DeyJpZCI6MTQxMzEsInVybCI6Imh0dHBzOlwvXC9vY2FydS5vcmcuZWNcL3dwLWNvbnRlbnRcL3VwbG9hZHNcLzIwMjNcLzExXC9tZ3IyNy5qcGciLCJzbGlkZXNob3ciOiI1MTcwNmIwIn0%3D\" href=\"https:\/\/ocaru.org.ec\/wp-content\/uploads\/2023\/11\/mgr27-768x539.jpg\"><img decoding=\"async\" src=\"https:\/\/ocaru.org.ec\/wp-content\/uploads\/2023\/11\/mgr27-768x539.jpg\" alt=\"\"><\/a>\t\t\t<\/div>\n\t\t\t\t\t\t\t\t<div class=\"pp-card-slider-content-wrap\">\n\t\t\t\t\t\t\t\t\t<div class=\"pp-card-slider-date\">\n\t\t\t\t\t\t\t\t\t<span class=\"pp-card-slider-meta-icon pp-icon\">\n\t\t\t\t\t\t<i aria-hidden=\"true\" class=\"fas fa-calendar-alt\"><\/i>\t\t\t\t\t<\/span>\n\t\t\t\t\t\t\t\t<span class=\"pp-card-slider-meta-text\">\n\t\t\t\t\tAugust 15, 2022\t\t\t\t<\/span>\n\t\t\t<\/div>\n\t\t\t\t\t\t\t\t\t\t\t\t\t\t\t\t<h2 class=\"pp-card-slider-title\">\n\t\t\t\t\t\t\t\t<a href=\"https:\/\/ocaru.org.ec\/en\/por-que-es-importante-una-politica-de-precios-para-la-agricultura-campesina-2\/\">\u00bfPor qu\u00e9 es importante una pol\u00edtica de precios para la agricultura campesina?<\/a>\t\t\t\t\t\t\t<\/h2>\n\t\t\t\t\t\t\n\t\t\t\t\t\t\t\t\t<div class=\"pp-card-slider-meta\">\n\t\t\t\t\t\t\t\t\t<span class=\"pp-content-author\">\n\t\t\t\t\t\t\t\t\t\t\t\t\t<span class=\"pp-card-slider-meta-icon pp-icon\">\n\t\t\t\t\t\t\t\t<i aria-hidden=\"true\" class=\"fas fa-user\"><\/i>\t\t\t\t\t\t\t<\/span>\n\t\t\t\t\t\t\t\t\t\t\t\t<span class=\"pp-card-slider-meta-text\">\n\t\t\t\t\t\t\tEquipo OCARU\t\t\t\t\t\t<\/span>\n\t\t\t\t\t<\/span>\n\t\t\t\t  \n\t\t\t\t\t\t\t\t\t<span class=\"pp-post-category\">\n\t\t\t\t\t\t\t\t\t\t\t\t\t<span class=\"pp-card-slider-meta-icon pp-icon\">\n\t\t\t\t\t\t\t\t<i aria-hidden=\"true\" class=\"fas fa-folder-open\"><\/i>\t\t\t\t\t\t\t<\/span>\n\t\t\t\t\t\t\t\t\t\t\t\t<span class=\"pp-card-slider-meta-text\">\n\t\t\t\t\t\t\tEntrevistas\t\t\t\t\t\t<\/span>\n\t\t\t\t\t<\/span>\n\t\t\t\t  \n\t\t\t<\/div>\n\t\t\t\n\t\t\t\t\t\t\t\t\t\t\t\t\t\t\t\t\t<\/div>\n\t\t\t\t<\/div>\n\t\t\t\t\t\t\t<\/div>\n\t\t\t\t\t\t\t<div class=\"swiper-pagination swiper-pagination-51706b0\"><\/div>\n\t\t\t\t\t<\/div>\n\t\t\t\t\t\t<\/div>\n\t\t\t\t<\/div>\n\t\t\t\t\t<\/div>\n\t\t<\/div>\n\t\t\t\t\t<\/div>\n\t\t<\/section>\n\t\t\t\t<section class=\"elementor-section elementor-top-section elementor-element elementor-element-a47d51b elementor-section-boxed elementor-section-height-default elementor-section-height-default\" data-id=\"a47d51b\" data-element_type=\"section\" data-e-type=\"section\">\n\t\t\t\t\t\t<div class=\"elementor-container elementor-column-gap-default\">\n\t\t\t\t\t<div class=\"elementor-column elementor-col-100 elementor-top-column elementor-element elementor-element-3bd6fd6\" data-id=\"3bd6fd6\" data-element_type=\"column\" data-e-type=\"column\">\n\t\t\t<div class=\"elementor-widget-wrap elementor-element-populated\">\n\t\t\t\t\t\t<div class=\"elementor-element elementor-element-0538513 elementor-widget elementor-widget-heading\" data-id=\"0538513\" data-element_type=\"widget\" data-e-type=\"widget\" data-widget_type=\"heading.default\">\n\t\t\t\t<div class=\"elementor-widget-container\">\n\t\t\t\t\t<h4 class=\"elementor-heading-title elementor-size-default\">Compartir este art\u00edculo<\/h4>\t\t\t\t<\/div>\n\t\t\t\t<\/div>\n\t\t\t\t<div class=\"elementor-element elementor-element-d222c3d elementor-share-buttons--view-icon elementor-share-buttons--skin-minimal elementor-share-buttons--shape-circle elementor-share-buttons--color-custom elementor-grid-mobile-0 elementor-grid-0 elementor-widget elementor-widget-global elementor-global-9480 elementor-widget-mdp-sharinger-elementor\" data-id=\"d222c3d\" data-element_type=\"widget\" data-e-type=\"widget\" data-widget_type=\"mdp-sharinger-elementor.default\">\n\t\t\t\t<div class=\"elementor-widget-container\">\n\t\t\t\t\t        <div class=\"elementor-grid mdp-sharinger\">\n                            <div class=\"elementor-grid-item\">\n                    <div class=\"elementor-share-btn elementor-share-btn_facebook elementor-animation-pulse\" tabindex=\"0\" aria-label=\"Share on facebook\">\n                                                    <span class=\"elementor-share-btn__icon\">\n\t\t\t\t\t\t\t\t<i class=\"fab fa-facebook\" aria-hidden=\"true\"><\/i>\t\t\t\t\t\t\t<\/span>\n                                                                    <\/div>\n                <\/div>\n                                <div class=\"elementor-grid-item\">\n                    <div class=\"elementor-share-btn elementor-share-btn_twitter elementor-animation-pulse\" tabindex=\"0\" aria-label=\"Share on twitter\">\n                                                    <span class=\"elementor-share-btn__icon\">\n\t\t\t\t\t\t\t\t<i class=\"fab fa-twitter\" aria-hidden=\"true\"><\/i>\t\t\t\t\t\t\t<\/span>\n                                                                    <\/div>\n                <\/div>\n                                <div class=\"elementor-grid-item\">\n                    <div class=\"elementor-share-btn elementor-share-btn_linkedin elementor-animation-pulse\" tabindex=\"0\" aria-label=\"Share on linkedin\">\n                                                    <span class=\"elementor-share-btn__icon\">\n\t\t\t\t\t\t\t\t<i class=\"fab fa-linkedin\" aria-hidden=\"true\"><\/i>\t\t\t\t\t\t\t<\/span>\n                                                                    <\/div>\n                <\/div>\n                                <div class=\"elementor-grid-item\">\n                    <div class=\"elementor-share-btn elementor-share-btn_telegram elementor-animation-pulse\" tabindex=\"0\" aria-label=\"Share on telegram\">\n                                                    <span class=\"elementor-share-btn__icon\">\n\t\t\t\t\t\t\t\t<i class=\"fab fa-telegram\" aria-hidden=\"true\"><\/i>\t\t\t\t\t\t\t<\/span>\n                                                                    <\/div>\n                <\/div>\n                                <div class=\"elementor-grid-item\">\n                    <div class=\"elementor-share-btn elementor-share-btn_whatsapp elementor-animation-pulse\" tabindex=\"0\" aria-label=\"Share on whatsapp\">\n                                                    <span class=\"elementor-share-btn__icon\">\n\t\t\t\t\t\t\t\t<i class=\"fab fa-whatsapp\" aria-hidden=\"true\"><\/i>\t\t\t\t\t\t\t<\/span>\n                                                                    <\/div>\n                <\/div>\n                                <div class=\"elementor-grid-item\">\n                    <div class=\"elementor-share-btn elementor-share-btn_email elementor-animation-pulse\" tabindex=\"0\" aria-label=\"Share on email\">\n                                                    <span class=\"elementor-share-btn__icon\">\n\t\t\t\t\t\t\t\t<i class=\"fas fa-envelope\" aria-hidden=\"true\"><\/i>\t\t\t\t\t\t\t<\/span>\n                                                                    <\/div>\n                <\/div>\n                        <\/div>\n        \t\t\t\t<\/div>\n\t\t\t\t<\/div>\n\t\t\t\t\t<\/div>\n\t\t<\/div>\n\t\t\t\t\t<\/div>\n\t\t<\/section>\n\t\t\t\t<\/div>","protected":false},"excerpt":{"rendered":"<div class=\"tmnf_excerpt meta_deko\"><p>\u00bbLa lucha en San Roque tiene que ver con la preservaci\u00f3n de la historia cultural de la poblaci\u00f3n ind\u00edgena, por la defensa de sus formas culturales\u00bb.<\/p>\n<\/div>","protected":false},"author":15,"featured_media":15341,"comment_status":"closed","ping_status":"open","sticky":false,"template":"","format":"standard","meta":{"_mi_skip_tracking":false,"_monsterinsights_sitenote_active":false,"_monsterinsights_sitenote_note":"","_monsterinsights_sitenote_category":0,"footnotes":""},"categories":[87,97],"tags":[],"class_list":["post-15339","post","type-post","status-publish","format-standard","has-post-thumbnail","hentry","category-entrevistas","category-regimen-agroalimentario"],"yoast_head":"<!-- This site is optimized with the Yoast SEO Premium plugin v24.8 (Yoast SEO v27.4) - https:\/\/yoast.com\/product\/yoast-seo-premium-wordpress\/ -->\n<title>\u201cSi pensamos en t\u00e9rminos metab\u00f3licos, la ciudad no es independiente de todas las redes y flujos que la sostienen\u201d: David Harvey - Ocaru<\/title>\n<meta name=\"robots\" content=\"index, follow, max-snippet:-1, max-image-preview:large, max-video-preview:-1\" \/>\n<link rel=\"canonical\" href=\"https:\/\/ocaru.org.ec\/en\/si-pensamos-en-terminos-metabolicos-la-ciudad-no-es-independiente-de-todas-las-redes-y-flujos-que-la-sostienen-david-harvey\/\" \/>\n<meta property=\"og:locale\" content=\"en_US\" \/>\n<meta property=\"og:type\" content=\"article\" \/>\n<meta property=\"og:title\" content=\"\u201cSi pensamos en t\u00e9rminos metab\u00f3licos, la ciudad no es independiente de todas las redes y flujos que la sostienen\u201d: David Harvey\" \/>\n<meta property=\"og:description\" content=\"\u00bbLa lucha en San Roque tiene que ver con la preservaci\u00f3n de la historia cultural de la poblaci\u00f3n ind\u00edgena, por la defensa de sus formas culturales\u00bb.\" \/>\n<meta property=\"og:url\" content=\"https:\/\/ocaru.org.ec\/en\/si-pensamos-en-terminos-metabolicos-la-ciudad-no-es-independiente-de-todas-las-redes-y-flujos-que-la-sostienen-david-harvey\/\" \/>\n<meta property=\"og:site_name\" content=\"Ocaru\" \/>\n<meta property=\"article:publisher\" content=\"https:\/\/www.facebook.com\/Ocaruec\/\" \/>\n<meta property=\"article:published_time\" content=\"2016-09-16T12:14:08+00:00\" \/>\n<meta property=\"article:modified_time\" content=\"2023-12-01T18:21:33+00:00\" \/>\n<meta property=\"og:image\" content=\"https:\/\/ocaru.org.ec\/wp-content\/uploads\/2016\/09\/linea.jpg\" \/>\n\t<meta property=\"og:image:width\" content=\"855\" \/>\n\t<meta property=\"og:image:height\" content=\"600\" \/>\n\t<meta property=\"og:image:type\" content=\"image\/jpeg\" \/>\n<meta name=\"author\" content=\"Equipo OCARU\" \/>\n<script type=\"application\/ld+json\" class=\"yoast-schema-graph\">{\"@context\":\"https:\\\/\\\/schema.org\",\"@graph\":[{\"@type\":\"Article\",\"@id\":\"https:\\\/\\\/ocaru.org.ec\\\/si-pensamos-en-terminos-metabolicos-la-ciudad-no-es-independiente-de-todas-las-redes-y-flujos-que-la-sostienen-david-harvey\\\/#article\",\"isPartOf\":{\"@id\":\"https:\\\/\\\/ocaru.org.ec\\\/si-pensamos-en-terminos-metabolicos-la-ciudad-no-es-independiente-de-todas-las-redes-y-flujos-que-la-sostienen-david-harvey\\\/\"},\"author\":{\"name\":\"Equipo OCARU\",\"@id\":\"https:\\\/\\\/ocaru.org.ec\\\/#\\\/schema\\\/person\\\/90b45d0b1a5b0e27ed66ebbfcdeb3b7f\"},\"headline\":\"\u201cSi pensamos en t\u00e9rminos metab\u00f3licos, la ciudad no es independiente de todas las redes y flujos que la sostienen\u201d: David Harvey\",\"datePublished\":\"2016-09-16T12:14:08+00:00\",\"dateModified\":\"2023-12-01T18:21:33+00:00\",\"mainEntityOfPage\":{\"@id\":\"https:\\\/\\\/ocaru.org.ec\\\/si-pensamos-en-terminos-metabolicos-la-ciudad-no-es-independiente-de-todas-las-redes-y-flujos-que-la-sostienen-david-harvey\\\/\"},\"wordCount\":1962,\"publisher\":{\"@id\":\"https:\\\/\\\/ocaru.org.ec\\\/#organization\"},\"image\":{\"@id\":\"https:\\\/\\\/ocaru.org.ec\\\/si-pensamos-en-terminos-metabolicos-la-ciudad-no-es-independiente-de-todas-las-redes-y-flujos-que-la-sostienen-david-harvey\\\/#primaryimage\"},\"thumbnailUrl\":\"https:\\\/\\\/ocaru.org.ec\\\/wp-content\\\/uploads\\\/2016\\\/09\\\/linea.jpg\",\"articleSection\":[\"Entrevistas\",\"R\u00e9gimen agroalimentario\"],\"inLanguage\":\"en-US\"},{\"@type\":\"WebPage\",\"@id\":\"https:\\\/\\\/ocaru.org.ec\\\/si-pensamos-en-terminos-metabolicos-la-ciudad-no-es-independiente-de-todas-las-redes-y-flujos-que-la-sostienen-david-harvey\\\/\",\"url\":\"https:\\\/\\\/ocaru.org.ec\\\/si-pensamos-en-terminos-metabolicos-la-ciudad-no-es-independiente-de-todas-las-redes-y-flujos-que-la-sostienen-david-harvey\\\/\",\"name\":\"\u201cSi pensamos en t\u00e9rminos metab\u00f3licos, la ciudad no es independiente de todas las redes y flujos que la sostienen\u201d: David Harvey - Ocaru\",\"isPartOf\":{\"@id\":\"https:\\\/\\\/ocaru.org.ec\\\/#website\"},\"primaryImageOfPage\":{\"@id\":\"https:\\\/\\\/ocaru.org.ec\\\/si-pensamos-en-terminos-metabolicos-la-ciudad-no-es-independiente-de-todas-las-redes-y-flujos-que-la-sostienen-david-harvey\\\/#primaryimage\"},\"image\":{\"@id\":\"https:\\\/\\\/ocaru.org.ec\\\/si-pensamos-en-terminos-metabolicos-la-ciudad-no-es-independiente-de-todas-las-redes-y-flujos-que-la-sostienen-david-harvey\\\/#primaryimage\"},\"thumbnailUrl\":\"https:\\\/\\\/ocaru.org.ec\\\/wp-content\\\/uploads\\\/2016\\\/09\\\/linea.jpg\",\"datePublished\":\"2016-09-16T12:14:08+00:00\",\"dateModified\":\"2023-12-01T18:21:33+00:00\",\"breadcrumb\":{\"@id\":\"https:\\\/\\\/ocaru.org.ec\\\/si-pensamos-en-terminos-metabolicos-la-ciudad-no-es-independiente-de-todas-las-redes-y-flujos-que-la-sostienen-david-harvey\\\/#breadcrumb\"},\"inLanguage\":\"en-US\",\"potentialAction\":[{\"@type\":\"ReadAction\",\"target\":[\"https:\\\/\\\/ocaru.org.ec\\\/si-pensamos-en-terminos-metabolicos-la-ciudad-no-es-independiente-de-todas-las-redes-y-flujos-que-la-sostienen-david-harvey\\\/\"]}]},{\"@type\":\"ImageObject\",\"inLanguage\":\"en-US\",\"@id\":\"https:\\\/\\\/ocaru.org.ec\\\/si-pensamos-en-terminos-metabolicos-la-ciudad-no-es-independiente-de-todas-las-redes-y-flujos-que-la-sostienen-david-harvey\\\/#primaryimage\",\"url\":\"https:\\\/\\\/ocaru.org.ec\\\/wp-content\\\/uploads\\\/2016\\\/09\\\/linea.jpg\",\"contentUrl\":\"https:\\\/\\\/ocaru.org.ec\\\/wp-content\\\/uploads\\\/2016\\\/09\\\/linea.jpg\",\"width\":855,\"height\":600,\"caption\":\"OCARU y L\u00ednea de Fuego\"},{\"@type\":\"BreadcrumbList\",\"@id\":\"https:\\\/\\\/ocaru.org.ec\\\/si-pensamos-en-terminos-metabolicos-la-ciudad-no-es-independiente-de-todas-las-redes-y-flujos-que-la-sostienen-david-harvey\\\/#breadcrumb\",\"itemListElement\":[{\"@type\":\"ListItem\",\"position\":1,\"name\":\"Portada\",\"item\":\"https:\\\/\\\/ocaru.org.ec\\\/\"},{\"@type\":\"ListItem\",\"position\":2,\"name\":\"\u201cSi pensamos en t\u00e9rminos metab\u00f3licos, la ciudad no es independiente de todas las redes y flujos que la sostienen\u201d: David Harvey\"}]},{\"@type\":\"WebSite\",\"@id\":\"https:\\\/\\\/ocaru.org.ec\\\/#website\",\"url\":\"https:\\\/\\\/ocaru.org.ec\\\/\",\"name\":\"Ocaru\",\"description\":\"Observatorio del Cambio Rural\",\"publisher\":{\"@id\":\"https:\\\/\\\/ocaru.org.ec\\\/#organization\"},\"potentialAction\":[{\"@type\":\"SearchAction\",\"target\":{\"@type\":\"EntryPoint\",\"urlTemplate\":\"https:\\\/\\\/ocaru.org.ec\\\/?s={search_term_string}\"},\"query-input\":{\"@type\":\"PropertyValueSpecification\",\"valueRequired\":true,\"valueName\":\"search_term_string\"}}],\"inLanguage\":\"en-US\"},{\"@type\":\"Organization\",\"@id\":\"https:\\\/\\\/ocaru.org.ec\\\/#organization\",\"name\":\"Ocaru\",\"url\":\"https:\\\/\\\/ocaru.org.ec\\\/\",\"logo\":{\"@type\":\"ImageObject\",\"inLanguage\":\"en-US\",\"@id\":\"https:\\\/\\\/ocaru.org.ec\\\/#\\\/schema\\\/logo\\\/image\\\/\",\"url\":\"https:\\\/\\\/ocaru.org.ec\\\/wp-content\\\/uploads\\\/2026\\\/02\\\/Logo-150-x-150-1.jpg\",\"contentUrl\":\"https:\\\/\\\/ocaru.org.ec\\\/wp-content\\\/uploads\\\/2026\\\/02\\\/Logo-150-x-150-1.jpg\",\"width\":150,\"height\":150,\"caption\":\"Ocaru\"},\"image\":{\"@id\":\"https:\\\/\\\/ocaru.org.ec\\\/#\\\/schema\\\/logo\\\/image\\\/\"},\"sameAs\":[\"https:\\\/\\\/www.facebook.com\\\/Ocaruec\\\/\",\"https:\\\/\\\/x.com\\\/OCARUEc\",\"https:\\\/\\\/www.instagram.com\\\/ocaru_ecuador\\\/\",\"https:\\\/\\\/www.youtube.com\\\/user\\\/CambioRuralEC\"]},{\"@type\":\"Person\",\"@id\":\"https:\\\/\\\/ocaru.org.ec\\\/#\\\/schema\\\/person\\\/90b45d0b1a5b0e27ed66ebbfcdeb3b7f\",\"name\":\"Equipo OCARU\",\"image\":{\"@type\":\"ImageObject\",\"inLanguage\":\"en-US\",\"@id\":\"https:\\\/\\\/secure.gravatar.com\\\/avatar\\\/6fc8d9021cfef3848dc756028babfce4b172a5cdf3ddaf65c90537c341847bba?s=96&d=mm&r=g\",\"url\":\"https:\\\/\\\/secure.gravatar.com\\\/avatar\\\/6fc8d9021cfef3848dc756028babfce4b172a5cdf3ddaf65c90537c341847bba?s=96&d=mm&r=g\",\"contentUrl\":\"https:\\\/\\\/secure.gravatar.com\\\/avatar\\\/6fc8d9021cfef3848dc756028babfce4b172a5cdf3ddaf65c90537c341847bba?s=96&d=mm&r=g\",\"caption\":\"Equipo OCARU\"},\"url\":\"https:\\\/\\\/ocaru.org.ec\\\/en\\\/author\\\/equipo-ocaru\\\/\"}]}<\/script>\n<!-- \/ Yoast SEO Premium plugin. -->","yoast_head_json":{"title":"\u201cSi pensamos en t\u00e9rminos metab\u00f3licos, la ciudad no es independiente de todas las redes y flujos que la sostienen\u201d: David Harvey - Ocaru","robots":{"index":"index","follow":"follow","max-snippet":"max-snippet:-1","max-image-preview":"max-image-preview:large","max-video-preview":"max-video-preview:-1"},"canonical":"https:\/\/ocaru.org.ec\/en\/si-pensamos-en-terminos-metabolicos-la-ciudad-no-es-independiente-de-todas-las-redes-y-flujos-que-la-sostienen-david-harvey\/","og_locale":"en_US","og_type":"article","og_title":"\u201cSi pensamos en t\u00e9rminos metab\u00f3licos, la ciudad no es independiente de todas las redes y flujos que la sostienen\u201d: David Harvey","og_description":"\u00bbLa lucha en San Roque tiene que ver con la preservaci\u00f3n de la historia cultural de la poblaci\u00f3n ind\u00edgena, por la defensa de sus formas culturales\u00bb.","og_url":"https:\/\/ocaru.org.ec\/en\/si-pensamos-en-terminos-metabolicos-la-ciudad-no-es-independiente-de-todas-las-redes-y-flujos-que-la-sostienen-david-harvey\/","og_site_name":"Ocaru","article_publisher":"https:\/\/www.facebook.com\/Ocaruec\/","article_published_time":"2016-09-16T12:14:08+00:00","article_modified_time":"2023-12-01T18:21:33+00:00","og_image":[{"width":855,"height":600,"url":"https:\/\/ocaru.org.ec\/wp-content\/uploads\/2016\/09\/linea.jpg","type":"image\/jpeg"}],"author":"Equipo OCARU","schema":{"@context":"https:\/\/schema.org","@graph":[{"@type":"Article","@id":"https:\/\/ocaru.org.ec\/si-pensamos-en-terminos-metabolicos-la-ciudad-no-es-independiente-de-todas-las-redes-y-flujos-que-la-sostienen-david-harvey\/#article","isPartOf":{"@id":"https:\/\/ocaru.org.ec\/si-pensamos-en-terminos-metabolicos-la-ciudad-no-es-independiente-de-todas-las-redes-y-flujos-que-la-sostienen-david-harvey\/"},"author":{"name":"Equipo OCARU","@id":"https:\/\/ocaru.org.ec\/#\/schema\/person\/90b45d0b1a5b0e27ed66ebbfcdeb3b7f"},"headline":"\u201cSi pensamos en t\u00e9rminos metab\u00f3licos, la ciudad no es independiente de todas las redes y flujos que la sostienen\u201d: David Harvey","datePublished":"2016-09-16T12:14:08+00:00","dateModified":"2023-12-01T18:21:33+00:00","mainEntityOfPage":{"@id":"https:\/\/ocaru.org.ec\/si-pensamos-en-terminos-metabolicos-la-ciudad-no-es-independiente-de-todas-las-redes-y-flujos-que-la-sostienen-david-harvey\/"},"wordCount":1962,"publisher":{"@id":"https:\/\/ocaru.org.ec\/#organization"},"image":{"@id":"https:\/\/ocaru.org.ec\/si-pensamos-en-terminos-metabolicos-la-ciudad-no-es-independiente-de-todas-las-redes-y-flujos-que-la-sostienen-david-harvey\/#primaryimage"},"thumbnailUrl":"https:\/\/ocaru.org.ec\/wp-content\/uploads\/2016\/09\/linea.jpg","articleSection":["Entrevistas","R\u00e9gimen agroalimentario"],"inLanguage":"en-US"},{"@type":"WebPage","@id":"https:\/\/ocaru.org.ec\/si-pensamos-en-terminos-metabolicos-la-ciudad-no-es-independiente-de-todas-las-redes-y-flujos-que-la-sostienen-david-harvey\/","url":"https:\/\/ocaru.org.ec\/si-pensamos-en-terminos-metabolicos-la-ciudad-no-es-independiente-de-todas-las-redes-y-flujos-que-la-sostienen-david-harvey\/","name":"\u201cSi pensamos en t\u00e9rminos metab\u00f3licos, la ciudad no es independiente de todas las redes y flujos que la sostienen\u201d: David Harvey - Ocaru","isPartOf":{"@id":"https:\/\/ocaru.org.ec\/#website"},"primaryImageOfPage":{"@id":"https:\/\/ocaru.org.ec\/si-pensamos-en-terminos-metabolicos-la-ciudad-no-es-independiente-de-todas-las-redes-y-flujos-que-la-sostienen-david-harvey\/#primaryimage"},"image":{"@id":"https:\/\/ocaru.org.ec\/si-pensamos-en-terminos-metabolicos-la-ciudad-no-es-independiente-de-todas-las-redes-y-flujos-que-la-sostienen-david-harvey\/#primaryimage"},"thumbnailUrl":"https:\/\/ocaru.org.ec\/wp-content\/uploads\/2016\/09\/linea.jpg","datePublished":"2016-09-16T12:14:08+00:00","dateModified":"2023-12-01T18:21:33+00:00","breadcrumb":{"@id":"https:\/\/ocaru.org.ec\/si-pensamos-en-terminos-metabolicos-la-ciudad-no-es-independiente-de-todas-las-redes-y-flujos-que-la-sostienen-david-harvey\/#breadcrumb"},"inLanguage":"en-US","potentialAction":[{"@type":"ReadAction","target":["https:\/\/ocaru.org.ec\/si-pensamos-en-terminos-metabolicos-la-ciudad-no-es-independiente-de-todas-las-redes-y-flujos-que-la-sostienen-david-harvey\/"]}]},{"@type":"ImageObject","inLanguage":"en-US","@id":"https:\/\/ocaru.org.ec\/si-pensamos-en-terminos-metabolicos-la-ciudad-no-es-independiente-de-todas-las-redes-y-flujos-que-la-sostienen-david-harvey\/#primaryimage","url":"https:\/\/ocaru.org.ec\/wp-content\/uploads\/2016\/09\/linea.jpg","contentUrl":"https:\/\/ocaru.org.ec\/wp-content\/uploads\/2016\/09\/linea.jpg","width":855,"height":600,"caption":"OCARU y L\u00ednea de Fuego"},{"@type":"BreadcrumbList","@id":"https:\/\/ocaru.org.ec\/si-pensamos-en-terminos-metabolicos-la-ciudad-no-es-independiente-de-todas-las-redes-y-flujos-que-la-sostienen-david-harvey\/#breadcrumb","itemListElement":[{"@type":"ListItem","position":1,"name":"Portada","item":"https:\/\/ocaru.org.ec\/"},{"@type":"ListItem","position":2,"name":"\u201cSi pensamos en t\u00e9rminos metab\u00f3licos, la ciudad no es independiente de todas las redes y flujos que la sostienen\u201d: David Harvey"}]},{"@type":"WebSite","@id":"https:\/\/ocaru.org.ec\/#website","url":"https:\/\/ocaru.org.ec\/","name":"Ocaru","description":"Observatorio del Cambio Rural","publisher":{"@id":"https:\/\/ocaru.org.ec\/#organization"},"potentialAction":[{"@type":"SearchAction","target":{"@type":"EntryPoint","urlTemplate":"https:\/\/ocaru.org.ec\/?s={search_term_string}"},"query-input":{"@type":"PropertyValueSpecification","valueRequired":true,"valueName":"search_term_string"}}],"inLanguage":"en-US"},{"@type":"Organization","@id":"https:\/\/ocaru.org.ec\/#organization","name":"Ocaru","url":"https:\/\/ocaru.org.ec\/","logo":{"@type":"ImageObject","inLanguage":"en-US","@id":"https:\/\/ocaru.org.ec\/#\/schema\/logo\/image\/","url":"https:\/\/ocaru.org.ec\/wp-content\/uploads\/2026\/02\/Logo-150-x-150-1.jpg","contentUrl":"https:\/\/ocaru.org.ec\/wp-content\/uploads\/2026\/02\/Logo-150-x-150-1.jpg","width":150,"height":150,"caption":"Ocaru"},"image":{"@id":"https:\/\/ocaru.org.ec\/#\/schema\/logo\/image\/"},"sameAs":["https:\/\/www.facebook.com\/Ocaruec\/","https:\/\/x.com\/OCARUEc","https:\/\/www.instagram.com\/ocaru_ecuador\/","https:\/\/www.youtube.com\/user\/CambioRuralEC"]},{"@type":"Person","@id":"https:\/\/ocaru.org.ec\/#\/schema\/person\/90b45d0b1a5b0e27ed66ebbfcdeb3b7f","name":"Equipo OCARU","image":{"@type":"ImageObject","inLanguage":"en-US","@id":"https:\/\/secure.gravatar.com\/avatar\/6fc8d9021cfef3848dc756028babfce4b172a5cdf3ddaf65c90537c341847bba?s=96&d=mm&r=g","url":"https:\/\/secure.gravatar.com\/avatar\/6fc8d9021cfef3848dc756028babfce4b172a5cdf3ddaf65c90537c341847bba?s=96&d=mm&r=g","contentUrl":"https:\/\/secure.gravatar.com\/avatar\/6fc8d9021cfef3848dc756028babfce4b172a5cdf3ddaf65c90537c341847bba?s=96&d=mm&r=g","caption":"Equipo OCARU"},"url":"https:\/\/ocaru.org.ec\/en\/author\/equipo-ocaru\/"}]}},"_links":{"self":[{"href":"https:\/\/ocaru.org.ec\/en\/wp-json\/wp\/v2\/posts\/15339","targetHints":{"allow":["GET"]}}],"collection":[{"href":"https:\/\/ocaru.org.ec\/en\/wp-json\/wp\/v2\/posts"}],"about":[{"href":"https:\/\/ocaru.org.ec\/en\/wp-json\/wp\/v2\/types\/post"}],"author":[{"embeddable":true,"href":"https:\/\/ocaru.org.ec\/en\/wp-json\/wp\/v2\/users\/15"}],"replies":[{"embeddable":true,"href":"https:\/\/ocaru.org.ec\/en\/wp-json\/wp\/v2\/comments?post=15339"}],"version-history":[{"count":6,"href":"https:\/\/ocaru.org.ec\/en\/wp-json\/wp\/v2\/posts\/15339\/revisions"}],"predecessor-version":[{"id":15666,"href":"https:\/\/ocaru.org.ec\/en\/wp-json\/wp\/v2\/posts\/15339\/revisions\/15666"}],"wp:featuredmedia":[{"embeddable":true,"href":"https:\/\/ocaru.org.ec\/en\/wp-json\/wp\/v2\/media\/15341"}],"wp:attachment":[{"href":"https:\/\/ocaru.org.ec\/en\/wp-json\/wp\/v2\/media?parent=15339"}],"wp:term":[{"taxonomy":"category","embeddable":true,"href":"https:\/\/ocaru.org.ec\/en\/wp-json\/wp\/v2\/categories?post=15339"},{"taxonomy":"post_tag","embeddable":true,"href":"https:\/\/ocaru.org.ec\/en\/wp-json\/wp\/v2\/tags?post=15339"}],"curies":[{"name":"wp","href":"https:\/\/api.w.org\/{rel}","templated":true}]}}