{"id":14868,"date":"2013-08-06T11:36:37","date_gmt":"2013-08-06T16:36:37","guid":{"rendered":"https:\/\/ocaru.org.ec\/?p=14868"},"modified":"2023-11-17T12:10:35","modified_gmt":"2023-11-17T17:10:35","slug":"uruguay-la-contaminacion-del-agua-potable-continuara-segun-ong-redes-amigos-de-la-tierra","status":"publish","type":"post","link":"https:\/\/ocaru.org.ec\/en\/uruguay-la-contaminacion-del-agua-potable-continuara-segun-ong-redes-amigos-de-la-tierra\/","title":{"rendered":"Uruguay: La contaminaci\u00f3n del agua potable continuar\u00e1, seg\u00fan ONG Redes Amigos de la Tierra"},"content":{"rendered":"<div data-elementor-type=\"wp-post\" data-elementor-id=\"14868\" class=\"elementor elementor-14868\" data-elementor-post-type=\"post\">\n\t\t\t\t\t\t<section class=\"elementor-section elementor-top-section elementor-element elementor-element-3a144bd elementor-section-boxed elementor-section-height-default elementor-section-height-default\" data-id=\"3a144bd\" data-element_type=\"section\" data-e-type=\"section\">\n\t\t\t\t\t\t<div class=\"elementor-container elementor-column-gap-default\">\n\t\t\t\t\t<div class=\"elementor-column elementor-col-50 elementor-top-column elementor-element elementor-element-f1a0c01\" data-id=\"f1a0c01\" data-element_type=\"column\" data-e-type=\"column\">\n\t\t\t<div class=\"elementor-widget-wrap elementor-element-populated\">\n\t\t\t\t\t\t<div class=\"elementor-element elementor-element-c79cca2 elementor-widget elementor-widget-image\" data-id=\"c79cca2\" data-element_type=\"widget\" data-e-type=\"widget\" data-widget_type=\"image.default\">\n\t\t\t\t<div class=\"elementor-widget-container\">\n\t\t\t\t\t\t\t\t\t\t\t\t<figure class=\"wp-caption\">\n\t\t\t\t\t\t\t\t\t\t<img fetchpriority=\"high\" decoding=\"async\" width=\"855\" height=\"600\" src=\"https:\/\/ocaru.org.ec\/wp-content\/uploads\/2023\/11\/pink19.jpg\" class=\"attachment-large size-large wp-image-14871\" alt=\"\" srcset=\"https:\/\/ocaru.org.ec\/wp-content\/uploads\/2023\/11\/pink19.jpg 855w, https:\/\/ocaru.org.ec\/wp-content\/uploads\/2023\/11\/pink19-300x211.jpg 300w, https:\/\/ocaru.org.ec\/wp-content\/uploads\/2023\/11\/pink19-768x539.jpg 768w, https:\/\/ocaru.org.ec\/wp-content\/uploads\/2023\/11\/pink19-18x12.jpg 18w\" sizes=\"(max-width: 855px) 100vw, 855px\" \/>\t\t\t\t\t\t\t\t\t\t\t<figcaption class=\"widget-image-caption wp-caption-text\"><\/figcaption>\n\t\t\t\t\t\t\t\t\t\t<\/figure>\n\t\t\t\t\t\t\t\t\t<\/div>\n\t\t\t\t<\/div>\n\t\t\t\t\t<\/div>\n\t\t<\/div>\n\t\t\t\t<div class=\"elementor-column elementor-col-50 elementor-top-column elementor-element elementor-element-d0dd6b3\" data-id=\"d0dd6b3\" data-element_type=\"column\" data-e-type=\"column\">\n\t\t\t<div class=\"elementor-widget-wrap elementor-element-populated\">\n\t\t\t\t\t\t<div class=\"elementor-element elementor-element-76d4bf6 elementor-widget elementor-widget-text-editor\" data-id=\"76d4bf6\" data-element_type=\"widget\" data-e-type=\"widget\" data-widget_type=\"text-editor.default\">\n\t\t\t\t<div class=\"elementor-widget-container\">\n\t\t\t\t\t\t\t\t\t<div class=\"itemIntroText\"><p><strong>LA RED 21 (Uruguay)<\/strong><\/p><div class=\"itemIntroText\"><p>El bioqu\u00edmico Pablo Galeano integrante de Redes en entrevista con La Red 21, asegur\u00f3 que la contaminaci\u00f3n del agua potable continuar\u00e1 y aunque se detenga el proceso de fertilizaci\u00f3n de los campos, el da\u00f1o ya est\u00e1 hecho. Galeano reflexion\u00f3 que si bien la pr\u00e1ctica del agronegocio genera mucho dinero no hay estudios que determinen cual es la riqueza que genera.<\/p><\/div><div class=\"itemFullText\"><p>Por \u00faltimo Galeano se\u00f1al\u00f3 que en el pa\u00eds no hay estudios sobre el impacto que tiene en la salud de la poblaci\u00f3n el incremento del uso de agroqu\u00edmicos en el campo uruguayo.<\/p><\/div><\/div>\t\t\t\t\t\t\t\t<\/div>\n\t\t\t\t<\/div>\n\t\t\t\t\t<\/div>\n\t\t<\/div>\n\t\t\t\t\t<\/div>\n\t\t<\/section>\n\t\t\t\t<section class=\"elementor-section elementor-top-section elementor-element elementor-element-dd8f43e elementor-section-boxed elementor-section-height-default elementor-section-height-default\" data-id=\"dd8f43e\" data-element_type=\"section\" data-e-type=\"section\">\n\t\t\t\t\t\t<div class=\"elementor-container elementor-column-gap-default\">\n\t\t\t\t\t<div class=\"elementor-column elementor-col-100 elementor-top-column elementor-element elementor-element-b26225d\" data-id=\"b26225d\" data-element_type=\"column\" data-e-type=\"column\">\n\t\t\t<div class=\"elementor-widget-wrap elementor-element-populated\">\n\t\t\t\t\t\t<div class=\"elementor-element elementor-element-485e4c4 elementor-widget elementor-widget-text-editor\" data-id=\"485e4c4\" data-element_type=\"widget\" data-e-type=\"widget\" data-widget_type=\"text-editor.default\">\n\t\t\t\t<div class=\"elementor-widget-container\">\n\t\t\t\t\t\t\t\t\t<p><strong>\u2013 \u00bfDesde la ONG Redes Amigos de la Tierra critican el sistema de agronegocios que funciona en el pa\u00eds. \u00bfA qu\u00e9 estructuras hacen referencia?<\/strong><\/p><p>\u2013 Nosotros nos referimos a la captaci\u00f3n de Fondos de Inversi\u00f3n que se aplica a los negocios y que promete determinada rentabilidad en corto tiempo. Es una modalidad que ha crecido y ha tenido una incidencia muy fuerte en la regi\u00f3n y en el Uruguay en particular. En el pa\u00eds los que han llevado adelante la agricultura y la agropecuaria han sido grandes, medianos y peque\u00f1os productores, hist\u00f3ricamente relacionados con la oligarqu\u00eda del interior. Cuando nos referimos a la Asociaci\u00f3n Rural del Uruguay (ARU) vemos que se repiten apellidos y familias.<\/p><p>Sin embargo, hoy d\u00eda los que dinamizan la econom\u00eda ya no son esas familias hist\u00f3ricas, sino que son empresas que manejan capitales transnacionales, que le han dado un particular impulso a la agricultura. El cultivo\u00bb vedette\u00bb es la soja. Estas empresas tienen un cuerpo gerencial con gente que sabe de inversiones que captan fondos. Los fondos son de EEUU y de pa\u00edses europeos, principalmente. Lo que producen son comodities es decir, granos que cotizan en Bolsa y que operan a futuro. Actualmente ya se est\u00e1 vendiendo la soja que se producir\u00e1 dentro de 3 a\u00f1os.<\/p><p>Existe un debate de quienes se\u00f1alan que como se aplica tecnolog\u00eda moderna en las explotaciones primarias ya no es como antes y que el comoditie tiene un valor superior al producto industrializado. Nosotros cuestionamos este concepto.<\/p><p>Estos negocios estaban centrados principalmente en la parte de acopio y distribuci\u00f3n, sin embargo hoy tambi\u00e9n est\u00e1n en las fases de producci\u00f3n como es el caso de Agronegocios del Plata, El Tejano, entre otras. Hacen negocios en la regi\u00f3n y tiene un equipo que aplica un paquete tecnol\u00f3gico estandarizado y homog\u00e9neo y de punta. Contratan agr\u00f3nomos y terceriza la fase productiva. Arriendan campos con contratos de corto plazo y participan en el negocio de acopio y distribuci\u00f3n. En el a\u00f1o 2000 hab\u00eda 50 mil hect\u00e1reas de soja y hoy hablamos de un mill\u00f3n de hect\u00e1reas. La soja sale principalmente por la Zona Franca de Nueva Palmira.<\/p><p>Este tipo de negocio cuenta con el est\u00edmulo del gobierno. Es una inversi\u00f3n de producci\u00f3n primaria que se basa en la explotaci\u00f3n de nuestros recursos primarios. Existe un debate de quienes se\u00f1alan que como se aplica tecnolog\u00eda moderna en las explotaciones primarias ya no es como antes y que el comoditie tiene un valor superior al producto industrializado. Nosotros cuestionamos este concepto. Adem\u00e1s s\u00ed incorporamos los costos ambientales a este tipo de producci\u00f3n ver\u00edamos que la cuenta no es tan positiva.<\/p><p>Los sucesivos gobiernos han tenido la preocupaci\u00f3n de poner valor agregado a la producci\u00f3n que se exporta. Ustedes reconocen que el crecimiento representa un mayor bienestar para la poblaci\u00f3n?<\/p><p>La soja va a batir nuevamente r\u00e9cord de exportaci\u00f3n, el 33% de las exportaciones de Uruguay son de soja. S\u00ed bien es mucho capital, lo que genera de Producto Bruto Interno no es un 33% sino un5%. Esto es as\u00ed porque la tecnolog\u00eda, la maquinaria, la semilla, los insumos, y los agroqu\u00edmicos que se utilizan se importan. No se produce harina, se produce muy poco aceite. y sale a trav\u00e9s de la Zona Franca de Nueva Palmira por tanto paga muy bajos impuestos. Nuestros campos son menos productivos que la pampa argentina pero como en Uruguay no hay retenciones y la carga impositiva es muy baja los empresarios prefieren producir aqu\u00ed, porque la ganancia es mayor<\/p><p>Entra mucho dinero al Uruguay, pero no hay estudios que indiquen cuanta riqueza le deja al pa\u00eds. Hay muchos indicadores que no se miden como son los impactos en la salud. Cada vez se aplican m\u00e1s agroqu\u00edmicos<\/p><p><strong>\u2013 \u00bfY la aplicaci\u00f3n de agroqu\u00edmicos qu\u00e9 impacto tiene?<\/strong><\/p><p>\u2013 Desde la conferencia de R\u00edo de Janeiro en 1992 se entiende que los cultivos gen\u00e9ticamente modificados traen impactos sociales y ambientales. En Uruguay se planta soja desde 1996 y nunca hubo un monitoreo de los impactos de la aplicaci\u00f3n de la tecnolog\u00eda. Este tipo de cultivo son tolerantes a los herbicidas, al glifosato en particular, pero en el futuro habr\u00e1 cultivos tolerantes a otros herbicidas. Estamos sometiendo a nuestro ambiente a una carga de este principio qu\u00edmico que no tiene precedentes para el ecosistema. Los primeros datos que generaron preocupaci\u00f3n principalmente a nivel de Facultad de Agronom\u00eda fue el impacto sobre la erosi\u00f3n de los suelos.<\/p><p>Los herbicidas matan la cobertura vegetal de los suelos pero no perjudican a la soja. Esta situaci\u00f3n llevo a las autoridades a reclamar a los grandes productores a que presentaran planes de manejo de rotaci\u00f3n de suelos porque est\u00e1bamos perdiendo nuestra principal riqueza. Hist\u00f3ricamente nuestro principal problema ambiental ha sido la erosi\u00f3n de los suelos. Ahora tambi\u00e9n aparece otro problema y es la contaminaci\u00f3n del agua.<\/p><p>En Uruguay se planta soja desde 1996 y nunca hubo un monitoreo de los impactos de la aplicaci\u00f3n de la tecnolog\u00eda. Este tipo de cultivo son tolerantes a los herbicidas, al glifosato en particular, pero en el futuro habr\u00e1 cultivos tolerantes a otros herbicidas. Estamos sometiendo a nuestro ambiente a una carga de este principio qu\u00edmico que no tiene precedentes para el ecosistema.<\/p><p>Una tecnolog\u00eda transg\u00e9nica que tiene inteligencia e investigaci\u00f3n detr\u00e1s aplicada con la l\u00f3gica del capital financiero que es la rentabilidad en corto tiempo. Es muy degradadora de los recursos. Detr\u00e1s de este cultivo se va f\u00f3sforo, nitr\u00f3geno, agua y se va en definitiva la calidad del suelo. S\u00ed no se regula y se deja en manos de la l\u00f3gica del capital el manejo de los recursos naturales tendremos un problema de degradaci\u00f3n grave.<\/p><p><strong>\u2013 \u00bfCu\u00e1l es el rol de las transnacionales?<\/strong><\/p><p>\u2013 S\u00ed uno entra a la p\u00e1gina web de la multinacional paradigm\u00e1tica que es Monsanto ve que su misi\u00f3n y su visi\u00f3n es colaborar para que la humanidad supere ciertos desaf\u00edos por ejemplo: una poblaci\u00f3n creciente en una bi\u00f3sfera limitada. El discurso es el de aportar para beneficiar a la humanidad. Los gobiernos se alinean con este discurso y lo creen y nosotros no creemos en este discurso. Solo con ver los datos de lo que ha pasado en Uruguay con los recursos ambientales y el manejo que se hace de los ecosistemas agr\u00edcolas veremos que no es sustentable. La propuesta es explotar los recursos al m\u00e1ximo para sacar una renta lo m\u00e1s r\u00e1pido posible. Adem\u00e1s su objetivo es penetrar el mercado de la semilla con eventos transg\u00e9nicos apilados. Detr\u00e1s de cada evento hay una patente y detr\u00e1s de cada patente hay cobro de royalties y ese es el gran negocio.<\/p><p>Nos preocupa que se vende la tecnolog\u00eda transg\u00e9nica planteando que va a resolver los desaf\u00edos de la humanidad pero en realidad hay un gran negocio que privatiza los recursos fitogen\u00e9ticos de una manera nunca antes vista. Lo que estamos viviendo hoy es un proceso de concentraci\u00f3n de toda la cadena agroalimentaria. Que comienza con la semilla y culmina con el producto en la g\u00f3ndola del supermercado. Desde el punto de vista de la soberan\u00eda alimentaria es muy preocupante. Los gobiernos de izquierda deber\u00edan preocuparse por esta realidad. Los \u00faltimos datos del Censo indican que en los \u00faltimos diez a\u00f1os desaparecieron el 40% de las explotaciones agropecuarias inferiores a las 20 hect\u00e1reas.<\/p><p>Estamos ante un proceso de concentraci\u00f3n de la tenencia y gesti\u00f3n del territorio el criterio que predomina es el del capital financiero y los gobiernos van a tener cada vez menor poder de negociaci\u00f3n. Pensemos que el gobierno a dicho que no tiene capacidad de fiscalizar el manejo que se hace de los suelos, por tanto queda a la buena voluntad de los agr\u00f3nomos que presentan los planes de manejo del territorio. Los agr\u00f3nomos son los que gestionan las empresas que venden insumos y tecnolog\u00eda y son los que le dicen al productor que tecnolog\u00eda tienen que aplicar. Es decir, est\u00e1n de ambos lados del mostrador y eso es muy complicado.<\/p><p>Lo que estamos viviendo hoy es un proceso de concentraci\u00f3n de toda la cadena agroalimentaria. Que comienza con la semilla y culmina con el producto en la g\u00f3ndola del supermercado. Desde el punto de vista de la soberan\u00eda alimentaria es muy preocupante. Los gobiernos de izquierda deber\u00edan preocuparse por esta realidad.<\/p><p>Incluso los que hoy llevan la batuta son los ingenieros agr\u00f3nomos. En este gobierno encabezado por el Presidente Jos\u00e9 Mujica, el Subsecretario de Ganader\u00eda, Agricultura y Pesca ingeniero agr\u00f3nomo Enzo Benech preside la Comisi\u00f3n para la Gesti\u00f3n del Riesgo y es el mismo actor que promovi\u00f3 que el Instituto Nacional de Investigaci\u00f3n Agropecuaria (INIA) tuviera un acuerdo con Monsanto. Benech estuvo en noviembre del a\u00f1o pasado en Bolivia para apoyar a los sojeros de zona de Santa Cruz que reclaman que el gobierno de Evo Morales flexibilice su posici\u00f3n respecto a la prohibici\u00f3n de los transg\u00e9nicos.<\/p><p>Estuvo el Ministro de Ganader\u00eda Tabar\u00e9 Aguerre en China haciendo lobby porque este pa\u00eds es el principal importador de la soja de la regi\u00f3n para que autorice una nueva soja transg\u00e9nica. Empresas como Monsanto cuentan con el lobby de gobiernos como el uruguayo para que determinada tecnolog\u00eda sea liberada. Las transnacionales juegan fuerte. El acuerdo de Monsanto con el INIA es una jugada pol\u00edtica que benefician a la transnacional.<\/p><p><strong>\u2013 \u00bfCu\u00e1l es la expectativa para el futuro? Qu\u00e9 se tomen qu\u00e9 tipo de medidas?<\/strong><\/p><p>\u2013 Lo que nos preocupa es que la fuerza pol\u00edtica gobernante no se cuestiona este tema. Se toman pol\u00edticas paliativas, hay una intenci\u00f3n sincera de que la agricultura familiar no desaparezca. Alur es un ejemplo, la cartera de tierras adquirida por el Instituto de Colonizaci\u00f3n ha crecido como nunca antes. Estamos hablando de la incorporaci\u00f3n de unas 55 mil hect\u00e1reas pero en ese mismo periodo se han transado 3 millones y medio de hect\u00e1reas, por tanto, con paliar la situaci\u00f3n no alcanza hay que tener pol\u00edticas sist\u00e9micas.<\/p><p>Deber\u00edamos preguntarnos cu\u00e1l es el pa\u00eds productivo que queremos. El agronegocio es el que nos traer\u00e1 el desarrollo, nosotros creemos que no. Hay que pensar pol\u00edticas que estimulen el desarrollo de la agricultura familiar y que no sea la estrategia de incorporar la agricultura familiar a las cadenas productivas de exportaci\u00f3n. Esta pol\u00edtica que se aplic\u00f3 desde siempre en Uruguay ha sido un fracaso. Convertir al agricultor familiar en un empresario exitoso no es posible. Un gobierno de izquierda deber\u00eda favorecer otro tipo de procesos. Todo lo que tiene que ver con compras diferenciadas que estimulen las econom\u00edas locales. Tambi\u00e9n revisar el rol del sistema impositivo qu\u00e9 se estimula y qu\u00e9 se deja de estimular.<\/p><p>El crecimiento econ\u00f3mico apoyarlo en la explotaci\u00f3n de nuestros recursos primarios es pan para hoy y hambre para ma\u00f1ana. En el tema transg\u00e9nico han usado una estrategia de consulta p\u00fablica de la que nadie se entera, por tanto, participan muy pocos. Y cuando particip\u00e1s no te devuelven ning\u00fan comentario. Toman la decisi\u00f3n pol\u00edtica de qu\u00e9 las cosas sean de una determinada manera y no prev\u00e9n modificarla. Entonces no es as\u00ed que se fortalecen los procesos democr\u00e1ticos.<\/p><p>Hay que pensar pol\u00edticas que estimulen el desarrollo de la agricultura familiar y que no sea la estrategia de incorporar la agricultura familiar a las cadenas productivas de exportaci\u00f3n. Esta pol\u00edtica que se aplic\u00f3 desde siempre en Uruguay ha sido un fracaso. Convertir al agricultor familiar en un empresario exitoso no es posible.<\/p><p>El problema del agua es grave, y aunque se pare ahora la fertilizaci\u00f3n de nuestros campos, el problema continuar\u00e1. Esto ser\u00e1 cada vez m\u00e1s grave. Y no se soluciona \u00fanicamente buscando nuevas fuentes de agua potable, hay que buscar soluciones de largo aliento. Lo que sucede es que la contaminaci\u00f3n la pagamos todos, pero la riqueza de la explotaci\u00f3n de nuestros recursos primarios se la llevan unos pocos.<\/p><p>Convers\u00e9 con el decano de la Facultad de Medicina porque en el Uruguay no hay estudios sobre la frecuencia de ciertas afecciones a la salud con aplicaci\u00f3n de ciertos paquetes tecnol\u00f3gicos. S\u00ed el pa\u00eds aplica diez veces m\u00e1s agroqu\u00edmicos que hace diez a\u00f1os atr\u00e1s tendr\u00edamos que monitorear que sucede con la salud de la gente. En Uruguay no se hace nada y en otros pa\u00edses s\u00ed. Nosotros no tenemos datos estad\u00edsticos, y la gente cuando tiene problemas con las fumigaciones no ve al Estado como un aliado. La semana pasada por primera vez una maestra rural de R\u00edo Negro gan\u00f3 un juicio a la empresa Agronegocios del Plata porque se le pidi\u00f3 que dejara de fumigar cerca de la escuela y continuaron. Fue un caso muy particular, pero hay otros m\u00e1s que sabemos que est\u00e1n pasando. En el interior hay mucho de eso de no molestar al vecino y como adem\u00e1s este tipo de emprendimientos grandes son los que colaborar con las escuelas y con los centros de salud, la gente no denuncia, los m\u00e9dicos tampoco hablan del tema. Hay m\u00e1s denuncias, pero no estudios concretos.<\/p><p>*Pablo Galeano, Bioqu\u00edmico, investigador de la Universidad de la Rep\u00fablica y miembro de Redes-Amigos de la Tierra Uruguay. Ha publicado diferentes estudios sobre la \u00abcontaminaci\u00f3n transg\u00e9nica\u00bb en el Uruguay.<\/p>\t\t\t\t\t\t\t\t<\/div>\n\t\t\t\t<\/div>\n\t\t\t\t\t<\/div>\n\t\t<\/div>\n\t\t\t\t\t<\/div>\n\t\t<\/section>\n\t\t\t\t<section class=\"elementor-section elementor-top-section elementor-element elementor-element-7cc07d6 elementor-section-boxed elementor-section-height-default elementor-section-height-default\" data-id=\"7cc07d6\" data-element_type=\"section\" data-e-type=\"section\">\n\t\t\t\t\t\t<div class=\"elementor-container elementor-column-gap-default\">\n\t\t\t\t\t<div class=\"elementor-column elementor-col-100 elementor-top-column elementor-element elementor-element-6158e3e\" data-id=\"6158e3e\" data-element_type=\"column\" data-e-type=\"column\">\n\t\t\t<div class=\"elementor-widget-wrap elementor-element-populated\">\n\t\t\t\t\t\t<div class=\"elementor-element elementor-element-b6b23b5 elementor-widget elementor-widget-global elementor-global-10318 elementor-widget-heading\" data-id=\"b6b23b5\" data-element_type=\"widget\" data-e-type=\"widget\" data-widget_type=\"heading.default\">\n\t\t\t\t<div class=\"elementor-widget-container\">\n\t\t\t\t\t<h4 class=\"elementor-heading-title elementor-size-default\">Te podr\u00eda interesar<\/h4>\t\t\t\t<\/div>\n\t\t\t\t<\/div>\n\t\t\t\t\t<\/div>\n\t\t<\/div>\n\t\t\t\t\t<\/div>\n\t\t<\/section>\n\t\t\t\t<section class=\"elementor-section elementor-top-section elementor-element elementor-element-bcb6aca elementor-section-boxed elementor-section-height-default elementor-section-height-default\" data-id=\"bcb6aca\" data-element_type=\"section\" data-e-type=\"section\">\n\t\t\t\t\t\t<div class=\"elementor-container elementor-column-gap-default\">\n\t\t\t\t\t<div class=\"elementor-column elementor-col-100 elementor-top-column elementor-element elementor-element-ace9f56\" data-id=\"ace9f56\" data-element_type=\"column\" data-e-type=\"column\">\n\t\t\t<div class=\"elementor-widget-wrap elementor-element-populated\">\n\t\t\t\t\t\t<div class=\"elementor-element elementor-element-51706b0 pp-card-slider-image-left pp-card-slider-dots-aside elementor-widget elementor-widget-global elementor-global-11749 elementor-widget-pp-card-slider\" data-id=\"51706b0\" data-element_type=\"widget\" data-e-type=\"widget\" data-settings=\"{&quot;open_lightbox&quot;:&quot;default&quot;,&quot;pause_on_hover&quot;:&quot;yes&quot;}\" data-widget_type=\"pp-card-slider.default\">\n\t\t\t\t<div class=\"elementor-widget-container\">\n\t\t\t\t\t\t\t<div class=\"pp-card-slider pp-swiper-slider\" data-slider-settings=\"{&quot;effect&quot;:&quot;fade&quot;,&quot;speed&quot;:500,&quot;slides_per_view&quot;:1,&quot;auto_height&quot;:false,&quot;loop&quot;:&quot;yes&quot;,&quot;autoplay&quot;:&quot;yes&quot;,&quot;autoplay_speed&quot;:3000,&quot;pause_on_interaction&quot;:false,&quot;keyboard&quot;:&quot;yes&quot;,&quot;pagination&quot;:&quot;bullets&quot;}\">\n\t\t\t<div class=\"swiper-wrapper\">\n\t\t\t\t\t\t\t\t<div class=\"pp-card-slider-item swiper-slide pp-card-slider-item-0\">\n\t\t\t\t\t\t\t\t\t\t\t\t\t<div class=\"pp-card-slider-image\">\n\t\t\t\t<a data-elementor-open-lightbox=\"yes\" data-elementor-lightbox-slideshow=\"51706b0\" data-elementor-lightbox-title=\"Foto-Esteban-Entrevista\" data-e-action-hash=\"#elementor-action%3Aaction%3Dlightbox%26settings%3DeyJpZCI6MTc1MDYsInVybCI6Imh0dHBzOlwvXC9vY2FydS5vcmcuZWNcL3dwLWNvbnRlbnRcL3VwbG9hZHNcLzIwMjRcLzA4XC9Gb3RvLUVzdGViYW4tRW50cmV2aXN0YS1zY2FsZWQuanBnIiwic2xpZGVzaG93IjoiNTE3MDZiMCJ9\" href=\"https:\/\/ocaru.org.ec\/wp-content\/uploads\/2024\/08\/Foto-Esteban-Entrevista-768x512.jpg\"><img decoding=\"async\" src=\"https:\/\/ocaru.org.ec\/wp-content\/uploads\/2024\/08\/Foto-Esteban-Entrevista-768x512.jpg\" alt=\"\"><\/a>\t\t\t<\/div>\n\t\t\t\t\t\t\t\t<div class=\"pp-card-slider-content-wrap\">\n\t\t\t\t\t\t\t\t\t<div class=\"pp-card-slider-date\">\n\t\t\t\t\t\t\t\t\t<span class=\"pp-card-slider-meta-icon pp-icon\">\n\t\t\t\t\t\t<i aria-hidden=\"true\" class=\"fas fa-calendar-alt\"><\/i>\t\t\t\t\t<\/span>\n\t\t\t\t\t\t\t\t<span class=\"pp-card-slider-meta-text\">\n\t\t\t\t\tAugust 28, 2024\t\t\t\t<\/span>\n\t\t\t<\/div>\n\t\t\t\t\t\t\t\t\t\t\t\t\t\t\t\t<h2 class=\"pp-card-slider-title\">\n\t\t\t\t\t\t\t\t<a href=\"https:\/\/ocaru.org.ec\/en\/entrevista-a-esteban-daza-los-sectores-campesinos-viven-una-suerte-de-catastrofe-agroalimentaria\/\">Entrevista a Esteban Daza. Los sectores campesinos viven una suerte de cat\u00e1strofe agroalimentaria<\/a>\t\t\t\t\t\t\t<\/h2>\n\t\t\t\t\t\t\n\t\t\t\t\t\t\t\t\t<div class=\"pp-card-slider-meta\">\n\t\t\t\t\t\t\t\t\t<span class=\"pp-content-author\">\n\t\t\t\t\t\t\t\t\t\t\t\t\t<span class=\"pp-card-slider-meta-icon pp-icon\">\n\t\t\t\t\t\t\t\t<i aria-hidden=\"true\" class=\"fas fa-user\"><\/i>\t\t\t\t\t\t\t<\/span>\n\t\t\t\t\t\t\t\t\t\t\t\t<span class=\"pp-card-slider-meta-text\">\n\t\t\t\t\t\t\tEquipo OCARU\t\t\t\t\t\t<\/span>\n\t\t\t\t\t<\/span>\n\t\t\t\t  \n\t\t\t\t\t\t\t\t\t<span class=\"pp-post-category\">\n\t\t\t\t\t\t\t\t\t\t\t\t\t<span class=\"pp-card-slider-meta-icon pp-icon\">\n\t\t\t\t\t\t\t\t<i aria-hidden=\"true\" class=\"fas fa-folder-open\"><\/i>\t\t\t\t\t\t\t<\/span>\n\t\t\t\t\t\t\t\t\t\t\t\t<span class=\"pp-card-slider-meta-text\">\n\t\t\t\t\t\t\tEntrevistas\t\t\t\t\t\t<\/span>\n\t\t\t\t\t<\/span>\n\t\t\t\t  \n\t\t\t<\/div>\n\t\t\t\n\t\t\t\t\t\t\t\t\t\t\t\t\t\t\t\t\t<\/div>\n\t\t\t\t<\/div>\n\t\t\t\t\t\t\t\t<div class=\"pp-card-slider-item swiper-slide pp-card-slider-item-1\">\n\t\t\t\t\t\t\t\t\t\t\t\t\t<div class=\"pp-card-slider-image\">\n\t\t\t\t<a data-elementor-open-lightbox=\"yes\" data-elementor-lightbox-slideshow=\"51706b0\" data-elementor-lightbox-title=\"Noem\u00ed\" data-e-action-hash=\"#elementor-action%3Aaction%3Dlightbox%26settings%3DeyJpZCI6MTY1MDUsInVybCI6Imh0dHBzOlwvXC9vY2FydS5vcmcuZWNcL3dwLWNvbnRlbnRcL3VwbG9hZHNcLzIwMjRcLzA0XC9Ob2VtaS5qcGciLCJzbGlkZXNob3ciOiI1MTcwNmIwIn0%3D\" href=\"https:\/\/ocaru.org.ec\/wp-content\/uploads\/2024\/04\/Noemi-768x576.jpg\"><img decoding=\"async\" src=\"https:\/\/ocaru.org.ec\/wp-content\/uploads\/2024\/04\/Noemi-768x576.jpg\" alt=\"\"><\/a>\t\t\t<\/div>\n\t\t\t\t\t\t\t\t<div class=\"pp-card-slider-content-wrap\">\n\t\t\t\t\t\t\t\t\t<div class=\"pp-card-slider-date\">\n\t\t\t\t\t\t\t\t\t<span class=\"pp-card-slider-meta-icon pp-icon\">\n\t\t\t\t\t\t<i aria-hidden=\"true\" class=\"fas fa-calendar-alt\"><\/i>\t\t\t\t\t<\/span>\n\t\t\t\t\t\t\t\t<span class=\"pp-card-slider-meta-text\">\n\t\t\t\t\tMay 16, 2024\t\t\t\t<\/span>\n\t\t\t<\/div>\n\t\t\t\t\t\t\t\t\t\t\t\t\t\t\t\t<h2 class=\"pp-card-slider-title\">\n\t\t\t\t\t\t\t\t<a href=\"https:\/\/ocaru.org.ec\/en\/entrevista-noemi\/\">Entrevista a Noem\u00ed Calgull\u00edn sobre su experiencia como productora agroecol\u00f3gica<\/a>\t\t\t\t\t\t\t<\/h2>\n\t\t\t\t\t\t\n\t\t\t\t\t\t\t\t\t<div class=\"pp-card-slider-meta\">\n\t\t\t\t\t\t\t\t\t<span class=\"pp-content-author\">\n\t\t\t\t\t\t\t\t\t\t\t\t\t<span class=\"pp-card-slider-meta-icon pp-icon\">\n\t\t\t\t\t\t\t\t<i aria-hidden=\"true\" class=\"fas fa-user\"><\/i>\t\t\t\t\t\t\t<\/span>\n\t\t\t\t\t\t\t\t\t\t\t\t<span class=\"pp-card-slider-meta-text\">\n\t\t\t\t\t\t\tEquipo OCARU\t\t\t\t\t\t<\/span>\n\t\t\t\t\t<\/span>\n\t\t\t\t  \n\t\t\t\t\t\t\t\t\t<span class=\"pp-post-category\">\n\t\t\t\t\t\t\t\t\t\t\t\t\t<span class=\"pp-card-slider-meta-icon pp-icon\">\n\t\t\t\t\t\t\t\t<i aria-hidden=\"true\" class=\"fas fa-folder-open\"><\/i>\t\t\t\t\t\t\t<\/span>\n\t\t\t\t\t\t\t\t\t\t\t\t<span class=\"pp-card-slider-meta-text\">\n\t\t\t\t\t\t\tEntrevistas\t\t\t\t\t\t<\/span>\n\t\t\t\t\t<\/span>\n\t\t\t\t  \n\t\t\t<\/div>\n\t\t\t\n\t\t\t\t\t\t\t\t\t\t\t\t\t\t\t\t\t<\/div>\n\t\t\t\t<\/div>\n\t\t\t\t\t\t\t\t<div class=\"pp-card-slider-item swiper-slide pp-card-slider-item-2\">\n\t\t\t\t\t\t\t\t\t\t\t\t\t<div class=\"pp-card-slider-image\">\n\t\t\t\t<a data-elementor-open-lightbox=\"yes\" data-elementor-lightbox-slideshow=\"51706b0\" data-elementor-lightbox-title=\"Fanny\" data-e-action-hash=\"#elementor-action%3Aaction%3Dlightbox%26settings%3DeyJpZCI6MTY0NTksInVybCI6Imh0dHBzOlwvXC9vY2FydS5vcmcuZWNcL3dwLWNvbnRlbnRcL3VwbG9hZHNcLzIwMjRcLzA0XC9GYW5ueS5qcGciLCJzbGlkZXNob3ciOiI1MTcwNmIwIn0%3D\" href=\"https:\/\/ocaru.org.ec\/wp-content\/uploads\/2024\/04\/Fanny-768x576.jpg\"><img decoding=\"async\" src=\"https:\/\/ocaru.org.ec\/wp-content\/uploads\/2024\/04\/Fanny-768x576.jpg\" alt=\"\"><\/a>\t\t\t<\/div>\n\t\t\t\t\t\t\t\t<div class=\"pp-card-slider-content-wrap\">\n\t\t\t\t\t\t\t\t\t<div class=\"pp-card-slider-date\">\n\t\t\t\t\t\t\t\t\t<span class=\"pp-card-slider-meta-icon pp-icon\">\n\t\t\t\t\t\t<i aria-hidden=\"true\" class=\"fas fa-calendar-alt\"><\/i>\t\t\t\t\t<\/span>\n\t\t\t\t\t\t\t\t<span class=\"pp-card-slider-meta-text\">\n\t\t\t\t\tApril 8, 2024\t\t\t\t<\/span>\n\t\t\t<\/div>\n\t\t\t\t\t\t\t\t\t\t\t\t\t\t\t\t<h2 class=\"pp-card-slider-title\">\n\t\t\t\t\t\t\t\t<a href=\"https:\/\/ocaru.org.ec\/en\/entrevista-fanny\/\">Entrevista a Fanny Salazar. Experiencia de la feria agroecol\u00f3gica &#8216;Siembra por la vida&#8217;<\/a>\t\t\t\t\t\t\t<\/h2>\n\t\t\t\t\t\t\n\t\t\t\t\t\t\t\t\t<div class=\"pp-card-slider-meta\">\n\t\t\t\t\t\t\t\t\t<span class=\"pp-content-author\">\n\t\t\t\t\t\t\t\t\t\t\t\t\t<span class=\"pp-card-slider-meta-icon pp-icon\">\n\t\t\t\t\t\t\t\t<i aria-hidden=\"true\" class=\"fas fa-user\"><\/i>\t\t\t\t\t\t\t<\/span>\n\t\t\t\t\t\t\t\t\t\t\t\t<span class=\"pp-card-slider-meta-text\">\n\t\t\t\t\t\t\tEquipo OCARU\t\t\t\t\t\t<\/span>\n\t\t\t\t\t<\/span>\n\t\t\t\t  \n\t\t\t\t\t\t\t\t\t<span class=\"pp-post-category\">\n\t\t\t\t\t\t\t\t\t\t\t\t\t<span class=\"pp-card-slider-meta-icon pp-icon\">\n\t\t\t\t\t\t\t\t<i aria-hidden=\"true\" class=\"fas fa-folder-open\"><\/i>\t\t\t\t\t\t\t<\/span>\n\t\t\t\t\t\t\t\t\t\t\t\t<span class=\"pp-card-slider-meta-text\">\n\t\t\t\t\t\t\tEntrevistas\t\t\t\t\t\t<\/span>\n\t\t\t\t\t<\/span>\n\t\t\t\t  \n\t\t\t<\/div>\n\t\t\t\n\t\t\t\t\t\t\t\t\t\t\t\t\t\t\t\t\t<\/div>\n\t\t\t\t<\/div>\n\t\t\t\t\t\t\t\t<div class=\"pp-card-slider-item swiper-slide pp-card-slider-item-3\">\n\t\t\t\t\t\t\t\t\t\t\t\t\t<div class=\"pp-card-slider-image\">\n\t\t\t\t<a data-elementor-open-lightbox=\"yes\" data-elementor-lightbox-slideshow=\"51706b0\" data-elementor-lightbox-title=\"Roberto Guerrero\" data-e-action-hash=\"#elementor-action%3Aaction%3Dlightbox%26settings%3DeyJpZCI6MTYzMDYsInVybCI6Imh0dHBzOlwvXC9vY2FydS5vcmcuZWNcL3dwLWNvbnRlbnRcL3VwbG9hZHNcLzIwMjRcLzAzXC9Sb2JlcnRvLUd1ZXJyZXJvLXNjYWxlZC5qcGciLCJzbGlkZXNob3ciOiI1MTcwNmIwIn0%3D\" href=\"https:\/\/ocaru.org.ec\/wp-content\/uploads\/2024\/03\/Roberto-Guerrero-768x512.jpg\"><img decoding=\"async\" src=\"https:\/\/ocaru.org.ec\/wp-content\/uploads\/2024\/03\/Roberto-Guerrero-768x512.jpg\" alt=\"\"><\/a>\t\t\t<\/div>\n\t\t\t\t\t\t\t\t<div class=\"pp-card-slider-content-wrap\">\n\t\t\t\t\t\t\t\t\t<div class=\"pp-card-slider-date\">\n\t\t\t\t\t\t\t\t\t<span class=\"pp-card-slider-meta-icon pp-icon\">\n\t\t\t\t\t\t<i aria-hidden=\"true\" class=\"fas fa-calendar-alt\"><\/i>\t\t\t\t\t<\/span>\n\t\t\t\t\t\t\t\t<span class=\"pp-card-slider-meta-text\">\n\t\t\t\t\tMarch 8, 2024\t\t\t\t<\/span>\n\t\t\t<\/div>\n\t\t\t\t\t\t\t\t\t\t\t\t\t\t\t\t<h2 class=\"pp-card-slider-title\">\n\t\t\t\t\t\t\t\t<a href=\"https:\/\/ocaru.org.ec\/en\/entrevista-roberto-guerrero\/\">Entrevista a Roberto Guerrero. Experiencias y alternativas para hacerle frente a los mercados para &#8216;pobres&#8217;<\/a>\t\t\t\t\t\t\t<\/h2>\n\t\t\t\t\t\t\n\t\t\t\t\t\t\t\t\t<div class=\"pp-card-slider-meta\">\n\t\t\t\t\t\t\t\t\t<span class=\"pp-content-author\">\n\t\t\t\t\t\t\t\t\t\t\t\t\t<span class=\"pp-card-slider-meta-icon pp-icon\">\n\t\t\t\t\t\t\t\t<i aria-hidden=\"true\" class=\"fas fa-user\"><\/i>\t\t\t\t\t\t\t<\/span>\n\t\t\t\t\t\t\t\t\t\t\t\t<span class=\"pp-card-slider-meta-text\">\n\t\t\t\t\t\t\tEquipo OCARU\t\t\t\t\t\t<\/span>\n\t\t\t\t\t<\/span>\n\t\t\t\t  \n\t\t\t\t\t\t\t\t\t<span class=\"pp-post-category\">\n\t\t\t\t\t\t\t\t\t\t\t\t\t<span class=\"pp-card-slider-meta-icon pp-icon\">\n\t\t\t\t\t\t\t\t<i aria-hidden=\"true\" class=\"fas fa-folder-open\"><\/i>\t\t\t\t\t\t\t<\/span>\n\t\t\t\t\t\t\t\t\t\t\t\t<span class=\"pp-card-slider-meta-text\">\n\t\t\t\t\t\t\tEntrevistas\t\t\t\t\t\t<\/span>\n\t\t\t\t\t<\/span>\n\t\t\t\t  \n\t\t\t<\/div>\n\t\t\t\n\t\t\t\t\t\t\t\t\t\t\t\t\t\t\t\t\t<\/div>\n\t\t\t\t<\/div>\n\t\t\t\t\t\t\t\t<div class=\"pp-card-slider-item swiper-slide pp-card-slider-item-4\">\n\t\t\t\t\t\t\t\t\t\t\t\t\t<div class=\"pp-card-slider-image\">\n\t\t\t\t<a data-elementor-open-lightbox=\"yes\" data-elementor-lightbox-slideshow=\"51706b0\" data-elementor-lightbox-title=\"Benjamin-Macas-Web\" data-e-action-hash=\"#elementor-action%3Aaction%3Dlightbox%26settings%3DeyJpZCI6MTU5NjMsInVybCI6Imh0dHBzOlwvXC9vY2FydS5vcmcuZWNcL3dwLWNvbnRlbnRcL3VwbG9hZHNcLzIwMjRcLzAzXC9CZW5qYW1pbi1NYWNhcy1XZWIuanBnIiwic2xpZGVzaG93IjoiNTE3MDZiMCJ9\" href=\"https:\/\/ocaru.org.ec\/wp-content\/uploads\/2024\/03\/Benjamin-Macas-Web-768x539.jpg\"><img decoding=\"async\" src=\"https:\/\/ocaru.org.ec\/wp-content\/uploads\/2024\/03\/Benjamin-Macas-Web-768x539.jpg\" alt=\"\"><\/a>\t\t\t<\/div>\n\t\t\t\t\t\t\t\t<div class=\"pp-card-slider-content-wrap\">\n\t\t\t\t\t\t\t\t\t<div class=\"pp-card-slider-date\">\n\t\t\t\t\t\t\t\t\t<span class=\"pp-card-slider-meta-icon pp-icon\">\n\t\t\t\t\t\t<i aria-hidden=\"true\" class=\"fas fa-calendar-alt\"><\/i>\t\t\t\t\t<\/span>\n\t\t\t\t\t\t\t\t<span class=\"pp-card-slider-meta-text\">\n\t\t\t\t\tMarch 5, 2024\t\t\t\t<\/span>\n\t\t\t<\/div>\n\t\t\t\t\t\t\t\t\t\t\t\t\t\t\t\t<h2 class=\"pp-card-slider-title\">\n\t\t\t\t\t\t\t\t<a href=\"https:\/\/ocaru.org.ec\/en\/entrevista-benjamin-macas-campesinos-tlcs-y-agricultura-en-ecuador\/\">Entrevista a Benjam\u00edn Macas. Campesinos, TLC&#8217;s y agricultura en Ecuador<\/a>\t\t\t\t\t\t\t<\/h2>\n\t\t\t\t\t\t\n\t\t\t\t\t\t\t\t\t<div class=\"pp-card-slider-meta\">\n\t\t\t\t\t\t\t\t\t<span class=\"pp-content-author\">\n\t\t\t\t\t\t\t\t\t\t\t\t\t<span class=\"pp-card-slider-meta-icon pp-icon\">\n\t\t\t\t\t\t\t\t<i aria-hidden=\"true\" class=\"fas fa-user\"><\/i>\t\t\t\t\t\t\t<\/span>\n\t\t\t\t\t\t\t\t\t\t\t\t<span class=\"pp-card-slider-meta-text\">\n\t\t\t\t\t\t\tEquipo OCARU\t\t\t\t\t\t<\/span>\n\t\t\t\t\t<\/span>\n\t\t\t\t  \n\t\t\t\t\t\t\t\t\t<span class=\"pp-post-category\">\n\t\t\t\t\t\t\t\t\t\t\t\t\t<span class=\"pp-card-slider-meta-icon pp-icon\">\n\t\t\t\t\t\t\t\t<i aria-hidden=\"true\" class=\"fas fa-folder-open\"><\/i>\t\t\t\t\t\t\t<\/span>\n\t\t\t\t\t\t\t\t\t\t\t\t<span class=\"pp-card-slider-meta-text\">\n\t\t\t\t\t\t\tEntrevistas\t\t\t\t\t\t<\/span>\n\t\t\t\t\t<\/span>\n\t\t\t\t  \n\t\t\t<\/div>\n\t\t\t\n\t\t\t\t\t\t\t\t\t\t\t\t\t\t\t\t\t<\/div>\n\t\t\t\t<\/div>\n\t\t\t\t\t\t\t\t<div class=\"pp-card-slider-item swiper-slide pp-card-slider-item-5\">\n\t\t\t\t\t\t\t\t\t\t\t\t\t<div class=\"pp-card-slider-image\">\n\t\t\t\t<a data-elementor-open-lightbox=\"yes\" data-elementor-lightbox-slideshow=\"51706b0\" data-elementor-lightbox-title=\"Eduardo-Malagon-Web\" data-e-action-hash=\"#elementor-action%3Aaction%3Dlightbox%26settings%3DeyJpZCI6MTU4NTAsInVybCI6Imh0dHBzOlwvXC9vY2FydS5vcmcuZWNcL3dwLWNvbnRlbnRcL3VwbG9hZHNcLzIwMjRcLzAzXC9FZHVhcmRvLU1hbGFnb24tV2ViLmpwZyIsInNsaWRlc2hvdyI6IjUxNzA2YjAifQ%3D%3D\" href=\"https:\/\/ocaru.org.ec\/wp-content\/uploads\/2024\/03\/Eduardo-Malagon-Web-768x539.jpg\"><img decoding=\"async\" src=\"https:\/\/ocaru.org.ec\/wp-content\/uploads\/2024\/03\/Eduardo-Malagon-Web-768x539.jpg\" alt=\"\"><\/a>\t\t\t<\/div>\n\t\t\t\t\t\t\t\t<div class=\"pp-card-slider-content-wrap\">\n\t\t\t\t\t\t\t\t\t<div class=\"pp-card-slider-date\">\n\t\t\t\t\t\t\t\t\t<span class=\"pp-card-slider-meta-icon pp-icon\">\n\t\t\t\t\t\t<i aria-hidden=\"true\" class=\"fas fa-calendar-alt\"><\/i>\t\t\t\t\t<\/span>\n\t\t\t\t\t\t\t\t<span class=\"pp-card-slider-meta-text\">\n\t\t\t\t\tMarch 2, 2024\t\t\t\t<\/span>\n\t\t\t<\/div>\n\t\t\t\t\t\t\t\t\t\t\t\t\t\t\t\t<h2 class=\"pp-card-slider-title\">\n\t\t\t\t\t\t\t\t<a href=\"https:\/\/ocaru.org.ec\/en\/entrevista-a-eduardo-malagon-zaldua-protestas-en-europa-reduccion-notable-del-numero-de-explotaciones-agrarias\/\">Entrevista a Eduardo Malag\u00f3n Zaldua. Protestas en Europa: Reducci\u00f3n notable del n\u00famero de explotaciones agrarias<\/a>\t\t\t\t\t\t\t<\/h2>\n\t\t\t\t\t\t\n\t\t\t\t\t\t\t\t\t<div class=\"pp-card-slider-meta\">\n\t\t\t\t\t\t\t\t\t<span class=\"pp-content-author\">\n\t\t\t\t\t\t\t\t\t\t\t\t\t<span class=\"pp-card-slider-meta-icon pp-icon\">\n\t\t\t\t\t\t\t\t<i aria-hidden=\"true\" class=\"fas fa-user\"><\/i>\t\t\t\t\t\t\t<\/span>\n\t\t\t\t\t\t\t\t\t\t\t\t<span class=\"pp-card-slider-meta-text\">\n\t\t\t\t\t\t\tEquipo OCARU\t\t\t\t\t\t<\/span>\n\t\t\t\t\t<\/span>\n\t\t\t\t  \n\t\t\t\t\t\t\t\t\t<span class=\"pp-post-category\">\n\t\t\t\t\t\t\t\t\t\t\t\t\t<span class=\"pp-card-slider-meta-icon pp-icon\">\n\t\t\t\t\t\t\t\t<i aria-hidden=\"true\" class=\"fas fa-folder-open\"><\/i>\t\t\t\t\t\t\t<\/span>\n\t\t\t\t\t\t\t\t\t\t\t\t<span class=\"pp-card-slider-meta-text\">\n\t\t\t\t\t\t\tEntrevistas\t\t\t\t\t\t<\/span>\n\t\t\t\t\t<\/span>\n\t\t\t\t  \n\t\t\t<\/div>\n\t\t\t\n\t\t\t\t\t\t\t\t\t\t\t\t\t\t\t\t\t<\/div>\n\t\t\t\t<\/div>\n\t\t\t\t\t\t\t\t<div class=\"pp-card-slider-item swiper-slide pp-card-slider-item-6\">\n\t\t\t\t\t\t\t\t\t\t\t\t\t<div class=\"pp-card-slider-image\">\n\t\t\t\t<a data-elementor-open-lightbox=\"yes\" data-elementor-lightbox-slideshow=\"51706b0\" data-elementor-lightbox-title=\"Mamen-Cuellar-sin-marca\" data-e-action-hash=\"#elementor-action%3Aaction%3Dlightbox%26settings%3DeyJpZCI6MTU4MjksInVybCI6Imh0dHBzOlwvXC9vY2FydS5vcmcuZWNcL3dwLWNvbnRlbnRcL3VwbG9hZHNcLzIwMjRcLzAyXC9NYW1lbi1DdWVsbGFyLXNpbi1tYXJjYS5qcGciLCJzbGlkZXNob3ciOiI1MTcwNmIwIn0%3D\" href=\"https:\/\/ocaru.org.ec\/wp-content\/uploads\/2024\/02\/Mamen-Cuellar-sin-marca-768x539.jpg\"><img decoding=\"async\" src=\"https:\/\/ocaru.org.ec\/wp-content\/uploads\/2024\/02\/Mamen-Cuellar-sin-marca-768x539.jpg\" alt=\"\"><\/a>\t\t\t<\/div>\n\t\t\t\t\t\t\t\t<div class=\"pp-card-slider-content-wrap\">\n\t\t\t\t\t\t\t\t\t<div class=\"pp-card-slider-date\">\n\t\t\t\t\t\t\t\t\t<span class=\"pp-card-slider-meta-icon pp-icon\">\n\t\t\t\t\t\t<i aria-hidden=\"true\" class=\"fas fa-calendar-alt\"><\/i>\t\t\t\t\t<\/span>\n\t\t\t\t\t\t\t\t<span class=\"pp-card-slider-meta-text\">\n\t\t\t\t\tFebruary 29, 2024\t\t\t\t<\/span>\n\t\t\t<\/div>\n\t\t\t\t\t\t\t\t\t\t\t\t\t\t\t\t<h2 class=\"pp-card-slider-title\">\n\t\t\t\t\t\t\t\t<a href=\"https:\/\/ocaru.org.ec\/en\/protestas-en-europa-agricultores-presionados-a-producir-a-perdida\/\">Entrevista a Mamen Cu\u00e9llar. Protestas en Europa: Agricultores presionados a producir a p\u00e9rdida<\/a>\t\t\t\t\t\t\t<\/h2>\n\t\t\t\t\t\t\n\t\t\t\t\t\t\t\t\t<div class=\"pp-card-slider-meta\">\n\t\t\t\t\t\t\t\t\t<span class=\"pp-content-author\">\n\t\t\t\t\t\t\t\t\t\t\t\t\t<span class=\"pp-card-slider-meta-icon pp-icon\">\n\t\t\t\t\t\t\t\t<i aria-hidden=\"true\" class=\"fas fa-user\"><\/i>\t\t\t\t\t\t\t<\/span>\n\t\t\t\t\t\t\t\t\t\t\t\t<span class=\"pp-card-slider-meta-text\">\n\t\t\t\t\t\t\tEquipo OCARU\t\t\t\t\t\t<\/span>\n\t\t\t\t\t<\/span>\n\t\t\t\t  \n\t\t\t\t\t\t\t\t\t<span class=\"pp-post-category\">\n\t\t\t\t\t\t\t\t\t\t\t\t\t<span class=\"pp-card-slider-meta-icon pp-icon\">\n\t\t\t\t\t\t\t\t<i aria-hidden=\"true\" class=\"fas fa-folder-open\"><\/i>\t\t\t\t\t\t\t<\/span>\n\t\t\t\t\t\t\t\t\t\t\t\t<span class=\"pp-card-slider-meta-text\">\n\t\t\t\t\t\t\tEntrevistas\t\t\t\t\t\t<\/span>\n\t\t\t\t\t<\/span>\n\t\t\t\t  \n\t\t\t<\/div>\n\t\t\t\n\t\t\t\t\t\t\t\t\t\t\t\t\t\t\t\t\t<\/div>\n\t\t\t\t<\/div>\n\t\t\t\t\t\t\t\t<div class=\"pp-card-slider-item swiper-slide pp-card-slider-item-7\">\n\t\t\t\t\t\t\t\t\t\t\t\t\t<div class=\"pp-card-slider-image\">\n\t\t\t\t<a data-elementor-open-lightbox=\"yes\" data-elementor-lightbox-slideshow=\"51706b0\" data-elementor-lightbox-title=\"mgr28\" data-e-action-hash=\"#elementor-action%3Aaction%3Dlightbox%26settings%3DeyJpZCI6MTQxNDksInVybCI6Imh0dHBzOlwvXC9vY2FydS5vcmcuZWNcL3dwLWNvbnRlbnRcL3VwbG9hZHNcLzIwMjNcLzExXC9tZ3IyOC5qcGciLCJzbGlkZXNob3ciOiI1MTcwNmIwIn0%3D\" href=\"https:\/\/ocaru.org.ec\/wp-content\/uploads\/2023\/11\/mgr28-768x539.jpg\"><img decoding=\"async\" src=\"https:\/\/ocaru.org.ec\/wp-content\/uploads\/2023\/11\/mgr28-768x539.jpg\" alt=\"\"><\/a>\t\t\t<\/div>\n\t\t\t\t\t\t\t\t<div class=\"pp-card-slider-content-wrap\">\n\t\t\t\t\t\t\t\t\t<div class=\"pp-card-slider-date\">\n\t\t\t\t\t\t\t\t\t<span class=\"pp-card-slider-meta-icon pp-icon\">\n\t\t\t\t\t\t<i aria-hidden=\"true\" class=\"fas fa-calendar-alt\"><\/i>\t\t\t\t\t<\/span>\n\t\t\t\t\t\t\t\t<span class=\"pp-card-slider-meta-text\">\n\t\t\t\t\tSeptember 19, 2022\t\t\t\t<\/span>\n\t\t\t<\/div>\n\t\t\t\t\t\t\t\t\t\t\t\t\t\t\t\t<h2 class=\"pp-card-slider-title\">\n\t\t\t\t\t\t\t\t<a href=\"https:\/\/ocaru.org.ec\/en\/por-que-es-importante-en-estos-momentos-implementar-el-decenio-de-las-nnuu-de-la-agricultura-familiar-en-ecuador\/\">\u00bfPor qu\u00e9 es importante, en estos momentos, implementar el Decenio de las NNUU de la Agricultura Familiar en Ecuador?<\/a>\t\t\t\t\t\t\t<\/h2>\n\t\t\t\t\t\t\n\t\t\t\t\t\t\t\t\t<div class=\"pp-card-slider-meta\">\n\t\t\t\t\t\t\t\t\t<span class=\"pp-content-author\">\n\t\t\t\t\t\t\t\t\t\t\t\t\t<span class=\"pp-card-slider-meta-icon pp-icon\">\n\t\t\t\t\t\t\t\t<i aria-hidden=\"true\" class=\"fas fa-user\"><\/i>\t\t\t\t\t\t\t<\/span>\n\t\t\t\t\t\t\t\t\t\t\t\t<span class=\"pp-card-slider-meta-text\">\n\t\t\t\t\t\t\tValeria Recalde\t\t\t\t\t\t<\/span>\n\t\t\t\t\t<\/span>\n\t\t\t\t  \n\t\t\t\t\t\t\t\t\t<span class=\"pp-post-category\">\n\t\t\t\t\t\t\t\t\t\t\t\t\t<span class=\"pp-card-slider-meta-icon pp-icon\">\n\t\t\t\t\t\t\t\t<i aria-hidden=\"true\" class=\"fas fa-folder-open\"><\/i>\t\t\t\t\t\t\t<\/span>\n\t\t\t\t\t\t\t\t\t\t\t\t<span class=\"pp-card-slider-meta-text\">\n\t\t\t\t\t\t\tEntrevistas\t\t\t\t\t\t<\/span>\n\t\t\t\t\t<\/span>\n\t\t\t\t  \n\t\t\t<\/div>\n\t\t\t\n\t\t\t\t\t\t\t\t\t\t\t\t\t\t\t\t\t<\/div>\n\t\t\t\t<\/div>\n\t\t\t\t\t\t\t\t<div class=\"pp-card-slider-item swiper-slide pp-card-slider-item-8\">\n\t\t\t\t\t\t\t\t\t\t\t\t\t<div class=\"pp-card-slider-image\">\n\t\t\t\t<a data-elementor-open-lightbox=\"yes\" data-elementor-lightbox-slideshow=\"51706b0\" data-elementor-lightbox-title=\"oportunidad\" data-e-action-hash=\"#elementor-action%3Aaction%3Dlightbox%26settings%3DeyJpZCI6MTUxOTcsInVybCI6Imh0dHBzOlwvXC9vY2FydS5vcmcuZWNcL3dwLWNvbnRlbnRcL3VwbG9hZHNcLzIwMjNcLzExXC9vcG9ydHVuaWRhZC5qcGciLCJzbGlkZXNob3ciOiI1MTcwNmIwIn0%3D\" href=\"https:\/\/ocaru.org.ec\/wp-content\/uploads\/2023\/11\/oportunidad-768x539.jpg\"><img decoding=\"async\" src=\"https:\/\/ocaru.org.ec\/wp-content\/uploads\/2023\/11\/oportunidad-768x539.jpg\" alt=\"\"><\/a>\t\t\t<\/div>\n\t\t\t\t\t\t\t\t<div class=\"pp-card-slider-content-wrap\">\n\t\t\t\t\t\t\t\t\t<div class=\"pp-card-slider-date\">\n\t\t\t\t\t\t\t\t\t<span class=\"pp-card-slider-meta-icon pp-icon\">\n\t\t\t\t\t\t<i aria-hidden=\"true\" class=\"fas fa-calendar-alt\"><\/i>\t\t\t\t\t<\/span>\n\t\t\t\t\t\t\t\t<span class=\"pp-card-slider-meta-text\">\n\t\t\t\t\tAugust 15, 2022\t\t\t\t<\/span>\n\t\t\t<\/div>\n\t\t\t\t\t\t\t\t\t\t\t\t\t\t\t\t<h2 class=\"pp-card-slider-title\">\n\t\t\t\t\t\t\t\t<a href=\"https:\/\/ocaru.org.ec\/en\/por-que-es-importante-una-politica-de-precios-para-la-agricultura-campesina\/\">\u00bfPor qu\u00e9 es importante una pol\u00edtica de precios para la agricultura campesina?<\/a>\t\t\t\t\t\t\t<\/h2>\n\t\t\t\t\t\t\n\t\t\t\t\t\t\t\t\t<div class=\"pp-card-slider-meta\">\n\t\t\t\t\t\t\t\t\t<span class=\"pp-content-author\">\n\t\t\t\t\t\t\t\t\t\t\t\t\t<span class=\"pp-card-slider-meta-icon pp-icon\">\n\t\t\t\t\t\t\t\t<i aria-hidden=\"true\" class=\"fas fa-user\"><\/i>\t\t\t\t\t\t\t<\/span>\n\t\t\t\t\t\t\t\t\t\t\t\t<span class=\"pp-card-slider-meta-text\">\n\t\t\t\t\t\t\tEquipo OCARU\t\t\t\t\t\t<\/span>\n\t\t\t\t\t<\/span>\n\t\t\t\t  \n\t\t\t\t\t\t\t\t\t<span class=\"pp-post-category\">\n\t\t\t\t\t\t\t\t\t\t\t\t\t<span class=\"pp-card-slider-meta-icon pp-icon\">\n\t\t\t\t\t\t\t\t<i aria-hidden=\"true\" class=\"fas fa-folder-open\"><\/i>\t\t\t\t\t\t\t<\/span>\n\t\t\t\t\t\t\t\t\t\t\t\t<span class=\"pp-card-slider-meta-text\">\n\t\t\t\t\t\t\tEntrevistas\t\t\t\t\t\t<\/span>\n\t\t\t\t\t<\/span>\n\t\t\t\t  \n\t\t\t<\/div>\n\t\t\t\n\t\t\t\t\t\t\t\t\t\t\t\t\t\t\t\t\t<\/div>\n\t\t\t\t<\/div>\n\t\t\t\t\t\t\t\t<div class=\"pp-card-slider-item swiper-slide pp-card-slider-item-9\">\n\t\t\t\t\t\t\t\t\t\t\t\t\t<div class=\"pp-card-slider-image\">\n\t\t\t\t<a data-elementor-open-lightbox=\"yes\" data-elementor-lightbox-slideshow=\"51706b0\" data-elementor-lightbox-title=\"mgr27\" data-e-action-hash=\"#elementor-action%3Aaction%3Dlightbox%26settings%3DeyJpZCI6MTQxMzEsInVybCI6Imh0dHBzOlwvXC9vY2FydS5vcmcuZWNcL3dwLWNvbnRlbnRcL3VwbG9hZHNcLzIwMjNcLzExXC9tZ3IyNy5qcGciLCJzbGlkZXNob3ciOiI1MTcwNmIwIn0%3D\" href=\"https:\/\/ocaru.org.ec\/wp-content\/uploads\/2023\/11\/mgr27-768x539.jpg\"><img decoding=\"async\" src=\"https:\/\/ocaru.org.ec\/wp-content\/uploads\/2023\/11\/mgr27-768x539.jpg\" alt=\"\"><\/a>\t\t\t<\/div>\n\t\t\t\t\t\t\t\t<div class=\"pp-card-slider-content-wrap\">\n\t\t\t\t\t\t\t\t\t<div class=\"pp-card-slider-date\">\n\t\t\t\t\t\t\t\t\t<span class=\"pp-card-slider-meta-icon pp-icon\">\n\t\t\t\t\t\t<i aria-hidden=\"true\" class=\"fas fa-calendar-alt\"><\/i>\t\t\t\t\t<\/span>\n\t\t\t\t\t\t\t\t<span class=\"pp-card-slider-meta-text\">\n\t\t\t\t\tAugust 15, 2022\t\t\t\t<\/span>\n\t\t\t<\/div>\n\t\t\t\t\t\t\t\t\t\t\t\t\t\t\t\t<h2 class=\"pp-card-slider-title\">\n\t\t\t\t\t\t\t\t<a href=\"https:\/\/ocaru.org.ec\/en\/por-que-es-importante-una-politica-de-precios-para-la-agricultura-campesina-2\/\">\u00bfPor qu\u00e9 es importante una pol\u00edtica de precios para la agricultura campesina?<\/a>\t\t\t\t\t\t\t<\/h2>\n\t\t\t\t\t\t\n\t\t\t\t\t\t\t\t\t<div class=\"pp-card-slider-meta\">\n\t\t\t\t\t\t\t\t\t<span class=\"pp-content-author\">\n\t\t\t\t\t\t\t\t\t\t\t\t\t<span class=\"pp-card-slider-meta-icon pp-icon\">\n\t\t\t\t\t\t\t\t<i aria-hidden=\"true\" class=\"fas fa-user\"><\/i>\t\t\t\t\t\t\t<\/span>\n\t\t\t\t\t\t\t\t\t\t\t\t<span class=\"pp-card-slider-meta-text\">\n\t\t\t\t\t\t\tEquipo OCARU\t\t\t\t\t\t<\/span>\n\t\t\t\t\t<\/span>\n\t\t\t\t  \n\t\t\t\t\t\t\t\t\t<span class=\"pp-post-category\">\n\t\t\t\t\t\t\t\t\t\t\t\t\t<span class=\"pp-card-slider-meta-icon pp-icon\">\n\t\t\t\t\t\t\t\t<i aria-hidden=\"true\" class=\"fas fa-folder-open\"><\/i>\t\t\t\t\t\t\t<\/span>\n\t\t\t\t\t\t\t\t\t\t\t\t<span class=\"pp-card-slider-meta-text\">\n\t\t\t\t\t\t\tEntrevistas\t\t\t\t\t\t<\/span>\n\t\t\t\t\t<\/span>\n\t\t\t\t  \n\t\t\t<\/div>\n\t\t\t\n\t\t\t\t\t\t\t\t\t\t\t\t\t\t\t\t\t<\/div>\n\t\t\t\t<\/div>\n\t\t\t\t\t\t\t<\/div>\n\t\t\t\t\t\t\t<div class=\"swiper-pagination swiper-pagination-51706b0\"><\/div>\n\t\t\t\t\t<\/div>\n\t\t\t\t\t\t<\/div>\n\t\t\t\t<\/div>\n\t\t\t\t\t<\/div>\n\t\t<\/div>\n\t\t\t\t\t<\/div>\n\t\t<\/section>\n\t\t\t\t<section class=\"elementor-section elementor-top-section elementor-element elementor-element-a47d51b elementor-section-boxed elementor-section-height-default elementor-section-height-default\" data-id=\"a47d51b\" data-element_type=\"section\" data-e-type=\"section\">\n\t\t\t\t\t\t<div class=\"elementor-container elementor-column-gap-default\">\n\t\t\t\t\t<div class=\"elementor-column elementor-col-100 elementor-top-column elementor-element elementor-element-3bd6fd6\" data-id=\"3bd6fd6\" data-element_type=\"column\" data-e-type=\"column\">\n\t\t\t<div class=\"elementor-widget-wrap elementor-element-populated\">\n\t\t\t\t\t\t<div class=\"elementor-element elementor-element-0538513 elementor-widget elementor-widget-heading\" data-id=\"0538513\" data-element_type=\"widget\" data-e-type=\"widget\" data-widget_type=\"heading.default\">\n\t\t\t\t<div class=\"elementor-widget-container\">\n\t\t\t\t\t<h4 class=\"elementor-heading-title elementor-size-default\">Compartir este art\u00edculo<\/h4>\t\t\t\t<\/div>\n\t\t\t\t<\/div>\n\t\t\t\t<div class=\"elementor-element elementor-element-d222c3d elementor-share-buttons--view-icon elementor-share-buttons--skin-minimal elementor-share-buttons--shape-circle elementor-share-buttons--color-custom elementor-grid-mobile-0 elementor-grid-0 elementor-widget elementor-widget-global elementor-global-9480 elementor-widget-mdp-sharinger-elementor\" data-id=\"d222c3d\" data-element_type=\"widget\" data-e-type=\"widget\" data-widget_type=\"mdp-sharinger-elementor.default\">\n\t\t\t\t<div class=\"elementor-widget-container\">\n\t\t\t\t\t        <div class=\"elementor-grid mdp-sharinger\">\n                            <div class=\"elementor-grid-item\">\n                    <div class=\"elementor-share-btn elementor-share-btn_facebook elementor-animation-pulse\" tabindex=\"0\" aria-label=\"Share on facebook\">\n                                                    <span class=\"elementor-share-btn__icon\">\n\t\t\t\t\t\t\t\t<i class=\"fab fa-facebook\" aria-hidden=\"true\"><\/i>\t\t\t\t\t\t\t<\/span>\n                                                                    <\/div>\n                <\/div>\n                                <div class=\"elementor-grid-item\">\n                    <div class=\"elementor-share-btn elementor-share-btn_twitter elementor-animation-pulse\" tabindex=\"0\" aria-label=\"Share on twitter\">\n                                                    <span class=\"elementor-share-btn__icon\">\n\t\t\t\t\t\t\t\t<i class=\"fab fa-twitter\" aria-hidden=\"true\"><\/i>\t\t\t\t\t\t\t<\/span>\n                                                                    <\/div>\n                <\/div>\n                                <div class=\"elementor-grid-item\">\n                    <div class=\"elementor-share-btn elementor-share-btn_linkedin elementor-animation-pulse\" tabindex=\"0\" aria-label=\"Share on linkedin\">\n                                                    <span class=\"elementor-share-btn__icon\">\n\t\t\t\t\t\t\t\t<i class=\"fab fa-linkedin\" aria-hidden=\"true\"><\/i>\t\t\t\t\t\t\t<\/span>\n                                                                    <\/div>\n                <\/div>\n                                <div class=\"elementor-grid-item\">\n                    <div class=\"elementor-share-btn elementor-share-btn_telegram elementor-animation-pulse\" tabindex=\"0\" aria-label=\"Share on telegram\">\n                                                    <span class=\"elementor-share-btn__icon\">\n\t\t\t\t\t\t\t\t<i class=\"fab fa-telegram\" aria-hidden=\"true\"><\/i>\t\t\t\t\t\t\t<\/span>\n                                                                    <\/div>\n                <\/div>\n                                <div class=\"elementor-grid-item\">\n                    <div class=\"elementor-share-btn elementor-share-btn_whatsapp elementor-animation-pulse\" tabindex=\"0\" aria-label=\"Share on whatsapp\">\n                                                    <span class=\"elementor-share-btn__icon\">\n\t\t\t\t\t\t\t\t<i class=\"fab fa-whatsapp\" aria-hidden=\"true\"><\/i>\t\t\t\t\t\t\t<\/span>\n                                                                    <\/div>\n                <\/div>\n                                <div class=\"elementor-grid-item\">\n                    <div class=\"elementor-share-btn elementor-share-btn_email elementor-animation-pulse\" tabindex=\"0\" aria-label=\"Share on email\">\n                                                    <span class=\"elementor-share-btn__icon\">\n\t\t\t\t\t\t\t\t<i class=\"fas fa-envelope\" aria-hidden=\"true\"><\/i>\t\t\t\t\t\t\t<\/span>\n                                                                    <\/div>\n                <\/div>\n                        <\/div>\n        \t\t\t\t<\/div>\n\t\t\t\t<\/div>\n\t\t\t\t\t<\/div>\n\t\t<\/div>\n\t\t\t\t\t<\/div>\n\t\t<\/section>\n\t\t\t\t<\/div>","protected":false},"excerpt":{"rendered":"<div class=\"tmnf_excerpt meta_deko\"><p>El bioqu\u00edmico Pablo Galeano integrante de Redes en entrevista con La Red 21, asegur\u00f3 que la contaminaci\u00f3n del agua potable continuar\u00e1 y aunque se detenga el proceso de fertilizaci\u00f3n de los campos, el da\u00f1o ya est\u00e1 hecho.<\/p>\n<\/div>","protected":false},"author":38,"featured_media":14871,"comment_status":"closed","ping_status":"open","sticky":false,"template":"","format":"standard","meta":{"_mi_skip_tracking":false,"_monsterinsights_sitenote_active":false,"_monsterinsights_sitenote_note":"","_monsterinsights_sitenote_category":0,"footnotes":""},"categories":[87,97],"tags":[],"class_list":["post-14868","post","type-post","status-publish","format-standard","has-post-thumbnail","hentry","category-entrevistas","category-regimen-agroalimentario"],"yoast_head":"<!-- This site is optimized with the Yoast SEO Premium plugin v24.8 (Yoast SEO v27.5) - https:\/\/yoast.com\/product\/yoast-seo-premium-wordpress\/ -->\n<title>Uruguay: La contaminaci\u00f3n del agua potable continuar\u00e1, seg\u00fan ONG Redes Amigos de la Tierra - Ocaru<\/title>\n<meta name=\"robots\" content=\"index, follow, max-snippet:-1, max-image-preview:large, max-video-preview:-1\" \/>\n<link rel=\"canonical\" href=\"https:\/\/ocaru.org.ec\/en\/uruguay-la-contaminacion-del-agua-potable-continuara-segun-ong-redes-amigos-de-la-tierra\/\" \/>\n<meta property=\"og:locale\" content=\"en_US\" \/>\n<meta property=\"og:type\" content=\"article\" \/>\n<meta property=\"og:title\" content=\"Uruguay: La contaminaci\u00f3n del agua potable continuar\u00e1, seg\u00fan ONG Redes Amigos de la Tierra\" \/>\n<meta property=\"og:description\" content=\"El bioqu\u00edmico Pablo Galeano integrante de Redes en entrevista con La Red 21, asegur\u00f3 que la contaminaci\u00f3n del agua potable continuar\u00e1 y aunque se detenga el proceso de fertilizaci\u00f3n de los campos, el da\u00f1o ya est\u00e1 hecho.\" \/>\n<meta property=\"og:url\" content=\"https:\/\/ocaru.org.ec\/en\/uruguay-la-contaminacion-del-agua-potable-continuara-segun-ong-redes-amigos-de-la-tierra\/\" \/>\n<meta property=\"og:site_name\" content=\"Ocaru\" \/>\n<meta property=\"article:publisher\" content=\"https:\/\/www.facebook.com\/Ocaruec\/\" \/>\n<meta property=\"article:published_time\" content=\"2013-08-06T16:36:37+00:00\" \/>\n<meta property=\"article:modified_time\" content=\"2023-11-17T17:10:35+00:00\" \/>\n<meta property=\"og:image\" content=\"https:\/\/ocaru.org.ec\/wp-content\/uploads\/2023\/11\/pink19.jpg\" \/>\n\t<meta property=\"og:image:width\" content=\"855\" \/>\n\t<meta property=\"og:image:height\" content=\"600\" \/>\n\t<meta property=\"og:image:type\" content=\"image\/jpeg\" \/>\n<meta name=\"author\" content=\"La Red 21\" \/>\n<script type=\"application\/ld+json\" class=\"yoast-schema-graph\">{\"@context\":\"https:\\\/\\\/schema.org\",\"@graph\":[{\"@type\":\"Article\",\"@id\":\"https:\\\/\\\/ocaru.org.ec\\\/uruguay-la-contaminacion-del-agua-potable-continuara-segun-ong-redes-amigos-de-la-tierra\\\/#article\",\"isPartOf\":{\"@id\":\"https:\\\/\\\/ocaru.org.ec\\\/uruguay-la-contaminacion-del-agua-potable-continuara-segun-ong-redes-amigos-de-la-tierra\\\/\"},\"author\":{\"name\":\"La Red 21\",\"@id\":\"https:\\\/\\\/ocaru.org.ec\\\/#\\\/schema\\\/person\\\/63ed9819b41e40f7d1aed7ff4d921297\"},\"headline\":\"Uruguay: La contaminaci\u00f3n del agua potable continuar\u00e1, seg\u00fan ONG Redes Amigos de la Tierra\",\"datePublished\":\"2013-08-06T16:36:37+00:00\",\"dateModified\":\"2023-11-17T17:10:35+00:00\",\"mainEntityOfPage\":{\"@id\":\"https:\\\/\\\/ocaru.org.ec\\\/uruguay-la-contaminacion-del-agua-potable-continuara-segun-ong-redes-amigos-de-la-tierra\\\/\"},\"wordCount\":2625,\"publisher\":{\"@id\":\"https:\\\/\\\/ocaru.org.ec\\\/#organization\"},\"image\":{\"@id\":\"https:\\\/\\\/ocaru.org.ec\\\/uruguay-la-contaminacion-del-agua-potable-continuara-segun-ong-redes-amigos-de-la-tierra\\\/#primaryimage\"},\"thumbnailUrl\":\"https:\\\/\\\/ocaru.org.ec\\\/wp-content\\\/uploads\\\/2023\\\/11\\\/pink19.jpg\",\"articleSection\":[\"Entrevistas\",\"R\u00e9gimen agroalimentario\"],\"inLanguage\":\"en-US\"},{\"@type\":\"WebPage\",\"@id\":\"https:\\\/\\\/ocaru.org.ec\\\/uruguay-la-contaminacion-del-agua-potable-continuara-segun-ong-redes-amigos-de-la-tierra\\\/\",\"url\":\"https:\\\/\\\/ocaru.org.ec\\\/uruguay-la-contaminacion-del-agua-potable-continuara-segun-ong-redes-amigos-de-la-tierra\\\/\",\"name\":\"Uruguay: La contaminaci\u00f3n del agua potable continuar\u00e1, seg\u00fan ONG Redes Amigos de la Tierra - Ocaru\",\"isPartOf\":{\"@id\":\"https:\\\/\\\/ocaru.org.ec\\\/#website\"},\"primaryImageOfPage\":{\"@id\":\"https:\\\/\\\/ocaru.org.ec\\\/uruguay-la-contaminacion-del-agua-potable-continuara-segun-ong-redes-amigos-de-la-tierra\\\/#primaryimage\"},\"image\":{\"@id\":\"https:\\\/\\\/ocaru.org.ec\\\/uruguay-la-contaminacion-del-agua-potable-continuara-segun-ong-redes-amigos-de-la-tierra\\\/#primaryimage\"},\"thumbnailUrl\":\"https:\\\/\\\/ocaru.org.ec\\\/wp-content\\\/uploads\\\/2023\\\/11\\\/pink19.jpg\",\"datePublished\":\"2013-08-06T16:36:37+00:00\",\"dateModified\":\"2023-11-17T17:10:35+00:00\",\"breadcrumb\":{\"@id\":\"https:\\\/\\\/ocaru.org.ec\\\/uruguay-la-contaminacion-del-agua-potable-continuara-segun-ong-redes-amigos-de-la-tierra\\\/#breadcrumb\"},\"inLanguage\":\"en-US\",\"potentialAction\":[{\"@type\":\"ReadAction\",\"target\":[\"https:\\\/\\\/ocaru.org.ec\\\/uruguay-la-contaminacion-del-agua-potable-continuara-segun-ong-redes-amigos-de-la-tierra\\\/\"]}]},{\"@type\":\"ImageObject\",\"inLanguage\":\"en-US\",\"@id\":\"https:\\\/\\\/ocaru.org.ec\\\/uruguay-la-contaminacion-del-agua-potable-continuara-segun-ong-redes-amigos-de-la-tierra\\\/#primaryimage\",\"url\":\"https:\\\/\\\/ocaru.org.ec\\\/wp-content\\\/uploads\\\/2023\\\/11\\\/pink19.jpg\",\"contentUrl\":\"https:\\\/\\\/ocaru.org.ec\\\/wp-content\\\/uploads\\\/2023\\\/11\\\/pink19.jpg\",\"width\":855,\"height\":600},{\"@type\":\"BreadcrumbList\",\"@id\":\"https:\\\/\\\/ocaru.org.ec\\\/uruguay-la-contaminacion-del-agua-potable-continuara-segun-ong-redes-amigos-de-la-tierra\\\/#breadcrumb\",\"itemListElement\":[{\"@type\":\"ListItem\",\"position\":1,\"name\":\"Portada\",\"item\":\"https:\\\/\\\/ocaru.org.ec\\\/\"},{\"@type\":\"ListItem\",\"position\":2,\"name\":\"Uruguay: La contaminaci\u00f3n del agua potable continuar\u00e1, seg\u00fan ONG Redes Amigos de la Tierra\"}]},{\"@type\":\"WebSite\",\"@id\":\"https:\\\/\\\/ocaru.org.ec\\\/#website\",\"url\":\"https:\\\/\\\/ocaru.org.ec\\\/\",\"name\":\"Ocaru\",\"description\":\"Observatorio del Cambio Rural\",\"publisher\":{\"@id\":\"https:\\\/\\\/ocaru.org.ec\\\/#organization\"},\"potentialAction\":[{\"@type\":\"SearchAction\",\"target\":{\"@type\":\"EntryPoint\",\"urlTemplate\":\"https:\\\/\\\/ocaru.org.ec\\\/?s={search_term_string}\"},\"query-input\":{\"@type\":\"PropertyValueSpecification\",\"valueRequired\":true,\"valueName\":\"search_term_string\"}}],\"inLanguage\":\"en-US\"},{\"@type\":\"Organization\",\"@id\":\"https:\\\/\\\/ocaru.org.ec\\\/#organization\",\"name\":\"Ocaru\",\"url\":\"https:\\\/\\\/ocaru.org.ec\\\/\",\"logo\":{\"@type\":\"ImageObject\",\"inLanguage\":\"en-US\",\"@id\":\"https:\\\/\\\/ocaru.org.ec\\\/#\\\/schema\\\/logo\\\/image\\\/\",\"url\":\"https:\\\/\\\/ocaru.org.ec\\\/wp-content\\\/uploads\\\/2026\\\/02\\\/Logo-150-x-150-1.jpg\",\"contentUrl\":\"https:\\\/\\\/ocaru.org.ec\\\/wp-content\\\/uploads\\\/2026\\\/02\\\/Logo-150-x-150-1.jpg\",\"width\":150,\"height\":150,\"caption\":\"Ocaru\"},\"image\":{\"@id\":\"https:\\\/\\\/ocaru.org.ec\\\/#\\\/schema\\\/logo\\\/image\\\/\"},\"sameAs\":[\"https:\\\/\\\/www.facebook.com\\\/Ocaruec\\\/\",\"https:\\\/\\\/x.com\\\/OCARUEc\",\"https:\\\/\\\/www.instagram.com\\\/ocaru_ecuador\\\/\",\"https:\\\/\\\/www.youtube.com\\\/user\\\/CambioRuralEC\"]},{\"@type\":\"Person\",\"@id\":\"https:\\\/\\\/ocaru.org.ec\\\/#\\\/schema\\\/person\\\/63ed9819b41e40f7d1aed7ff4d921297\",\"name\":\"La Red 21\",\"image\":{\"@type\":\"ImageObject\",\"inLanguage\":\"en-US\",\"@id\":\"https:\\\/\\\/secure.gravatar.com\\\/avatar\\\/0d3fbb534723ba3455ba7cf7e8ca0cf724abe80bdb0e0069a087702eecf7bc78?s=96&d=mm&r=g\",\"url\":\"https:\\\/\\\/secure.gravatar.com\\\/avatar\\\/0d3fbb534723ba3455ba7cf7e8ca0cf724abe80bdb0e0069a087702eecf7bc78?s=96&d=mm&r=g\",\"contentUrl\":\"https:\\\/\\\/secure.gravatar.com\\\/avatar\\\/0d3fbb534723ba3455ba7cf7e8ca0cf724abe80bdb0e0069a087702eecf7bc78?s=96&d=mm&r=g\",\"caption\":\"La Red 21\"},\"url\":\"https:\\\/\\\/ocaru.org.ec\\\/en\\\/author\\\/crevice1685\\\/\"}]}<\/script>\n<!-- \/ Yoast SEO Premium plugin. -->","yoast_head_json":{"title":"Uruguay: La contaminaci\u00f3n del agua potable continuar\u00e1, seg\u00fan ONG Redes Amigos de la Tierra - Ocaru","robots":{"index":"index","follow":"follow","max-snippet":"max-snippet:-1","max-image-preview":"max-image-preview:large","max-video-preview":"max-video-preview:-1"},"canonical":"https:\/\/ocaru.org.ec\/en\/uruguay-la-contaminacion-del-agua-potable-continuara-segun-ong-redes-amigos-de-la-tierra\/","og_locale":"en_US","og_type":"article","og_title":"Uruguay: La contaminaci\u00f3n del agua potable continuar\u00e1, seg\u00fan ONG Redes Amigos de la Tierra","og_description":"El bioqu\u00edmico Pablo Galeano integrante de Redes en entrevista con La Red 21, asegur\u00f3 que la contaminaci\u00f3n del agua potable continuar\u00e1 y aunque se detenga el proceso de fertilizaci\u00f3n de los campos, el da\u00f1o ya est\u00e1 hecho.","og_url":"https:\/\/ocaru.org.ec\/en\/uruguay-la-contaminacion-del-agua-potable-continuara-segun-ong-redes-amigos-de-la-tierra\/","og_site_name":"Ocaru","article_publisher":"https:\/\/www.facebook.com\/Ocaruec\/","article_published_time":"2013-08-06T16:36:37+00:00","article_modified_time":"2023-11-17T17:10:35+00:00","og_image":[{"width":855,"height":600,"url":"https:\/\/ocaru.org.ec\/wp-content\/uploads\/2023\/11\/pink19.jpg","type":"image\/jpeg"}],"author":"La Red 21","schema":{"@context":"https:\/\/schema.org","@graph":[{"@type":"Article","@id":"https:\/\/ocaru.org.ec\/uruguay-la-contaminacion-del-agua-potable-continuara-segun-ong-redes-amigos-de-la-tierra\/#article","isPartOf":{"@id":"https:\/\/ocaru.org.ec\/uruguay-la-contaminacion-del-agua-potable-continuara-segun-ong-redes-amigos-de-la-tierra\/"},"author":{"name":"La Red 21","@id":"https:\/\/ocaru.org.ec\/#\/schema\/person\/63ed9819b41e40f7d1aed7ff4d921297"},"headline":"Uruguay: La contaminaci\u00f3n del agua potable continuar\u00e1, seg\u00fan ONG Redes Amigos de la Tierra","datePublished":"2013-08-06T16:36:37+00:00","dateModified":"2023-11-17T17:10:35+00:00","mainEntityOfPage":{"@id":"https:\/\/ocaru.org.ec\/uruguay-la-contaminacion-del-agua-potable-continuara-segun-ong-redes-amigos-de-la-tierra\/"},"wordCount":2625,"publisher":{"@id":"https:\/\/ocaru.org.ec\/#organization"},"image":{"@id":"https:\/\/ocaru.org.ec\/uruguay-la-contaminacion-del-agua-potable-continuara-segun-ong-redes-amigos-de-la-tierra\/#primaryimage"},"thumbnailUrl":"https:\/\/ocaru.org.ec\/wp-content\/uploads\/2023\/11\/pink19.jpg","articleSection":["Entrevistas","R\u00e9gimen agroalimentario"],"inLanguage":"en-US"},{"@type":"WebPage","@id":"https:\/\/ocaru.org.ec\/uruguay-la-contaminacion-del-agua-potable-continuara-segun-ong-redes-amigos-de-la-tierra\/","url":"https:\/\/ocaru.org.ec\/uruguay-la-contaminacion-del-agua-potable-continuara-segun-ong-redes-amigos-de-la-tierra\/","name":"Uruguay: La contaminaci\u00f3n del agua potable continuar\u00e1, seg\u00fan ONG Redes Amigos de la Tierra - Ocaru","isPartOf":{"@id":"https:\/\/ocaru.org.ec\/#website"},"primaryImageOfPage":{"@id":"https:\/\/ocaru.org.ec\/uruguay-la-contaminacion-del-agua-potable-continuara-segun-ong-redes-amigos-de-la-tierra\/#primaryimage"},"image":{"@id":"https:\/\/ocaru.org.ec\/uruguay-la-contaminacion-del-agua-potable-continuara-segun-ong-redes-amigos-de-la-tierra\/#primaryimage"},"thumbnailUrl":"https:\/\/ocaru.org.ec\/wp-content\/uploads\/2023\/11\/pink19.jpg","datePublished":"2013-08-06T16:36:37+00:00","dateModified":"2023-11-17T17:10:35+00:00","breadcrumb":{"@id":"https:\/\/ocaru.org.ec\/uruguay-la-contaminacion-del-agua-potable-continuara-segun-ong-redes-amigos-de-la-tierra\/#breadcrumb"},"inLanguage":"en-US","potentialAction":[{"@type":"ReadAction","target":["https:\/\/ocaru.org.ec\/uruguay-la-contaminacion-del-agua-potable-continuara-segun-ong-redes-amigos-de-la-tierra\/"]}]},{"@type":"ImageObject","inLanguage":"en-US","@id":"https:\/\/ocaru.org.ec\/uruguay-la-contaminacion-del-agua-potable-continuara-segun-ong-redes-amigos-de-la-tierra\/#primaryimage","url":"https:\/\/ocaru.org.ec\/wp-content\/uploads\/2023\/11\/pink19.jpg","contentUrl":"https:\/\/ocaru.org.ec\/wp-content\/uploads\/2023\/11\/pink19.jpg","width":855,"height":600},{"@type":"BreadcrumbList","@id":"https:\/\/ocaru.org.ec\/uruguay-la-contaminacion-del-agua-potable-continuara-segun-ong-redes-amigos-de-la-tierra\/#breadcrumb","itemListElement":[{"@type":"ListItem","position":1,"name":"Portada","item":"https:\/\/ocaru.org.ec\/"},{"@type":"ListItem","position":2,"name":"Uruguay: La contaminaci\u00f3n del agua potable continuar\u00e1, seg\u00fan ONG Redes Amigos de la Tierra"}]},{"@type":"WebSite","@id":"https:\/\/ocaru.org.ec\/#website","url":"https:\/\/ocaru.org.ec\/","name":"Ocaru","description":"Observatorio del Cambio Rural","publisher":{"@id":"https:\/\/ocaru.org.ec\/#organization"},"potentialAction":[{"@type":"SearchAction","target":{"@type":"EntryPoint","urlTemplate":"https:\/\/ocaru.org.ec\/?s={search_term_string}"},"query-input":{"@type":"PropertyValueSpecification","valueRequired":true,"valueName":"search_term_string"}}],"inLanguage":"en-US"},{"@type":"Organization","@id":"https:\/\/ocaru.org.ec\/#organization","name":"Ocaru","url":"https:\/\/ocaru.org.ec\/","logo":{"@type":"ImageObject","inLanguage":"en-US","@id":"https:\/\/ocaru.org.ec\/#\/schema\/logo\/image\/","url":"https:\/\/ocaru.org.ec\/wp-content\/uploads\/2026\/02\/Logo-150-x-150-1.jpg","contentUrl":"https:\/\/ocaru.org.ec\/wp-content\/uploads\/2026\/02\/Logo-150-x-150-1.jpg","width":150,"height":150,"caption":"Ocaru"},"image":{"@id":"https:\/\/ocaru.org.ec\/#\/schema\/logo\/image\/"},"sameAs":["https:\/\/www.facebook.com\/Ocaruec\/","https:\/\/x.com\/OCARUEc","https:\/\/www.instagram.com\/ocaru_ecuador\/","https:\/\/www.youtube.com\/user\/CambioRuralEC"]},{"@type":"Person","@id":"https:\/\/ocaru.org.ec\/#\/schema\/person\/63ed9819b41e40f7d1aed7ff4d921297","name":"La Red 21","image":{"@type":"ImageObject","inLanguage":"en-US","@id":"https:\/\/secure.gravatar.com\/avatar\/0d3fbb534723ba3455ba7cf7e8ca0cf724abe80bdb0e0069a087702eecf7bc78?s=96&d=mm&r=g","url":"https:\/\/secure.gravatar.com\/avatar\/0d3fbb534723ba3455ba7cf7e8ca0cf724abe80bdb0e0069a087702eecf7bc78?s=96&d=mm&r=g","contentUrl":"https:\/\/secure.gravatar.com\/avatar\/0d3fbb534723ba3455ba7cf7e8ca0cf724abe80bdb0e0069a087702eecf7bc78?s=96&d=mm&r=g","caption":"La Red 21"},"url":"https:\/\/ocaru.org.ec\/en\/author\/crevice1685\/"}]}},"_links":{"self":[{"href":"https:\/\/ocaru.org.ec\/en\/wp-json\/wp\/v2\/posts\/14868","targetHints":{"allow":["GET"]}}],"collection":[{"href":"https:\/\/ocaru.org.ec\/en\/wp-json\/wp\/v2\/posts"}],"about":[{"href":"https:\/\/ocaru.org.ec\/en\/wp-json\/wp\/v2\/types\/post"}],"author":[{"embeddable":true,"href":"https:\/\/ocaru.org.ec\/en\/wp-json\/wp\/v2\/users\/38"}],"replies":[{"embeddable":true,"href":"https:\/\/ocaru.org.ec\/en\/wp-json\/wp\/v2\/comments?post=14868"}],"version-history":[{"count":5,"href":"https:\/\/ocaru.org.ec\/en\/wp-json\/wp\/v2\/posts\/14868\/revisions"}],"predecessor-version":[{"id":14875,"href":"https:\/\/ocaru.org.ec\/en\/wp-json\/wp\/v2\/posts\/14868\/revisions\/14875"}],"wp:featuredmedia":[{"embeddable":true,"href":"https:\/\/ocaru.org.ec\/en\/wp-json\/wp\/v2\/media\/14871"}],"wp:attachment":[{"href":"https:\/\/ocaru.org.ec\/en\/wp-json\/wp\/v2\/media?parent=14868"}],"wp:term":[{"taxonomy":"category","embeddable":true,"href":"https:\/\/ocaru.org.ec\/en\/wp-json\/wp\/v2\/categories?post=14868"},{"taxonomy":"post_tag","embeddable":true,"href":"https:\/\/ocaru.org.ec\/en\/wp-json\/wp\/v2\/tags?post=14868"}],"curies":[{"name":"wp","href":"https:\/\/api.w.org\/{rel}","templated":true}]}}