{"id":14749,"date":"2014-03-09T22:57:14","date_gmt":"2014-03-10T03:57:14","guid":{"rendered":"https:\/\/ocaru.org.ec\/?p=14749"},"modified":"2023-11-13T23:02:39","modified_gmt":"2023-11-14T04:02:39","slug":"seminario-las-comunas-hoy-identidad-y-conflicto","status":"publish","type":"post","link":"https:\/\/ocaru.org.ec\/en\/seminario-las-comunas-hoy-identidad-y-conflicto\/","title":{"rendered":"Seminario Las Comunas hoy \u2013 Identidad y Conflicto"},"content":{"rendered":"<div data-elementor-type=\"wp-post\" data-elementor-id=\"14749\" class=\"elementor elementor-14749\" data-elementor-post-type=\"post\">\n\t\t\t\t\t\t<section class=\"elementor-section elementor-top-section elementor-element elementor-element-3a144bd elementor-section-boxed elementor-section-height-default elementor-section-height-default\" data-id=\"3a144bd\" data-element_type=\"section\" data-e-type=\"section\">\n\t\t\t\t\t\t<div class=\"elementor-container elementor-column-gap-default\">\n\t\t\t\t\t<div class=\"elementor-column elementor-col-50 elementor-top-column elementor-element elementor-element-f1a0c01\" data-id=\"f1a0c01\" data-element_type=\"column\" data-e-type=\"column\">\n\t\t\t<div class=\"elementor-widget-wrap elementor-element-populated\">\n\t\t\t\t\t\t<div class=\"elementor-element elementor-element-c79cca2 elementor-widget elementor-widget-image\" data-id=\"c79cca2\" data-element_type=\"widget\" data-e-type=\"widget\" data-widget_type=\"image.default\">\n\t\t\t\t<div class=\"elementor-widget-container\">\n\t\t\t\t\t\t\t\t\t\t\t\t\t\t\t<img fetchpriority=\"high\" decoding=\"async\" width=\"855\" height=\"600\" src=\"https:\/\/ocaru.org.ec\/wp-content\/uploads\/2014\/03\/seminario123.jpg\" class=\"attachment-large size-large wp-image-14751\" alt=\"\" srcset=\"https:\/\/ocaru.org.ec\/wp-content\/uploads\/2014\/03\/seminario123.jpg 855w, https:\/\/ocaru.org.ec\/wp-content\/uploads\/2014\/03\/seminario123-300x211.jpg 300w, https:\/\/ocaru.org.ec\/wp-content\/uploads\/2014\/03\/seminario123-768x539.jpg 768w, https:\/\/ocaru.org.ec\/wp-content\/uploads\/2014\/03\/seminario123-18x12.jpg 18w\" sizes=\"(max-width: 855px) 100vw, 855px\" \/>\t\t\t\t\t\t\t\t\t\t\t\t\t\t\t<\/div>\n\t\t\t\t<\/div>\n\t\t\t\t\t<\/div>\n\t\t<\/div>\n\t\t\t\t<div class=\"elementor-column elementor-col-50 elementor-top-column elementor-element elementor-element-d0dd6b3\" data-id=\"d0dd6b3\" data-element_type=\"column\" data-e-type=\"column\">\n\t\t\t<div class=\"elementor-widget-wrap elementor-element-populated\">\n\t\t\t\t\t\t<div class=\"elementor-element elementor-element-76d4bf6 elementor-widget__width-initial elementor-widget elementor-widget-text-editor\" data-id=\"76d4bf6\" data-element_type=\"widget\" data-e-type=\"widget\" data-widget_type=\"text-editor.default\">\n\t\t\t\t<div class=\"elementor-widget-container\">\n\t\t\t\t\t\t\t\t\t<div class=\"itemIntroText\"><p>El Jueves, 6 de Marzo, se realiz\u00f3 el Seminario\u00a0<strong>\u00abLas Comunas hoy \u2013 Identidad y Conflicto\u00bb<\/strong>\u00a0en la Biblioteca de la FLACSO Ecuador.<\/p><\/div><div class=\"itemFullText\"><p>El seminario ten\u00eda como fin conectar trabajos de investigaci\u00f3n, elaborados en torno a comunas, con la realidad actual comunera. Se busc\u00f3 entender el rol hist\u00f3rico que las comunas han tenido dentro del modelo pol\u00edtico-econ\u00f3mico y de la sociedad ecuatoriano, enfocando en dos aspectos: El tema identitario-cultural y la propiedad comunitaria de la tierra. Adem\u00e1s, se enfoc\u00f3 la situaci\u00f3n de las comunas urbanas en el Distrito Metropolitano de Quito, entendiendo ellas como puntos de uni\u00f3n entre lo urbano y lo rural. Partiendo de la experiencia espec\u00edfica de cada actor, se pretendi\u00f3 aclarar su punto de vista en torno a la funci\u00f3n de las comunas urbanas, y al mismo tiempo reconocer el papel de la instituci\u00f3n de las comunas, tanto dentro de su territorio espec\u00edfico, como dentro de la ciudad en general.<\/p><\/div>\t\t\t\t\t\t\t\t<\/div>\n\t\t\t\t<\/div>\n\t\t\t\t\t<\/div>\n\t\t<\/div>\n\t\t\t\t\t<\/div>\n\t\t<\/section>\n\t\t\t\t<section class=\"elementor-section elementor-top-section elementor-element elementor-element-5d53e75 elementor-section-boxed elementor-section-height-default elementor-section-height-default\" data-id=\"5d53e75\" data-element_type=\"section\" data-e-type=\"section\">\n\t\t\t\t\t\t<div class=\"elementor-container elementor-column-gap-default\">\n\t\t\t\t\t<div class=\"elementor-column elementor-col-100 elementor-top-column elementor-element elementor-element-18b61e0\" data-id=\"18b61e0\" data-element_type=\"column\" data-e-type=\"column\">\n\t\t\t<div class=\"elementor-widget-wrap elementor-element-populated\">\n\t\t\t\t\t\t<div class=\"elementor-element elementor-element-4a94e40 elementor-widget elementor-widget-text-editor\" data-id=\"4a94e40\" data-element_type=\"widget\" data-e-type=\"widget\" data-widget_type=\"text-editor.default\">\n\t\t\t\t<div class=\"elementor-widget-container\">\n\t\t\t\t\t\t\t\t\t<p>El seminario se dividi\u00f3 en tres paneles, con los siguientes expositores y temas:<\/p><p><strong>Panel I: Comunas<\/strong><\/p><p>\u2013 Santiago Ortiz: Enfoques y Debates sobre las Comunas \u2013 los Puntos Neur\u00e1lgicos<br \/>\u2013 Luis Alberto Toaza: El Poder en las Comunidades Ind\u00edgenas de Chimborazo (<a href=\"https:\/\/ocaru.org.ec\/en\/images\/Luis_Alberto_Toaza_-_Los_contrastes_de_la_pol%C3%ADtica_ind%C3%ADgena.pdf\/\">puede descarga su texto aqu\u00ed<\/a>)<br \/>\u2013 Abrah\u00e1n Azogue: Comunas y Buen Vivir<br \/>\u2013 Ricardo Ure\u00f1a: El Movimiento Ind\u00edgena y las Tensiones en el Espacio Pol\u00edtico<\/p><p><strong>Panel II: Comunas Urbanas<\/strong><\/p><p>\u2013 Jos\u00e9 Carvajal. Secretar\u00eda de Coordinaci\u00f3n Territorial y Participaci\u00f3n Ciudadana: Comunas de Quito e Institucionalidad Municipal (puede descargar su texto aqu\u00ed)<br \/>\u2013 Karen Ortega: Propiedad Comunal y Expansi\u00f3n Urbana<br \/>\u2013 Floresmilo Simba\u00f1a: La Recuperaci\u00f3n de la Identidad en el Contexto de la Expansi\u00f3n Urbano<\/p><p><strong>Panel III: Comunas \u2013 Identidad y Conflicto<\/strong><\/p><p>\u2013 Jaime Paucar. Presidente de la Comuna La Toglla<br \/>\u2013 Jos\u00e9 Llumipanta. Representante de la Comuna Santa Clara de San Mill\u00e1n<br \/>\u2013 Fernando Cabascango. Organizaci\u00f3n Kitu-Kara<\/p><p>Agradecemos el inter\u00e9s de los participantes y a los ponentes que nos han permitido difundir sus exposiciones.<\/p>\t\t\t\t\t\t\t\t<\/div>\n\t\t\t\t<\/div>\n\t\t\t\t\t<\/div>\n\t\t<\/div>\n\t\t\t\t\t<\/div>\n\t\t<\/section>\n\t\t\t\t<section class=\"elementor-section elementor-top-section elementor-element elementor-element-0768b6a elementor-section-boxed elementor-section-height-default elementor-section-height-default\" data-id=\"0768b6a\" data-element_type=\"section\" data-e-type=\"section\">\n\t\t\t\t\t\t<div class=\"elementor-container elementor-column-gap-default\">\n\t\t\t\t\t<div class=\"elementor-column elementor-col-100 elementor-top-column elementor-element elementor-element-e0899a7\" data-id=\"e0899a7\" data-element_type=\"column\" data-e-type=\"column\">\n\t\t\t<div class=\"elementor-widget-wrap elementor-element-populated\">\n\t\t\t\t\t\t<div class=\"elementor-element elementor-element-1d6bbff elementor-widget elementor-widget-global elementor-global-10318 elementor-widget-heading\" data-id=\"1d6bbff\" data-element_type=\"widget\" data-e-type=\"widget\" data-widget_type=\"heading.default\">\n\t\t\t\t<div class=\"elementor-widget-container\">\n\t\t\t\t\t<h4 class=\"elementor-heading-title elementor-size-default\">Te podr\u00eda interesar<\/h4>\t\t\t\t<\/div>\n\t\t\t\t<\/div>\n\t\t\t\t<div class=\"elementor-element elementor-element-1fee3fc pp-card-slider-image-left pp-card-slider-dots-aside elementor-widget elementor-widget-global elementor-global-10298 elementor-widget-pp-card-slider\" data-id=\"1fee3fc\" data-element_type=\"widget\" data-e-type=\"widget\" data-settings=\"{&quot;open_lightbox&quot;:&quot;default&quot;,&quot;pause_on_hover&quot;:&quot;yes&quot;}\" data-widget_type=\"pp-card-slider.default\">\n\t\t\t\t<div class=\"elementor-widget-container\">\n\t\t\t\t\t\t\t<div class=\"pp-card-slider pp-swiper-slider\" data-slider-settings=\"{&quot;effect&quot;:&quot;fade&quot;,&quot;speed&quot;:500,&quot;slides_per_view&quot;:1,&quot;auto_height&quot;:false,&quot;loop&quot;:&quot;yes&quot;,&quot;autoplay&quot;:&quot;yes&quot;,&quot;autoplay_speed&quot;:3000,&quot;pause_on_interaction&quot;:false,&quot;keyboard&quot;:&quot;yes&quot;,&quot;pagination&quot;:&quot;bullets&quot;}\">\n\t\t\t<div class=\"swiper-wrapper\">\n\t\t\t\t\t\t\t\t<div class=\"pp-card-slider-item swiper-slide pp-card-slider-item-0\">\n\t\t\t\t\t\t\t\t\t\t\t\t\t<div class=\"pp-card-slider-image\">\n\t\t\t\t<a data-elementor-open-lightbox=\"yes\" data-elementor-lightbox-slideshow=\"1fee3fc\" data-elementor-lightbox-title=\"657555437_1359282936232278_422444842448717471_n\" data-e-action-hash=\"#elementor-action%3Aaction%3Dlightbox%26settings%3DeyJpZCI6MjEwMTUsInVybCI6Imh0dHBzOlwvXC9vY2FydS5vcmcuZWNcL3dwLWNvbnRlbnRcL3VwbG9hZHNcLzIwMjZcLzA0XC82NTc1NTU0MzdfMTM1OTI4MjkzNjIzMjI3OF80MjI0NDQ4NDI0NDg3MTc0NzFfbi5qcGciLCJzbGlkZXNob3ciOiIxZmVlM2ZjIn0%3D\" href=\"https:\/\/ocaru.org.ec\/wp-content\/uploads\/2026\/04\/657555437_1359282936232278_422444842448717471_n-768x432.jpg\"><img decoding=\"async\" src=\"https:\/\/ocaru.org.ec\/wp-content\/uploads\/2026\/04\/657555437_1359282936232278_422444842448717471_n-768x432.jpg\" alt=\"\"><\/a>\t\t\t<\/div>\n\t\t\t\t\t\t\t\t<div class=\"pp-card-slider-content-wrap\">\n\t\t\t\t\t\t\t\t\t<div class=\"pp-card-slider-date\">\n\t\t\t\t\t\t\t\t\t<span class=\"pp-card-slider-meta-icon pp-icon\">\n\t\t\t\t\t\t<i aria-hidden=\"true\" class=\"fas fa-calendar-alt\"><\/i>\t\t\t\t\t<\/span>\n\t\t\t\t\t\t\t\t<span class=\"pp-card-slider-meta-text\">\n\t\t\t\t\tApril 23, 2026\t\t\t\t<\/span>\n\t\t\t<\/div>\n\t\t\t\t\t\t\t\t\t\t\t\t\t\t\t\t<h2 class=\"pp-card-slider-title\">\n\t\t\t\t\t\t\t\t<a href=\"https:\/\/ocaru.org.ec\/en\/el-ocaru-y-la-sandia-digital-destacan-el-papel-crucial-de-las-mujeres-rurales-y-la-comunicacion-politica\/\">El OCARU y La Sand\u00eda Digital destacan el papel crucial de las mujeres rurales y la comunicaci\u00f3n pol\u00edtica<\/a>\t\t\t\t\t\t\t<\/h2>\n\t\t\t\t\t\t\n\t\t\t\t\t\t\t\t\t<div class=\"pp-card-slider-meta\">\n\t\t\t\t\t\t\t\t\t<span class=\"pp-content-author\">\n\t\t\t\t\t\t\t\t\t\t\t\t\t<span class=\"pp-card-slider-meta-icon pp-icon\">\n\t\t\t\t\t\t\t\t<i aria-hidden=\"true\" class=\"fas fa-user\"><\/i>\t\t\t\t\t\t\t<\/span>\n\t\t\t\t\t\t\t\t\t\t\t\t<span class=\"pp-card-slider-meta-text\">\n\t\t\t\t\t\t\tGabriela Vanegas Carrera\t\t\t\t\t\t<\/span>\n\t\t\t\t\t<\/span>\n\t\t\t\t  \n\t\t\t\t\t\t\t\t\t<span class=\"pp-post-category\">\n\t\t\t\t\t\t\t\t\t\t\t\t\t<span class=\"pp-card-slider-meta-icon pp-icon\">\n\t\t\t\t\t\t\t\t<i aria-hidden=\"true\" class=\"fas fa-folder-open\"><\/i>\t\t\t\t\t\t\t<\/span>\n\t\t\t\t\t\t\t\t\t\t\t\t<span class=\"pp-card-slider-meta-text\">\n\t\t\t\t\t\t\tActualidad\t\t\t\t\t\t<\/span>\n\t\t\t\t\t<\/span>\n\t\t\t\t  \n\t\t\t<\/div>\n\t\t\t\n\t\t\t\t\t\t\t\t\t\t\t\t\t\t\t\t\t<\/div>\n\t\t\t\t<\/div>\n\t\t\t\t\t\t\t\t<div class=\"pp-card-slider-item swiper-slide pp-card-slider-item-1\">\n\t\t\t\t\t\t\t\t\t\t\t\t\t<div class=\"pp-card-slider-image\">\n\t\t\t\t<a data-elementor-open-lightbox=\"yes\" data-elementor-lightbox-slideshow=\"1fee3fc\" data-elementor-lightbox-title=\"IMG_9398\" data-e-action-hash=\"#elementor-action%3Aaction%3Dlightbox%26settings%3DeyJpZCI6MjExMDQsInVybCI6Imh0dHBzOlwvXC9vY2FydS5vcmcuZWNcL3dwLWNvbnRlbnRcL3VwbG9hZHNcLzIwMjZcLzA0XC9JTUdfOTM5OC5qcGciLCJzbGlkZXNob3ciOiIxZmVlM2ZjIn0%3D\" href=\"https:\/\/ocaru.org.ec\/wp-content\/uploads\/2026\/04\/IMG_9398-768x432.jpg\"><img decoding=\"async\" src=\"https:\/\/ocaru.org.ec\/wp-content\/uploads\/2026\/04\/IMG_9398-768x432.jpg\" alt=\"\"><\/a>\t\t\t<\/div>\n\t\t\t\t\t\t\t\t<div class=\"pp-card-slider-content-wrap\">\n\t\t\t\t\t\t\t\t\t<div class=\"pp-card-slider-date\">\n\t\t\t\t\t\t\t\t\t<span class=\"pp-card-slider-meta-icon pp-icon\">\n\t\t\t\t\t\t<i aria-hidden=\"true\" class=\"fas fa-calendar-alt\"><\/i>\t\t\t\t\t<\/span>\n\t\t\t\t\t\t\t\t<span class=\"pp-card-slider-meta-text\">\n\t\t\t\t\tApril 23, 2026\t\t\t\t<\/span>\n\t\t\t<\/div>\n\t\t\t\t\t\t\t\t\t\t\t\t\t\t\t\t<h2 class=\"pp-card-slider-title\">\n\t\t\t\t\t\t\t\t<a href=\"https:\/\/ocaru.org.ec\/en\/resultados-de-la-primera-fase-del-mapa-interactivo-de-experiencias-agroecologicas-ecuador\/\">Resultados de la primera fase del mapa interactivo de experiencias agroecol\u00f3gicas &#8211; Ecuador<\/a>\t\t\t\t\t\t\t<\/h2>\n\t\t\t\t\t\t\n\t\t\t\t\t\t\t\t\t<div class=\"pp-card-slider-meta\">\n\t\t\t\t\t\t\t\t\t<span class=\"pp-content-author\">\n\t\t\t\t\t\t\t\t\t\t\t\t\t<span class=\"pp-card-slider-meta-icon pp-icon\">\n\t\t\t\t\t\t\t\t<i aria-hidden=\"true\" class=\"fas fa-user\"><\/i>\t\t\t\t\t\t\t<\/span>\n\t\t\t\t\t\t\t\t\t\t\t\t<span class=\"pp-card-slider-meta-text\">\n\t\t\t\t\t\t\tGabriela Vanegas Carrera\t\t\t\t\t\t<\/span>\n\t\t\t\t\t<\/span>\n\t\t\t\t  \n\t\t\t\t\t\t\t\t\t<span class=\"pp-post-category\">\n\t\t\t\t\t\t\t\t\t\t\t\t\t<span class=\"pp-card-slider-meta-icon pp-icon\">\n\t\t\t\t\t\t\t\t<i aria-hidden=\"true\" class=\"fas fa-folder-open\"><\/i>\t\t\t\t\t\t\t<\/span>\n\t\t\t\t\t\t\t\t\t\t\t\t<span class=\"pp-card-slider-meta-text\">\n\t\t\t\t\t\t\tActualidad\t\t\t\t\t\t<\/span>\n\t\t\t\t\t<\/span>\n\t\t\t\t  \n\t\t\t<\/div>\n\t\t\t\n\t\t\t\t\t\t\t\t\t\t\t\t\t\t\t\t\t<\/div>\n\t\t\t\t<\/div>\n\t\t\t\t\t\t\t\t<div class=\"pp-card-slider-item swiper-slide pp-card-slider-item-2\">\n\t\t\t\t\t\t\t\t\t\t\t\t\t<div class=\"pp-card-slider-image\">\n\t\t\t\t<a data-elementor-open-lightbox=\"yes\" data-elementor-lightbox-slideshow=\"1fee3fc\" data-elementor-lightbox-title=\"656533182_1421976049957131_5145742305313383296_n\" data-e-action-hash=\"#elementor-action%3Aaction%3Dlightbox%26settings%3DeyJpZCI6MjEwOTMsInVybCI6Imh0dHBzOlwvXC9vY2FydS5vcmcuZWNcL3dwLWNvbnRlbnRcL3VwbG9hZHNcLzIwMjZcLzA0XC82NTY1MzMxODJfMTQyMTk3NjA0OTk1NzEzMV81MTQ1NzQyMzA1MzEzMzgzMjk2X24uanBnIiwic2xpZGVzaG93IjoiMWZlZTNmYyJ9\" href=\"https:\/\/ocaru.org.ec\/wp-content\/uploads\/2026\/04\/656533182_1421976049957131_5145742305313383296_n-768x512.jpg\"><img decoding=\"async\" src=\"https:\/\/ocaru.org.ec\/wp-content\/uploads\/2026\/04\/656533182_1421976049957131_5145742305313383296_n-768x512.jpg\" alt=\"\"><\/a>\t\t\t<\/div>\n\t\t\t\t\t\t\t\t<div class=\"pp-card-slider-content-wrap\">\n\t\t\t\t\t\t\t\t\t<div class=\"pp-card-slider-date\">\n\t\t\t\t\t\t\t\t\t<span class=\"pp-card-slider-meta-icon pp-icon\">\n\t\t\t\t\t\t<i aria-hidden=\"true\" class=\"fas fa-calendar-alt\"><\/i>\t\t\t\t\t<\/span>\n\t\t\t\t\t\t\t\t<span class=\"pp-card-slider-meta-text\">\n\t\t\t\t\tApril 16, 2026\t\t\t\t<\/span>\n\t\t\t<\/div>\n\t\t\t\t\t\t\t\t\t\t\t\t\t\t\t\t<h2 class=\"pp-card-slider-title\">\n\t\t\t\t\t\t\t\t<a href=\"https:\/\/ocaru.org.ec\/en\/aportes-a-los-indicadores-de-soberania-alimentaria-en-ecuadorpor-que-es-importante-debatir\/\">Aportes a los indicadores de Soberan\u00eda Alimentaria en Ecuador<\/br> \u00bfPor qu\u00e9 es importante seguirlos debatiendo?<\/a>\t\t\t\t\t\t\t<\/h2>\n\t\t\t\t\t\t\n\t\t\t\t\t\t\t\t\t<div class=\"pp-card-slider-meta\">\n\t\t\t\t\t\t\t\t\t<span class=\"pp-content-author\">\n\t\t\t\t\t\t\t\t\t\t\t\t\t<span class=\"pp-card-slider-meta-icon pp-icon\">\n\t\t\t\t\t\t\t\t<i aria-hidden=\"true\" class=\"fas fa-user\"><\/i>\t\t\t\t\t\t\t<\/span>\n\t\t\t\t\t\t\t\t\t\t\t\t<span class=\"pp-card-slider-meta-text\">\n\t\t\t\t\t\t\tDavid Singa\u00f1a Tapia\t\t\t\t\t\t<\/span>\n\t\t\t\t\t<\/span>\n\t\t\t\t  \n\t\t\t\t\t\t\t\t\t<span class=\"pp-post-category\">\n\t\t\t\t\t\t\t\t\t\t\t\t\t<span class=\"pp-card-slider-meta-icon pp-icon\">\n\t\t\t\t\t\t\t\t<i aria-hidden=\"true\" class=\"fas fa-folder-open\"><\/i>\t\t\t\t\t\t\t<\/span>\n\t\t\t\t\t\t\t\t\t\t\t\t<span class=\"pp-card-slider-meta-text\">\n\t\t\t\t\t\t\tEconom\u00eda\t\t\t\t\t\t<\/span>\n\t\t\t\t\t<\/span>\n\t\t\t\t  \n\t\t\t<\/div>\n\t\t\t\n\t\t\t\t\t\t\t\t\t\t\t\t\t\t\t\t\t<\/div>\n\t\t\t\t<\/div>\n\t\t\t\t\t\t\t\t<div class=\"pp-card-slider-item swiper-slide pp-card-slider-item-3\">\n\t\t\t\t\t\t\t\t\t\t\t\t\t<div class=\"pp-card-slider-image\">\n\t\t\t\t<a data-elementor-open-lightbox=\"yes\" data-elementor-lightbox-slideshow=\"1fee3fc\" data-elementor-lightbox-title=\"Teal Modern ChatBot AI Presentation\" data-e-action-hash=\"#elementor-action%3Aaction%3Dlightbox%26settings%3DeyJpZCI6MjEwMDEsInVybCI6Imh0dHBzOlwvXC9vY2FydS5vcmcuZWNcL3dwLWNvbnRlbnRcL3VwbG9hZHNcLzIwMjZcLzA0XC9UZWFsLU1vZGVybi1DaGF0Qm90LUFJLVByZXNlbnRhdGlvbi5qcGciLCJzbGlkZXNob3ciOiIxZmVlM2ZjIn0%3D\" href=\"https:\/\/ocaru.org.ec\/wp-content\/uploads\/2026\/04\/Teal-Modern-ChatBot-AI-Presentation-768x432.jpg\"><img decoding=\"async\" src=\"https:\/\/ocaru.org.ec\/wp-content\/uploads\/2026\/04\/Teal-Modern-ChatBot-AI-Presentation-768x432.jpg\" alt=\"\"><\/a>\t\t\t<\/div>\n\t\t\t\t\t\t\t\t<div class=\"pp-card-slider-content-wrap\">\n\t\t\t\t\t\t\t\t\t<div class=\"pp-card-slider-date\">\n\t\t\t\t\t\t\t\t\t<span class=\"pp-card-slider-meta-icon pp-icon\">\n\t\t\t\t\t\t<i aria-hidden=\"true\" class=\"fas fa-calendar-alt\"><\/i>\t\t\t\t\t<\/span>\n\t\t\t\t\t\t\t\t<span class=\"pp-card-slider-meta-text\">\n\t\t\t\t\tApril 8, 2026\t\t\t\t<\/span>\n\t\t\t<\/div>\n\t\t\t\t\t\t\t\t\t\t\t\t\t\t\t\t<h2 class=\"pp-card-slider-title\">\n\t\t\t\t\t\t\t\t<a href=\"https:\/\/ocaru.org.ec\/en\/abrir-las-puertas-para-unos-pocos-que-pasa-con-los-tratados-de-libre-comercio-en-ecuador\/\">Abrir las puertas para unos pocos: \u00bfQu\u00e9 pasa con los Tratados de Libre Comercio en Ecuador?<\/a>\t\t\t\t\t\t\t<\/h2>\n\t\t\t\t\t\t\n\t\t\t\t\t\t\t\t\t<div class=\"pp-card-slider-meta\">\n\t\t\t\t\t\t\t\t\t<span class=\"pp-content-author\">\n\t\t\t\t\t\t\t\t\t\t\t\t\t<span class=\"pp-card-slider-meta-icon pp-icon\">\n\t\t\t\t\t\t\t\t<i aria-hidden=\"true\" class=\"fas fa-user\"><\/i>\t\t\t\t\t\t\t<\/span>\n\t\t\t\t\t\t\t\t\t\t\t\t<span class=\"pp-card-slider-meta-text\">\n\t\t\t\t\t\t\tDavid Singa\u00f1a Tapia\t\t\t\t\t\t<\/span>\n\t\t\t\t\t<\/span>\n\t\t\t\t  \n\t\t\t\t\t\t\t\t\t<span class=\"pp-post-category\">\n\t\t\t\t\t\t\t\t\t\t\t\t\t<span class=\"pp-card-slider-meta-icon pp-icon\">\n\t\t\t\t\t\t\t\t<i aria-hidden=\"true\" class=\"fas fa-folder-open\"><\/i>\t\t\t\t\t\t\t<\/span>\n\t\t\t\t\t\t\t\t\t\t\t\t<span class=\"pp-card-slider-meta-text\">\n\t\t\t\t\t\t\tEconom\u00eda\t\t\t\t\t\t<\/span>\n\t\t\t\t\t<\/span>\n\t\t\t\t  \n\t\t\t<\/div>\n\t\t\t\n\t\t\t\t\t\t\t\t\t\t\t\t\t\t\t\t\t<\/div>\n\t\t\t\t<\/div>\n\t\t\t\t\t\t\t\t<div class=\"pp-card-slider-item swiper-slide pp-card-slider-item-4\">\n\t\t\t\t\t\t\t\t\t\t\t\t\t<div class=\"pp-card-slider-image\">\n\t\t\t\t<a data-elementor-open-lightbox=\"yes\" data-elementor-lightbox-slideshow=\"1fee3fc\" data-elementor-lightbox-title=\"IMG_20221216_103746_342\" data-e-action-hash=\"#elementor-action%3Aaction%3Dlightbox%26settings%3DeyJpZCI6MjA5MzgsInVybCI6Imh0dHBzOlwvXC9vY2FydS5vcmcuZWNcL3dwLWNvbnRlbnRcL3VwbG9hZHNcLzIwMjZcLzAzXC9JTUdfMjAyMjEyMTZfMTAzNzQ2XzM0Mi0xLXNjYWxlZC5qcGciLCJzbGlkZXNob3ciOiIxZmVlM2ZjIn0%3D\" href=\"https:\/\/ocaru.org.ec\/wp-content\/uploads\/2026\/03\/IMG_20221216_103746_342-1-768x560.jpg\"><img decoding=\"async\" src=\"https:\/\/ocaru.org.ec\/wp-content\/uploads\/2026\/03\/IMG_20221216_103746_342-1-768x560.jpg\" alt=\"\"><\/a>\t\t\t<\/div>\n\t\t\t\t\t\t\t\t<div class=\"pp-card-slider-content-wrap\">\n\t\t\t\t\t\t\t\t\t<div class=\"pp-card-slider-date\">\n\t\t\t\t\t\t\t\t\t<span class=\"pp-card-slider-meta-icon pp-icon\">\n\t\t\t\t\t\t<i aria-hidden=\"true\" class=\"fas fa-calendar-alt\"><\/i>\t\t\t\t\t<\/span>\n\t\t\t\t\t\t\t\t<span class=\"pp-card-slider-meta-text\">\n\t\t\t\t\tMarch 27, 2026\t\t\t\t<\/span>\n\t\t\t<\/div>\n\t\t\t\t\t\t\t\t\t\t\t\t\t\t\t\t<h2 class=\"pp-card-slider-title\">\n\t\t\t\t\t\t\t\t<a href=\"https:\/\/ocaru.org.ec\/en\/no-se-dice-el-oriente-esto-es-la-amazonia-en-memoria-de-luis-yanza\/\">\u201cNo se dice el oriente, esto es la Amazon\u00eda\u201d. <\/br> En memoria de Luis Yanza<\/a>\t\t\t\t\t\t\t<\/h2>\n\t\t\t\t\t\t\n\t\t\t\t\t\t\t\t\t<div class=\"pp-card-slider-meta\">\n\t\t\t\t\t\t\t\t\t<span class=\"pp-content-author\">\n\t\t\t\t\t\t\t\t\t\t\t\t\t<span class=\"pp-card-slider-meta-icon pp-icon\">\n\t\t\t\t\t\t\t\t<i aria-hidden=\"true\" class=\"fas fa-user\"><\/i>\t\t\t\t\t\t\t<\/span>\n\t\t\t\t\t\t\t\t\t\t\t\t<span class=\"pp-card-slider-meta-text\">\n\t\t\t\t\t\t\tDavid Singa\u00f1a Tapia\t\t\t\t\t\t<\/span>\n\t\t\t\t\t<\/span>\n\t\t\t\t  \n\t\t\t\t\t\t\t\t\t<span class=\"pp-post-category\">\n\t\t\t\t\t\t\t\t\t\t\t\t\t<span class=\"pp-card-slider-meta-icon pp-icon\">\n\t\t\t\t\t\t\t\t<i aria-hidden=\"true\" class=\"fas fa-folder-open\"><\/i>\t\t\t\t\t\t\t<\/span>\n\t\t\t\t\t\t\t\t\t\t\t\t<span class=\"pp-card-slider-meta-text\">\n\t\t\t\t\t\t\tOpini\u00f3n\t\t\t\t\t\t<\/span>\n\t\t\t\t\t<\/span>\n\t\t\t\t  \n\t\t\t<\/div>\n\t\t\t\n\t\t\t\t\t\t\t\t\t\t\t\t\t\t\t\t\t<\/div>\n\t\t\t\t<\/div>\n\t\t\t\t\t\t\t\t<div class=\"pp-card-slider-item swiper-slide pp-card-slider-item-5\">\n\t\t\t\t\t\t\t\t\t\t\t\t\t<div class=\"pp-card-slider-image\">\n\t\t\t\t<a data-elementor-open-lightbox=\"yes\" data-elementor-lightbox-slideshow=\"1fee3fc\" data-elementor-lightbox-title=\"Blue Modern Ocean Presentation (2)\" data-e-action-hash=\"#elementor-action%3Aaction%3Dlightbox%26settings%3DeyJpZCI6MjA4ODEsInVybCI6Imh0dHBzOlwvXC9vY2FydS5vcmcuZWNcL3dwLWNvbnRlbnRcL3VwbG9hZHNcLzIwMjZcLzAzXC9CbHVlLU1vZGVybi1PY2Vhbi1QcmVzZW50YXRpb24tMi5qcGciLCJzbGlkZXNob3ciOiIxZmVlM2ZjIn0%3D\" href=\"https:\/\/ocaru.org.ec\/wp-content\/uploads\/2026\/03\/Blue-Modern-Ocean-Presentation-2-768x432.jpg\"><img decoding=\"async\" src=\"https:\/\/ocaru.org.ec\/wp-content\/uploads\/2026\/03\/Blue-Modern-Ocean-Presentation-2-768x432.jpg\" alt=\"\"><\/a>\t\t\t<\/div>\n\t\t\t\t\t\t\t\t<div class=\"pp-card-slider-content-wrap\">\n\t\t\t\t\t\t\t\t\t<div class=\"pp-card-slider-date\">\n\t\t\t\t\t\t\t\t\t<span class=\"pp-card-slider-meta-icon pp-icon\">\n\t\t\t\t\t\t<i aria-hidden=\"true\" class=\"fas fa-calendar-alt\"><\/i>\t\t\t\t\t<\/span>\n\t\t\t\t\t\t\t\t<span class=\"pp-card-slider-meta-text\">\n\t\t\t\t\tMarch 17, 2026\t\t\t\t<\/span>\n\t\t\t<\/div>\n\t\t\t\t\t\t\t\t\t\t\t\t\t\t\t\t<h2 class=\"pp-card-slider-title\">\n\t\t\t\t\t\t\t\t<a href=\"https:\/\/ocaru.org.ec\/en\/la-mirada-en-lo-externo-y-la-desidia-en-lo-interno-ecuador-exportador\/\">La mirada en lo externo, y la desidia en lo interno: Ecuador exportador.<\/a>\t\t\t\t\t\t\t<\/h2>\n\t\t\t\t\t\t\n\t\t\t\t\t\t\t\t\t<div class=\"pp-card-slider-meta\">\n\t\t\t\t\t\t\t\t\t<span class=\"pp-content-author\">\n\t\t\t\t\t\t\t\t\t\t\t\t\t<span class=\"pp-card-slider-meta-icon pp-icon\">\n\t\t\t\t\t\t\t\t<i aria-hidden=\"true\" class=\"fas fa-user\"><\/i>\t\t\t\t\t\t\t<\/span>\n\t\t\t\t\t\t\t\t\t\t\t\t<span class=\"pp-card-slider-meta-text\">\n\t\t\t\t\t\t\tDavid Singa\u00f1a Tapia\t\t\t\t\t\t<\/span>\n\t\t\t\t\t<\/span>\n\t\t\t\t  \n\t\t\t\t\t\t\t\t\t<span class=\"pp-post-category\">\n\t\t\t\t\t\t\t\t\t\t\t\t\t<span class=\"pp-card-slider-meta-icon pp-icon\">\n\t\t\t\t\t\t\t\t<i aria-hidden=\"true\" class=\"fas fa-folder-open\"><\/i>\t\t\t\t\t\t\t<\/span>\n\t\t\t\t\t\t\t\t\t\t\t\t<span class=\"pp-card-slider-meta-text\">\n\t\t\t\t\t\t\tEconom\u00eda\t\t\t\t\t\t<\/span>\n\t\t\t\t\t<\/span>\n\t\t\t\t  \n\t\t\t<\/div>\n\t\t\t\n\t\t\t\t\t\t\t\t\t\t\t\t\t\t\t\t\t<\/div>\n\t\t\t\t<\/div>\n\t\t\t\t\t\t\t\t<div class=\"pp-card-slider-item swiper-slide pp-card-slider-item-6\">\n\t\t\t\t\t\t\t\t\t\t\t\t\t<div class=\"pp-card-slider-image\">\n\t\t\t\t<a data-elementor-open-lightbox=\"yes\" data-elementor-lightbox-slideshow=\"1fee3fc\" data-elementor-lightbox-title=\"Blue Modern Ocean Presentation (1)\" data-e-action-hash=\"#elementor-action%3Aaction%3Dlightbox%26settings%3DeyJpZCI6MjA3OTQsInVybCI6Imh0dHBzOlwvXC9vY2FydS5vcmcuZWNcL3dwLWNvbnRlbnRcL3VwbG9hZHNcLzIwMjZcLzAzXC9CbHVlLU1vZGVybi1PY2Vhbi1QcmVzZW50YXRpb24tMS5qcGciLCJzbGlkZXNob3ciOiIxZmVlM2ZjIn0%3D\" href=\"https:\/\/ocaru.org.ec\/wp-content\/uploads\/2026\/03\/Blue-Modern-Ocean-Presentation-1-768x432.jpg\"><img decoding=\"async\" src=\"https:\/\/ocaru.org.ec\/wp-content\/uploads\/2026\/03\/Blue-Modern-Ocean-Presentation-1-768x432.jpg\" alt=\"\"><\/a>\t\t\t<\/div>\n\t\t\t\t\t\t\t\t<div class=\"pp-card-slider-content-wrap\">\n\t\t\t\t\t\t\t\t\t<div class=\"pp-card-slider-date\">\n\t\t\t\t\t\t\t\t\t<span class=\"pp-card-slider-meta-icon pp-icon\">\n\t\t\t\t\t\t<i aria-hidden=\"true\" class=\"fas fa-calendar-alt\"><\/i>\t\t\t\t\t<\/span>\n\t\t\t\t\t\t\t\t<span class=\"pp-card-slider-meta-text\">\n\t\t\t\t\tMarch 3, 2026\t\t\t\t<\/span>\n\t\t\t<\/div>\n\t\t\t\t\t\t\t\t\t\t\t\t\t\t\t\t<h2 class=\"pp-card-slider-title\">\n\t\t\t\t\t\t\t\t<a href=\"https:\/\/ocaru.org.ec\/en\/guayas-como-cristalizacion-del-regimen-alimentario-corporativo-resultados-del-censo-2025\/\">Guayas como cristalizaci\u00f3n del r\u00e9gimen alimentario corporativo: Resultados del Censo 2025<\/a>\t\t\t\t\t\t\t<\/h2>\n\t\t\t\t\t\t\n\t\t\t\t\t\t\t\t\t<div class=\"pp-card-slider-meta\">\n\t\t\t\t\t\t\t\t\t<span class=\"pp-content-author\">\n\t\t\t\t\t\t\t\t\t\t\t\t\t<span class=\"pp-card-slider-meta-icon pp-icon\">\n\t\t\t\t\t\t\t\t<i aria-hidden=\"true\" class=\"fas fa-user\"><\/i>\t\t\t\t\t\t\t<\/span>\n\t\t\t\t\t\t\t\t\t\t\t\t<span class=\"pp-card-slider-meta-text\">\n\t\t\t\t\t\t\tDavid Singa\u00f1a Tapia\t\t\t\t\t\t<\/span>\n\t\t\t\t\t<\/span>\n\t\t\t\t  \n\t\t\t\t\t\t\t\t\t<span class=\"pp-post-category\">\n\t\t\t\t\t\t\t\t\t\t\t\t\t<span class=\"pp-card-slider-meta-icon pp-icon\">\n\t\t\t\t\t\t\t\t<i aria-hidden=\"true\" class=\"fas fa-folder-open\"><\/i>\t\t\t\t\t\t\t<\/span>\n\t\t\t\t\t\t\t\t\t\t\t\t<span class=\"pp-card-slider-meta-text\">\n\t\t\t\t\t\t\tEconom\u00eda\t\t\t\t\t\t<\/span>\n\t\t\t\t\t<\/span>\n\t\t\t\t  \n\t\t\t<\/div>\n\t\t\t\n\t\t\t\t\t\t\t\t\t\t\t\t\t\t\t\t\t<\/div>\n\t\t\t\t<\/div>\n\t\t\t\t\t\t\t\t<div class=\"pp-card-slider-item swiper-slide pp-card-slider-item-7\">\n\t\t\t\t\t\t\t\t\t\t\t\t\t<div class=\"pp-card-slider-image\">\n\t\t\t\t<a data-elementor-open-lightbox=\"yes\" data-elementor-lightbox-slideshow=\"1fee3fc\" data-elementor-lightbox-title=\"Disen\u0303o sin ti\u0301tulo\" data-e-action-hash=\"#elementor-action%3Aaction%3Dlightbox%26settings%3DeyJpZCI6MjA3MDcsInVybCI6Imh0dHBzOlwvXC9vY2FydS5vcmcuZWNcL3dwLWNvbnRlbnRcL3VwbG9hZHNcLzIwMjZcLzAyXC9EaXNlbm8tc2luLXRpdHVsby5qcGciLCJzbGlkZXNob3ciOiIxZmVlM2ZjIn0%3D\" href=\"https:\/\/ocaru.org.ec\/wp-content\/uploads\/2026\/02\/Diseno-sin-titulo-768x576.jpg\"><img decoding=\"async\" src=\"https:\/\/ocaru.org.ec\/wp-content\/uploads\/2026\/02\/Diseno-sin-titulo-768x576.jpg\" alt=\"\"><\/a>\t\t\t<\/div>\n\t\t\t\t\t\t\t\t<div class=\"pp-card-slider-content-wrap\">\n\t\t\t\t\t\t\t\t\t<div class=\"pp-card-slider-date\">\n\t\t\t\t\t\t\t\t\t<span class=\"pp-card-slider-meta-icon pp-icon\">\n\t\t\t\t\t\t<i aria-hidden=\"true\" class=\"fas fa-calendar-alt\"><\/i>\t\t\t\t\t<\/span>\n\t\t\t\t\t\t\t\t<span class=\"pp-card-slider-meta-text\">\n\t\t\t\t\tFebruary 19, 2026\t\t\t\t<\/span>\n\t\t\t<\/div>\n\t\t\t\t\t\t\t\t\t\t\t\t\t\t\t\t<h2 class=\"pp-card-slider-title\">\n\t\t\t\t\t\t\t\t<a href=\"https:\/\/ocaru.org.ec\/en\/entre-saberes-y-juventudes-la-nueva-imagen-del-ocaru-para-una-realidad-diversa\/\">Entre saberes y juventudes: La nueva imagen del OCARU para una realidad diversa<\/a>\t\t\t\t\t\t\t<\/h2>\n\t\t\t\t\t\t\n\t\t\t\t\t\t\t\t\t<div class=\"pp-card-slider-meta\">\n\t\t\t\t\t\t\t\t\t<span class=\"pp-content-author\">\n\t\t\t\t\t\t\t\t\t\t\t\t\t<span class=\"pp-card-slider-meta-icon pp-icon\">\n\t\t\t\t\t\t\t\t<i aria-hidden=\"true\" class=\"fas fa-user\"><\/i>\t\t\t\t\t\t\t<\/span>\n\t\t\t\t\t\t\t\t\t\t\t\t<span class=\"pp-card-slider-meta-text\">\n\t\t\t\t\t\t\tGabriela Vanegas Carrera\t\t\t\t\t\t<\/span>\n\t\t\t\t\t<\/span>\n\t\t\t\t  \n\t\t\t\t\t\t\t\t\t<span class=\"pp-post-category\">\n\t\t\t\t\t\t\t\t\t\t\t\t\t<span class=\"pp-card-slider-meta-icon pp-icon\">\n\t\t\t\t\t\t\t\t<i aria-hidden=\"true\" class=\"fas fa-folder-open\"><\/i>\t\t\t\t\t\t\t<\/span>\n\t\t\t\t\t\t\t\t\t\t\t\t<span class=\"pp-card-slider-meta-text\">\n\t\t\t\t\t\t\tActualidad\t\t\t\t\t\t<\/span>\n\t\t\t\t\t<\/span>\n\t\t\t\t  \n\t\t\t<\/div>\n\t\t\t\n\t\t\t\t\t\t\t\t\t\t\t\t\t\t\t\t\t<\/div>\n\t\t\t\t<\/div>\n\t\t\t\t\t\t\t\t<div class=\"pp-card-slider-item swiper-slide pp-card-slider-item-8\">\n\t\t\t\t\t\t\t\t\t\t\t\t\t<div class=\"pp-card-slider-image\">\n\t\t\t\t<a data-elementor-open-lightbox=\"yes\" data-elementor-lightbox-slideshow=\"1fee3fc\" data-elementor-lightbox-title=\"Blue Modern Ocean Presentation\" data-e-action-hash=\"#elementor-action%3Aaction%3Dlightbox%26settings%3DeyJpZCI6MjA1NzYsInVybCI6Imh0dHBzOlwvXC9vY2FydS5vcmcuZWNcL3dwLWNvbnRlbnRcL3VwbG9hZHNcLzIwMjZcLzAyXC9CbHVlLU1vZGVybi1PY2Vhbi1QcmVzZW50YXRpb24uanBnIiwic2xpZGVzaG93IjoiMWZlZTNmYyJ9\" href=\"https:\/\/ocaru.org.ec\/wp-content\/uploads\/2026\/02\/Blue-Modern-Ocean-Presentation-768x432.jpg\"><img decoding=\"async\" src=\"https:\/\/ocaru.org.ec\/wp-content\/uploads\/2026\/02\/Blue-Modern-Ocean-Presentation-768x432.jpg\" alt=\"\"><\/a>\t\t\t<\/div>\n\t\t\t\t\t\t\t\t<div class=\"pp-card-slider-content-wrap\">\n\t\t\t\t\t\t\t\t\t<div class=\"pp-card-slider-date\">\n\t\t\t\t\t\t\t\t\t<span class=\"pp-card-slider-meta-icon pp-icon\">\n\t\t\t\t\t\t<i aria-hidden=\"true\" class=\"fas fa-calendar-alt\"><\/i>\t\t\t\t\t<\/span>\n\t\t\t\t\t\t\t\t<span class=\"pp-card-slider-meta-text\">\n\t\t\t\t\tFebruary 12, 2026\t\t\t\t<\/span>\n\t\t\t<\/div>\n\t\t\t\t\t\t\t\t\t\t\t\t\t\t\t\t<h2 class=\"pp-card-slider-title\">\n\t\t\t\t\t\t\t\t<a href=\"https:\/\/ocaru.org.ec\/en\/de-la-lucha-arancelaria-a-los-territorios-rurales-que-pasa-con-los-aranceles-entre-colombia-y-ecuador\/\">De la lucha arancelaria a los territorios rurales:  \u00bfQu\u00e9 pasa con los aranceles entre Colombia y Ecuador?<\/a>\t\t\t\t\t\t\t<\/h2>\n\t\t\t\t\t\t\n\t\t\t\t\t\t\t\t\t<div class=\"pp-card-slider-meta\">\n\t\t\t\t\t\t\t\t\t<span class=\"pp-content-author\">\n\t\t\t\t\t\t\t\t\t\t\t\t\t<span class=\"pp-card-slider-meta-icon pp-icon\">\n\t\t\t\t\t\t\t\t<i aria-hidden=\"true\" class=\"fas fa-user\"><\/i>\t\t\t\t\t\t\t<\/span>\n\t\t\t\t\t\t\t\t\t\t\t\t<span class=\"pp-card-slider-meta-text\">\n\t\t\t\t\t\t\tDavid Singa\u00f1a Tapia\t\t\t\t\t\t<\/span>\n\t\t\t\t\t<\/span>\n\t\t\t\t  \n\t\t\t\t\t\t\t\t\t<span class=\"pp-post-category\">\n\t\t\t\t\t\t\t\t\t\t\t\t\t<span class=\"pp-card-slider-meta-icon pp-icon\">\n\t\t\t\t\t\t\t\t<i aria-hidden=\"true\" class=\"fas fa-folder-open\"><\/i>\t\t\t\t\t\t\t<\/span>\n\t\t\t\t\t\t\t\t\t\t\t\t<span class=\"pp-card-slider-meta-text\">\n\t\t\t\t\t\t\tOpini\u00f3n\t\t\t\t\t\t<\/span>\n\t\t\t\t\t<\/span>\n\t\t\t\t  \n\t\t\t<\/div>\n\t\t\t\n\t\t\t\t\t\t\t\t\t\t\t\t\t\t\t\t\t<\/div>\n\t\t\t\t<\/div>\n\t\t\t\t\t\t\t\t<div class=\"pp-card-slider-item swiper-slide pp-card-slider-item-9\">\n\t\t\t\t\t\t\t\t\t\t\t\t\t<div class=\"pp-card-slider-image\">\n\t\t\t\t<a data-elementor-open-lightbox=\"yes\" data-elementor-lightbox-slideshow=\"1fee3fc\" data-elementor-lightbox-title=\"IMG_1706\" data-e-action-hash=\"#elementor-action%3Aaction%3Dlightbox%26settings%3DeyJpZCI6MjAwMzksInVybCI6Imh0dHBzOlwvXC9vY2FydS5vcmcuZWNcL3dwLWNvbnRlbnRcL3VwbG9hZHNcLzIwMjVcLzExXC9JTUdfMTcwNi5qcGciLCJzbGlkZXNob3ciOiIxZmVlM2ZjIn0%3D\" href=\"https:\/\/ocaru.org.ec\/wp-content\/uploads\/2025\/11\/IMG_1706-768x432.jpg\"><img decoding=\"async\" src=\"https:\/\/ocaru.org.ec\/wp-content\/uploads\/2025\/11\/IMG_1706-768x432.jpg\" alt=\"\"><\/a>\t\t\t<\/div>\n\t\t\t\t\t\t\t\t<div class=\"pp-card-slider-content-wrap\">\n\t\t\t\t\t\t\t\t\t<div class=\"pp-card-slider-date\">\n\t\t\t\t\t\t\t\t\t<span class=\"pp-card-slider-meta-icon pp-icon\">\n\t\t\t\t\t\t<i aria-hidden=\"true\" class=\"fas fa-calendar-alt\"><\/i>\t\t\t\t\t<\/span>\n\t\t\t\t\t\t\t\t<span class=\"pp-card-slider-meta-text\">\n\t\t\t\t\tNovember 23, 2025\t\t\t\t<\/span>\n\t\t\t<\/div>\n\t\t\t\t\t\t\t\t\t\t\t\t\t\t\t\t<h2 class=\"pp-card-slider-title\">\n\t\t\t\t\t\t\t\t<a href=\"https:\/\/ocaru.org.ec\/en\/mapeo-de-experiencias-agroecologicas-ecuador\/\">Ecuador lanza el Mapeo de Experiencias Agroecol\u00f3gicas <br> Mapea tu historia y sembremos transformaci\u00f3n<\/a>\t\t\t\t\t\t\t<\/h2>\n\t\t\t\t\t\t\n\t\t\t\t\t\t\t\t\t<div class=\"pp-card-slider-meta\">\n\t\t\t\t\t\t\t\t\t<span class=\"pp-content-author\">\n\t\t\t\t\t\t\t\t\t\t\t\t\t<span class=\"pp-card-slider-meta-icon pp-icon\">\n\t\t\t\t\t\t\t\t<i aria-hidden=\"true\" class=\"fas fa-user\"><\/i>\t\t\t\t\t\t\t<\/span>\n\t\t\t\t\t\t\t\t\t\t\t\t<span class=\"pp-card-slider-meta-text\">\n\t\t\t\t\t\t\tGabriela Vanegas Carrera\t\t\t\t\t\t<\/span>\n\t\t\t\t\t<\/span>\n\t\t\t\t  \n\t\t\t\t\t\t\t\t\t<span class=\"pp-post-category\">\n\t\t\t\t\t\t\t\t\t\t\t\t\t<span class=\"pp-card-slider-meta-icon pp-icon\">\n\t\t\t\t\t\t\t\t<i aria-hidden=\"true\" class=\"fas fa-folder-open\"><\/i>\t\t\t\t\t\t\t<\/span>\n\t\t\t\t\t\t\t\t\t\t\t\t<span class=\"pp-card-slider-meta-text\">\n\t\t\t\t\t\t\tActualidad\t\t\t\t\t\t<\/span>\n\t\t\t\t\t<\/span>\n\t\t\t\t  \n\t\t\t<\/div>\n\t\t\t\n\t\t\t\t\t\t\t\t\t\t\t\t\t\t\t\t\t<\/div>\n\t\t\t\t<\/div>\n\t\t\t\t\t\t\t<\/div>\n\t\t\t\t\t\t\t<div class=\"swiper-pagination swiper-pagination-1fee3fc\"><\/div>\n\t\t\t\t\t<\/div>\n\t\t\t\t\t\t<\/div>\n\t\t\t\t<\/div>\n\t\t\t\t\t<\/div>\n\t\t<\/div>\n\t\t\t\t\t<\/div>\n\t\t<\/section>\n\t\t\t\t<section class=\"elementor-section elementor-top-section elementor-element elementor-element-0411c2c elementor-section-boxed elementor-section-height-default elementor-section-height-default\" data-id=\"0411c2c\" data-element_type=\"section\" data-e-type=\"section\">\n\t\t\t\t\t\t<div class=\"elementor-container elementor-column-gap-default\">\n\t\t\t\t\t<div class=\"elementor-column elementor-col-100 elementor-top-column elementor-element elementor-element-7f0edd0\" data-id=\"7f0edd0\" data-element_type=\"column\" data-e-type=\"column\">\n\t\t\t<div class=\"elementor-widget-wrap elementor-element-populated\">\n\t\t\t\t\t\t<div class=\"elementor-element elementor-element-cf9cdb6 elementor-widget elementor-widget-heading\" data-id=\"cf9cdb6\" data-element_type=\"widget\" data-e-type=\"widget\" data-widget_type=\"heading.default\">\n\t\t\t\t<div class=\"elementor-widget-container\">\n\t\t\t\t\t<h4 class=\"elementor-heading-title elementor-size-default\">Compartir este art\u00edculo<\/h4>\t\t\t\t<\/div>\n\t\t\t\t<\/div>\n\t\t\t\t<div class=\"elementor-element elementor-element-7940e39 elementor-share-buttons--view-icon elementor-share-buttons--skin-minimal elementor-share-buttons--shape-circle elementor-share-buttons--color-custom elementor-grid-mobile-0 elementor-grid-0 elementor-widget elementor-widget-global elementor-global-9480 elementor-widget-mdp-sharinger-elementor\" data-id=\"7940e39\" data-element_type=\"widget\" data-e-type=\"widget\" data-widget_type=\"mdp-sharinger-elementor.default\">\n\t\t\t\t<div class=\"elementor-widget-container\">\n\t\t\t\t\t        <div class=\"elementor-grid mdp-sharinger\">\n                            <div class=\"elementor-grid-item\">\n                    <div class=\"elementor-share-btn elementor-share-btn_facebook elementor-animation-pulse\" tabindex=\"0\" aria-label=\"Share on facebook\">\n                                                    <span class=\"elementor-share-btn__icon\">\n\t\t\t\t\t\t\t\t<i class=\"fab fa-facebook\" aria-hidden=\"true\"><\/i>\t\t\t\t\t\t\t<\/span>\n                                                                    <\/div>\n                <\/div>\n                                <div class=\"elementor-grid-item\">\n                    <div class=\"elementor-share-btn elementor-share-btn_twitter elementor-animation-pulse\" tabindex=\"0\" aria-label=\"Share on twitter\">\n                                                    <span class=\"elementor-share-btn__icon\">\n\t\t\t\t\t\t\t\t<i class=\"fab fa-twitter\" aria-hidden=\"true\"><\/i>\t\t\t\t\t\t\t<\/span>\n                                                                    <\/div>\n                <\/div>\n                                <div class=\"elementor-grid-item\">\n                    <div class=\"elementor-share-btn elementor-share-btn_linkedin elementor-animation-pulse\" tabindex=\"0\" aria-label=\"Share on linkedin\">\n                                                    <span class=\"elementor-share-btn__icon\">\n\t\t\t\t\t\t\t\t<i class=\"fab fa-linkedin\" aria-hidden=\"true\"><\/i>\t\t\t\t\t\t\t<\/span>\n                                                                    <\/div>\n                <\/div>\n                                <div class=\"elementor-grid-item\">\n                    <div class=\"elementor-share-btn elementor-share-btn_telegram elementor-animation-pulse\" tabindex=\"0\" aria-label=\"Share on telegram\">\n                                                    <span class=\"elementor-share-btn__icon\">\n\t\t\t\t\t\t\t\t<i class=\"fab fa-telegram\" aria-hidden=\"true\"><\/i>\t\t\t\t\t\t\t<\/span>\n                                                                    <\/div>\n                <\/div>\n                                <div class=\"elementor-grid-item\">\n                    <div class=\"elementor-share-btn elementor-share-btn_whatsapp elementor-animation-pulse\" tabindex=\"0\" aria-label=\"Share on whatsapp\">\n                                                    <span class=\"elementor-share-btn__icon\">\n\t\t\t\t\t\t\t\t<i class=\"fab fa-whatsapp\" aria-hidden=\"true\"><\/i>\t\t\t\t\t\t\t<\/span>\n                                                                    <\/div>\n                <\/div>\n                                <div class=\"elementor-grid-item\">\n                    <div class=\"elementor-share-btn elementor-share-btn_email elementor-animation-pulse\" tabindex=\"0\" aria-label=\"Share on email\">\n                                                    <span class=\"elementor-share-btn__icon\">\n\t\t\t\t\t\t\t\t<i class=\"fas fa-envelope\" aria-hidden=\"true\"><\/i>\t\t\t\t\t\t\t<\/span>\n                                                                    <\/div>\n                <\/div>\n                        <\/div>\n        \t\t\t\t<\/div>\n\t\t\t\t<\/div>\n\t\t\t\t\t<\/div>\n\t\t<\/div>\n\t\t\t\t\t<\/div>\n\t\t<\/section>\n\t\t\t\t<\/div>","protected":false},"excerpt":{"rendered":"<div class=\"tmnf_excerpt meta_deko\"><p>El Jueves, 6 de Marzo, se realiz\u00f3 el Seminario \u00abLas Comunas hoy \u2013 Identidad y Conflicto\u00bb en la Biblioteca de la FLACSO Ecuador.<\/p>\n<\/div>","protected":false},"author":15,"featured_media":14751,"comment_status":"closed","ping_status":"open","sticky":false,"template":"","format":"standard","meta":{"_mi_skip_tracking":false,"_monsterinsights_sitenote_active":false,"_monsterinsights_sitenote_note":"","_monsterinsights_sitenote_category":0,"footnotes":""},"categories":[84],"tags":[103],"class_list":["post-14749","post","type-post","status-publish","format-standard","has-post-thumbnail","hentry","category-actualidad","tag-noticias-rotativas"],"yoast_head":"<!-- This site is optimized with the Yoast SEO Premium plugin v24.8 (Yoast SEO v27.4) - https:\/\/yoast.com\/product\/yoast-seo-premium-wordpress\/ -->\n<title>Seminario Las Comunas hoy \u2013 Identidad y Conflicto - Ocaru<\/title>\n<meta name=\"robots\" content=\"index, follow, max-snippet:-1, max-image-preview:large, max-video-preview:-1\" \/>\n<link rel=\"canonical\" href=\"https:\/\/ocaru.org.ec\/en\/seminario-las-comunas-hoy-identidad-y-conflicto\/\" \/>\n<meta property=\"og:locale\" content=\"en_US\" \/>\n<meta property=\"og:type\" content=\"article\" \/>\n<meta property=\"og:title\" content=\"Seminario Las Comunas hoy \u2013 Identidad y Conflicto\" \/>\n<meta property=\"og:description\" content=\"El Jueves, 6 de Marzo, se realiz\u00f3 el Seminario \u00abLas Comunas hoy \u2013 Identidad y Conflicto\u00bb en la Biblioteca de la FLACSO Ecuador.\" \/>\n<meta property=\"og:url\" content=\"https:\/\/ocaru.org.ec\/en\/seminario-las-comunas-hoy-identidad-y-conflicto\/\" \/>\n<meta property=\"og:site_name\" content=\"Ocaru\" \/>\n<meta property=\"article:publisher\" content=\"https:\/\/www.facebook.com\/Ocaruec\/\" \/>\n<meta property=\"article:published_time\" content=\"2014-03-10T03:57:14+00:00\" \/>\n<meta property=\"article:modified_time\" content=\"2023-11-14T04:02:39+00:00\" \/>\n<meta property=\"og:image\" content=\"https:\/\/ocaru.org.ec\/wp-content\/uploads\/2014\/03\/seminario123.jpg\" \/>\n\t<meta property=\"og:image:width\" content=\"855\" \/>\n\t<meta property=\"og:image:height\" content=\"600\" \/>\n\t<meta property=\"og:image:type\" content=\"image\/jpeg\" \/>\n<meta name=\"author\" content=\"Equipo OCARU\" \/>\n<script type=\"application\/ld+json\" class=\"yoast-schema-graph\">{\"@context\":\"https:\\\/\\\/schema.org\",\"@graph\":[{\"@type\":\"Article\",\"@id\":\"https:\\\/\\\/ocaru.org.ec\\\/seminario-las-comunas-hoy-identidad-y-conflicto\\\/#article\",\"isPartOf\":{\"@id\":\"https:\\\/\\\/ocaru.org.ec\\\/seminario-las-comunas-hoy-identidad-y-conflicto\\\/\"},\"author\":{\"name\":\"Equipo OCARU\",\"@id\":\"https:\\\/\\\/ocaru.org.ec\\\/#\\\/schema\\\/person\\\/90b45d0b1a5b0e27ed66ebbfcdeb3b7f\"},\"headline\":\"Seminario Las Comunas hoy \u2013 Identidad y Conflicto\",\"datePublished\":\"2014-03-10T03:57:14+00:00\",\"dateModified\":\"2023-11-14T04:02:39+00:00\",\"mainEntityOfPage\":{\"@id\":\"https:\\\/\\\/ocaru.org.ec\\\/seminario-las-comunas-hoy-identidad-y-conflicto\\\/\"},\"wordCount\":512,\"publisher\":{\"@id\":\"https:\\\/\\\/ocaru.org.ec\\\/#organization\"},\"image\":{\"@id\":\"https:\\\/\\\/ocaru.org.ec\\\/seminario-las-comunas-hoy-identidad-y-conflicto\\\/#primaryimage\"},\"thumbnailUrl\":\"https:\\\/\\\/ocaru.org.ec\\\/wp-content\\\/uploads\\\/2014\\\/03\\\/seminario123.jpg\",\"keywords\":[\"Noticias Rotativas\"],\"articleSection\":[\"Actualidad\"],\"inLanguage\":\"en-US\"},{\"@type\":\"WebPage\",\"@id\":\"https:\\\/\\\/ocaru.org.ec\\\/seminario-las-comunas-hoy-identidad-y-conflicto\\\/\",\"url\":\"https:\\\/\\\/ocaru.org.ec\\\/seminario-las-comunas-hoy-identidad-y-conflicto\\\/\",\"name\":\"Seminario Las Comunas hoy \u2013 Identidad y Conflicto - Ocaru\",\"isPartOf\":{\"@id\":\"https:\\\/\\\/ocaru.org.ec\\\/#website\"},\"primaryImageOfPage\":{\"@id\":\"https:\\\/\\\/ocaru.org.ec\\\/seminario-las-comunas-hoy-identidad-y-conflicto\\\/#primaryimage\"},\"image\":{\"@id\":\"https:\\\/\\\/ocaru.org.ec\\\/seminario-las-comunas-hoy-identidad-y-conflicto\\\/#primaryimage\"},\"thumbnailUrl\":\"https:\\\/\\\/ocaru.org.ec\\\/wp-content\\\/uploads\\\/2014\\\/03\\\/seminario123.jpg\",\"datePublished\":\"2014-03-10T03:57:14+00:00\",\"dateModified\":\"2023-11-14T04:02:39+00:00\",\"breadcrumb\":{\"@id\":\"https:\\\/\\\/ocaru.org.ec\\\/seminario-las-comunas-hoy-identidad-y-conflicto\\\/#breadcrumb\"},\"inLanguage\":\"en-US\",\"potentialAction\":[{\"@type\":\"ReadAction\",\"target\":[\"https:\\\/\\\/ocaru.org.ec\\\/seminario-las-comunas-hoy-identidad-y-conflicto\\\/\"]}]},{\"@type\":\"ImageObject\",\"inLanguage\":\"en-US\",\"@id\":\"https:\\\/\\\/ocaru.org.ec\\\/seminario-las-comunas-hoy-identidad-y-conflicto\\\/#primaryimage\",\"url\":\"https:\\\/\\\/ocaru.org.ec\\\/wp-content\\\/uploads\\\/2014\\\/03\\\/seminario123.jpg\",\"contentUrl\":\"https:\\\/\\\/ocaru.org.ec\\\/wp-content\\\/uploads\\\/2014\\\/03\\\/seminario123.jpg\",\"width\":855,\"height\":600},{\"@type\":\"BreadcrumbList\",\"@id\":\"https:\\\/\\\/ocaru.org.ec\\\/seminario-las-comunas-hoy-identidad-y-conflicto\\\/#breadcrumb\",\"itemListElement\":[{\"@type\":\"ListItem\",\"position\":1,\"name\":\"Portada\",\"item\":\"https:\\\/\\\/ocaru.org.ec\\\/\"},{\"@type\":\"ListItem\",\"position\":2,\"name\":\"Seminario Las Comunas hoy \u2013 Identidad y Conflicto\"}]},{\"@type\":\"WebSite\",\"@id\":\"https:\\\/\\\/ocaru.org.ec\\\/#website\",\"url\":\"https:\\\/\\\/ocaru.org.ec\\\/\",\"name\":\"Ocaru\",\"description\":\"Observatorio del Cambio Rural\",\"publisher\":{\"@id\":\"https:\\\/\\\/ocaru.org.ec\\\/#organization\"},\"potentialAction\":[{\"@type\":\"SearchAction\",\"target\":{\"@type\":\"EntryPoint\",\"urlTemplate\":\"https:\\\/\\\/ocaru.org.ec\\\/?s={search_term_string}\"},\"query-input\":{\"@type\":\"PropertyValueSpecification\",\"valueRequired\":true,\"valueName\":\"search_term_string\"}}],\"inLanguage\":\"en-US\"},{\"@type\":\"Organization\",\"@id\":\"https:\\\/\\\/ocaru.org.ec\\\/#organization\",\"name\":\"Ocaru\",\"url\":\"https:\\\/\\\/ocaru.org.ec\\\/\",\"logo\":{\"@type\":\"ImageObject\",\"inLanguage\":\"en-US\",\"@id\":\"https:\\\/\\\/ocaru.org.ec\\\/#\\\/schema\\\/logo\\\/image\\\/\",\"url\":\"https:\\\/\\\/ocaru.org.ec\\\/wp-content\\\/uploads\\\/2026\\\/02\\\/Logo-150-x-150-1.jpg\",\"contentUrl\":\"https:\\\/\\\/ocaru.org.ec\\\/wp-content\\\/uploads\\\/2026\\\/02\\\/Logo-150-x-150-1.jpg\",\"width\":150,\"height\":150,\"caption\":\"Ocaru\"},\"image\":{\"@id\":\"https:\\\/\\\/ocaru.org.ec\\\/#\\\/schema\\\/logo\\\/image\\\/\"},\"sameAs\":[\"https:\\\/\\\/www.facebook.com\\\/Ocaruec\\\/\",\"https:\\\/\\\/x.com\\\/OCARUEc\",\"https:\\\/\\\/www.instagram.com\\\/ocaru_ecuador\\\/\",\"https:\\\/\\\/www.youtube.com\\\/user\\\/CambioRuralEC\"]},{\"@type\":\"Person\",\"@id\":\"https:\\\/\\\/ocaru.org.ec\\\/#\\\/schema\\\/person\\\/90b45d0b1a5b0e27ed66ebbfcdeb3b7f\",\"name\":\"Equipo OCARU\",\"image\":{\"@type\":\"ImageObject\",\"inLanguage\":\"en-US\",\"@id\":\"https:\\\/\\\/secure.gravatar.com\\\/avatar\\\/6fc8d9021cfef3848dc756028babfce4b172a5cdf3ddaf65c90537c341847bba?s=96&d=mm&r=g\",\"url\":\"https:\\\/\\\/secure.gravatar.com\\\/avatar\\\/6fc8d9021cfef3848dc756028babfce4b172a5cdf3ddaf65c90537c341847bba?s=96&d=mm&r=g\",\"contentUrl\":\"https:\\\/\\\/secure.gravatar.com\\\/avatar\\\/6fc8d9021cfef3848dc756028babfce4b172a5cdf3ddaf65c90537c341847bba?s=96&d=mm&r=g\",\"caption\":\"Equipo OCARU\"},\"url\":\"https:\\\/\\\/ocaru.org.ec\\\/en\\\/author\\\/equipo-ocaru\\\/\"}]}<\/script>\n<!-- \/ Yoast SEO Premium plugin. -->","yoast_head_json":{"title":"Seminario Las Comunas hoy \u2013 Identidad y Conflicto - Ocaru","robots":{"index":"index","follow":"follow","max-snippet":"max-snippet:-1","max-image-preview":"max-image-preview:large","max-video-preview":"max-video-preview:-1"},"canonical":"https:\/\/ocaru.org.ec\/en\/seminario-las-comunas-hoy-identidad-y-conflicto\/","og_locale":"en_US","og_type":"article","og_title":"Seminario Las Comunas hoy \u2013 Identidad y Conflicto","og_description":"El Jueves, 6 de Marzo, se realiz\u00f3 el Seminario \u00abLas Comunas hoy \u2013 Identidad y Conflicto\u00bb en la Biblioteca de la FLACSO Ecuador.","og_url":"https:\/\/ocaru.org.ec\/en\/seminario-las-comunas-hoy-identidad-y-conflicto\/","og_site_name":"Ocaru","article_publisher":"https:\/\/www.facebook.com\/Ocaruec\/","article_published_time":"2014-03-10T03:57:14+00:00","article_modified_time":"2023-11-14T04:02:39+00:00","og_image":[{"width":855,"height":600,"url":"https:\/\/ocaru.org.ec\/wp-content\/uploads\/2014\/03\/seminario123.jpg","type":"image\/jpeg"}],"author":"Equipo OCARU","schema":{"@context":"https:\/\/schema.org","@graph":[{"@type":"Article","@id":"https:\/\/ocaru.org.ec\/seminario-las-comunas-hoy-identidad-y-conflicto\/#article","isPartOf":{"@id":"https:\/\/ocaru.org.ec\/seminario-las-comunas-hoy-identidad-y-conflicto\/"},"author":{"name":"Equipo OCARU","@id":"https:\/\/ocaru.org.ec\/#\/schema\/person\/90b45d0b1a5b0e27ed66ebbfcdeb3b7f"},"headline":"Seminario Las Comunas hoy \u2013 Identidad y Conflicto","datePublished":"2014-03-10T03:57:14+00:00","dateModified":"2023-11-14T04:02:39+00:00","mainEntityOfPage":{"@id":"https:\/\/ocaru.org.ec\/seminario-las-comunas-hoy-identidad-y-conflicto\/"},"wordCount":512,"publisher":{"@id":"https:\/\/ocaru.org.ec\/#organization"},"image":{"@id":"https:\/\/ocaru.org.ec\/seminario-las-comunas-hoy-identidad-y-conflicto\/#primaryimage"},"thumbnailUrl":"https:\/\/ocaru.org.ec\/wp-content\/uploads\/2014\/03\/seminario123.jpg","keywords":["Noticias Rotativas"],"articleSection":["Actualidad"],"inLanguage":"en-US"},{"@type":"WebPage","@id":"https:\/\/ocaru.org.ec\/seminario-las-comunas-hoy-identidad-y-conflicto\/","url":"https:\/\/ocaru.org.ec\/seminario-las-comunas-hoy-identidad-y-conflicto\/","name":"Seminario Las Comunas hoy \u2013 Identidad y Conflicto - Ocaru","isPartOf":{"@id":"https:\/\/ocaru.org.ec\/#website"},"primaryImageOfPage":{"@id":"https:\/\/ocaru.org.ec\/seminario-las-comunas-hoy-identidad-y-conflicto\/#primaryimage"},"image":{"@id":"https:\/\/ocaru.org.ec\/seminario-las-comunas-hoy-identidad-y-conflicto\/#primaryimage"},"thumbnailUrl":"https:\/\/ocaru.org.ec\/wp-content\/uploads\/2014\/03\/seminario123.jpg","datePublished":"2014-03-10T03:57:14+00:00","dateModified":"2023-11-14T04:02:39+00:00","breadcrumb":{"@id":"https:\/\/ocaru.org.ec\/seminario-las-comunas-hoy-identidad-y-conflicto\/#breadcrumb"},"inLanguage":"en-US","potentialAction":[{"@type":"ReadAction","target":["https:\/\/ocaru.org.ec\/seminario-las-comunas-hoy-identidad-y-conflicto\/"]}]},{"@type":"ImageObject","inLanguage":"en-US","@id":"https:\/\/ocaru.org.ec\/seminario-las-comunas-hoy-identidad-y-conflicto\/#primaryimage","url":"https:\/\/ocaru.org.ec\/wp-content\/uploads\/2014\/03\/seminario123.jpg","contentUrl":"https:\/\/ocaru.org.ec\/wp-content\/uploads\/2014\/03\/seminario123.jpg","width":855,"height":600},{"@type":"BreadcrumbList","@id":"https:\/\/ocaru.org.ec\/seminario-las-comunas-hoy-identidad-y-conflicto\/#breadcrumb","itemListElement":[{"@type":"ListItem","position":1,"name":"Portada","item":"https:\/\/ocaru.org.ec\/"},{"@type":"ListItem","position":2,"name":"Seminario Las Comunas hoy \u2013 Identidad y Conflicto"}]},{"@type":"WebSite","@id":"https:\/\/ocaru.org.ec\/#website","url":"https:\/\/ocaru.org.ec\/","name":"Ocaru","description":"Observatorio del Cambio Rural","publisher":{"@id":"https:\/\/ocaru.org.ec\/#organization"},"potentialAction":[{"@type":"SearchAction","target":{"@type":"EntryPoint","urlTemplate":"https:\/\/ocaru.org.ec\/?s={search_term_string}"},"query-input":{"@type":"PropertyValueSpecification","valueRequired":true,"valueName":"search_term_string"}}],"inLanguage":"en-US"},{"@type":"Organization","@id":"https:\/\/ocaru.org.ec\/#organization","name":"Ocaru","url":"https:\/\/ocaru.org.ec\/","logo":{"@type":"ImageObject","inLanguage":"en-US","@id":"https:\/\/ocaru.org.ec\/#\/schema\/logo\/image\/","url":"https:\/\/ocaru.org.ec\/wp-content\/uploads\/2026\/02\/Logo-150-x-150-1.jpg","contentUrl":"https:\/\/ocaru.org.ec\/wp-content\/uploads\/2026\/02\/Logo-150-x-150-1.jpg","width":150,"height":150,"caption":"Ocaru"},"image":{"@id":"https:\/\/ocaru.org.ec\/#\/schema\/logo\/image\/"},"sameAs":["https:\/\/www.facebook.com\/Ocaruec\/","https:\/\/x.com\/OCARUEc","https:\/\/www.instagram.com\/ocaru_ecuador\/","https:\/\/www.youtube.com\/user\/CambioRuralEC"]},{"@type":"Person","@id":"https:\/\/ocaru.org.ec\/#\/schema\/person\/90b45d0b1a5b0e27ed66ebbfcdeb3b7f","name":"Equipo OCARU","image":{"@type":"ImageObject","inLanguage":"en-US","@id":"https:\/\/secure.gravatar.com\/avatar\/6fc8d9021cfef3848dc756028babfce4b172a5cdf3ddaf65c90537c341847bba?s=96&d=mm&r=g","url":"https:\/\/secure.gravatar.com\/avatar\/6fc8d9021cfef3848dc756028babfce4b172a5cdf3ddaf65c90537c341847bba?s=96&d=mm&r=g","contentUrl":"https:\/\/secure.gravatar.com\/avatar\/6fc8d9021cfef3848dc756028babfce4b172a5cdf3ddaf65c90537c341847bba?s=96&d=mm&r=g","caption":"Equipo OCARU"},"url":"https:\/\/ocaru.org.ec\/en\/author\/equipo-ocaru\/"}]}},"_links":{"self":[{"href":"https:\/\/ocaru.org.ec\/en\/wp-json\/wp\/v2\/posts\/14749","targetHints":{"allow":["GET"]}}],"collection":[{"href":"https:\/\/ocaru.org.ec\/en\/wp-json\/wp\/v2\/posts"}],"about":[{"href":"https:\/\/ocaru.org.ec\/en\/wp-json\/wp\/v2\/types\/post"}],"author":[{"embeddable":true,"href":"https:\/\/ocaru.org.ec\/en\/wp-json\/wp\/v2\/users\/15"}],"replies":[{"embeddable":true,"href":"https:\/\/ocaru.org.ec\/en\/wp-json\/wp\/v2\/comments?post=14749"}],"version-history":[{"count":5,"href":"https:\/\/ocaru.org.ec\/en\/wp-json\/wp\/v2\/posts\/14749\/revisions"}],"predecessor-version":[{"id":14755,"href":"https:\/\/ocaru.org.ec\/en\/wp-json\/wp\/v2\/posts\/14749\/revisions\/14755"}],"wp:featuredmedia":[{"embeddable":true,"href":"https:\/\/ocaru.org.ec\/en\/wp-json\/wp\/v2\/media\/14751"}],"wp:attachment":[{"href":"https:\/\/ocaru.org.ec\/en\/wp-json\/wp\/v2\/media?parent=14749"}],"wp:term":[{"taxonomy":"category","embeddable":true,"href":"https:\/\/ocaru.org.ec\/en\/wp-json\/wp\/v2\/categories?post=14749"},{"taxonomy":"post_tag","embeddable":true,"href":"https:\/\/ocaru.org.ec\/en\/wp-json\/wp\/v2\/tags?post=14749"}],"curies":[{"name":"wp","href":"https:\/\/api.w.org\/{rel}","templated":true}]}}