{"id":14122,"date":"2012-11-03T15:50:04","date_gmt":"2012-11-03T20:50:04","guid":{"rendered":"https:\/\/ocaru.org.ec\/?p=14122"},"modified":"2023-11-07T15:53:15","modified_gmt":"2023-11-07T20:53:15","slug":"campana-basta-de-violencia-contra-las-mujeres-de-la-via-campesina","status":"publish","type":"post","link":"https:\/\/ocaru.org.ec\/en\/campana-basta-de-violencia-contra-las-mujeres-de-la-via-campesina\/","title":{"rendered":"Campa\u00f1a Basta de Violencia contra las mujeres de la V\u00eda Campesina"},"content":{"rendered":"<div data-elementor-type=\"wp-post\" data-elementor-id=\"14122\" class=\"elementor elementor-14122\" data-elementor-post-type=\"post\">\n\t\t\t\t\t\t<section class=\"elementor-section elementor-top-section elementor-element elementor-element-3a144bd elementor-section-boxed elementor-section-height-default elementor-section-height-default\" data-id=\"3a144bd\" data-element_type=\"section\" data-e-type=\"section\">\n\t\t\t\t\t\t<div class=\"elementor-container elementor-column-gap-default\">\n\t\t\t\t\t<div class=\"elementor-column elementor-col-50 elementor-top-column elementor-element elementor-element-f1a0c01\" data-id=\"f1a0c01\" data-element_type=\"column\" data-e-type=\"column\">\n\t\t\t<div class=\"elementor-widget-wrap elementor-element-populated\">\n\t\t\t\t\t\t<div class=\"elementor-element elementor-element-c79cca2 elementor-widget elementor-widget-image\" data-id=\"c79cca2\" data-element_type=\"widget\" data-e-type=\"widget\" data-widget_type=\"image.default\">\n\t\t\t\t<div class=\"elementor-widget-container\">\n\t\t\t\t\t\t\t\t\t\t\t\t\t\t\t<img fetchpriority=\"high\" decoding=\"async\" width=\"855\" height=\"600\" src=\"https:\/\/ocaru.org.ec\/wp-content\/uploads\/2023\/11\/mgr26.jpg\" class=\"attachment-large size-large wp-image-14124\" alt=\"\" srcset=\"https:\/\/ocaru.org.ec\/wp-content\/uploads\/2023\/11\/mgr26.jpg 855w, https:\/\/ocaru.org.ec\/wp-content\/uploads\/2023\/11\/mgr26-300x211.jpg 300w, https:\/\/ocaru.org.ec\/wp-content\/uploads\/2023\/11\/mgr26-768x539.jpg 768w, https:\/\/ocaru.org.ec\/wp-content\/uploads\/2023\/11\/mgr26-18x12.jpg 18w\" sizes=\"(max-width: 855px) 100vw, 855px\" \/>\t\t\t\t\t\t\t\t\t\t\t\t\t\t\t<\/div>\n\t\t\t\t<\/div>\n\t\t\t\t\t<\/div>\n\t\t<\/div>\n\t\t\t\t<div class=\"elementor-column elementor-col-50 elementor-top-column elementor-element elementor-element-d0dd6b3\" data-id=\"d0dd6b3\" data-element_type=\"column\" data-e-type=\"column\">\n\t\t\t<div class=\"elementor-widget-wrap elementor-element-populated\">\n\t\t\t\t\t\t<div class=\"elementor-element elementor-element-76d4bf6 elementor-widget elementor-widget-text-editor\" data-id=\"76d4bf6\" data-element_type=\"widget\" data-e-type=\"widget\" data-widget_type=\"text-editor.default\">\n\t\t\t\t<div class=\"elementor-widget-container\">\n\t\t\t\t\t\t\t\t\t<p><strong>LA V\u00cdA CAMPESINA<\/strong><\/p><div class=\"itemIntroText\"><p>La V\u00eda Campesina pretende, a trav\u00e9s de esta cartilla, proporcionar la reflexi\u00f3n y el debate sobre uno de los temas que, por desgracia, forma parte del cotidiano de las mujeres en cualquier parte del mundo: el fen\u00f3meno de la violencia contra las mujeres, sistem\u00e1ticamente silenciado, naturalizado e invisibilizado por una sociedad capitalista y patriarcal. Dando continuidad a la Campa\u00f1a Mundial Basta de Violencia contra las Mujeres, lanzado por La V\u00eda Campesina Internacional en 2008, este material sirve como insumo para los encuentros y procesos educativos relacionados con esta tem\u00e1tica, para fundamentar las acciones cotidianas, las luchas y las movilizaciones por el fin de la violencia contra las mujeres.<\/p><\/div>\t\t\t\t\t\t\t\t<\/div>\n\t\t\t\t<\/div>\n\t\t\t\t\t<\/div>\n\t\t<\/div>\n\t\t\t\t\t<\/div>\n\t\t<\/section>\n\t\t\t\t<section class=\"elementor-section elementor-top-section elementor-element elementor-element-3ea31da elementor-section-boxed elementor-section-height-default elementor-section-height-default\" data-id=\"3ea31da\" data-element_type=\"section\" data-e-type=\"section\">\n\t\t\t\t\t\t<div class=\"elementor-container elementor-column-gap-default\">\n\t\t\t\t\t<div class=\"elementor-column elementor-col-100 elementor-top-column elementor-element elementor-element-5946e06\" data-id=\"5946e06\" data-element_type=\"column\" data-e-type=\"column\">\n\t\t\t<div class=\"elementor-widget-wrap elementor-element-populated\">\n\t\t\t\t\t\t<div class=\"elementor-element elementor-element-6a6aeed elementor-widget elementor-widget-text-editor\" data-id=\"6a6aeed\" data-element_type=\"widget\" data-e-type=\"widget\" data-widget_type=\"text-editor.default\">\n\t\t\t\t<div class=\"elementor-widget-container\">\n\t\t\t\t\t\t\t\t\t<p>La violencia contra las mujeres es un fen\u00f3meno mundial y atraviesa todas las clases sociales, generaciones y orientaciones sexuales, d\u00e1ndose tanto en mujeres que viven en las ciudades como en las que lo hacen en el campo. Esta realidad se materializa en datos formales, informales, en relatos de vida, confidencias, denuncias y reivindicaciones de los movimientos y organizaciones de mujeres y organizaciones mixtas del campo. \u00a1Esta es una realidad que no puede seguir siendo silenciada!<\/p><p>Sabemos que este silenciamento y la consecuente ausencia de datos e informaciones conparten la responsabilidad por el silencio y la invisibilidad del sufrimiento atravesado en situaciones de abuso y violaci\u00f3n de derechos por las mujeres en todo el mundo. Este engranaje social se evidencia en las m\u00faltiples expresiones culturales que hegemonizan la dominaci\u00f3n del universo simb\u00f3lico, patriarcal y capitalista, en el contexto hist\u00f3rico y actual.<\/p><p>Junto a la lucha por la tierra, por la no criminalizaci\u00f3nde los movimientos sociales y contra las transnacionales, es necesario exclamar un \u201c\u00a1basta!\u201d a la violencia contra las mujeres, concretada a trav\u00e9s de la invasi\u00f3n de sus cuerpos, subjetividad y bienes sociales, culturales y simb\u00f3licos.<\/p><p>Ante esto, es necesario avanzar en las formas de enfrentar esta realidad como movimientos y colectivos de mujeres campesinas y organizaciones del campo que componen La V\u00eda Campesina.<\/p><p><span class=\"itemExtraFieldsLabel\"><strong>Fuente:<\/strong> https:\/\/viacampesina.org\/es\/wp-content\/uploads\/sites\/3\/2012\/11\/Cartilha-VCSudame%CC%81rica-espanhol-04set12.pdf<\/span><\/p>\t\t\t\t\t\t\t\t<\/div>\n\t\t\t\t<\/div>\n\t\t\t\t\t<\/div>\n\t\t<\/div>\n\t\t\t\t\t<\/div>\n\t\t<\/section>\n\t\t\t\t<section class=\"elementor-section elementor-top-section elementor-element elementor-element-7cc07d6 elementor-section-boxed elementor-section-height-default elementor-section-height-default\" data-id=\"7cc07d6\" data-element_type=\"section\" data-e-type=\"section\">\n\t\t\t\t\t\t<div class=\"elementor-container elementor-column-gap-default\">\n\t\t\t\t\t<div class=\"elementor-column elementor-col-100 elementor-top-column elementor-element elementor-element-6158e3e\" data-id=\"6158e3e\" data-element_type=\"column\" data-e-type=\"column\">\n\t\t\t<div class=\"elementor-widget-wrap elementor-element-populated\">\n\t\t\t\t\t\t<div class=\"elementor-element elementor-element-b6b23b5 elementor-widget elementor-widget-global elementor-global-10318 elementor-widget-heading\" data-id=\"b6b23b5\" data-element_type=\"widget\" data-e-type=\"widget\" data-widget_type=\"heading.default\">\n\t\t\t\t<div class=\"elementor-widget-container\">\n\t\t\t\t\t<h4 class=\"elementor-heading-title elementor-size-default\">Te podr\u00eda interesar<\/h4>\t\t\t\t<\/div>\n\t\t\t\t<\/div>\n\t\t\t\t<div class=\"elementor-element elementor-element-0732c6b pp-card-slider-image-left pp-card-slider-dots-aside elementor-widget elementor-widget-global elementor-global-10922 elementor-widget-pp-card-slider\" data-id=\"0732c6b\" data-element_type=\"widget\" data-e-type=\"widget\" data-settings=\"{&quot;open_lightbox&quot;:&quot;default&quot;,&quot;pause_on_hover&quot;:&quot;yes&quot;}\" data-widget_type=\"pp-card-slider.default\">\n\t\t\t\t<div class=\"elementor-widget-container\">\n\t\t\t\t\t\t\t<div class=\"pp-card-slider pp-swiper-slider\" data-slider-settings=\"{&quot;effect&quot;:&quot;fade&quot;,&quot;speed&quot;:500,&quot;slides_per_view&quot;:1,&quot;auto_height&quot;:false,&quot;loop&quot;:&quot;yes&quot;,&quot;autoplay&quot;:&quot;yes&quot;,&quot;autoplay_speed&quot;:3000,&quot;pause_on_interaction&quot;:false,&quot;keyboard&quot;:&quot;yes&quot;,&quot;pagination&quot;:&quot;bullets&quot;}\">\n\t\t\t<div class=\"swiper-wrapper\">\n\t\t\t\t\t\t\t\t<div class=\"pp-card-slider-item swiper-slide pp-card-slider-item-0\">\n\t\t\t\t\t\t\t\t\t\t\t\t\t<div class=\"pp-card-slider-image\">\n\t\t\t\t<a data-elementor-open-lightbox=\"yes\" data-elementor-lightbox-slideshow=\"0732c6b\" data-elementor-lightbox-title=\"Captura de pantalla 2025-08-28 a la(s) 12.32.17\u202fp.\u00a0m.\" data-e-action-hash=\"#elementor-action%3Aaction%3Dlightbox%26settings%3DeyJpZCI6MTk0OTIsInVybCI6Imh0dHBzOlwvXC9vY2FydS5vcmcuZWNcL3dwLWNvbnRlbnRcL3VwbG9hZHNcLzIwMjVcLzA4XC9DYXB0dXJhLWRlLXBhbnRhbGxhLTIwMjUtMDgtMjgtYS1sYXMtMTIuMzIuMTctcC4tbS5wbmciLCJzbGlkZXNob3ciOiIwNzMyYzZiIn0%3D\" href=\"https:\/\/ocaru.org.ec\/wp-content\/uploads\/2025\/08\/Captura-de-pantalla-2025-08-28-a-las-12.32.17-p.-m-768x506.png\"><img decoding=\"async\" src=\"https:\/\/ocaru.org.ec\/wp-content\/uploads\/2025\/08\/Captura-de-pantalla-2025-08-28-a-las-12.32.17-p.-m-768x506.png\" alt=\"\"><\/a>\t\t\t<\/div>\n\t\t\t\t\t\t\t\t<div class=\"pp-card-slider-content-wrap\">\n\t\t\t\t\t\t\t\t\t<div class=\"pp-card-slider-date\">\n\t\t\t\t\t\t\t\t\t<span class=\"pp-card-slider-meta-icon pp-icon\">\n\t\t\t\t\t\t<i aria-hidden=\"true\" class=\"fas fa-calendar-alt\"><\/i>\t\t\t\t\t<\/span>\n\t\t\t\t\t\t\t\t<span class=\"pp-card-slider-meta-text\">\n\t\t\t\t\tAugust 28, 2025\t\t\t\t<\/span>\n\t\t\t<\/div>\n\t\t\t\t\t\t\t\t\t\t\t\t\t\t\t\t<h2 class=\"pp-card-slider-title\">\n\t\t\t\t\t\t\t\t<a href=\"https:\/\/ocaru.org.ec\/en\/nuevo-libro-agriculturas-familiares-campesinas-en-los-andes-entre-las-multiples-crisis-y-la-transformacion\/\"><font size=\"6\">Nuevo libro: &#8220;Agriculturas familiares campesinas en los Andes: Entre las m\u00faltiples crisis y la transformaci\u00f3n&#8221;<\/font><\/a>\t\t\t\t\t\t\t<\/h2>\n\t\t\t\t\t\t\n\t\t\t\t\t\t\t\t\t<div class=\"pp-card-slider-meta\">\n\t\t\t\t\t\t\t\t\t<span class=\"pp-content-author\">\n\t\t\t\t\t\t\t\t\t\t\t\t\t<span class=\"pp-card-slider-meta-icon pp-icon\">\n\t\t\t\t\t\t\t\t<i aria-hidden=\"true\" class=\"fas fa-user\"><\/i>\t\t\t\t\t\t\t<\/span>\n\t\t\t\t\t\t\t\t\t\t\t\t<span class=\"pp-card-slider-meta-text\">\n\t\t\t\t\t\t\tEquipo OCARU\t\t\t\t\t\t<\/span>\n\t\t\t\t\t<\/span>\n\t\t\t\t  \n\t\t\t\t\t\t\t\t\t<span class=\"pp-post-category\">\n\t\t\t\t\t\t\t\t\t\t\t\t\t<span class=\"pp-card-slider-meta-icon pp-icon\">\n\t\t\t\t\t\t\t\t<i aria-hidden=\"true\" class=\"fas fa-folder-open\"><\/i>\t\t\t\t\t\t\t<\/span>\n\t\t\t\t\t\t\t\t\t\t\t\t<span class=\"pp-card-slider-meta-text\">\n\t\t\t\t\t\t\tInvestigaciones\t\t\t\t\t\t<\/span>\n\t\t\t\t\t<\/span>\n\t\t\t\t  \n\t\t\t<\/div>\n\t\t\t\n\t\t\t\t\t\t\t\t\t\t\t\t\t\t\t\t\t<\/div>\n\t\t\t\t<\/div>\n\t\t\t\t\t\t\t\t<div class=\"pp-card-slider-item swiper-slide pp-card-slider-item-1\">\n\t\t\t\t\t\t\t\t\t\t\t\t\t<div class=\"pp-card-slider-image\">\n\t\t\t\t<a data-elementor-open-lightbox=\"yes\" data-elementor-lightbox-slideshow=\"0732c6b\" data-elementor-lightbox-title=\"img\" data-e-action-hash=\"#elementor-action%3Aaction%3Dlightbox%26settings%3DeyJpZCI6MTg3MDIsInVybCI6Imh0dHBzOlwvXC9vY2FydS5vcmcuZWNcL3dwLWNvbnRlbnRcL3VwbG9hZHNcLzIwMjVcLzAzXC9pbWcuanBnIiwic2xpZGVzaG93IjoiMDczMmM2YiJ9\" href=\"https:\/\/ocaru.org.ec\/wp-content\/uploads\/2025\/03\/img.jpg\"><img decoding=\"async\" src=\"https:\/\/ocaru.org.ec\/wp-content\/uploads\/2025\/03\/img.jpg\" alt=\"\"><\/a>\t\t\t<\/div>\n\t\t\t\t\t\t\t\t<div class=\"pp-card-slider-content-wrap\">\n\t\t\t\t\t\t\t\t\t<div class=\"pp-card-slider-date\">\n\t\t\t\t\t\t\t\t\t<span class=\"pp-card-slider-meta-icon pp-icon\">\n\t\t\t\t\t\t<i aria-hidden=\"true\" class=\"fas fa-calendar-alt\"><\/i>\t\t\t\t\t<\/span>\n\t\t\t\t\t\t\t\t<span class=\"pp-card-slider-meta-text\">\n\t\t\t\t\tMarch 27, 2025\t\t\t\t<\/span>\n\t\t\t<\/div>\n\t\t\t\t\t\t\t\t\t\t\t\t\t\t\t\t<h2 class=\"pp-card-slider-title\">\n\t\t\t\t\t\t\t\t<a href=\"https:\/\/ocaru.org.ec\/en\/edicion-especial-desgranando-cifras-cual-es-la-realidad-actual-del-agro-en-medio-del-silencio-de-las-candidaturas-presidenciales-en-estas-elecciones-2025\/\">Edici\u00f3n Especial Desgranando Cifras <br> \u00bfCu\u00e1l es la realidad del agro de cara a estas elecciones 2025?<\/a>\t\t\t\t\t\t\t<\/h2>\n\t\t\t\t\t\t\n\t\t\t\t\t\t\t\t\t<div class=\"pp-card-slider-meta\">\n\t\t\t\t\t\t\t\t\t<span class=\"pp-content-author\">\n\t\t\t\t\t\t\t\t\t\t\t\t\t<span class=\"pp-card-slider-meta-icon pp-icon\">\n\t\t\t\t\t\t\t\t<i aria-hidden=\"true\" class=\"fas fa-user\"><\/i>\t\t\t\t\t\t\t<\/span>\n\t\t\t\t\t\t\t\t\t\t\t\t<span class=\"pp-card-slider-meta-text\">\n\t\t\t\t\t\t\tEquipo OCARU\t\t\t\t\t\t<\/span>\n\t\t\t\t\t<\/span>\n\t\t\t\t  \n\t\t\t\t\t\t\t\t\t<span class=\"pp-post-category\">\n\t\t\t\t\t\t\t\t\t\t\t\t\t<span class=\"pp-card-slider-meta-icon pp-icon\">\n\t\t\t\t\t\t\t\t<i aria-hidden=\"true\" class=\"fas fa-folder-open\"><\/i>\t\t\t\t\t\t\t<\/span>\n\t\t\t\t\t\t\t\t\t\t\t\t<span class=\"pp-card-slider-meta-text\">\n\t\t\t\t\t\t\tInvestigaciones\t\t\t\t\t\t<\/span>\n\t\t\t\t\t<\/span>\n\t\t\t\t  \n\t\t\t<\/div>\n\t\t\t\n\t\t\t\t\t\t\t\t\t\t\t\t\t\t\t\t\t<\/div>\n\t\t\t\t<\/div>\n\t\t\t\t\t\t\t\t<div class=\"pp-card-slider-item swiper-slide pp-card-slider-item-2\">\n\t\t\t\t\t\t\t\t\t\t\t\t\t<div class=\"pp-card-slider-image\">\n\t\t\t\t<a data-elementor-open-lightbox=\"yes\" data-elementor-lightbox-slideshow=\"0732c6b\" data-elementor-lightbox-title=\"Captura de Pantalla 2025-01-09 a la(s) 11.48.09\" data-e-action-hash=\"#elementor-action%3Aaction%3Dlightbox%26settings%3DeyJpZCI6MTgzOTIsInVybCI6Imh0dHBzOlwvXC9vY2FydS5vcmcuZWNcL3dwLWNvbnRlbnRcL3VwbG9hZHNcLzIwMjVcLzAxXC9DYXB0dXJhLWRlLVBhbnRhbGxhLTIwMjUtMDEtMDktYS1sYXMtMTEuNDguMDktMS5wbmciLCJzbGlkZXNob3ciOiIwNzMyYzZiIn0%3D\" href=\"https:\/\/ocaru.org.ec\/wp-content\/uploads\/2025\/01\/Captura-de-Pantalla-2025-01-09-a-las-11.48.09-1-768x524.png\"><img decoding=\"async\" src=\"https:\/\/ocaru.org.ec\/wp-content\/uploads\/2025\/01\/Captura-de-Pantalla-2025-01-09-a-las-11.48.09-1-768x524.png\" alt=\"\"><\/a>\t\t\t<\/div>\n\t\t\t\t\t\t\t\t<div class=\"pp-card-slider-content-wrap\">\n\t\t\t\t\t\t\t\t\t<div class=\"pp-card-slider-date\">\n\t\t\t\t\t\t\t\t\t<span class=\"pp-card-slider-meta-icon pp-icon\">\n\t\t\t\t\t\t<i aria-hidden=\"true\" class=\"fas fa-calendar-alt\"><\/i>\t\t\t\t\t<\/span>\n\t\t\t\t\t\t\t\t<span class=\"pp-card-slider-meta-text\">\n\t\t\t\t\tJanuary 9, 2025\t\t\t\t<\/span>\n\t\t\t<\/div>\n\t\t\t\t\t\t\t\t\t\t\t\t\t\t\t\t<h2 class=\"pp-card-slider-title\">\n\t\t\t\t\t\t\t\t<a href=\"https:\/\/ocaru.org.ec\/en\/por-que-quienes-nos-alimentan-padecen-hambre-el-avance-silencioso-de-una-crisis-agroalimentaria-en-ecuador\/\">\u00bfPor qu\u00e9 quienes nos alimentan padecen hambre?: <br> El avance silencioso de una crisis agroalimentaria en Ecuador<\/a>\t\t\t\t\t\t\t<\/h2>\n\t\t\t\t\t\t\n\t\t\t\t\t\t\t\t\t<div class=\"pp-card-slider-meta\">\n\t\t\t\t\t\t\t\t\t<span class=\"pp-content-author\">\n\t\t\t\t\t\t\t\t\t\t\t\t\t<span class=\"pp-card-slider-meta-icon pp-icon\">\n\t\t\t\t\t\t\t\t<i aria-hidden=\"true\" class=\"fas fa-user\"><\/i>\t\t\t\t\t\t\t<\/span>\n\t\t\t\t\t\t\t\t\t\t\t\t<span class=\"pp-card-slider-meta-text\">\n\t\t\t\t\t\t\tEquipo OCARU\t\t\t\t\t\t<\/span>\n\t\t\t\t\t<\/span>\n\t\t\t\t  \n\t\t\t\t\t\t\t\t\t<span class=\"pp-post-category\">\n\t\t\t\t\t\t\t\t\t\t\t\t\t<span class=\"pp-card-slider-meta-icon pp-icon\">\n\t\t\t\t\t\t\t\t<i aria-hidden=\"true\" class=\"fas fa-folder-open\"><\/i>\t\t\t\t\t\t\t<\/span>\n\t\t\t\t\t\t\t\t\t\t\t\t<span class=\"pp-card-slider-meta-text\">\n\t\t\t\t\t\t\tInvestigaciones\t\t\t\t\t\t<\/span>\n\t\t\t\t\t<\/span>\n\t\t\t\t  \n\t\t\t<\/div>\n\t\t\t\n\t\t\t\t\t\t\t\t\t\t\t\t\t\t\t\t\t<\/div>\n\t\t\t\t<\/div>\n\t\t\t\t\t\t\t\t<div class=\"pp-card-slider-item swiper-slide pp-card-slider-item-3\">\n\t\t\t\t\t\t\t\t\t\t\t\t\t<div class=\"pp-card-slider-image\">\n\t\t\t\t<a data-elementor-open-lightbox=\"yes\" data-elementor-lightbox-slideshow=\"0732c6b\" data-elementor-lightbox-title=\"Captura de Pantalla 2024-08-19 a la(s) 19.24.02\" data-e-action-hash=\"#elementor-action%3Aaction%3Dlightbox%26settings%3DeyJpZCI6MTc0NDMsInVybCI6Imh0dHBzOlwvXC9vY2FydS5vcmcuZWNcL3dwLWNvbnRlbnRcL3VwbG9hZHNcLzIwMjRcLzA4XC9DYXB0dXJhLWRlLVBhbnRhbGxhLTIwMjQtMDgtMTktYS1sYXMtMTkuMjQuMDIucG5nIiwic2xpZGVzaG93IjoiMDczMmM2YiJ9\" href=\"https:\/\/ocaru.org.ec\/wp-content\/uploads\/2024\/08\/Captura-de-Pantalla-2024-08-19-a-las-19.24.02-768x433.png\"><img decoding=\"async\" src=\"https:\/\/ocaru.org.ec\/wp-content\/uploads\/2024\/08\/Captura-de-Pantalla-2024-08-19-a-las-19.24.02-768x433.png\" alt=\"\"><\/a>\t\t\t<\/div>\n\t\t\t\t\t\t\t\t<div class=\"pp-card-slider-content-wrap\">\n\t\t\t\t\t\t\t\t\t<div class=\"pp-card-slider-date\">\n\t\t\t\t\t\t\t\t\t<span class=\"pp-card-slider-meta-icon pp-icon\">\n\t\t\t\t\t\t<i aria-hidden=\"true\" class=\"fas fa-calendar-alt\"><\/i>\t\t\t\t\t<\/span>\n\t\t\t\t\t\t\t\t<span class=\"pp-card-slider-meta-text\">\n\t\t\t\t\tAugust 19, 2024\t\t\t\t<\/span>\n\t\t\t<\/div>\n\t\t\t\t\t\t\t\t\t\t\t\t\t\t\t\t<h2 class=\"pp-card-slider-title\">\n\t\t\t\t\t\t\t\t<a href=\"https:\/\/ocaru.org.ec\/en\/ecuador-estudio-para-una-linea-base-para-la-implementacion-del-decenio-de-las-nnuu-de-la-agricultura-familiar-en-ecuador\/\">ECUADOR: Estudio para una l\u00ednea base para la implementaci\u00f3n del Decenio de las NNUU de la Agricultura Familiar en Ecuador<\/a>\t\t\t\t\t\t\t<\/h2>\n\t\t\t\t\t\t\n\t\t\t\t\t\t\t\t\t<div class=\"pp-card-slider-meta\">\n\t\t\t\t\t\t\t\t\t<span class=\"pp-content-author\">\n\t\t\t\t\t\t\t\t\t\t\t\t\t<span class=\"pp-card-slider-meta-icon pp-icon\">\n\t\t\t\t\t\t\t\t<i aria-hidden=\"true\" class=\"fas fa-user\"><\/i>\t\t\t\t\t\t\t<\/span>\n\t\t\t\t\t\t\t\t\t\t\t\t<span class=\"pp-card-slider-meta-text\">\n\t\t\t\t\t\t\tEquipo OCARU\t\t\t\t\t\t<\/span>\n\t\t\t\t\t<\/span>\n\t\t\t\t  \n\t\t\t\t\t\t\t\t\t<span class=\"pp-post-category\">\n\t\t\t\t\t\t\t\t\t\t\t\t\t<span class=\"pp-card-slider-meta-icon pp-icon\">\n\t\t\t\t\t\t\t\t<i aria-hidden=\"true\" class=\"fas fa-folder-open\"><\/i>\t\t\t\t\t\t\t<\/span>\n\t\t\t\t\t\t\t\t\t\t\t\t<span class=\"pp-card-slider-meta-text\">\n\t\t\t\t\t\t\tInvestigaciones\t\t\t\t\t\t<\/span>\n\t\t\t\t\t<\/span>\n\t\t\t\t  \n\t\t\t<\/div>\n\t\t\t\n\t\t\t\t\t\t\t\t\t\t\t\t\t\t\t\t\t<\/div>\n\t\t\t\t<\/div>\n\t\t\t\t\t\t\t\t<div class=\"pp-card-slider-item swiper-slide pp-card-slider-item-4\">\n\t\t\t\t\t\t\t\t\t\t\t\t\t<div class=\"pp-card-slider-image\">\n\t\t\t\t<a data-elementor-open-lightbox=\"yes\" data-elementor-lightbox-slideshow=\"0732c6b\" data-elementor-lightbox-title=\"Captura de Pantalla 2024-08-16 a la(s) 16.16.24\" data-e-action-hash=\"#elementor-action%3Aaction%3Dlightbox%26settings%3DeyJpZCI6MTczOTEsInVybCI6Imh0dHBzOlwvXC9vY2FydS5vcmcuZWNcL3dwLWNvbnRlbnRcL3VwbG9hZHNcLzIwMjRcLzA4XC9DYXB0dXJhLWRlLVBhbnRhbGxhLTIwMjQtMDgtMTYtYS1sYXMtMTYuMTYuMjQucG5nIiwic2xpZGVzaG93IjoiMDczMmM2YiJ9\" href=\"https:\/\/ocaru.org.ec\/wp-content\/uploads\/2024\/08\/Captura-de-Pantalla-2024-08-16-a-las-16.16.24-768x467.png\"><img decoding=\"async\" src=\"https:\/\/ocaru.org.ec\/wp-content\/uploads\/2024\/08\/Captura-de-Pantalla-2024-08-16-a-las-16.16.24-768x467.png\" alt=\"\"><\/a>\t\t\t<\/div>\n\t\t\t\t\t\t\t\t<div class=\"pp-card-slider-content-wrap\">\n\t\t\t\t\t\t\t\t\t<div class=\"pp-card-slider-date\">\n\t\t\t\t\t\t\t\t\t<span class=\"pp-card-slider-meta-icon pp-icon\">\n\t\t\t\t\t\t<i aria-hidden=\"true\" class=\"fas fa-calendar-alt\"><\/i>\t\t\t\t\t<\/span>\n\t\t\t\t\t\t\t\t<span class=\"pp-card-slider-meta-text\">\n\t\t\t\t\tAugust 16, 2024\t\t\t\t<\/span>\n\t\t\t<\/div>\n\t\t\t\t\t\t\t\t\t\t\t\t\t\t\t\t<h2 class=\"pp-card-slider-title\">\n\t\t\t\t\t\t\t\t<a href=\"https:\/\/ocaru.org.ec\/en\/repensando-las-agriculturas-familiares-en-el-sur-global-alternativas-para-enfrentar-la-catastrofe-alimentaria\/\">Repensando las agriculturas familiares en el Sur Global: Alternativas para enfrentar la cat\u00e1strofe alimentaria<\/a>\t\t\t\t\t\t\t<\/h2>\n\t\t\t\t\t\t\n\t\t\t\t\t\t\t\t\t<div class=\"pp-card-slider-meta\">\n\t\t\t\t\t\t\t\t\t<span class=\"pp-content-author\">\n\t\t\t\t\t\t\t\t\t\t\t\t\t<span class=\"pp-card-slider-meta-icon pp-icon\">\n\t\t\t\t\t\t\t\t<i aria-hidden=\"true\" class=\"fas fa-user\"><\/i>\t\t\t\t\t\t\t<\/span>\n\t\t\t\t\t\t\t\t\t\t\t\t<span class=\"pp-card-slider-meta-text\">\n\t\t\t\t\t\t\tEquipo OCARU\t\t\t\t\t\t<\/span>\n\t\t\t\t\t<\/span>\n\t\t\t\t  \n\t\t\t\t\t\t\t\t\t<span class=\"pp-post-category\">\n\t\t\t\t\t\t\t\t\t\t\t\t\t<span class=\"pp-card-slider-meta-icon pp-icon\">\n\t\t\t\t\t\t\t\t<i aria-hidden=\"true\" class=\"fas fa-folder-open\"><\/i>\t\t\t\t\t\t\t<\/span>\n\t\t\t\t\t\t\t\t\t\t\t\t<span class=\"pp-card-slider-meta-text\">\n\t\t\t\t\t\t\tInvestigaciones\t\t\t\t\t\t<\/span>\n\t\t\t\t\t<\/span>\n\t\t\t\t  \n\t\t\t<\/div>\n\t\t\t\n\t\t\t\t\t\t\t\t\t\t\t\t\t\t\t\t\t<\/div>\n\t\t\t\t<\/div>\n\t\t\t\t\t\t\t\t<div class=\"pp-card-slider-item swiper-slide pp-card-slider-item-5\">\n\t\t\t\t\t\t\t\t\t\t\t\t\t<div class=\"pp-card-slider-image\">\n\t\t\t\t<a data-elementor-open-lightbox=\"yes\" data-elementor-lightbox-slideshow=\"0732c6b\" data-e-action-hash=\"#elementor-action%3Aaction%3Dlightbox%26settings%3DeyJpZCI6MTA5MTMsInVybCI6Imh0dHBzOlwvXC9vY2FydS5vcmcuZWNcL3dwLWNvbnRlbnRcL3VwbG9hZHNcLzIwMjJcLzExXC9ub3RiMS5qcGciLCJzbGlkZXNob3ciOiIwNzMyYzZiIn0%3D\" href=\"https:\/\/ocaru.org.ec\/wp-content\/uploads\/2022\/11\/notb1-768x539.jpg\"><img decoding=\"async\" src=\"https:\/\/ocaru.org.ec\/wp-content\/uploads\/2022\/11\/notb1-768x539.jpg\" alt=\"\"><\/a>\t\t\t<\/div>\n\t\t\t\t\t\t\t\t<div class=\"pp-card-slider-content-wrap\">\n\t\t\t\t\t\t\t\t\t<div class=\"pp-card-slider-date\">\n\t\t\t\t\t\t\t\t\t<span class=\"pp-card-slider-meta-icon pp-icon\">\n\t\t\t\t\t\t<i aria-hidden=\"true\" class=\"fas fa-calendar-alt\"><\/i>\t\t\t\t\t<\/span>\n\t\t\t\t\t\t\t\t<span class=\"pp-card-slider-meta-text\">\n\t\t\t\t\tNovember 22, 2022\t\t\t\t<\/span>\n\t\t\t<\/div>\n\t\t\t\t\t\t\t\t\t\t\t\t\t\t\t\t<h2 class=\"pp-card-slider-title\">\n\t\t\t\t\t\t\t\t<a href=\"https:\/\/ocaru.org.ec\/en\/informe-2021-acceso-a-la-tierra-y-territorio-en-sudamerica\/\">Acceso a la tierra y territorio en Sudam\u00e9rica<\/a>\t\t\t\t\t\t\t<\/h2>\n\t\t\t\t\t\t\n\t\t\t\t\t\t\t\t\t<div class=\"pp-card-slider-meta\">\n\t\t\t\t\t\t\t\t\t<span class=\"pp-content-author\">\n\t\t\t\t\t\t\t\t\t\t\t\t\t<span class=\"pp-card-slider-meta-icon pp-icon\">\n\t\t\t\t\t\t\t\t<i aria-hidden=\"true\" class=\"fas fa-user\"><\/i>\t\t\t\t\t\t\t<\/span>\n\t\t\t\t\t\t\t\t\t\t\t\t<span class=\"pp-card-slider-meta-text\">\n\t\t\t\t\t\t\tVarios Autores\t\t\t\t\t\t<\/span>\n\t\t\t\t\t<\/span>\n\t\t\t\t  \n\t\t\t\t\t\t\t\t\t<span class=\"pp-post-category\">\n\t\t\t\t\t\t\t\t\t\t\t\t\t<span class=\"pp-card-slider-meta-icon pp-icon\">\n\t\t\t\t\t\t\t\t<i aria-hidden=\"true\" class=\"fas fa-folder-open\"><\/i>\t\t\t\t\t\t\t<\/span>\n\t\t\t\t\t\t\t\t\t\t\t\t<span class=\"pp-card-slider-meta-text\">\n\t\t\t\t\t\t\tInvestigaciones\t\t\t\t\t\t<\/span>\n\t\t\t\t\t<\/span>\n\t\t\t\t  \n\t\t\t<\/div>\n\t\t\t\n\t\t\t\t\t\t\t\t\t\t\t\t\t\t\t\t\t<\/div>\n\t\t\t\t<\/div>\n\t\t\t\t\t\t\t\t<div class=\"pp-card-slider-item swiper-slide pp-card-slider-item-6\">\n\t\t\t\t\t\t\t\t\t\t\t\t\t<div class=\"pp-card-slider-image\">\n\t\t\t\t<a data-elementor-open-lightbox=\"yes\" data-elementor-lightbox-slideshow=\"0732c6b\" data-elementor-lightbox-title=\"gal2\" data-e-action-hash=\"#elementor-action%3Aaction%3Dlightbox%26settings%3DeyJpZCI6MTI5ODMsInVybCI6Imh0dHBzOlwvXC9vY2FydS5vcmcuZWNcL3dwLWNvbnRlbnRcL3VwbG9hZHNcLzIwMjNcLzEwXC9nYWwyLmpwZyIsInNsaWRlc2hvdyI6IjA3MzJjNmIifQ%3D%3D\" href=\"https:\/\/ocaru.org.ec\/wp-content\/uploads\/2023\/10\/gal2-768x539.jpg\"><img decoding=\"async\" src=\"https:\/\/ocaru.org.ec\/wp-content\/uploads\/2023\/10\/gal2-768x539.jpg\" alt=\"\"><\/a>\t\t\t<\/div>\n\t\t\t\t\t\t\t\t<div class=\"pp-card-slider-content-wrap\">\n\t\t\t\t\t\t\t\t\t<div class=\"pp-card-slider-date\">\n\t\t\t\t\t\t\t\t\t<span class=\"pp-card-slider-meta-icon pp-icon\">\n\t\t\t\t\t\t<i aria-hidden=\"true\" class=\"fas fa-calendar-alt\"><\/i>\t\t\t\t\t<\/span>\n\t\t\t\t\t\t\t\t<span class=\"pp-card-slider-meta-text\">\n\t\t\t\t\tNovember 16, 2022\t\t\t\t<\/span>\n\t\t\t<\/div>\n\t\t\t\t\t\t\t\t\t\t\t\t\t\t\t\t<h2 class=\"pp-card-slider-title\">\n\t\t\t\t\t\t\t\t<a href=\"https:\/\/ocaru.org.ec\/en\/por-un-decenio-para-la-agricultura-familiar-campesina-comunitaria\/\">Por un Decenio para la Agricultura Familiar Campesina Comunitaria<\/a>\t\t\t\t\t\t\t<\/h2>\n\t\t\t\t\t\t\n\t\t\t\t\t\t\t\t\t<div class=\"pp-card-slider-meta\">\n\t\t\t\t\t\t\t\t\t<span class=\"pp-content-author\">\n\t\t\t\t\t\t\t\t\t\t\t\t\t<span class=\"pp-card-slider-meta-icon pp-icon\">\n\t\t\t\t\t\t\t\t<i aria-hidden=\"true\" class=\"fas fa-user\"><\/i>\t\t\t\t\t\t\t<\/span>\n\t\t\t\t\t\t\t\t\t\t\t\t<span class=\"pp-card-slider-meta-text\">\n\t\t\t\t\t\t\tVarios Autores\t\t\t\t\t\t<\/span>\n\t\t\t\t\t<\/span>\n\t\t\t\t  \n\t\t\t\t\t\t\t\t\t<span class=\"pp-post-category\">\n\t\t\t\t\t\t\t\t\t\t\t\t\t<span class=\"pp-card-slider-meta-icon pp-icon\">\n\t\t\t\t\t\t\t\t<i aria-hidden=\"true\" class=\"fas fa-folder-open\"><\/i>\t\t\t\t\t\t\t<\/span>\n\t\t\t\t\t\t\t\t\t\t\t\t<span class=\"pp-card-slider-meta-text\">\n\t\t\t\t\t\t\tInvestigaciones\t\t\t\t\t\t<\/span>\n\t\t\t\t\t<\/span>\n\t\t\t\t  \n\t\t\t<\/div>\n\t\t\t\n\t\t\t\t\t\t\t\t\t\t\t\t\t\t\t\t\t<\/div>\n\t\t\t\t<\/div>\n\t\t\t\t\t\t\t\t<div class=\"pp-card-slider-item swiper-slide pp-card-slider-item-7\">\n\t\t\t\t\t\t\t\t\t\t\t\t\t<div class=\"pp-card-slider-image\">\n\t\t\t\t<a data-elementor-open-lightbox=\"yes\" data-elementor-lightbox-slideshow=\"0732c6b\" data-elementor-lightbox-title=\"gal3\" data-e-action-hash=\"#elementor-action%3Aaction%3Dlightbox%26settings%3DeyJpZCI6MTI5OTEsInVybCI6Imh0dHBzOlwvXC9vY2FydS5vcmcuZWNcL3dwLWNvbnRlbnRcL3VwbG9hZHNcLzIwMjNcLzEwXC9nYWwzLmpwZyIsInNsaWRlc2hvdyI6IjA3MzJjNmIifQ%3D%3D\" href=\"https:\/\/ocaru.org.ec\/wp-content\/uploads\/2023\/10\/gal3-768x539.jpg\"><img decoding=\"async\" src=\"https:\/\/ocaru.org.ec\/wp-content\/uploads\/2023\/10\/gal3-768x539.jpg\" alt=\"\"><\/a>\t\t\t<\/div>\n\t\t\t\t\t\t\t\t<div class=\"pp-card-slider-content-wrap\">\n\t\t\t\t\t\t\t\t\t<div class=\"pp-card-slider-date\">\n\t\t\t\t\t\t\t\t\t<span class=\"pp-card-slider-meta-icon pp-icon\">\n\t\t\t\t\t\t<i aria-hidden=\"true\" class=\"fas fa-calendar-alt\"><\/i>\t\t\t\t\t<\/span>\n\t\t\t\t\t\t\t\t<span class=\"pp-card-slider-meta-text\">\n\t\t\t\t\tNovember 14, 2022\t\t\t\t<\/span>\n\t\t\t<\/div>\n\t\t\t\t\t\t\t\t\t\t\t\t\t\t\t\t<h2 class=\"pp-card-slider-title\">\n\t\t\t\t\t\t\t\t<a href=\"https:\/\/ocaru.org.ec\/en\/si-el-campo-no-siembra-estudio-de-caso-del-mercado-mayorista-de-toacaso-y-otras-estrategias-de-comercializacion-en-tiempos-de-pandemia\/\">Si el campo no siembra: Estudio de caso del Mercado Mayorista de Toacaso y otras estrategias de comercializaci\u00f3n en tiempos de pandemia<\/a>\t\t\t\t\t\t\t<\/h2>\n\t\t\t\t\t\t\n\t\t\t\t\t\t\t\t\t<div class=\"pp-card-slider-meta\">\n\t\t\t\t\t\t\t\t\t<span class=\"pp-content-author\">\n\t\t\t\t\t\t\t\t\t\t\t\t\t<span class=\"pp-card-slider-meta-icon pp-icon\">\n\t\t\t\t\t\t\t\t<i aria-hidden=\"true\" class=\"fas fa-user\"><\/i>\t\t\t\t\t\t\t<\/span>\n\t\t\t\t\t\t\t\t\t\t\t\t<span class=\"pp-card-slider-meta-text\">\n\t\t\t\t\t\t\tLuc\u00eda P\u00e9rez Mart\u00ednez y Rosana Torres Vinueza\t\t\t\t\t\t<\/span>\n\t\t\t\t\t<\/span>\n\t\t\t\t  \n\t\t\t\t\t\t\t\t\t<span class=\"pp-post-category\">\n\t\t\t\t\t\t\t\t\t\t\t\t\t<span class=\"pp-card-slider-meta-icon pp-icon\">\n\t\t\t\t\t\t\t\t<i aria-hidden=\"true\" class=\"fas fa-folder-open\"><\/i>\t\t\t\t\t\t\t<\/span>\n\t\t\t\t\t\t\t\t\t\t\t\t<span class=\"pp-card-slider-meta-text\">\n\t\t\t\t\t\t\tInvestigaciones\t\t\t\t\t\t<\/span>\n\t\t\t\t\t<\/span>\n\t\t\t\t  \n\t\t\t<\/div>\n\t\t\t\n\t\t\t\t\t\t\t\t\t\t\t\t\t\t\t\t\t<\/div>\n\t\t\t\t<\/div>\n\t\t\t\t\t\t\t\t<div class=\"pp-card-slider-item swiper-slide pp-card-slider-item-8\">\n\t\t\t\t\t\t\t\t\t\t\t\t\t<div class=\"pp-card-slider-image\">\n\t\t\t\t<a data-elementor-open-lightbox=\"yes\" data-elementor-lightbox-slideshow=\"0732c6b\" data-elementor-lightbox-title=\"gal5\" data-e-action-hash=\"#elementor-action%3Aaction%3Dlightbox%26settings%3DeyJpZCI6MTMwMTIsInVybCI6Imh0dHBzOlwvXC9vY2FydS5vcmcuZWNcL3dwLWNvbnRlbnRcL3VwbG9hZHNcLzIwMjNcLzEwXC9nYWw1LmpwZyIsInNsaWRlc2hvdyI6IjA3MzJjNmIifQ%3D%3D\" href=\"https:\/\/ocaru.org.ec\/wp-content\/uploads\/2023\/10\/gal5-768x539.jpg\"><img decoding=\"async\" src=\"https:\/\/ocaru.org.ec\/wp-content\/uploads\/2023\/10\/gal5-768x539.jpg\" alt=\"\"><\/a>\t\t\t<\/div>\n\t\t\t\t\t\t\t\t<div class=\"pp-card-slider-content-wrap\">\n\t\t\t\t\t\t\t\t\t<div class=\"pp-card-slider-date\">\n\t\t\t\t\t\t\t\t\t<span class=\"pp-card-slider-meta-icon pp-icon\">\n\t\t\t\t\t\t<i aria-hidden=\"true\" class=\"fas fa-calendar-alt\"><\/i>\t\t\t\t\t<\/span>\n\t\t\t\t\t\t\t\t<span class=\"pp-card-slider-meta-text\">\n\t\t\t\t\tSeptember 29, 2022\t\t\t\t<\/span>\n\t\t\t<\/div>\n\t\t\t\t\t\t\t\t\t\t\t\t\t\t\t\t<h2 class=\"pp-card-slider-title\">\n\t\t\t\t\t\t\t\t<a href=\"https:\/\/ocaru.org.ec\/en\/si-el-campo-no-siembra-estudio-de-caso-la-feria-de-la-mata-a-la-olla-pelileo\/\">Si el campo no siembra: Estudio de caso la feria \u00abde la mata a la olla\u00bb Pelileo<\/a>\t\t\t\t\t\t\t<\/h2>\n\t\t\t\t\t\t\n\t\t\t\t\t\t\t\t\t<div class=\"pp-card-slider-meta\">\n\t\t\t\t\t\t\t\t\t<span class=\"pp-content-author\">\n\t\t\t\t\t\t\t\t\t\t\t\t\t<span class=\"pp-card-slider-meta-icon pp-icon\">\n\t\t\t\t\t\t\t\t<i aria-hidden=\"true\" class=\"fas fa-user\"><\/i>\t\t\t\t\t\t\t<\/span>\n\t\t\t\t\t\t\t\t\t\t\t\t<span class=\"pp-card-slider-meta-text\">\n\t\t\t\t\t\t\tLuc\u00eda P\u00e9rez Mart\u00ednez y Rosana Torres Vinueza\t\t\t\t\t\t<\/span>\n\t\t\t\t\t<\/span>\n\t\t\t\t  \n\t\t\t\t\t\t\t\t\t<span class=\"pp-post-category\">\n\t\t\t\t\t\t\t\t\t\t\t\t\t<span class=\"pp-card-slider-meta-icon pp-icon\">\n\t\t\t\t\t\t\t\t<i aria-hidden=\"true\" class=\"fas fa-folder-open\"><\/i>\t\t\t\t\t\t\t<\/span>\n\t\t\t\t\t\t\t\t\t\t\t\t<span class=\"pp-card-slider-meta-text\">\n\t\t\t\t\t\t\tInvestigaciones\t\t\t\t\t\t<\/span>\n\t\t\t\t\t<\/span>\n\t\t\t\t  \n\t\t\t<\/div>\n\t\t\t\n\t\t\t\t\t\t\t\t\t\t\t\t\t\t\t\t\t<\/div>\n\t\t\t\t<\/div>\n\t\t\t\t\t\t\t\t<div class=\"pp-card-slider-item swiper-slide pp-card-slider-item-9\">\n\t\t\t\t\t\t\t\t\t\t\t\t\t<div class=\"pp-card-slider-image\">\n\t\t\t\t<a data-elementor-open-lightbox=\"yes\" data-elementor-lightbox-slideshow=\"0732c6b\" data-elementor-lightbox-title=\"pink24\" data-e-action-hash=\"#elementor-action%3Aaction%3Dlightbox%26settings%3DeyJpZCI6MTUwMTEsInVybCI6Imh0dHBzOlwvXC9vY2FydS5vcmcuZWNcL3dwLWNvbnRlbnRcL3VwbG9hZHNcLzIwMjNcLzExXC9waW5rMjQuanBnIiwic2xpZGVzaG93IjoiMDczMmM2YiJ9\" href=\"https:\/\/ocaru.org.ec\/wp-content\/uploads\/2023\/11\/pink24-768x539.jpg\"><img decoding=\"async\" src=\"https:\/\/ocaru.org.ec\/wp-content\/uploads\/2023\/11\/pink24-768x539.jpg\" alt=\"\"><\/a>\t\t\t<\/div>\n\t\t\t\t\t\t\t\t<div class=\"pp-card-slider-content-wrap\">\n\t\t\t\t\t\t\t\t\t<div class=\"pp-card-slider-date\">\n\t\t\t\t\t\t\t\t\t<span class=\"pp-card-slider-meta-icon pp-icon\">\n\t\t\t\t\t\t<i aria-hidden=\"true\" class=\"fas fa-calendar-alt\"><\/i>\t\t\t\t\t<\/span>\n\t\t\t\t\t\t\t\t<span class=\"pp-card-slider-meta-text\">\n\t\t\t\t\tSeptember 7, 2022\t\t\t\t<\/span>\n\t\t\t<\/div>\n\t\t\t\t\t\t\t\t\t\t\t\t\t\t\t\t<h2 class=\"pp-card-slider-title\">\n\t\t\t\t\t\t\t\t<a href=\"https:\/\/ocaru.org.ec\/en\/agricultura-familiar-y-ods-avances-y-desafios-regionales\/\">Agricultura Familiar y ODS: Avances y desaf\u00edos regionales<\/a>\t\t\t\t\t\t\t<\/h2>\n\t\t\t\t\t\t\n\t\t\t\t\t\t\t\t\t<div class=\"pp-card-slider-meta\">\n\t\t\t\t\t\t\t\t\t<span class=\"pp-content-author\">\n\t\t\t\t\t\t\t\t\t\t\t\t\t<span class=\"pp-card-slider-meta-icon pp-icon\">\n\t\t\t\t\t\t\t\t<i aria-hidden=\"true\" class=\"fas fa-user\"><\/i>\t\t\t\t\t\t\t<\/span>\n\t\t\t\t\t\t\t\t\t\t\t\t<span class=\"pp-card-slider-meta-text\">\n\t\t\t\t\t\t\tVarios Autores\t\t\t\t\t\t<\/span>\n\t\t\t\t\t<\/span>\n\t\t\t\t  \n\t\t\t\t\t\t\t\t\t<span class=\"pp-post-category\">\n\t\t\t\t\t\t\t\t\t\t\t\t\t<span class=\"pp-card-slider-meta-icon pp-icon\">\n\t\t\t\t\t\t\t\t<i aria-hidden=\"true\" class=\"fas fa-folder-open\"><\/i>\t\t\t\t\t\t\t<\/span>\n\t\t\t\t\t\t\t\t\t\t\t\t<span class=\"pp-card-slider-meta-text\">\n\t\t\t\t\t\t\tInvestigaciones\t\t\t\t\t\t<\/span>\n\t\t\t\t\t<\/span>\n\t\t\t\t  \n\t\t\t<\/div>\n\t\t\t\n\t\t\t\t\t\t\t\t\t\t\t\t\t\t\t\t\t<\/div>\n\t\t\t\t<\/div>\n\t\t\t\t\t\t\t<\/div>\n\t\t\t\t\t\t\t<div class=\"swiper-pagination swiper-pagination-0732c6b\"><\/div>\n\t\t\t\t\t<\/div>\n\t\t\t\t\t\t<\/div>\n\t\t\t\t<\/div>\n\t\t\t\t\t<\/div>\n\t\t<\/div>\n\t\t\t\t\t<\/div>\n\t\t<\/section>\n\t\t\t\t<section class=\"elementor-section elementor-top-section elementor-element elementor-element-a47d51b elementor-section-boxed elementor-section-height-default elementor-section-height-default\" data-id=\"a47d51b\" data-element_type=\"section\" data-e-type=\"section\">\n\t\t\t\t\t\t<div class=\"elementor-container elementor-column-gap-default\">\n\t\t\t\t\t<div class=\"elementor-column elementor-col-100 elementor-top-column elementor-element elementor-element-3bd6fd6\" data-id=\"3bd6fd6\" data-element_type=\"column\" data-e-type=\"column\">\n\t\t\t<div class=\"elementor-widget-wrap elementor-element-populated\">\n\t\t\t\t\t\t<div class=\"elementor-element elementor-element-0538513 elementor-widget elementor-widget-heading\" data-id=\"0538513\" data-element_type=\"widget\" data-e-type=\"widget\" data-widget_type=\"heading.default\">\n\t\t\t\t<div class=\"elementor-widget-container\">\n\t\t\t\t\t<h4 class=\"elementor-heading-title elementor-size-default\">Compartir este art\u00edculo<\/h4>\t\t\t\t<\/div>\n\t\t\t\t<\/div>\n\t\t\t\t<div class=\"elementor-element elementor-element-d222c3d elementor-share-buttons--view-icon elementor-share-buttons--skin-minimal elementor-share-buttons--shape-circle elementor-share-buttons--color-custom elementor-grid-mobile-0 elementor-grid-0 elementor-widget elementor-widget-global elementor-global-9480 elementor-widget-mdp-sharinger-elementor\" data-id=\"d222c3d\" data-element_type=\"widget\" data-e-type=\"widget\" data-widget_type=\"mdp-sharinger-elementor.default\">\n\t\t\t\t<div class=\"elementor-widget-container\">\n\t\t\t\t\t        <div class=\"elementor-grid mdp-sharinger\">\n                            <div class=\"elementor-grid-item\">\n                    <div class=\"elementor-share-btn elementor-share-btn_facebook elementor-animation-pulse\" tabindex=\"0\" aria-label=\"Share on facebook\">\n                                                    <span class=\"elementor-share-btn__icon\">\n\t\t\t\t\t\t\t\t<i class=\"fab fa-facebook\" aria-hidden=\"true\"><\/i>\t\t\t\t\t\t\t<\/span>\n                                                                    <\/div>\n                <\/div>\n                                <div class=\"elementor-grid-item\">\n                    <div class=\"elementor-share-btn elementor-share-btn_twitter elementor-animation-pulse\" tabindex=\"0\" aria-label=\"Share on twitter\">\n                                                    <span class=\"elementor-share-btn__icon\">\n\t\t\t\t\t\t\t\t<i class=\"fab fa-twitter\" aria-hidden=\"true\"><\/i>\t\t\t\t\t\t\t<\/span>\n                                                                    <\/div>\n                <\/div>\n                                <div class=\"elementor-grid-item\">\n                    <div class=\"elementor-share-btn elementor-share-btn_linkedin elementor-animation-pulse\" tabindex=\"0\" aria-label=\"Share on linkedin\">\n                                                    <span class=\"elementor-share-btn__icon\">\n\t\t\t\t\t\t\t\t<i class=\"fab fa-linkedin\" aria-hidden=\"true\"><\/i>\t\t\t\t\t\t\t<\/span>\n                                                                    <\/div>\n                <\/div>\n                                <div class=\"elementor-grid-item\">\n                    <div class=\"elementor-share-btn elementor-share-btn_telegram elementor-animation-pulse\" tabindex=\"0\" aria-label=\"Share on telegram\">\n                                                    <span class=\"elementor-share-btn__icon\">\n\t\t\t\t\t\t\t\t<i class=\"fab fa-telegram\" aria-hidden=\"true\"><\/i>\t\t\t\t\t\t\t<\/span>\n                                                                    <\/div>\n                <\/div>\n                                <div class=\"elementor-grid-item\">\n                    <div class=\"elementor-share-btn elementor-share-btn_whatsapp elementor-animation-pulse\" tabindex=\"0\" aria-label=\"Share on whatsapp\">\n                                                    <span class=\"elementor-share-btn__icon\">\n\t\t\t\t\t\t\t\t<i class=\"fab fa-whatsapp\" aria-hidden=\"true\"><\/i>\t\t\t\t\t\t\t<\/span>\n                                                                    <\/div>\n                <\/div>\n                                <div class=\"elementor-grid-item\">\n                    <div class=\"elementor-share-btn elementor-share-btn_email elementor-animation-pulse\" tabindex=\"0\" aria-label=\"Share on email\">\n                                                    <span class=\"elementor-share-btn__icon\">\n\t\t\t\t\t\t\t\t<i class=\"fas fa-envelope\" aria-hidden=\"true\"><\/i>\t\t\t\t\t\t\t<\/span>\n                                                                    <\/div>\n                <\/div>\n                        <\/div>\n        \t\t\t\t<\/div>\n\t\t\t\t<\/div>\n\t\t\t\t\t<\/div>\n\t\t<\/div>\n\t\t\t\t\t<\/div>\n\t\t<\/section>\n\t\t\t\t<\/div>","protected":false},"excerpt":{"rendered":"<div class=\"tmnf_excerpt meta_deko\"><p>La V\u00eda Campesina pretende, a trav\u00e9s de esta cartilla, proporcionar la reflexi\u00f3n y el debate sobre uno de los temas que, por desgracia, forma parte del cotidiano de las mujeres en cualquier parte del mundo: el fen\u00f3meno de la violencia contra las mujeres.<\/p>\n<\/div>","protected":false},"author":13,"featured_media":14124,"comment_status":"closed","ping_status":"open","sticky":false,"template":"","format":"standard","meta":{"_mi_skip_tracking":false,"_monsterinsights_sitenote_active":false,"_monsterinsights_sitenote_note":"","_monsterinsights_sitenote_category":0,"footnotes":""},"categories":[88,100],"tags":[],"class_list":["post-14122","post","type-post","status-publish","format-standard","has-post-thumbnail","hentry","category-investigaciones","category-mujeres-rurales"],"yoast_head":"<!-- This site is optimized with the Yoast SEO Premium plugin v24.8 (Yoast SEO v27.5) - https:\/\/yoast.com\/product\/yoast-seo-premium-wordpress\/ -->\n<title>Campa\u00f1a Basta de Violencia contra las mujeres de la V\u00eda Campesina - Ocaru<\/title>\n<meta name=\"robots\" content=\"index, follow, max-snippet:-1, max-image-preview:large, max-video-preview:-1\" \/>\n<link rel=\"canonical\" href=\"https:\/\/ocaru.org.ec\/en\/campana-basta-de-violencia-contra-las-mujeres-de-la-via-campesina\/\" \/>\n<meta property=\"og:locale\" content=\"en_US\" \/>\n<meta property=\"og:type\" content=\"article\" \/>\n<meta property=\"og:title\" content=\"Campa\u00f1a Basta de Violencia contra las mujeres de la V\u00eda Campesina\" \/>\n<meta property=\"og:description\" content=\"La V\u00eda Campesina pretende, a trav\u00e9s de esta cartilla, proporcionar la reflexi\u00f3n y el debate sobre uno de los temas que, por desgracia, forma parte del cotidiano de las mujeres en cualquier parte del mundo: el fen\u00f3meno de la violencia contra las mujeres.\" \/>\n<meta property=\"og:url\" content=\"https:\/\/ocaru.org.ec\/en\/campana-basta-de-violencia-contra-las-mujeres-de-la-via-campesina\/\" \/>\n<meta property=\"og:site_name\" content=\"Ocaru\" \/>\n<meta property=\"article:publisher\" content=\"https:\/\/www.facebook.com\/Ocaruec\/\" \/>\n<meta property=\"article:published_time\" content=\"2012-11-03T20:50:04+00:00\" \/>\n<meta property=\"article:modified_time\" content=\"2023-11-07T20:53:15+00:00\" \/>\n<meta property=\"og:image\" content=\"https:\/\/ocaru.org.ec\/wp-content\/uploads\/2023\/11\/mgr26.jpg\" \/>\n\t<meta property=\"og:image:width\" content=\"855\" \/>\n\t<meta property=\"og:image:height\" content=\"600\" \/>\n\t<meta property=\"og:image:type\" content=\"image\/jpeg\" \/>\n<meta name=\"author\" content=\"Varios Autores\" \/>\n<script type=\"application\/ld+json\" class=\"yoast-schema-graph\">{\"@context\":\"https:\\\/\\\/schema.org\",\"@graph\":[{\"@type\":\"Article\",\"@id\":\"https:\\\/\\\/ocaru.org.ec\\\/campana-basta-de-violencia-contra-las-mujeres-de-la-via-campesina\\\/#article\",\"isPartOf\":{\"@id\":\"https:\\\/\\\/ocaru.org.ec\\\/campana-basta-de-violencia-contra-las-mujeres-de-la-via-campesina\\\/\"},\"author\":{\"name\":\"Varios Autores\",\"@id\":\"https:\\\/\\\/ocaru.org.ec\\\/#\\\/schema\\\/person\\\/ad615ea0ce175cf0e626bebbcd8d1c2f\"},\"headline\":\"Campa\u00f1a Basta de Violencia contra las mujeres de la V\u00eda Campesina\",\"datePublished\":\"2012-11-03T20:50:04+00:00\",\"dateModified\":\"2023-11-07T20:53:15+00:00\",\"mainEntityOfPage\":{\"@id\":\"https:\\\/\\\/ocaru.org.ec\\\/campana-basta-de-violencia-contra-las-mujeres-de-la-via-campesina\\\/\"},\"wordCount\":575,\"publisher\":{\"@id\":\"https:\\\/\\\/ocaru.org.ec\\\/#organization\"},\"image\":{\"@id\":\"https:\\\/\\\/ocaru.org.ec\\\/campana-basta-de-violencia-contra-las-mujeres-de-la-via-campesina\\\/#primaryimage\"},\"thumbnailUrl\":\"https:\\\/\\\/ocaru.org.ec\\\/wp-content\\\/uploads\\\/2023\\\/11\\\/mgr26.jpg\",\"articleSection\":[\"Investigaciones\",\"Mujeres rurales\"],\"inLanguage\":\"en-US\"},{\"@type\":\"WebPage\",\"@id\":\"https:\\\/\\\/ocaru.org.ec\\\/campana-basta-de-violencia-contra-las-mujeres-de-la-via-campesina\\\/\",\"url\":\"https:\\\/\\\/ocaru.org.ec\\\/campana-basta-de-violencia-contra-las-mujeres-de-la-via-campesina\\\/\",\"name\":\"Campa\u00f1a Basta de Violencia contra las mujeres de la V\u00eda Campesina - Ocaru\",\"isPartOf\":{\"@id\":\"https:\\\/\\\/ocaru.org.ec\\\/#website\"},\"primaryImageOfPage\":{\"@id\":\"https:\\\/\\\/ocaru.org.ec\\\/campana-basta-de-violencia-contra-las-mujeres-de-la-via-campesina\\\/#primaryimage\"},\"image\":{\"@id\":\"https:\\\/\\\/ocaru.org.ec\\\/campana-basta-de-violencia-contra-las-mujeres-de-la-via-campesina\\\/#primaryimage\"},\"thumbnailUrl\":\"https:\\\/\\\/ocaru.org.ec\\\/wp-content\\\/uploads\\\/2023\\\/11\\\/mgr26.jpg\",\"datePublished\":\"2012-11-03T20:50:04+00:00\",\"dateModified\":\"2023-11-07T20:53:15+00:00\",\"breadcrumb\":{\"@id\":\"https:\\\/\\\/ocaru.org.ec\\\/campana-basta-de-violencia-contra-las-mujeres-de-la-via-campesina\\\/#breadcrumb\"},\"inLanguage\":\"en-US\",\"potentialAction\":[{\"@type\":\"ReadAction\",\"target\":[\"https:\\\/\\\/ocaru.org.ec\\\/campana-basta-de-violencia-contra-las-mujeres-de-la-via-campesina\\\/\"]}]},{\"@type\":\"ImageObject\",\"inLanguage\":\"en-US\",\"@id\":\"https:\\\/\\\/ocaru.org.ec\\\/campana-basta-de-violencia-contra-las-mujeres-de-la-via-campesina\\\/#primaryimage\",\"url\":\"https:\\\/\\\/ocaru.org.ec\\\/wp-content\\\/uploads\\\/2023\\\/11\\\/mgr26.jpg\",\"contentUrl\":\"https:\\\/\\\/ocaru.org.ec\\\/wp-content\\\/uploads\\\/2023\\\/11\\\/mgr26.jpg\",\"width\":855,\"height\":600},{\"@type\":\"BreadcrumbList\",\"@id\":\"https:\\\/\\\/ocaru.org.ec\\\/campana-basta-de-violencia-contra-las-mujeres-de-la-via-campesina\\\/#breadcrumb\",\"itemListElement\":[{\"@type\":\"ListItem\",\"position\":1,\"name\":\"Portada\",\"item\":\"https:\\\/\\\/ocaru.org.ec\\\/\"},{\"@type\":\"ListItem\",\"position\":2,\"name\":\"Campa\u00f1a Basta de Violencia contra las mujeres de la V\u00eda Campesina\"}]},{\"@type\":\"WebSite\",\"@id\":\"https:\\\/\\\/ocaru.org.ec\\\/#website\",\"url\":\"https:\\\/\\\/ocaru.org.ec\\\/\",\"name\":\"Ocaru\",\"description\":\"Observatorio del Cambio Rural\",\"publisher\":{\"@id\":\"https:\\\/\\\/ocaru.org.ec\\\/#organization\"},\"potentialAction\":[{\"@type\":\"SearchAction\",\"target\":{\"@type\":\"EntryPoint\",\"urlTemplate\":\"https:\\\/\\\/ocaru.org.ec\\\/?s={search_term_string}\"},\"query-input\":{\"@type\":\"PropertyValueSpecification\",\"valueRequired\":true,\"valueName\":\"search_term_string\"}}],\"inLanguage\":\"en-US\"},{\"@type\":\"Organization\",\"@id\":\"https:\\\/\\\/ocaru.org.ec\\\/#organization\",\"name\":\"Ocaru\",\"url\":\"https:\\\/\\\/ocaru.org.ec\\\/\",\"logo\":{\"@type\":\"ImageObject\",\"inLanguage\":\"en-US\",\"@id\":\"https:\\\/\\\/ocaru.org.ec\\\/#\\\/schema\\\/logo\\\/image\\\/\",\"url\":\"https:\\\/\\\/ocaru.org.ec\\\/wp-content\\\/uploads\\\/2026\\\/02\\\/Logo-150-x-150-1.jpg\",\"contentUrl\":\"https:\\\/\\\/ocaru.org.ec\\\/wp-content\\\/uploads\\\/2026\\\/02\\\/Logo-150-x-150-1.jpg\",\"width\":150,\"height\":150,\"caption\":\"Ocaru\"},\"image\":{\"@id\":\"https:\\\/\\\/ocaru.org.ec\\\/#\\\/schema\\\/logo\\\/image\\\/\"},\"sameAs\":[\"https:\\\/\\\/www.facebook.com\\\/Ocaruec\\\/\",\"https:\\\/\\\/x.com\\\/OCARUEc\",\"https:\\\/\\\/www.instagram.com\\\/ocaru_ecuador\\\/\",\"https:\\\/\\\/www.youtube.com\\\/user\\\/CambioRuralEC\"]},{\"@type\":\"Person\",\"@id\":\"https:\\\/\\\/ocaru.org.ec\\\/#\\\/schema\\\/person\\\/ad615ea0ce175cf0e626bebbcd8d1c2f\",\"name\":\"Varios Autores\",\"image\":{\"@type\":\"ImageObject\",\"inLanguage\":\"en-US\",\"@id\":\"https:\\\/\\\/secure.gravatar.com\\\/avatar\\\/89f44cded6d81c7d07d9f5455229f758d401336eeedae4c1d1924eec64095c03?s=96&d=mm&r=g\",\"url\":\"https:\\\/\\\/secure.gravatar.com\\\/avatar\\\/89f44cded6d81c7d07d9f5455229f758d401336eeedae4c1d1924eec64095c03?s=96&d=mm&r=g\",\"contentUrl\":\"https:\\\/\\\/secure.gravatar.com\\\/avatar\\\/89f44cded6d81c7d07d9f5455229f758d401336eeedae4c1d1924eec64095c03?s=96&d=mm&r=g\",\"caption\":\"Varios Autores\"},\"url\":\"https:\\\/\\\/ocaru.org.ec\\\/en\\\/author\\\/varios-autores\\\/\"}]}<\/script>\n<!-- \/ Yoast SEO Premium plugin. -->","yoast_head_json":{"title":"Campa\u00f1a Basta de Violencia contra las mujeres de la V\u00eda Campesina - Ocaru","robots":{"index":"index","follow":"follow","max-snippet":"max-snippet:-1","max-image-preview":"max-image-preview:large","max-video-preview":"max-video-preview:-1"},"canonical":"https:\/\/ocaru.org.ec\/en\/campana-basta-de-violencia-contra-las-mujeres-de-la-via-campesina\/","og_locale":"en_US","og_type":"article","og_title":"Campa\u00f1a Basta de Violencia contra las mujeres de la V\u00eda Campesina","og_description":"La V\u00eda Campesina pretende, a trav\u00e9s de esta cartilla, proporcionar la reflexi\u00f3n y el debate sobre uno de los temas que, por desgracia, forma parte del cotidiano de las mujeres en cualquier parte del mundo: el fen\u00f3meno de la violencia contra las mujeres.","og_url":"https:\/\/ocaru.org.ec\/en\/campana-basta-de-violencia-contra-las-mujeres-de-la-via-campesina\/","og_site_name":"Ocaru","article_publisher":"https:\/\/www.facebook.com\/Ocaruec\/","article_published_time":"2012-11-03T20:50:04+00:00","article_modified_time":"2023-11-07T20:53:15+00:00","og_image":[{"width":855,"height":600,"url":"https:\/\/ocaru.org.ec\/wp-content\/uploads\/2023\/11\/mgr26.jpg","type":"image\/jpeg"}],"author":"Varios Autores","schema":{"@context":"https:\/\/schema.org","@graph":[{"@type":"Article","@id":"https:\/\/ocaru.org.ec\/campana-basta-de-violencia-contra-las-mujeres-de-la-via-campesina\/#article","isPartOf":{"@id":"https:\/\/ocaru.org.ec\/campana-basta-de-violencia-contra-las-mujeres-de-la-via-campesina\/"},"author":{"name":"Varios Autores","@id":"https:\/\/ocaru.org.ec\/#\/schema\/person\/ad615ea0ce175cf0e626bebbcd8d1c2f"},"headline":"Campa\u00f1a Basta de Violencia contra las mujeres de la V\u00eda Campesina","datePublished":"2012-11-03T20:50:04+00:00","dateModified":"2023-11-07T20:53:15+00:00","mainEntityOfPage":{"@id":"https:\/\/ocaru.org.ec\/campana-basta-de-violencia-contra-las-mujeres-de-la-via-campesina\/"},"wordCount":575,"publisher":{"@id":"https:\/\/ocaru.org.ec\/#organization"},"image":{"@id":"https:\/\/ocaru.org.ec\/campana-basta-de-violencia-contra-las-mujeres-de-la-via-campesina\/#primaryimage"},"thumbnailUrl":"https:\/\/ocaru.org.ec\/wp-content\/uploads\/2023\/11\/mgr26.jpg","articleSection":["Investigaciones","Mujeres rurales"],"inLanguage":"en-US"},{"@type":"WebPage","@id":"https:\/\/ocaru.org.ec\/campana-basta-de-violencia-contra-las-mujeres-de-la-via-campesina\/","url":"https:\/\/ocaru.org.ec\/campana-basta-de-violencia-contra-las-mujeres-de-la-via-campesina\/","name":"Campa\u00f1a Basta de Violencia contra las mujeres de la V\u00eda Campesina - Ocaru","isPartOf":{"@id":"https:\/\/ocaru.org.ec\/#website"},"primaryImageOfPage":{"@id":"https:\/\/ocaru.org.ec\/campana-basta-de-violencia-contra-las-mujeres-de-la-via-campesina\/#primaryimage"},"image":{"@id":"https:\/\/ocaru.org.ec\/campana-basta-de-violencia-contra-las-mujeres-de-la-via-campesina\/#primaryimage"},"thumbnailUrl":"https:\/\/ocaru.org.ec\/wp-content\/uploads\/2023\/11\/mgr26.jpg","datePublished":"2012-11-03T20:50:04+00:00","dateModified":"2023-11-07T20:53:15+00:00","breadcrumb":{"@id":"https:\/\/ocaru.org.ec\/campana-basta-de-violencia-contra-las-mujeres-de-la-via-campesina\/#breadcrumb"},"inLanguage":"en-US","potentialAction":[{"@type":"ReadAction","target":["https:\/\/ocaru.org.ec\/campana-basta-de-violencia-contra-las-mujeres-de-la-via-campesina\/"]}]},{"@type":"ImageObject","inLanguage":"en-US","@id":"https:\/\/ocaru.org.ec\/campana-basta-de-violencia-contra-las-mujeres-de-la-via-campesina\/#primaryimage","url":"https:\/\/ocaru.org.ec\/wp-content\/uploads\/2023\/11\/mgr26.jpg","contentUrl":"https:\/\/ocaru.org.ec\/wp-content\/uploads\/2023\/11\/mgr26.jpg","width":855,"height":600},{"@type":"BreadcrumbList","@id":"https:\/\/ocaru.org.ec\/campana-basta-de-violencia-contra-las-mujeres-de-la-via-campesina\/#breadcrumb","itemListElement":[{"@type":"ListItem","position":1,"name":"Portada","item":"https:\/\/ocaru.org.ec\/"},{"@type":"ListItem","position":2,"name":"Campa\u00f1a Basta de Violencia contra las mujeres de la V\u00eda Campesina"}]},{"@type":"WebSite","@id":"https:\/\/ocaru.org.ec\/#website","url":"https:\/\/ocaru.org.ec\/","name":"Ocaru","description":"Observatorio del Cambio Rural","publisher":{"@id":"https:\/\/ocaru.org.ec\/#organization"},"potentialAction":[{"@type":"SearchAction","target":{"@type":"EntryPoint","urlTemplate":"https:\/\/ocaru.org.ec\/?s={search_term_string}"},"query-input":{"@type":"PropertyValueSpecification","valueRequired":true,"valueName":"search_term_string"}}],"inLanguage":"en-US"},{"@type":"Organization","@id":"https:\/\/ocaru.org.ec\/#organization","name":"Ocaru","url":"https:\/\/ocaru.org.ec\/","logo":{"@type":"ImageObject","inLanguage":"en-US","@id":"https:\/\/ocaru.org.ec\/#\/schema\/logo\/image\/","url":"https:\/\/ocaru.org.ec\/wp-content\/uploads\/2026\/02\/Logo-150-x-150-1.jpg","contentUrl":"https:\/\/ocaru.org.ec\/wp-content\/uploads\/2026\/02\/Logo-150-x-150-1.jpg","width":150,"height":150,"caption":"Ocaru"},"image":{"@id":"https:\/\/ocaru.org.ec\/#\/schema\/logo\/image\/"},"sameAs":["https:\/\/www.facebook.com\/Ocaruec\/","https:\/\/x.com\/OCARUEc","https:\/\/www.instagram.com\/ocaru_ecuador\/","https:\/\/www.youtube.com\/user\/CambioRuralEC"]},{"@type":"Person","@id":"https:\/\/ocaru.org.ec\/#\/schema\/person\/ad615ea0ce175cf0e626bebbcd8d1c2f","name":"Varios Autores","image":{"@type":"ImageObject","inLanguage":"en-US","@id":"https:\/\/secure.gravatar.com\/avatar\/89f44cded6d81c7d07d9f5455229f758d401336eeedae4c1d1924eec64095c03?s=96&d=mm&r=g","url":"https:\/\/secure.gravatar.com\/avatar\/89f44cded6d81c7d07d9f5455229f758d401336eeedae4c1d1924eec64095c03?s=96&d=mm&r=g","contentUrl":"https:\/\/secure.gravatar.com\/avatar\/89f44cded6d81c7d07d9f5455229f758d401336eeedae4c1d1924eec64095c03?s=96&d=mm&r=g","caption":"Varios Autores"},"url":"https:\/\/ocaru.org.ec\/en\/author\/varios-autores\/"}]}},"_links":{"self":[{"href":"https:\/\/ocaru.org.ec\/en\/wp-json\/wp\/v2\/posts\/14122","targetHints":{"allow":["GET"]}}],"collection":[{"href":"https:\/\/ocaru.org.ec\/en\/wp-json\/wp\/v2\/posts"}],"about":[{"href":"https:\/\/ocaru.org.ec\/en\/wp-json\/wp\/v2\/types\/post"}],"author":[{"embeddable":true,"href":"https:\/\/ocaru.org.ec\/en\/wp-json\/wp\/v2\/users\/13"}],"replies":[{"embeddable":true,"href":"https:\/\/ocaru.org.ec\/en\/wp-json\/wp\/v2\/comments?post=14122"}],"version-history":[{"count":5,"href":"https:\/\/ocaru.org.ec\/en\/wp-json\/wp\/v2\/posts\/14122\/revisions"}],"predecessor-version":[{"id":14129,"href":"https:\/\/ocaru.org.ec\/en\/wp-json\/wp\/v2\/posts\/14122\/revisions\/14129"}],"wp:featuredmedia":[{"embeddable":true,"href":"https:\/\/ocaru.org.ec\/en\/wp-json\/wp\/v2\/media\/14124"}],"wp:attachment":[{"href":"https:\/\/ocaru.org.ec\/en\/wp-json\/wp\/v2\/media?parent=14122"}],"wp:term":[{"taxonomy":"category","embeddable":true,"href":"https:\/\/ocaru.org.ec\/en\/wp-json\/wp\/v2\/categories?post=14122"},{"taxonomy":"post_tag","embeddable":true,"href":"https:\/\/ocaru.org.ec\/en\/wp-json\/wp\/v2\/tags?post=14122"}],"curies":[{"name":"wp","href":"https:\/\/api.w.org\/{rel}","templated":true}]}}