{"id":14075,"date":"2017-03-23T14:24:00","date_gmt":"2017-03-23T19:24:00","guid":{"rendered":"https:\/\/ocaru.org.ec\/?p=14075"},"modified":"2023-11-17T12:08:50","modified_gmt":"2023-11-17T17:08:50","slug":"extractivismo-y-recursos-naturales-existen-alternativas","status":"publish","type":"post","link":"https:\/\/ocaru.org.ec\/en\/extractivismo-y-recursos-naturales-existen-alternativas\/","title":{"rendered":"Extractivismo y recursos naturales: \u00bfexisten alternativas?"},"content":{"rendered":"<div data-elementor-type=\"wp-post\" data-elementor-id=\"14075\" class=\"elementor elementor-14075\" data-elementor-post-type=\"post\">\n\t\t\t\t\t\t<section class=\"elementor-section elementor-top-section elementor-element elementor-element-3a144bd elementor-section-boxed elementor-section-height-default elementor-section-height-default\" data-id=\"3a144bd\" data-element_type=\"section\" data-e-type=\"section\">\n\t\t\t\t\t\t<div class=\"elementor-container elementor-column-gap-default\">\n\t\t\t\t\t<div class=\"elementor-column elementor-col-50 elementor-top-column elementor-element elementor-element-f1a0c01\" data-id=\"f1a0c01\" data-element_type=\"column\" data-e-type=\"column\">\n\t\t\t<div class=\"elementor-widget-wrap elementor-element-populated\">\n\t\t\t\t\t\t<div class=\"elementor-element elementor-element-c79cca2 elementor-widget elementor-widget-image\" data-id=\"c79cca2\" data-element_type=\"widget\" data-e-type=\"widget\" data-widget_type=\"image.default\">\n\t\t\t\t<div class=\"elementor-widget-container\">\n\t\t\t\t\t\t\t\t\t\t\t\t<figure class=\"wp-caption\">\n\t\t\t\t\t\t\t\t\t\t<img fetchpriority=\"high\" decoding=\"async\" width=\"600\" height=\"421\" src=\"https:\/\/ocaru.org.ec\/wp-content\/uploads\/2023\/11\/mgr21.jpg\" class=\"attachment-large size-large wp-image-14076\" alt=\"\" srcset=\"https:\/\/ocaru.org.ec\/wp-content\/uploads\/2023\/11\/mgr21.jpg 600w, https:\/\/ocaru.org.ec\/wp-content\/uploads\/2023\/11\/mgr21-300x211.jpg 300w, https:\/\/ocaru.org.ec\/wp-content\/uploads\/2023\/11\/mgr21-18x12.jpg 18w\" sizes=\"(max-width: 600px) 100vw, 600px\" \/>\t\t\t\t\t\t\t\t\t\t\t<figcaption class=\"widget-image-caption wp-caption-text\"><\/figcaption>\n\t\t\t\t\t\t\t\t\t\t<\/figure>\n\t\t\t\t\t\t\t\t\t<\/div>\n\t\t\t\t<\/div>\n\t\t\t\t\t<\/div>\n\t\t<\/div>\n\t\t\t\t<div class=\"elementor-column elementor-col-50 elementor-top-column elementor-element elementor-element-d0dd6b3\" data-id=\"d0dd6b3\" data-element_type=\"column\" data-e-type=\"column\">\n\t\t\t<div class=\"elementor-widget-wrap elementor-element-populated\">\n\t\t\t\t\t\t<div class=\"elementor-element elementor-element-76d4bf6 elementor-widget elementor-widget-text-editor\" data-id=\"76d4bf6\" data-element_type=\"widget\" data-e-type=\"widget\" data-widget_type=\"text-editor.default\">\n\t\t\t\t<div class=\"elementor-widget-container\">\n\t\t\t\t\t\t\t\t\t<div class=\"itemIntroText\"><div class=\"itemIntroText\"><div class=\"itemIntroText\"><div class=\"itemIntroText\"><div class=\"itemIntroText\"><p><em><strong>Periodismo de Barrio \/ V\u00eda Sudam\u00e9rica Rural<\/strong><\/em><\/p><p>Entrevista con Danilo Urrea, facilitador regional de Amigos de la Tierra Am\u00e9rica Latina y el Caribe.\u00a0Amigos de la Tierra Internacional (ATI) es una federaci\u00f3n con una historia que abarca m\u00e1s de cuatro d\u00e9cadas. Surgi\u00f3 en 1971, por iniciativa de cuatro organizaciones ambientalistas de Francia, Suecia, Inglaterra y Estados Unidos. En sus primeros a\u00f1os funcion\u00f3 como espacio de coordinaci\u00f3n de campa\u00f1as conjuntas en defensa de la naturaleza. Se posicionaba en torno a la energ\u00eda nuclear o la cacer\u00eda de ballenas.<\/p><\/div><\/div><\/div><\/div><\/div>\t\t\t\t\t\t\t\t<\/div>\n\t\t\t\t<\/div>\n\t\t\t\t\t<\/div>\n\t\t<\/div>\n\t\t\t\t\t<\/div>\n\t\t<\/section>\n\t\t\t\t<section class=\"elementor-section elementor-top-section elementor-element elementor-element-dd8f43e elementor-section-boxed elementor-section-height-default elementor-section-height-default\" data-id=\"dd8f43e\" data-element_type=\"section\" data-e-type=\"section\">\n\t\t\t\t\t\t<div class=\"elementor-container elementor-column-gap-default\">\n\t\t\t\t\t<div class=\"elementor-column elementor-col-100 elementor-top-column elementor-element elementor-element-b26225d\" data-id=\"b26225d\" data-element_type=\"column\" data-e-type=\"column\">\n\t\t\t<div class=\"elementor-widget-wrap elementor-element-populated\">\n\t\t\t\t\t\t<div class=\"elementor-element elementor-element-485e4c4 elementor-widget elementor-widget-text-editor\" data-id=\"485e4c4\" data-element_type=\"widget\" data-e-type=\"widget\" data-widget_type=\"text-editor.default\">\n\t\t\t\t<div class=\"elementor-widget-container\">\n\t\t\t\t\t\t\t\t\t<div class=\"itemIntroText\"><div class=\"itemIntroText\"><div class=\"itemFullText\"><p>Actualmente, ATI es una red que integra a 73 organizaciones ambientalistas de distintos lugares del mundo y es miembro activo del Centro Ambiental Internacional de Intermediaci\u00f3n (Environmental Liaison Centre International-ELCI) y de la Uni\u00f3n para la Conservaci\u00f3n Mundial (World Conservation Union-IUCN). Adem\u00e1s, participa con car\u00e1cter consultivo en el Consejo Econ\u00f3mico y Social de Naciones Unidas.<\/p><p>En su agenda, los principales ejes tem\u00e1ticos son agricultura y alimentaci\u00f3n, clima y energ\u00eda, recursos naturales y residuos, justicia econ\u00f3mica y cooperaci\u00f3n. Su eslogan: \u201cmovilizar, resistir, transformar\u201d.<\/p><p>Danilo Urrea, fil\u00f3sofo colombiano y comunicador popular, es el facilitador regional de Amigos de la Tierra Am\u00e9rica Latina y el Caribe desde hace casi un a\u00f1o, pero trabaja en la plataforma desde hace unos catorce. En visita a Cuba, durante el XII Taller Internacional sobre Paradigmas Emancipatorios \u201cBerta C\u00e1ceres vive\u201d, dedicado a la l\u00edder ambientalista hondure\u00f1a asesinada en 2016, Urrea accedi\u00f3 a dialogar con Periodismo de Barrio acerca de las realidades en las que trabaja.<\/p><p><strong>\u00bfPODR\u00cdAS DESCRIBIR CU\u00c1L ES EL CONTEXTO MEDIOAMBIENTAL EN AM\u00c9RICA LATINA Y EL CARIBE? \u00bfQU\u00c9 VALORACI\u00d3N HACES DE LOS CONFLICTOS QUE SE VIVEN?<\/strong><\/p><p>Danilo Urrea, en La Habana, durante el XII Taller Internacional de Paradigmas Emancipatorios \u201cBerta C\u00e1ceres vive\u201d (Foto: M\u00f3nica Bar\u00f3)<br \/>Nosotros el an\u00e1lisis que hacemos como Amigos de la Tierra Am\u00e9rica Latina y el Caribe es que nos encontramos en un contexto bastante complejo, y esas complejidades tienen que ver principalmente con los avances que ha tenido en los \u00faltimos a\u00f1os el modelo de desarrollo basado en el extractivismo. Y cuando hablamos de extractivismo, encontramos cuatro grandes pilares. Uno: la explotaci\u00f3n minera. Dos: la explotaci\u00f3n petrolera. Tres: la construcci\u00f3n de grandes represas para la producci\u00f3n energ\u00e9tica. Y cuatro: los agrocombustibles (que a veces no suelen ser tenidos en cuenta como parte del modelo extractivo, pero que constituyen una forma de extracci\u00f3n de recursos a gran escala para producir energ\u00eda y son como comida para los carros). Es en ese modelo donde encontramos la mayor dificultad, en tanto los patrimonios naturales se entienden como fuentes de acumulaci\u00f3n de riquezas. Y eso nos lleva a otro escenario, muy complejo, que tiene que ver con la destrucci\u00f3n de territorios y el desplazamiento de comunidades que han vivido hist\u00f3ricamente en esos territorios.<\/p><p>Pero cuando hablamos de lo ambiental, no hablamos solamente de lo que se conoce como recursos naturales. Hablamos m\u00e1s bien de la interrelaci\u00f3n entre los seres humanos y la naturaleza, porque consideramos que los seres humanos somos parte de la naturaleza, aun cuando la divisi\u00f3n moderna capitalista dice que estamos por fuera y que la funci\u00f3n de la naturaleza es entregarnos beneficios a trav\u00e9s de la explotaci\u00f3n. Y en esa interrelaci\u00f3n vemos otras dificultades, que tienen que ver con el patriarcalismo, con la utilizaci\u00f3n de los cuerpos, sobre todo con la explotaci\u00f3n del cuerpo de la mujer para acumular capital. Todo eso nosotros lo implicamos en la cuesti\u00f3n ambiental. No solamente analizamos qu\u00e9 pasa con los r\u00edos, qu\u00e9 pasa con los patrimonios naturales, sino tambi\u00e9n qu\u00e9 pasa con la vida de los seres humanos.<\/p><p><strong>UNA DE LAS DISCUSIONES M\u00c1S IMPORTANTES QUE HAY EN LA REGI\u00d3N AHORA GIRA EN TORNO A LOS MODELOS SOCIOECON\u00d3MICOS PRODUCTIVOS. EN ESTE SENTIDO, UNO DE LOS ARGUMENTOS M\u00c1S FUERTES DE LOS GOBIERNOS PROGRESISTAS PARA CONTINUAR REPRODUCIENDO EL MODELO EXTRACTIVISTA ES QUE, ANTES DE CAMBIARLO, ES NECESARIO SUPERAR LAS CONDICIONES DE POBREZA EXISTENTES, QUE SON EL RESULTADO DE SIGLOS DE UNA REDISTRIBUCI\u00d3N INJUSTA Y DESIGUAL DE LAS RIQUEZAS; ES DECIR, QUE PRIMERO HAY QUE CAMBIAR EL SISTEMA DE REDISTRIBUCI\u00d3N Y LUEGO, EL DE PRODUCCI\u00d3N. \u00bfHASTA QU\u00c9 PUNTO PODEMOS RENUNCIAR A LAS GRANDES EXTRACCIONES DE RECURSOS NATURALES PARA IMPULSAR EL DESARROLLO DE LOS PUEBLOS?<\/strong><\/p><p>Creo que ah\u00ed hay verdades en t\u00e9rminos de la necesidad de hacer un proceso en el que haya un equilibrio en la redistribuci\u00f3n de la renta. Sin embargo, la historia reciente de varios pa\u00edses progresistas nos ha mostrado que, si bien la redistribuci\u00f3n de la renta ha mejorado la calidad de vida de un sector de la poblaci\u00f3n, que es algo que hay que valorar, con eso no es suficiente.<\/p><p>Hay que pensar un poco en lo que se conoce hoy como procesos de transici\u00f3n, en c\u00f3mo hacer la transici\u00f3n de un modelo de alta explotaci\u00f3n a uno de extracci\u00f3n necesaria, en el cual la afectaci\u00f3n natural no implique la desaparici\u00f3n de culturas, de pueblos originarios o de otros seres que no son humanos y hacen parte de la complejidad de la trama de la vida. No podemos tener una radicalidad tal para afirmar que de la noche a la ma\u00f1ana se va a acabar el modelo extractivo, pero hay que pensar en c\u00f3mo hacer las transiciones y discutir con los Estados qu\u00e9 se necesita en una poblaci\u00f3n para vivir. Porque necesitamos interactuar con esa naturaleza no humana para obtener beneficios que nos permitan garantizar la vida en el planeta, pero \u00bfen qu\u00e9 cantidades?<\/p><p>A m\u00ed me preocupa fuertemente un discurso en el que pareciera que estamos condenados a seguir explotando la naturaleza como \u00fanica posibilidad de mejoramiento de la condici\u00f3n humana, cuando esas formas responden m\u00e1s a acuerdos comerciales para la acumulaci\u00f3n de capital que a las necesidades reales de los pueblos. Hoy explotamos para exportar a Europa. Y pensar la posibilidad de desarrollo de los pueblos a trav\u00e9s de la exportaci\u00f3n de materias primas es lo que nos lleva a una escala que no est\u00e1 de ninguna manera de acuerdo con la posibilidad de reproducci\u00f3n material de la vida.<\/p><p>Nosotros estamos seguros de que en los cambios peque\u00f1os de poblaciones y organizaciones en nuestros pa\u00edses, hay alternativas concretas. Va a ser un proceso muy lento, porque implicar\u00eda romper con el modelo de dependencia internacional y una serie de consumos, pero hay que empezar. No puede haber construcci\u00f3n de alternativas si no se empieza con peque\u00f1as experiencias.<\/p><p><strong>PERO, \u00bfQU\u00c9 ALTERNATIVAS SE PUEDEN MIRAR HOY EN AM\u00c9RICA LATINA Y EL CARIBE PARA COMPROBAR QUE EFECTIVAMENTE ES POSIBLE REPRODUCIR LA VIDA DE UNA MANERA ARM\u00d3NICA CON EL MEDIO AMBIENTE?<\/strong><\/p><p>Hay que mirar la agricultura campesina, con un viraje hacia la agroecolog\u00eda, que es una manera efectiva no solamente de alimentar a la poblaci\u00f3n mundial sino de enfrentar problemas tan grandes como el cambio clim\u00e1tico. Hay que mirar el manejo p\u00fablico y comunitario del agua que se ha hecho en Colombia, donde las comunidades organizadas han podido distribuir el agua sin necesidad de una estructura de privatizaci\u00f3n, y lo puedes encontrar en el Meta, donde m\u00e1s del 50 por ciento de la poblaci\u00f3n urbana se surte de agua comunitaria, y en los departamentos de Antioquia, El Cauca, Santander, Tolima\u2026 Hay que mirar el manejo comunitario de bosques, que se hace para asegurar formas de reproducci\u00f3n de las selvas y de bienes naturales, con experiencias muy concretas en Costa Rica y Colombia, donde se ha demostrado que las reservas comunitarias de bosques terminan asoci\u00e1ndose con proyectos productivos agr\u00edcolas, sin necesidad de monocultivo para acumular capital transnacional. Hay que mirar los proyectos energ\u00e9ticos populares, que existen en M\u00e9xico y en Brasil, por ejemplo, donde se producen biodigestores para generar energ\u00eda en comunidades que no tienen acceso a la electricidad y se construyen hornillas agroecol\u00f3gicas para eliminar problemas de salud asociados a la cocci\u00f3n de alimentos con le\u00f1a. Y tambi\u00e9n hay que mirar atr\u00e1s, a las pr\u00e1cticas hist\u00f3ricas de los pueblos, aunque muchas han sido desaparecidas por el modelo actual.<\/p><p><strong>UNA DE LAS LIMITACIONES PARA CONSTRUIR ALTERNATIVAS AL MODELO EXTRACTIVISTA ES EL HECHO DE QUE LAS ALTERNATIVAS QUE VAN SURGIENDO EST\u00c1N MUY DISPERSAS, POCO SISTEMATIZADAS, Y NO SE CONOCEN LO SUFICIENTE FUERA DE LOS TERRITORIOS DONDE SE DESARROLLAN. \u00bfQU\u00c9 HACE AMIGOS DE LA TIERRA PARA SOCIALIZAR TODAS ESAS EXPERIENCIAS Y PR\u00c1CTICAS QUE EST\u00c1N PROPONIENDO UNA RELACI\u00d3N DISTINTA CON LA NATURALEZA?<\/strong><\/p><p>Nosotros aprovechamos espacios de convergencia internacional ya creados, como foros y cumbres, y cada dos o tres a\u00f1os hacemos la escuela de la sustentabilidad, donde nos reunimos comunidades y organizaciones amigas y discutimos asuntos de comunicaci\u00f3n, formaci\u00f3n, contexto pol\u00edtico. Lo principal es la articulaci\u00f3n y el intercambio con otros movimientos, como el Movimiento (de los Trabajadores Rurales) Sin Tierra de Brasil, la Marcha Mundial de Mujeres, la V\u00eda Campesina, la Confederaci\u00f3n Sindical de las Am\u00e9ricas, Jubileo Suram\u00e9ricas\u2026 Pero tambi\u00e9n ponemos \u00e9nfasis en el proceso de construcci\u00f3n de la comunicaci\u00f3n.<\/p><p>Tenemos un medio que se llama Radio Mundo Real, con el cual tratamos de impulsar tres procesos. Uno: la convergencia de movimientos sociales. Dos: la formaci\u00f3n de comunicadores populares en diferentes \u00e1mbitos. Y tres: la construcci\u00f3n de una memoria ambiental de los pueblos a trav\u00e9s de la documentaci\u00f3n radial y audiovisual \u2013que para m\u00ed es uno de los procesos m\u00e1s interesantes.<\/p><p><strong>\u00bfQU\u00c9 RESULTADOS HA TENIDO LA ACTUACI\u00d3N DE AMIGOS DE LA TIERRA EN LA REGI\u00d3N? \u00bfCU\u00c1L HA SIDO SU IMPACTO?<\/strong><\/p><p>Un logro esencial es haber contribuido a comprender la importancia de la variable ambiental en las luchas y resistencias territoriales de los movimientos sociales. Otro tiene que ver con la defensa de los defensores de territorios, que han sido criminalizados en las \u00faltimas dos d\u00e9cadas, y hemos ayudado incluso a salvar las vidas de esas personas en algunos momentos. Otro, la contribuci\u00f3n a procesos agroecol\u00f3gicos, sobre todo a la protecci\u00f3n del intercambio de semillas en Am\u00e9rica Latina, que se ha hecho en articulaci\u00f3n con V\u00eda Campesina, por ejemplo. Y sin lugar a dudas en la \u00faltima d\u00e9cada el trabajo de Radio Mundo Real ha sido un trabajo de visibilizaci\u00f3n de las luchas territoriales y de construcci\u00f3n de una nueva mirada de lo ambiental.<\/p><p><strong>CON CUBA, \u00bfCU\u00c1L HA SIDO LA RELACI\u00d3N QUE HAN MANTENIDO HASTA AHORA?<\/strong><\/p><p>Nosotros tenemos una relaci\u00f3n de varios a\u00f1os con el Centro Memorial Martin Luther King Jr., y a trav\u00e9s de esa relaci\u00f3n nos encontramos con el Centro para la Promoci\u00f3n de la Educaci\u00f3n y el Desarrollo Sostenible (CEPRODESO) y con la Red de Educadores Populares y Ambientales, que han sido una gu\u00eda para la definici\u00f3n pedag\u00f3gica. Esa relaci\u00f3n nos ha permitido una concepci\u00f3n muy diferente de lo que nosotros ten\u00edamos entendido por educaci\u00f3n en la regi\u00f3n y nos ha mostrado un camino metodol\u00f3gico nuevo en la construcci\u00f3n de lo popular hacia la defensa de lo territorial.<\/p><p>Para Amigos de la Tierra, Cuba sigue siendo un modelo de referencia de proceso socialista. Y de un socialismo que tiene todas las dificultades de un modelo hist\u00f3rico, que se renueva permanentemente en la necesidad de los cambios, y para nosotros, que venimos de pa\u00edses capitalistas, donde la posibilidad de compartir ha sido atacada desde los modelos culturales de individualizaci\u00f3n, todo esto es un aprendizaje muy grande.<\/p><p><strong>\u00bfQU\u00c9 VALORACI\u00d3N HAR\u00cdAS DE LA REALIDAD CUBANA EN LO REFERENTE A LA PROTECCI\u00d3N DEL MEDIO AMBIENTE?<\/strong><\/p><p>Nosotros entendemos que en Cuba hay dificultades en t\u00e9rminos de lo ambiental, como las hay en muchos otros pa\u00edses, pero tambi\u00e9n sabemos que la afectaci\u00f3n por el modelo o el modo de vida que se lleva ac\u00e1 puede ser menor que el que hay en los pa\u00edses capitalistas de los que provenimos. En el capitalismo tenemos que luchar d\u00eda a d\u00eda para que ese modelo no arrase con los pocos patrimonios que siguen garantizando la vida de las poblaciones. No s\u00e9 en el caso cubano c\u00f3mo es la relaci\u00f3n, si es de disputa o si es de conservaci\u00f3n frente a los patrimonios que garantizan la vida, pero s\u00ed entendemos que las escalas de destrucci\u00f3n de la naturaleza son diferentes. La escala en que nosotros estamos no es comparable con la escala de Cuba.<\/p><p><strong>\u00bfQU\u00c9 RETOS CONSIDERAS QUE IMPONE ACTUALMENTE EL ESCENARIO MEDIOAMBIENTAL DE AM\u00c9RICA LATINA Y EL CARIBE?<\/strong><\/p><p>Ante un escenario de explotaci\u00f3n de los patrimonios naturales y los seres humanos cada vez mayor por agentes transnacionales, consideramos que las posibilidades est\u00e1n necesariamente en la organizaci\u00f3n. Eso puede sonar a lugar com\u00fan, a algo que hist\u00f3ricamente se ha dicho: \u201cNecesitamos organizarnos para poder enfrentar los problemas del mundo\u201d. Pero esa organizaci\u00f3n es sin lugar a dudas necesaria, porque los pueblos desorganizados no vamos a obtener victorias frente a un modelo de desarrollo extractivista que s\u00ed tiene formas de organizaci\u00f3n efectivas.<\/p><p>Cuando las compa\u00f1\u00edas llegan a nuestros pa\u00edses ellas se organizan y articulan bien con los Gobiernos. Tienen formas de acceder a las comunidades a trav\u00e9s de enga\u00f1os y manipulaciones. Y si nosotros no tenemos un proceso que logre enfrentar esa forma de organizaci\u00f3n del capital, pues simplemente no vamos a poder resistir esos proyectos, y cada vez m\u00e1s comunidades saldr\u00e1n de sus territorios e ir\u00e1n a las grandes ciudades a agrandar los c\u00edrculos de la pobreza, de gente que no tiene trabajo porque no pertenece a esos espacios.<\/p><p><strong>FRENTE AL CONTEXTO EN QUE NOS ENCONTRAMOS HOY, MARCADO POR EL INCREMENTO DE LOS CONFLICTOS MEDIOAMBIENTALES, EL DESPLAZAMIENTO FORZADO DE COMUNIDADES, LA P\u00c9RDIDA DE BIODIVERSIDAD, LA CRIMINALIZACI\u00d3N DE LA DEFENSA DE LOS TERRITORIOS Y PATRIMONIOS NATURALES, EL ASESINATO DE IMPORTANTES L\u00cdDERES DE MOVIMIENTOS SOCIALES Y LA IMPUNIDAD CON QUE SE COMETEN TANTOS CR\u00cdMENES CONTRA LA VIDA, \u00bfPODR\u00cdAS CONSIDERARTE UNA PERSONA OPTIMISTA? \u00bfNO TE PROVOCA FRUSTRACI\u00d3N VER QUE SE AVANZA POR UN LADO Y LUEGO POR OTRO SE RETROCEDE?<\/strong><\/p><p>Para ser completamente honesto, hay d\u00edas en que pienso que las dificultades son muchas y los frentes de trabajo no alcanzan a enfrentar esas dificultades efectivamente. Pero tambi\u00e9n, cuando estoy en territorios ind\u00edgenas, campesinos, afrodescendientes, y veo la fuerza y la tenacidad de la gente que, a pesar de las adversidades y de no tener materialmente muchas cosas que son necesarias para la vida, todos los d\u00edas se levanta a enfrentar el corporativismo, los paramilitares, la seguridad privada que la quiere sacar de sus territorios, creo que mis frustraciones son estupideces con respecto a esa realidad.<\/p><p>Yo vivo en una ciudad como Bogot\u00e1, donde no tengo cosas en abundancia pero no carezco radicalmente de lo que necesito para vivir, y tengo un hijo al que puedo dar de comer y mandar a estudiar. Pero la vida de la gente que lucha, que trabaja en la tierra y que la cultiva, que no se quiere dejar sacar de ah\u00ed, eso s\u00ed es dif\u00edcil. Y si la gente sigue parada ah\u00ed resistiendo, \u00bfc\u00f3mo nosotros no vamos a poder seguir contribuyendo con el trabajo que hacemos? El contexto es adverso, pero la tenacidad de los pueblos latinoamericanos supera las adversidades.<\/p><\/div><div class=\"itemExtraFields\"><p><strong><span class=\"itemExtraFieldsLabel\">Fuente:<\/span><\/strong><span class=\"itemExtraFieldsValue\"> <a href=\"http:\/\/www.sudamericarural.org\/index.php\/noticias\/que-pasa\/17-otros-paises\/5281-extractivismo-y-recursos-naturales-existen-alternativas\" target=\"_blank\" rel=\"noopener noreferrer\">http:\/\/www.sudamericarural.org\/index.php\/noticias\/que-pasa\/17-otros-paises\/5281-extractivismo-y-recursos-naturales-existen-alternativas<\/a><\/span><\/p><\/div><\/div><\/div>\t\t\t\t\t\t\t\t<\/div>\n\t\t\t\t<\/div>\n\t\t\t\t\t<\/div>\n\t\t<\/div>\n\t\t\t\t\t<\/div>\n\t\t<\/section>\n\t\t\t\t<section class=\"elementor-section elementor-top-section elementor-element elementor-element-7cc07d6 elementor-section-boxed elementor-section-height-default elementor-section-height-default\" data-id=\"7cc07d6\" data-element_type=\"section\" data-e-type=\"section\">\n\t\t\t\t\t\t<div class=\"elementor-container elementor-column-gap-default\">\n\t\t\t\t\t<div class=\"elementor-column elementor-col-100 elementor-top-column elementor-element elementor-element-6158e3e\" data-id=\"6158e3e\" data-element_type=\"column\" data-e-type=\"column\">\n\t\t\t<div class=\"elementor-widget-wrap elementor-element-populated\">\n\t\t\t\t\t\t<div class=\"elementor-element elementor-element-b6b23b5 elementor-widget elementor-widget-global elementor-global-10318 elementor-widget-heading\" data-id=\"b6b23b5\" data-element_type=\"widget\" data-e-type=\"widget\" data-widget_type=\"heading.default\">\n\t\t\t\t<div class=\"elementor-widget-container\">\n\t\t\t\t\t<h4 class=\"elementor-heading-title elementor-size-default\">Te podr\u00eda interesar<\/h4>\t\t\t\t<\/div>\n\t\t\t\t<\/div>\n\t\t\t\t\t<\/div>\n\t\t<\/div>\n\t\t\t\t\t<\/div>\n\t\t<\/section>\n\t\t\t\t<section class=\"elementor-section elementor-top-section elementor-element elementor-element-bcb6aca elementor-section-boxed elementor-section-height-default elementor-section-height-default\" data-id=\"bcb6aca\" data-element_type=\"section\" data-e-type=\"section\">\n\t\t\t\t\t\t<div class=\"elementor-container elementor-column-gap-default\">\n\t\t\t\t\t<div class=\"elementor-column elementor-col-100 elementor-top-column elementor-element elementor-element-ace9f56\" data-id=\"ace9f56\" data-element_type=\"column\" data-e-type=\"column\">\n\t\t\t<div class=\"elementor-widget-wrap elementor-element-populated\">\n\t\t\t\t\t\t<div class=\"elementor-element elementor-element-51706b0 pp-card-slider-image-left pp-card-slider-dots-aside elementor-widget elementor-widget-global elementor-global-11749 elementor-widget-pp-card-slider\" data-id=\"51706b0\" data-element_type=\"widget\" data-e-type=\"widget\" data-settings=\"{&quot;open_lightbox&quot;:&quot;default&quot;,&quot;pause_on_hover&quot;:&quot;yes&quot;}\" data-widget_type=\"pp-card-slider.default\">\n\t\t\t\t<div class=\"elementor-widget-container\">\n\t\t\t\t\t\t\t<div class=\"pp-card-slider pp-swiper-slider\" data-slider-settings=\"{&quot;effect&quot;:&quot;fade&quot;,&quot;speed&quot;:500,&quot;slides_per_view&quot;:1,&quot;auto_height&quot;:false,&quot;loop&quot;:&quot;yes&quot;,&quot;autoplay&quot;:&quot;yes&quot;,&quot;autoplay_speed&quot;:3000,&quot;pause_on_interaction&quot;:false,&quot;keyboard&quot;:&quot;yes&quot;,&quot;pagination&quot;:&quot;bullets&quot;}\">\n\t\t\t<div class=\"swiper-wrapper\">\n\t\t\t\t\t\t\t\t<div class=\"pp-card-slider-item swiper-slide pp-card-slider-item-0\">\n\t\t\t\t\t\t\t\t\t\t\t\t\t<div class=\"pp-card-slider-image\">\n\t\t\t\t<a data-elementor-open-lightbox=\"yes\" data-elementor-lightbox-slideshow=\"51706b0\" data-elementor-lightbox-title=\"Foto-Esteban-Entrevista\" data-e-action-hash=\"#elementor-action%3Aaction%3Dlightbox%26settings%3DeyJpZCI6MTc1MDYsInVybCI6Imh0dHBzOlwvXC9vY2FydS5vcmcuZWNcL3dwLWNvbnRlbnRcL3VwbG9hZHNcLzIwMjRcLzA4XC9Gb3RvLUVzdGViYW4tRW50cmV2aXN0YS1zY2FsZWQuanBnIiwic2xpZGVzaG93IjoiNTE3MDZiMCJ9\" href=\"https:\/\/ocaru.org.ec\/wp-content\/uploads\/2024\/08\/Foto-Esteban-Entrevista-768x512.jpg\"><img decoding=\"async\" src=\"https:\/\/ocaru.org.ec\/wp-content\/uploads\/2024\/08\/Foto-Esteban-Entrevista-768x512.jpg\" alt=\"\"><\/a>\t\t\t<\/div>\n\t\t\t\t\t\t\t\t<div class=\"pp-card-slider-content-wrap\">\n\t\t\t\t\t\t\t\t\t<div class=\"pp-card-slider-date\">\n\t\t\t\t\t\t\t\t\t<span class=\"pp-card-slider-meta-icon pp-icon\">\n\t\t\t\t\t\t<i aria-hidden=\"true\" class=\"fas fa-calendar-alt\"><\/i>\t\t\t\t\t<\/span>\n\t\t\t\t\t\t\t\t<span class=\"pp-card-slider-meta-text\">\n\t\t\t\t\tAugust 28, 2024\t\t\t\t<\/span>\n\t\t\t<\/div>\n\t\t\t\t\t\t\t\t\t\t\t\t\t\t\t\t<h2 class=\"pp-card-slider-title\">\n\t\t\t\t\t\t\t\t<a href=\"https:\/\/ocaru.org.ec\/en\/entrevista-a-esteban-daza-los-sectores-campesinos-viven-una-suerte-de-catastrofe-agroalimentaria\/\">Entrevista a Esteban Daza. Los sectores campesinos viven una suerte de cat\u00e1strofe agroalimentaria<\/a>\t\t\t\t\t\t\t<\/h2>\n\t\t\t\t\t\t\n\t\t\t\t\t\t\t\t\t<div class=\"pp-card-slider-meta\">\n\t\t\t\t\t\t\t\t\t<span class=\"pp-content-author\">\n\t\t\t\t\t\t\t\t\t\t\t\t\t<span class=\"pp-card-slider-meta-icon pp-icon\">\n\t\t\t\t\t\t\t\t<i aria-hidden=\"true\" class=\"fas fa-user\"><\/i>\t\t\t\t\t\t\t<\/span>\n\t\t\t\t\t\t\t\t\t\t\t\t<span class=\"pp-card-slider-meta-text\">\n\t\t\t\t\t\t\tEquipo OCARU\t\t\t\t\t\t<\/span>\n\t\t\t\t\t<\/span>\n\t\t\t\t  \n\t\t\t\t\t\t\t\t\t<span class=\"pp-post-category\">\n\t\t\t\t\t\t\t\t\t\t\t\t\t<span class=\"pp-card-slider-meta-icon pp-icon\">\n\t\t\t\t\t\t\t\t<i aria-hidden=\"true\" class=\"fas fa-folder-open\"><\/i>\t\t\t\t\t\t\t<\/span>\n\t\t\t\t\t\t\t\t\t\t\t\t<span class=\"pp-card-slider-meta-text\">\n\t\t\t\t\t\t\tEntrevistas\t\t\t\t\t\t<\/span>\n\t\t\t\t\t<\/span>\n\t\t\t\t  \n\t\t\t<\/div>\n\t\t\t\n\t\t\t\t\t\t\t\t\t\t\t\t\t\t\t\t\t<\/div>\n\t\t\t\t<\/div>\n\t\t\t\t\t\t\t\t<div class=\"pp-card-slider-item swiper-slide pp-card-slider-item-1\">\n\t\t\t\t\t\t\t\t\t\t\t\t\t<div class=\"pp-card-slider-image\">\n\t\t\t\t<a data-elementor-open-lightbox=\"yes\" data-elementor-lightbox-slideshow=\"51706b0\" data-elementor-lightbox-title=\"Noem\u00ed\" data-e-action-hash=\"#elementor-action%3Aaction%3Dlightbox%26settings%3DeyJpZCI6MTY1MDUsInVybCI6Imh0dHBzOlwvXC9vY2FydS5vcmcuZWNcL3dwLWNvbnRlbnRcL3VwbG9hZHNcLzIwMjRcLzA0XC9Ob2VtaS5qcGciLCJzbGlkZXNob3ciOiI1MTcwNmIwIn0%3D\" href=\"https:\/\/ocaru.org.ec\/wp-content\/uploads\/2024\/04\/Noemi-768x576.jpg\"><img decoding=\"async\" src=\"https:\/\/ocaru.org.ec\/wp-content\/uploads\/2024\/04\/Noemi-768x576.jpg\" alt=\"\"><\/a>\t\t\t<\/div>\n\t\t\t\t\t\t\t\t<div class=\"pp-card-slider-content-wrap\">\n\t\t\t\t\t\t\t\t\t<div class=\"pp-card-slider-date\">\n\t\t\t\t\t\t\t\t\t<span class=\"pp-card-slider-meta-icon pp-icon\">\n\t\t\t\t\t\t<i aria-hidden=\"true\" class=\"fas fa-calendar-alt\"><\/i>\t\t\t\t\t<\/span>\n\t\t\t\t\t\t\t\t<span class=\"pp-card-slider-meta-text\">\n\t\t\t\t\tMay 16, 2024\t\t\t\t<\/span>\n\t\t\t<\/div>\n\t\t\t\t\t\t\t\t\t\t\t\t\t\t\t\t<h2 class=\"pp-card-slider-title\">\n\t\t\t\t\t\t\t\t<a href=\"https:\/\/ocaru.org.ec\/en\/entrevista-noemi\/\">Entrevista a Noem\u00ed Calgull\u00edn sobre su experiencia como productora agroecol\u00f3gica<\/a>\t\t\t\t\t\t\t<\/h2>\n\t\t\t\t\t\t\n\t\t\t\t\t\t\t\t\t<div class=\"pp-card-slider-meta\">\n\t\t\t\t\t\t\t\t\t<span class=\"pp-content-author\">\n\t\t\t\t\t\t\t\t\t\t\t\t\t<span class=\"pp-card-slider-meta-icon pp-icon\">\n\t\t\t\t\t\t\t\t<i aria-hidden=\"true\" class=\"fas fa-user\"><\/i>\t\t\t\t\t\t\t<\/span>\n\t\t\t\t\t\t\t\t\t\t\t\t<span class=\"pp-card-slider-meta-text\">\n\t\t\t\t\t\t\tEquipo OCARU\t\t\t\t\t\t<\/span>\n\t\t\t\t\t<\/span>\n\t\t\t\t  \n\t\t\t\t\t\t\t\t\t<span class=\"pp-post-category\">\n\t\t\t\t\t\t\t\t\t\t\t\t\t<span class=\"pp-card-slider-meta-icon pp-icon\">\n\t\t\t\t\t\t\t\t<i aria-hidden=\"true\" class=\"fas fa-folder-open\"><\/i>\t\t\t\t\t\t\t<\/span>\n\t\t\t\t\t\t\t\t\t\t\t\t<span class=\"pp-card-slider-meta-text\">\n\t\t\t\t\t\t\tEntrevistas\t\t\t\t\t\t<\/span>\n\t\t\t\t\t<\/span>\n\t\t\t\t  \n\t\t\t<\/div>\n\t\t\t\n\t\t\t\t\t\t\t\t\t\t\t\t\t\t\t\t\t<\/div>\n\t\t\t\t<\/div>\n\t\t\t\t\t\t\t\t<div class=\"pp-card-slider-item swiper-slide pp-card-slider-item-2\">\n\t\t\t\t\t\t\t\t\t\t\t\t\t<div class=\"pp-card-slider-image\">\n\t\t\t\t<a data-elementor-open-lightbox=\"yes\" data-elementor-lightbox-slideshow=\"51706b0\" data-elementor-lightbox-title=\"Fanny\" data-e-action-hash=\"#elementor-action%3Aaction%3Dlightbox%26settings%3DeyJpZCI6MTY0NTksInVybCI6Imh0dHBzOlwvXC9vY2FydS5vcmcuZWNcL3dwLWNvbnRlbnRcL3VwbG9hZHNcLzIwMjRcLzA0XC9GYW5ueS5qcGciLCJzbGlkZXNob3ciOiI1MTcwNmIwIn0%3D\" href=\"https:\/\/ocaru.org.ec\/wp-content\/uploads\/2024\/04\/Fanny-768x576.jpg\"><img decoding=\"async\" src=\"https:\/\/ocaru.org.ec\/wp-content\/uploads\/2024\/04\/Fanny-768x576.jpg\" alt=\"\"><\/a>\t\t\t<\/div>\n\t\t\t\t\t\t\t\t<div class=\"pp-card-slider-content-wrap\">\n\t\t\t\t\t\t\t\t\t<div class=\"pp-card-slider-date\">\n\t\t\t\t\t\t\t\t\t<span class=\"pp-card-slider-meta-icon pp-icon\">\n\t\t\t\t\t\t<i aria-hidden=\"true\" class=\"fas fa-calendar-alt\"><\/i>\t\t\t\t\t<\/span>\n\t\t\t\t\t\t\t\t<span class=\"pp-card-slider-meta-text\">\n\t\t\t\t\tApril 8, 2024\t\t\t\t<\/span>\n\t\t\t<\/div>\n\t\t\t\t\t\t\t\t\t\t\t\t\t\t\t\t<h2 class=\"pp-card-slider-title\">\n\t\t\t\t\t\t\t\t<a href=\"https:\/\/ocaru.org.ec\/en\/entrevista-fanny\/\">Entrevista a Fanny Salazar. Experiencia de la feria agroecol\u00f3gica &#8216;Siembra por la vida&#8217;<\/a>\t\t\t\t\t\t\t<\/h2>\n\t\t\t\t\t\t\n\t\t\t\t\t\t\t\t\t<div class=\"pp-card-slider-meta\">\n\t\t\t\t\t\t\t\t\t<span class=\"pp-content-author\">\n\t\t\t\t\t\t\t\t\t\t\t\t\t<span class=\"pp-card-slider-meta-icon pp-icon\">\n\t\t\t\t\t\t\t\t<i aria-hidden=\"true\" class=\"fas fa-user\"><\/i>\t\t\t\t\t\t\t<\/span>\n\t\t\t\t\t\t\t\t\t\t\t\t<span class=\"pp-card-slider-meta-text\">\n\t\t\t\t\t\t\tEquipo OCARU\t\t\t\t\t\t<\/span>\n\t\t\t\t\t<\/span>\n\t\t\t\t  \n\t\t\t\t\t\t\t\t\t<span class=\"pp-post-category\">\n\t\t\t\t\t\t\t\t\t\t\t\t\t<span class=\"pp-card-slider-meta-icon pp-icon\">\n\t\t\t\t\t\t\t\t<i aria-hidden=\"true\" class=\"fas fa-folder-open\"><\/i>\t\t\t\t\t\t\t<\/span>\n\t\t\t\t\t\t\t\t\t\t\t\t<span class=\"pp-card-slider-meta-text\">\n\t\t\t\t\t\t\tEntrevistas\t\t\t\t\t\t<\/span>\n\t\t\t\t\t<\/span>\n\t\t\t\t  \n\t\t\t<\/div>\n\t\t\t\n\t\t\t\t\t\t\t\t\t\t\t\t\t\t\t\t\t<\/div>\n\t\t\t\t<\/div>\n\t\t\t\t\t\t\t\t<div class=\"pp-card-slider-item swiper-slide pp-card-slider-item-3\">\n\t\t\t\t\t\t\t\t\t\t\t\t\t<div class=\"pp-card-slider-image\">\n\t\t\t\t<a data-elementor-open-lightbox=\"yes\" data-elementor-lightbox-slideshow=\"51706b0\" data-elementor-lightbox-title=\"Roberto Guerrero\" data-e-action-hash=\"#elementor-action%3Aaction%3Dlightbox%26settings%3DeyJpZCI6MTYzMDYsInVybCI6Imh0dHBzOlwvXC9vY2FydS5vcmcuZWNcL3dwLWNvbnRlbnRcL3VwbG9hZHNcLzIwMjRcLzAzXC9Sb2JlcnRvLUd1ZXJyZXJvLXNjYWxlZC5qcGciLCJzbGlkZXNob3ciOiI1MTcwNmIwIn0%3D\" href=\"https:\/\/ocaru.org.ec\/wp-content\/uploads\/2024\/03\/Roberto-Guerrero-768x512.jpg\"><img decoding=\"async\" src=\"https:\/\/ocaru.org.ec\/wp-content\/uploads\/2024\/03\/Roberto-Guerrero-768x512.jpg\" alt=\"\"><\/a>\t\t\t<\/div>\n\t\t\t\t\t\t\t\t<div class=\"pp-card-slider-content-wrap\">\n\t\t\t\t\t\t\t\t\t<div class=\"pp-card-slider-date\">\n\t\t\t\t\t\t\t\t\t<span class=\"pp-card-slider-meta-icon pp-icon\">\n\t\t\t\t\t\t<i aria-hidden=\"true\" class=\"fas fa-calendar-alt\"><\/i>\t\t\t\t\t<\/span>\n\t\t\t\t\t\t\t\t<span class=\"pp-card-slider-meta-text\">\n\t\t\t\t\tMarch 8, 2024\t\t\t\t<\/span>\n\t\t\t<\/div>\n\t\t\t\t\t\t\t\t\t\t\t\t\t\t\t\t<h2 class=\"pp-card-slider-title\">\n\t\t\t\t\t\t\t\t<a href=\"https:\/\/ocaru.org.ec\/en\/entrevista-roberto-guerrero\/\">Entrevista a Roberto Guerrero. Experiencias y alternativas para hacerle frente a los mercados para &#8216;pobres&#8217;<\/a>\t\t\t\t\t\t\t<\/h2>\n\t\t\t\t\t\t\n\t\t\t\t\t\t\t\t\t<div class=\"pp-card-slider-meta\">\n\t\t\t\t\t\t\t\t\t<span class=\"pp-content-author\">\n\t\t\t\t\t\t\t\t\t\t\t\t\t<span class=\"pp-card-slider-meta-icon pp-icon\">\n\t\t\t\t\t\t\t\t<i aria-hidden=\"true\" class=\"fas fa-user\"><\/i>\t\t\t\t\t\t\t<\/span>\n\t\t\t\t\t\t\t\t\t\t\t\t<span class=\"pp-card-slider-meta-text\">\n\t\t\t\t\t\t\tEquipo OCARU\t\t\t\t\t\t<\/span>\n\t\t\t\t\t<\/span>\n\t\t\t\t  \n\t\t\t\t\t\t\t\t\t<span class=\"pp-post-category\">\n\t\t\t\t\t\t\t\t\t\t\t\t\t<span class=\"pp-card-slider-meta-icon pp-icon\">\n\t\t\t\t\t\t\t\t<i aria-hidden=\"true\" class=\"fas fa-folder-open\"><\/i>\t\t\t\t\t\t\t<\/span>\n\t\t\t\t\t\t\t\t\t\t\t\t<span class=\"pp-card-slider-meta-text\">\n\t\t\t\t\t\t\tEntrevistas\t\t\t\t\t\t<\/span>\n\t\t\t\t\t<\/span>\n\t\t\t\t  \n\t\t\t<\/div>\n\t\t\t\n\t\t\t\t\t\t\t\t\t\t\t\t\t\t\t\t\t<\/div>\n\t\t\t\t<\/div>\n\t\t\t\t\t\t\t\t<div class=\"pp-card-slider-item swiper-slide pp-card-slider-item-4\">\n\t\t\t\t\t\t\t\t\t\t\t\t\t<div class=\"pp-card-slider-image\">\n\t\t\t\t<a data-elementor-open-lightbox=\"yes\" data-elementor-lightbox-slideshow=\"51706b0\" data-elementor-lightbox-title=\"Benjamin-Macas-Web\" data-e-action-hash=\"#elementor-action%3Aaction%3Dlightbox%26settings%3DeyJpZCI6MTU5NjMsInVybCI6Imh0dHBzOlwvXC9vY2FydS5vcmcuZWNcL3dwLWNvbnRlbnRcL3VwbG9hZHNcLzIwMjRcLzAzXC9CZW5qYW1pbi1NYWNhcy1XZWIuanBnIiwic2xpZGVzaG93IjoiNTE3MDZiMCJ9\" href=\"https:\/\/ocaru.org.ec\/wp-content\/uploads\/2024\/03\/Benjamin-Macas-Web-768x539.jpg\"><img decoding=\"async\" src=\"https:\/\/ocaru.org.ec\/wp-content\/uploads\/2024\/03\/Benjamin-Macas-Web-768x539.jpg\" alt=\"\"><\/a>\t\t\t<\/div>\n\t\t\t\t\t\t\t\t<div class=\"pp-card-slider-content-wrap\">\n\t\t\t\t\t\t\t\t\t<div class=\"pp-card-slider-date\">\n\t\t\t\t\t\t\t\t\t<span class=\"pp-card-slider-meta-icon pp-icon\">\n\t\t\t\t\t\t<i aria-hidden=\"true\" class=\"fas fa-calendar-alt\"><\/i>\t\t\t\t\t<\/span>\n\t\t\t\t\t\t\t\t<span class=\"pp-card-slider-meta-text\">\n\t\t\t\t\tMarch 5, 2024\t\t\t\t<\/span>\n\t\t\t<\/div>\n\t\t\t\t\t\t\t\t\t\t\t\t\t\t\t\t<h2 class=\"pp-card-slider-title\">\n\t\t\t\t\t\t\t\t<a href=\"https:\/\/ocaru.org.ec\/en\/entrevista-benjamin-macas-campesinos-tlcs-y-agricultura-en-ecuador\/\">Entrevista a Benjam\u00edn Macas. Campesinos, TLC&#8217;s y agricultura en Ecuador<\/a>\t\t\t\t\t\t\t<\/h2>\n\t\t\t\t\t\t\n\t\t\t\t\t\t\t\t\t<div class=\"pp-card-slider-meta\">\n\t\t\t\t\t\t\t\t\t<span class=\"pp-content-author\">\n\t\t\t\t\t\t\t\t\t\t\t\t\t<span class=\"pp-card-slider-meta-icon pp-icon\">\n\t\t\t\t\t\t\t\t<i aria-hidden=\"true\" class=\"fas fa-user\"><\/i>\t\t\t\t\t\t\t<\/span>\n\t\t\t\t\t\t\t\t\t\t\t\t<span class=\"pp-card-slider-meta-text\">\n\t\t\t\t\t\t\tEquipo OCARU\t\t\t\t\t\t<\/span>\n\t\t\t\t\t<\/span>\n\t\t\t\t  \n\t\t\t\t\t\t\t\t\t<span class=\"pp-post-category\">\n\t\t\t\t\t\t\t\t\t\t\t\t\t<span class=\"pp-card-slider-meta-icon pp-icon\">\n\t\t\t\t\t\t\t\t<i aria-hidden=\"true\" class=\"fas fa-folder-open\"><\/i>\t\t\t\t\t\t\t<\/span>\n\t\t\t\t\t\t\t\t\t\t\t\t<span class=\"pp-card-slider-meta-text\">\n\t\t\t\t\t\t\tEntrevistas\t\t\t\t\t\t<\/span>\n\t\t\t\t\t<\/span>\n\t\t\t\t  \n\t\t\t<\/div>\n\t\t\t\n\t\t\t\t\t\t\t\t\t\t\t\t\t\t\t\t\t<\/div>\n\t\t\t\t<\/div>\n\t\t\t\t\t\t\t\t<div class=\"pp-card-slider-item swiper-slide pp-card-slider-item-5\">\n\t\t\t\t\t\t\t\t\t\t\t\t\t<div class=\"pp-card-slider-image\">\n\t\t\t\t<a data-elementor-open-lightbox=\"yes\" data-elementor-lightbox-slideshow=\"51706b0\" data-elementor-lightbox-title=\"Eduardo-Malagon-Web\" data-e-action-hash=\"#elementor-action%3Aaction%3Dlightbox%26settings%3DeyJpZCI6MTU4NTAsInVybCI6Imh0dHBzOlwvXC9vY2FydS5vcmcuZWNcL3dwLWNvbnRlbnRcL3VwbG9hZHNcLzIwMjRcLzAzXC9FZHVhcmRvLU1hbGFnb24tV2ViLmpwZyIsInNsaWRlc2hvdyI6IjUxNzA2YjAifQ%3D%3D\" href=\"https:\/\/ocaru.org.ec\/wp-content\/uploads\/2024\/03\/Eduardo-Malagon-Web-768x539.jpg\"><img decoding=\"async\" src=\"https:\/\/ocaru.org.ec\/wp-content\/uploads\/2024\/03\/Eduardo-Malagon-Web-768x539.jpg\" alt=\"\"><\/a>\t\t\t<\/div>\n\t\t\t\t\t\t\t\t<div class=\"pp-card-slider-content-wrap\">\n\t\t\t\t\t\t\t\t\t<div class=\"pp-card-slider-date\">\n\t\t\t\t\t\t\t\t\t<span class=\"pp-card-slider-meta-icon pp-icon\">\n\t\t\t\t\t\t<i aria-hidden=\"true\" class=\"fas fa-calendar-alt\"><\/i>\t\t\t\t\t<\/span>\n\t\t\t\t\t\t\t\t<span class=\"pp-card-slider-meta-text\">\n\t\t\t\t\tMarch 2, 2024\t\t\t\t<\/span>\n\t\t\t<\/div>\n\t\t\t\t\t\t\t\t\t\t\t\t\t\t\t\t<h2 class=\"pp-card-slider-title\">\n\t\t\t\t\t\t\t\t<a href=\"https:\/\/ocaru.org.ec\/en\/entrevista-a-eduardo-malagon-zaldua-protestas-en-europa-reduccion-notable-del-numero-de-explotaciones-agrarias\/\">Entrevista a Eduardo Malag\u00f3n Zaldua. Protestas en Europa: Reducci\u00f3n notable del n\u00famero de explotaciones agrarias<\/a>\t\t\t\t\t\t\t<\/h2>\n\t\t\t\t\t\t\n\t\t\t\t\t\t\t\t\t<div class=\"pp-card-slider-meta\">\n\t\t\t\t\t\t\t\t\t<span class=\"pp-content-author\">\n\t\t\t\t\t\t\t\t\t\t\t\t\t<span class=\"pp-card-slider-meta-icon pp-icon\">\n\t\t\t\t\t\t\t\t<i aria-hidden=\"true\" class=\"fas fa-user\"><\/i>\t\t\t\t\t\t\t<\/span>\n\t\t\t\t\t\t\t\t\t\t\t\t<span class=\"pp-card-slider-meta-text\">\n\t\t\t\t\t\t\tEquipo OCARU\t\t\t\t\t\t<\/span>\n\t\t\t\t\t<\/span>\n\t\t\t\t  \n\t\t\t\t\t\t\t\t\t<span class=\"pp-post-category\">\n\t\t\t\t\t\t\t\t\t\t\t\t\t<span class=\"pp-card-slider-meta-icon pp-icon\">\n\t\t\t\t\t\t\t\t<i aria-hidden=\"true\" class=\"fas fa-folder-open\"><\/i>\t\t\t\t\t\t\t<\/span>\n\t\t\t\t\t\t\t\t\t\t\t\t<span class=\"pp-card-slider-meta-text\">\n\t\t\t\t\t\t\tEntrevistas\t\t\t\t\t\t<\/span>\n\t\t\t\t\t<\/span>\n\t\t\t\t  \n\t\t\t<\/div>\n\t\t\t\n\t\t\t\t\t\t\t\t\t\t\t\t\t\t\t\t\t<\/div>\n\t\t\t\t<\/div>\n\t\t\t\t\t\t\t\t<div class=\"pp-card-slider-item swiper-slide pp-card-slider-item-6\">\n\t\t\t\t\t\t\t\t\t\t\t\t\t<div class=\"pp-card-slider-image\">\n\t\t\t\t<a data-elementor-open-lightbox=\"yes\" data-elementor-lightbox-slideshow=\"51706b0\" data-elementor-lightbox-title=\"Mamen-Cuellar-sin-marca\" data-e-action-hash=\"#elementor-action%3Aaction%3Dlightbox%26settings%3DeyJpZCI6MTU4MjksInVybCI6Imh0dHBzOlwvXC9vY2FydS5vcmcuZWNcL3dwLWNvbnRlbnRcL3VwbG9hZHNcLzIwMjRcLzAyXC9NYW1lbi1DdWVsbGFyLXNpbi1tYXJjYS5qcGciLCJzbGlkZXNob3ciOiI1MTcwNmIwIn0%3D\" href=\"https:\/\/ocaru.org.ec\/wp-content\/uploads\/2024\/02\/Mamen-Cuellar-sin-marca-768x539.jpg\"><img decoding=\"async\" src=\"https:\/\/ocaru.org.ec\/wp-content\/uploads\/2024\/02\/Mamen-Cuellar-sin-marca-768x539.jpg\" alt=\"\"><\/a>\t\t\t<\/div>\n\t\t\t\t\t\t\t\t<div class=\"pp-card-slider-content-wrap\">\n\t\t\t\t\t\t\t\t\t<div class=\"pp-card-slider-date\">\n\t\t\t\t\t\t\t\t\t<span class=\"pp-card-slider-meta-icon pp-icon\">\n\t\t\t\t\t\t<i aria-hidden=\"true\" class=\"fas fa-calendar-alt\"><\/i>\t\t\t\t\t<\/span>\n\t\t\t\t\t\t\t\t<span class=\"pp-card-slider-meta-text\">\n\t\t\t\t\tFebruary 29, 2024\t\t\t\t<\/span>\n\t\t\t<\/div>\n\t\t\t\t\t\t\t\t\t\t\t\t\t\t\t\t<h2 class=\"pp-card-slider-title\">\n\t\t\t\t\t\t\t\t<a href=\"https:\/\/ocaru.org.ec\/en\/protestas-en-europa-agricultores-presionados-a-producir-a-perdida\/\">Entrevista a Mamen Cu\u00e9llar. Protestas en Europa: Agricultores presionados a producir a p\u00e9rdida<\/a>\t\t\t\t\t\t\t<\/h2>\n\t\t\t\t\t\t\n\t\t\t\t\t\t\t\t\t<div class=\"pp-card-slider-meta\">\n\t\t\t\t\t\t\t\t\t<span class=\"pp-content-author\">\n\t\t\t\t\t\t\t\t\t\t\t\t\t<span class=\"pp-card-slider-meta-icon pp-icon\">\n\t\t\t\t\t\t\t\t<i aria-hidden=\"true\" class=\"fas fa-user\"><\/i>\t\t\t\t\t\t\t<\/span>\n\t\t\t\t\t\t\t\t\t\t\t\t<span class=\"pp-card-slider-meta-text\">\n\t\t\t\t\t\t\tEquipo OCARU\t\t\t\t\t\t<\/span>\n\t\t\t\t\t<\/span>\n\t\t\t\t  \n\t\t\t\t\t\t\t\t\t<span class=\"pp-post-category\">\n\t\t\t\t\t\t\t\t\t\t\t\t\t<span class=\"pp-card-slider-meta-icon pp-icon\">\n\t\t\t\t\t\t\t\t<i aria-hidden=\"true\" class=\"fas fa-folder-open\"><\/i>\t\t\t\t\t\t\t<\/span>\n\t\t\t\t\t\t\t\t\t\t\t\t<span class=\"pp-card-slider-meta-text\">\n\t\t\t\t\t\t\tEntrevistas\t\t\t\t\t\t<\/span>\n\t\t\t\t\t<\/span>\n\t\t\t\t  \n\t\t\t<\/div>\n\t\t\t\n\t\t\t\t\t\t\t\t\t\t\t\t\t\t\t\t\t<\/div>\n\t\t\t\t<\/div>\n\t\t\t\t\t\t\t\t<div class=\"pp-card-slider-item swiper-slide pp-card-slider-item-7\">\n\t\t\t\t\t\t\t\t\t\t\t\t\t<div class=\"pp-card-slider-image\">\n\t\t\t\t<a data-elementor-open-lightbox=\"yes\" data-elementor-lightbox-slideshow=\"51706b0\" data-elementor-lightbox-title=\"mgr28\" data-e-action-hash=\"#elementor-action%3Aaction%3Dlightbox%26settings%3DeyJpZCI6MTQxNDksInVybCI6Imh0dHBzOlwvXC9vY2FydS5vcmcuZWNcL3dwLWNvbnRlbnRcL3VwbG9hZHNcLzIwMjNcLzExXC9tZ3IyOC5qcGciLCJzbGlkZXNob3ciOiI1MTcwNmIwIn0%3D\" href=\"https:\/\/ocaru.org.ec\/wp-content\/uploads\/2023\/11\/mgr28-768x539.jpg\"><img decoding=\"async\" src=\"https:\/\/ocaru.org.ec\/wp-content\/uploads\/2023\/11\/mgr28-768x539.jpg\" alt=\"\"><\/a>\t\t\t<\/div>\n\t\t\t\t\t\t\t\t<div class=\"pp-card-slider-content-wrap\">\n\t\t\t\t\t\t\t\t\t<div class=\"pp-card-slider-date\">\n\t\t\t\t\t\t\t\t\t<span class=\"pp-card-slider-meta-icon pp-icon\">\n\t\t\t\t\t\t<i aria-hidden=\"true\" class=\"fas fa-calendar-alt\"><\/i>\t\t\t\t\t<\/span>\n\t\t\t\t\t\t\t\t<span class=\"pp-card-slider-meta-text\">\n\t\t\t\t\tSeptember 19, 2022\t\t\t\t<\/span>\n\t\t\t<\/div>\n\t\t\t\t\t\t\t\t\t\t\t\t\t\t\t\t<h2 class=\"pp-card-slider-title\">\n\t\t\t\t\t\t\t\t<a href=\"https:\/\/ocaru.org.ec\/en\/por-que-es-importante-en-estos-momentos-implementar-el-decenio-de-las-nnuu-de-la-agricultura-familiar-en-ecuador\/\">\u00bfPor qu\u00e9 es importante, en estos momentos, implementar el Decenio de las NNUU de la Agricultura Familiar en Ecuador?<\/a>\t\t\t\t\t\t\t<\/h2>\n\t\t\t\t\t\t\n\t\t\t\t\t\t\t\t\t<div class=\"pp-card-slider-meta\">\n\t\t\t\t\t\t\t\t\t<span class=\"pp-content-author\">\n\t\t\t\t\t\t\t\t\t\t\t\t\t<span class=\"pp-card-slider-meta-icon pp-icon\">\n\t\t\t\t\t\t\t\t<i aria-hidden=\"true\" class=\"fas fa-user\"><\/i>\t\t\t\t\t\t\t<\/span>\n\t\t\t\t\t\t\t\t\t\t\t\t<span class=\"pp-card-slider-meta-text\">\n\t\t\t\t\t\t\tValeria Recalde\t\t\t\t\t\t<\/span>\n\t\t\t\t\t<\/span>\n\t\t\t\t  \n\t\t\t\t\t\t\t\t\t<span class=\"pp-post-category\">\n\t\t\t\t\t\t\t\t\t\t\t\t\t<span class=\"pp-card-slider-meta-icon pp-icon\">\n\t\t\t\t\t\t\t\t<i aria-hidden=\"true\" class=\"fas fa-folder-open\"><\/i>\t\t\t\t\t\t\t<\/span>\n\t\t\t\t\t\t\t\t\t\t\t\t<span class=\"pp-card-slider-meta-text\">\n\t\t\t\t\t\t\tEntrevistas\t\t\t\t\t\t<\/span>\n\t\t\t\t\t<\/span>\n\t\t\t\t  \n\t\t\t<\/div>\n\t\t\t\n\t\t\t\t\t\t\t\t\t\t\t\t\t\t\t\t\t<\/div>\n\t\t\t\t<\/div>\n\t\t\t\t\t\t\t\t<div class=\"pp-card-slider-item swiper-slide pp-card-slider-item-8\">\n\t\t\t\t\t\t\t\t\t\t\t\t\t<div class=\"pp-card-slider-image\">\n\t\t\t\t<a data-elementor-open-lightbox=\"yes\" data-elementor-lightbox-slideshow=\"51706b0\" data-elementor-lightbox-title=\"oportunidad\" data-e-action-hash=\"#elementor-action%3Aaction%3Dlightbox%26settings%3DeyJpZCI6MTUxOTcsInVybCI6Imh0dHBzOlwvXC9vY2FydS5vcmcuZWNcL3dwLWNvbnRlbnRcL3VwbG9hZHNcLzIwMjNcLzExXC9vcG9ydHVuaWRhZC5qcGciLCJzbGlkZXNob3ciOiI1MTcwNmIwIn0%3D\" href=\"https:\/\/ocaru.org.ec\/wp-content\/uploads\/2023\/11\/oportunidad-768x539.jpg\"><img decoding=\"async\" src=\"https:\/\/ocaru.org.ec\/wp-content\/uploads\/2023\/11\/oportunidad-768x539.jpg\" alt=\"\"><\/a>\t\t\t<\/div>\n\t\t\t\t\t\t\t\t<div class=\"pp-card-slider-content-wrap\">\n\t\t\t\t\t\t\t\t\t<div class=\"pp-card-slider-date\">\n\t\t\t\t\t\t\t\t\t<span class=\"pp-card-slider-meta-icon pp-icon\">\n\t\t\t\t\t\t<i aria-hidden=\"true\" class=\"fas fa-calendar-alt\"><\/i>\t\t\t\t\t<\/span>\n\t\t\t\t\t\t\t\t<span class=\"pp-card-slider-meta-text\">\n\t\t\t\t\tAugust 15, 2022\t\t\t\t<\/span>\n\t\t\t<\/div>\n\t\t\t\t\t\t\t\t\t\t\t\t\t\t\t\t<h2 class=\"pp-card-slider-title\">\n\t\t\t\t\t\t\t\t<a href=\"https:\/\/ocaru.org.ec\/en\/por-que-es-importante-una-politica-de-precios-para-la-agricultura-campesina\/\">\u00bfPor qu\u00e9 es importante una pol\u00edtica de precios para la agricultura campesina?<\/a>\t\t\t\t\t\t\t<\/h2>\n\t\t\t\t\t\t\n\t\t\t\t\t\t\t\t\t<div class=\"pp-card-slider-meta\">\n\t\t\t\t\t\t\t\t\t<span class=\"pp-content-author\">\n\t\t\t\t\t\t\t\t\t\t\t\t\t<span class=\"pp-card-slider-meta-icon pp-icon\">\n\t\t\t\t\t\t\t\t<i aria-hidden=\"true\" class=\"fas fa-user\"><\/i>\t\t\t\t\t\t\t<\/span>\n\t\t\t\t\t\t\t\t\t\t\t\t<span class=\"pp-card-slider-meta-text\">\n\t\t\t\t\t\t\tEquipo OCARU\t\t\t\t\t\t<\/span>\n\t\t\t\t\t<\/span>\n\t\t\t\t  \n\t\t\t\t\t\t\t\t\t<span class=\"pp-post-category\">\n\t\t\t\t\t\t\t\t\t\t\t\t\t<span class=\"pp-card-slider-meta-icon pp-icon\">\n\t\t\t\t\t\t\t\t<i aria-hidden=\"true\" class=\"fas fa-folder-open\"><\/i>\t\t\t\t\t\t\t<\/span>\n\t\t\t\t\t\t\t\t\t\t\t\t<span class=\"pp-card-slider-meta-text\">\n\t\t\t\t\t\t\tEntrevistas\t\t\t\t\t\t<\/span>\n\t\t\t\t\t<\/span>\n\t\t\t\t  \n\t\t\t<\/div>\n\t\t\t\n\t\t\t\t\t\t\t\t\t\t\t\t\t\t\t\t\t<\/div>\n\t\t\t\t<\/div>\n\t\t\t\t\t\t\t\t<div class=\"pp-card-slider-item swiper-slide pp-card-slider-item-9\">\n\t\t\t\t\t\t\t\t\t\t\t\t\t<div class=\"pp-card-slider-image\">\n\t\t\t\t<a data-elementor-open-lightbox=\"yes\" data-elementor-lightbox-slideshow=\"51706b0\" data-elementor-lightbox-title=\"mgr27\" data-e-action-hash=\"#elementor-action%3Aaction%3Dlightbox%26settings%3DeyJpZCI6MTQxMzEsInVybCI6Imh0dHBzOlwvXC9vY2FydS5vcmcuZWNcL3dwLWNvbnRlbnRcL3VwbG9hZHNcLzIwMjNcLzExXC9tZ3IyNy5qcGciLCJzbGlkZXNob3ciOiI1MTcwNmIwIn0%3D\" href=\"https:\/\/ocaru.org.ec\/wp-content\/uploads\/2023\/11\/mgr27-768x539.jpg\"><img decoding=\"async\" src=\"https:\/\/ocaru.org.ec\/wp-content\/uploads\/2023\/11\/mgr27-768x539.jpg\" alt=\"\"><\/a>\t\t\t<\/div>\n\t\t\t\t\t\t\t\t<div class=\"pp-card-slider-content-wrap\">\n\t\t\t\t\t\t\t\t\t<div class=\"pp-card-slider-date\">\n\t\t\t\t\t\t\t\t\t<span class=\"pp-card-slider-meta-icon pp-icon\">\n\t\t\t\t\t\t<i aria-hidden=\"true\" class=\"fas fa-calendar-alt\"><\/i>\t\t\t\t\t<\/span>\n\t\t\t\t\t\t\t\t<span class=\"pp-card-slider-meta-text\">\n\t\t\t\t\tAugust 15, 2022\t\t\t\t<\/span>\n\t\t\t<\/div>\n\t\t\t\t\t\t\t\t\t\t\t\t\t\t\t\t<h2 class=\"pp-card-slider-title\">\n\t\t\t\t\t\t\t\t<a href=\"https:\/\/ocaru.org.ec\/en\/por-que-es-importante-una-politica-de-precios-para-la-agricultura-campesina-2\/\">\u00bfPor qu\u00e9 es importante una pol\u00edtica de precios para la agricultura campesina?<\/a>\t\t\t\t\t\t\t<\/h2>\n\t\t\t\t\t\t\n\t\t\t\t\t\t\t\t\t<div class=\"pp-card-slider-meta\">\n\t\t\t\t\t\t\t\t\t<span class=\"pp-content-author\">\n\t\t\t\t\t\t\t\t\t\t\t\t\t<span class=\"pp-card-slider-meta-icon pp-icon\">\n\t\t\t\t\t\t\t\t<i aria-hidden=\"true\" class=\"fas fa-user\"><\/i>\t\t\t\t\t\t\t<\/span>\n\t\t\t\t\t\t\t\t\t\t\t\t<span class=\"pp-card-slider-meta-text\">\n\t\t\t\t\t\t\tEquipo OCARU\t\t\t\t\t\t<\/span>\n\t\t\t\t\t<\/span>\n\t\t\t\t  \n\t\t\t\t\t\t\t\t\t<span class=\"pp-post-category\">\n\t\t\t\t\t\t\t\t\t\t\t\t\t<span class=\"pp-card-slider-meta-icon pp-icon\">\n\t\t\t\t\t\t\t\t<i aria-hidden=\"true\" class=\"fas fa-folder-open\"><\/i>\t\t\t\t\t\t\t<\/span>\n\t\t\t\t\t\t\t\t\t\t\t\t<span class=\"pp-card-slider-meta-text\">\n\t\t\t\t\t\t\tEntrevistas\t\t\t\t\t\t<\/span>\n\t\t\t\t\t<\/span>\n\t\t\t\t  \n\t\t\t<\/div>\n\t\t\t\n\t\t\t\t\t\t\t\t\t\t\t\t\t\t\t\t\t<\/div>\n\t\t\t\t<\/div>\n\t\t\t\t\t\t\t<\/div>\n\t\t\t\t\t\t\t<div class=\"swiper-pagination swiper-pagination-51706b0\"><\/div>\n\t\t\t\t\t<\/div>\n\t\t\t\t\t\t<\/div>\n\t\t\t\t<\/div>\n\t\t\t\t\t<\/div>\n\t\t<\/div>\n\t\t\t\t\t<\/div>\n\t\t<\/section>\n\t\t\t\t<section class=\"elementor-section elementor-top-section elementor-element elementor-element-a47d51b elementor-section-boxed elementor-section-height-default elementor-section-height-default\" data-id=\"a47d51b\" data-element_type=\"section\" data-e-type=\"section\">\n\t\t\t\t\t\t<div class=\"elementor-container elementor-column-gap-default\">\n\t\t\t\t\t<div class=\"elementor-column elementor-col-100 elementor-top-column elementor-element elementor-element-3bd6fd6\" data-id=\"3bd6fd6\" data-element_type=\"column\" data-e-type=\"column\">\n\t\t\t<div class=\"elementor-widget-wrap elementor-element-populated\">\n\t\t\t\t\t\t<div class=\"elementor-element elementor-element-0538513 elementor-widget elementor-widget-heading\" data-id=\"0538513\" data-element_type=\"widget\" data-e-type=\"widget\" data-widget_type=\"heading.default\">\n\t\t\t\t<div class=\"elementor-widget-container\">\n\t\t\t\t\t<h4 class=\"elementor-heading-title elementor-size-default\">Compartir este art\u00edculo<\/h4>\t\t\t\t<\/div>\n\t\t\t\t<\/div>\n\t\t\t\t<div class=\"elementor-element elementor-element-d222c3d elementor-share-buttons--view-icon elementor-share-buttons--skin-minimal elementor-share-buttons--shape-circle elementor-share-buttons--color-custom elementor-grid-mobile-0 elementor-grid-0 elementor-widget elementor-widget-global elementor-global-9480 elementor-widget-mdp-sharinger-elementor\" data-id=\"d222c3d\" data-element_type=\"widget\" data-e-type=\"widget\" data-widget_type=\"mdp-sharinger-elementor.default\">\n\t\t\t\t<div class=\"elementor-widget-container\">\n\t\t\t\t\t        <div class=\"elementor-grid mdp-sharinger\">\n                            <div class=\"elementor-grid-item\">\n                    <div class=\"elementor-share-btn elementor-share-btn_facebook elementor-animation-pulse\" tabindex=\"0\" aria-label=\"Share on facebook\">\n                                                    <span class=\"elementor-share-btn__icon\">\n\t\t\t\t\t\t\t\t<i class=\"fab fa-facebook\" aria-hidden=\"true\"><\/i>\t\t\t\t\t\t\t<\/span>\n                                                                    <\/div>\n                <\/div>\n                                <div class=\"elementor-grid-item\">\n                    <div class=\"elementor-share-btn elementor-share-btn_twitter elementor-animation-pulse\" tabindex=\"0\" aria-label=\"Share on twitter\">\n                                                    <span class=\"elementor-share-btn__icon\">\n\t\t\t\t\t\t\t\t<i class=\"fab fa-twitter\" aria-hidden=\"true\"><\/i>\t\t\t\t\t\t\t<\/span>\n                                                                    <\/div>\n                <\/div>\n                                <div class=\"elementor-grid-item\">\n                    <div class=\"elementor-share-btn elementor-share-btn_linkedin elementor-animation-pulse\" tabindex=\"0\" aria-label=\"Share on linkedin\">\n                                                    <span class=\"elementor-share-btn__icon\">\n\t\t\t\t\t\t\t\t<i class=\"fab fa-linkedin\" aria-hidden=\"true\"><\/i>\t\t\t\t\t\t\t<\/span>\n                                                                    <\/div>\n                <\/div>\n                                <div class=\"elementor-grid-item\">\n                    <div class=\"elementor-share-btn elementor-share-btn_telegram elementor-animation-pulse\" tabindex=\"0\" aria-label=\"Share on telegram\">\n                                                    <span class=\"elementor-share-btn__icon\">\n\t\t\t\t\t\t\t\t<i class=\"fab fa-telegram\" aria-hidden=\"true\"><\/i>\t\t\t\t\t\t\t<\/span>\n                                                                    <\/div>\n                <\/div>\n                                <div class=\"elementor-grid-item\">\n                    <div class=\"elementor-share-btn elementor-share-btn_whatsapp elementor-animation-pulse\" tabindex=\"0\" aria-label=\"Share on whatsapp\">\n                                                    <span class=\"elementor-share-btn__icon\">\n\t\t\t\t\t\t\t\t<i class=\"fab fa-whatsapp\" aria-hidden=\"true\"><\/i>\t\t\t\t\t\t\t<\/span>\n                                                                    <\/div>\n                <\/div>\n                                <div class=\"elementor-grid-item\">\n                    <div class=\"elementor-share-btn elementor-share-btn_email elementor-animation-pulse\" tabindex=\"0\" aria-label=\"Share on email\">\n                                                    <span class=\"elementor-share-btn__icon\">\n\t\t\t\t\t\t\t\t<i class=\"fas fa-envelope\" aria-hidden=\"true\"><\/i>\t\t\t\t\t\t\t<\/span>\n                                                                    <\/div>\n                <\/div>\n                        <\/div>\n        \t\t\t\t<\/div>\n\t\t\t\t<\/div>\n\t\t\t\t\t<\/div>\n\t\t<\/div>\n\t\t\t\t\t<\/div>\n\t\t<\/section>\n\t\t\t\t<\/div>","protected":false},"excerpt":{"rendered":"<div class=\"tmnf_excerpt meta_deko\"><p>Entrevista con Danilo Urrea, facilitador regional de Amigos de la Tierra Am\u00e9rica Latina y el Caribe. <\/p>\n<\/div>","protected":false},"author":15,"featured_media":14076,"comment_status":"closed","ping_status":"open","sticky":false,"template":"","format":"standard","meta":{"_mi_skip_tracking":false,"_monsterinsights_sitenote_active":false,"_monsterinsights_sitenote_note":"","_monsterinsights_sitenote_category":0,"footnotes":""},"categories":[87,97],"tags":[],"class_list":["post-14075","post","type-post","status-publish","format-standard","has-post-thumbnail","hentry","category-entrevistas","category-regimen-agroalimentario"],"yoast_head":"<!-- This site is optimized with the Yoast SEO Premium plugin v24.8 (Yoast SEO v27.4) - https:\/\/yoast.com\/product\/yoast-seo-premium-wordpress\/ -->\n<title>Extractivismo y recursos naturales: \u00bfexisten alternativas? - Ocaru<\/title>\n<meta name=\"robots\" content=\"index, follow, max-snippet:-1, max-image-preview:large, max-video-preview:-1\" \/>\n<link rel=\"canonical\" href=\"https:\/\/ocaru.org.ec\/en\/extractivismo-y-recursos-naturales-existen-alternativas\/\" \/>\n<meta property=\"og:locale\" content=\"en_US\" \/>\n<meta property=\"og:type\" content=\"article\" \/>\n<meta property=\"og:title\" content=\"Extractivismo y recursos naturales: \u00bfexisten alternativas?\" \/>\n<meta property=\"og:description\" content=\"Entrevista con Danilo Urrea, facilitador regional de Amigos de la Tierra Am\u00e9rica Latina y el Caribe.\" \/>\n<meta property=\"og:url\" content=\"https:\/\/ocaru.org.ec\/en\/extractivismo-y-recursos-naturales-existen-alternativas\/\" \/>\n<meta property=\"og:site_name\" content=\"Ocaru\" \/>\n<meta property=\"article:publisher\" content=\"https:\/\/www.facebook.com\/Ocaruec\/\" \/>\n<meta property=\"article:published_time\" content=\"2017-03-23T19:24:00+00:00\" \/>\n<meta property=\"article:modified_time\" content=\"2023-11-17T17:08:50+00:00\" \/>\n<meta property=\"og:image\" content=\"https:\/\/ocaru.org.ec\/wp-content\/uploads\/2023\/11\/mgr21.jpg\" \/>\n\t<meta property=\"og:image:width\" content=\"600\" \/>\n\t<meta property=\"og:image:height\" content=\"421\" \/>\n\t<meta property=\"og:image:type\" content=\"image\/jpeg\" \/>\n<meta name=\"author\" content=\"Equipo OCARU\" \/>\n<script type=\"application\/ld+json\" class=\"yoast-schema-graph\">{\"@context\":\"https:\\\/\\\/schema.org\",\"@graph\":[{\"@type\":\"Article\",\"@id\":\"https:\\\/\\\/ocaru.org.ec\\\/extractivismo-y-recursos-naturales-existen-alternativas\\\/#article\",\"isPartOf\":{\"@id\":\"https:\\\/\\\/ocaru.org.ec\\\/extractivismo-y-recursos-naturales-existen-alternativas\\\/\"},\"author\":{\"name\":\"Equipo OCARU\",\"@id\":\"https:\\\/\\\/ocaru.org.ec\\\/#\\\/schema\\\/person\\\/90b45d0b1a5b0e27ed66ebbfcdeb3b7f\"},\"headline\":\"Extractivismo y recursos naturales: \u00bfexisten alternativas?\",\"datePublished\":\"2017-03-23T19:24:00+00:00\",\"dateModified\":\"2023-11-17T17:08:50+00:00\",\"mainEntityOfPage\":{\"@id\":\"https:\\\/\\\/ocaru.org.ec\\\/extractivismo-y-recursos-naturales-existen-alternativas\\\/\"},\"wordCount\":2752,\"publisher\":{\"@id\":\"https:\\\/\\\/ocaru.org.ec\\\/#organization\"},\"image\":{\"@id\":\"https:\\\/\\\/ocaru.org.ec\\\/extractivismo-y-recursos-naturales-existen-alternativas\\\/#primaryimage\"},\"thumbnailUrl\":\"https:\\\/\\\/ocaru.org.ec\\\/wp-content\\\/uploads\\\/2023\\\/11\\\/mgr21.jpg\",\"articleSection\":[\"Entrevistas\",\"R\u00e9gimen agroalimentario\"],\"inLanguage\":\"en-US\"},{\"@type\":\"WebPage\",\"@id\":\"https:\\\/\\\/ocaru.org.ec\\\/extractivismo-y-recursos-naturales-existen-alternativas\\\/\",\"url\":\"https:\\\/\\\/ocaru.org.ec\\\/extractivismo-y-recursos-naturales-existen-alternativas\\\/\",\"name\":\"Extractivismo y recursos naturales: \u00bfexisten alternativas? - Ocaru\",\"isPartOf\":{\"@id\":\"https:\\\/\\\/ocaru.org.ec\\\/#website\"},\"primaryImageOfPage\":{\"@id\":\"https:\\\/\\\/ocaru.org.ec\\\/extractivismo-y-recursos-naturales-existen-alternativas\\\/#primaryimage\"},\"image\":{\"@id\":\"https:\\\/\\\/ocaru.org.ec\\\/extractivismo-y-recursos-naturales-existen-alternativas\\\/#primaryimage\"},\"thumbnailUrl\":\"https:\\\/\\\/ocaru.org.ec\\\/wp-content\\\/uploads\\\/2023\\\/11\\\/mgr21.jpg\",\"datePublished\":\"2017-03-23T19:24:00+00:00\",\"dateModified\":\"2023-11-17T17:08:50+00:00\",\"breadcrumb\":{\"@id\":\"https:\\\/\\\/ocaru.org.ec\\\/extractivismo-y-recursos-naturales-existen-alternativas\\\/#breadcrumb\"},\"inLanguage\":\"en-US\",\"potentialAction\":[{\"@type\":\"ReadAction\",\"target\":[\"https:\\\/\\\/ocaru.org.ec\\\/extractivismo-y-recursos-naturales-existen-alternativas\\\/\"]}]},{\"@type\":\"ImageObject\",\"inLanguage\":\"en-US\",\"@id\":\"https:\\\/\\\/ocaru.org.ec\\\/extractivismo-y-recursos-naturales-existen-alternativas\\\/#primaryimage\",\"url\":\"https:\\\/\\\/ocaru.org.ec\\\/wp-content\\\/uploads\\\/2023\\\/11\\\/mgr21.jpg\",\"contentUrl\":\"https:\\\/\\\/ocaru.org.ec\\\/wp-content\\\/uploads\\\/2023\\\/11\\\/mgr21.jpg\",\"width\":600,\"height\":421},{\"@type\":\"BreadcrumbList\",\"@id\":\"https:\\\/\\\/ocaru.org.ec\\\/extractivismo-y-recursos-naturales-existen-alternativas\\\/#breadcrumb\",\"itemListElement\":[{\"@type\":\"ListItem\",\"position\":1,\"name\":\"Portada\",\"item\":\"https:\\\/\\\/ocaru.org.ec\\\/\"},{\"@type\":\"ListItem\",\"position\":2,\"name\":\"Extractivismo y recursos naturales: \u00bfexisten alternativas?\"}]},{\"@type\":\"WebSite\",\"@id\":\"https:\\\/\\\/ocaru.org.ec\\\/#website\",\"url\":\"https:\\\/\\\/ocaru.org.ec\\\/\",\"name\":\"Ocaru\",\"description\":\"Observatorio del Cambio Rural\",\"publisher\":{\"@id\":\"https:\\\/\\\/ocaru.org.ec\\\/#organization\"},\"potentialAction\":[{\"@type\":\"SearchAction\",\"target\":{\"@type\":\"EntryPoint\",\"urlTemplate\":\"https:\\\/\\\/ocaru.org.ec\\\/?s={search_term_string}\"},\"query-input\":{\"@type\":\"PropertyValueSpecification\",\"valueRequired\":true,\"valueName\":\"search_term_string\"}}],\"inLanguage\":\"en-US\"},{\"@type\":\"Organization\",\"@id\":\"https:\\\/\\\/ocaru.org.ec\\\/#organization\",\"name\":\"Ocaru\",\"url\":\"https:\\\/\\\/ocaru.org.ec\\\/\",\"logo\":{\"@type\":\"ImageObject\",\"inLanguage\":\"en-US\",\"@id\":\"https:\\\/\\\/ocaru.org.ec\\\/#\\\/schema\\\/logo\\\/image\\\/\",\"url\":\"https:\\\/\\\/ocaru.org.ec\\\/wp-content\\\/uploads\\\/2026\\\/02\\\/Logo-150-x-150-1.jpg\",\"contentUrl\":\"https:\\\/\\\/ocaru.org.ec\\\/wp-content\\\/uploads\\\/2026\\\/02\\\/Logo-150-x-150-1.jpg\",\"width\":150,\"height\":150,\"caption\":\"Ocaru\"},\"image\":{\"@id\":\"https:\\\/\\\/ocaru.org.ec\\\/#\\\/schema\\\/logo\\\/image\\\/\"},\"sameAs\":[\"https:\\\/\\\/www.facebook.com\\\/Ocaruec\\\/\",\"https:\\\/\\\/x.com\\\/OCARUEc\",\"https:\\\/\\\/www.instagram.com\\\/ocaru_ecuador\\\/\",\"https:\\\/\\\/www.youtube.com\\\/user\\\/CambioRuralEC\"]},{\"@type\":\"Person\",\"@id\":\"https:\\\/\\\/ocaru.org.ec\\\/#\\\/schema\\\/person\\\/90b45d0b1a5b0e27ed66ebbfcdeb3b7f\",\"name\":\"Equipo OCARU\",\"image\":{\"@type\":\"ImageObject\",\"inLanguage\":\"en-US\",\"@id\":\"https:\\\/\\\/secure.gravatar.com\\\/avatar\\\/6fc8d9021cfef3848dc756028babfce4b172a5cdf3ddaf65c90537c341847bba?s=96&d=mm&r=g\",\"url\":\"https:\\\/\\\/secure.gravatar.com\\\/avatar\\\/6fc8d9021cfef3848dc756028babfce4b172a5cdf3ddaf65c90537c341847bba?s=96&d=mm&r=g\",\"contentUrl\":\"https:\\\/\\\/secure.gravatar.com\\\/avatar\\\/6fc8d9021cfef3848dc756028babfce4b172a5cdf3ddaf65c90537c341847bba?s=96&d=mm&r=g\",\"caption\":\"Equipo OCARU\"},\"url\":\"https:\\\/\\\/ocaru.org.ec\\\/en\\\/author\\\/equipo-ocaru\\\/\"}]}<\/script>\n<!-- \/ Yoast SEO Premium plugin. -->","yoast_head_json":{"title":"Extractivismo y recursos naturales: \u00bfexisten alternativas? - Ocaru","robots":{"index":"index","follow":"follow","max-snippet":"max-snippet:-1","max-image-preview":"max-image-preview:large","max-video-preview":"max-video-preview:-1"},"canonical":"https:\/\/ocaru.org.ec\/en\/extractivismo-y-recursos-naturales-existen-alternativas\/","og_locale":"en_US","og_type":"article","og_title":"Extractivismo y recursos naturales: \u00bfexisten alternativas?","og_description":"Entrevista con Danilo Urrea, facilitador regional de Amigos de la Tierra Am\u00e9rica Latina y el Caribe.","og_url":"https:\/\/ocaru.org.ec\/en\/extractivismo-y-recursos-naturales-existen-alternativas\/","og_site_name":"Ocaru","article_publisher":"https:\/\/www.facebook.com\/Ocaruec\/","article_published_time":"2017-03-23T19:24:00+00:00","article_modified_time":"2023-11-17T17:08:50+00:00","og_image":[{"width":600,"height":421,"url":"https:\/\/ocaru.org.ec\/wp-content\/uploads\/2023\/11\/mgr21.jpg","type":"image\/jpeg"}],"author":"Equipo OCARU","schema":{"@context":"https:\/\/schema.org","@graph":[{"@type":"Article","@id":"https:\/\/ocaru.org.ec\/extractivismo-y-recursos-naturales-existen-alternativas\/#article","isPartOf":{"@id":"https:\/\/ocaru.org.ec\/extractivismo-y-recursos-naturales-existen-alternativas\/"},"author":{"name":"Equipo OCARU","@id":"https:\/\/ocaru.org.ec\/#\/schema\/person\/90b45d0b1a5b0e27ed66ebbfcdeb3b7f"},"headline":"Extractivismo y recursos naturales: \u00bfexisten alternativas?","datePublished":"2017-03-23T19:24:00+00:00","dateModified":"2023-11-17T17:08:50+00:00","mainEntityOfPage":{"@id":"https:\/\/ocaru.org.ec\/extractivismo-y-recursos-naturales-existen-alternativas\/"},"wordCount":2752,"publisher":{"@id":"https:\/\/ocaru.org.ec\/#organization"},"image":{"@id":"https:\/\/ocaru.org.ec\/extractivismo-y-recursos-naturales-existen-alternativas\/#primaryimage"},"thumbnailUrl":"https:\/\/ocaru.org.ec\/wp-content\/uploads\/2023\/11\/mgr21.jpg","articleSection":["Entrevistas","R\u00e9gimen agroalimentario"],"inLanguage":"en-US"},{"@type":"WebPage","@id":"https:\/\/ocaru.org.ec\/extractivismo-y-recursos-naturales-existen-alternativas\/","url":"https:\/\/ocaru.org.ec\/extractivismo-y-recursos-naturales-existen-alternativas\/","name":"Extractivismo y recursos naturales: \u00bfexisten alternativas? - Ocaru","isPartOf":{"@id":"https:\/\/ocaru.org.ec\/#website"},"primaryImageOfPage":{"@id":"https:\/\/ocaru.org.ec\/extractivismo-y-recursos-naturales-existen-alternativas\/#primaryimage"},"image":{"@id":"https:\/\/ocaru.org.ec\/extractivismo-y-recursos-naturales-existen-alternativas\/#primaryimage"},"thumbnailUrl":"https:\/\/ocaru.org.ec\/wp-content\/uploads\/2023\/11\/mgr21.jpg","datePublished":"2017-03-23T19:24:00+00:00","dateModified":"2023-11-17T17:08:50+00:00","breadcrumb":{"@id":"https:\/\/ocaru.org.ec\/extractivismo-y-recursos-naturales-existen-alternativas\/#breadcrumb"},"inLanguage":"en-US","potentialAction":[{"@type":"ReadAction","target":["https:\/\/ocaru.org.ec\/extractivismo-y-recursos-naturales-existen-alternativas\/"]}]},{"@type":"ImageObject","inLanguage":"en-US","@id":"https:\/\/ocaru.org.ec\/extractivismo-y-recursos-naturales-existen-alternativas\/#primaryimage","url":"https:\/\/ocaru.org.ec\/wp-content\/uploads\/2023\/11\/mgr21.jpg","contentUrl":"https:\/\/ocaru.org.ec\/wp-content\/uploads\/2023\/11\/mgr21.jpg","width":600,"height":421},{"@type":"BreadcrumbList","@id":"https:\/\/ocaru.org.ec\/extractivismo-y-recursos-naturales-existen-alternativas\/#breadcrumb","itemListElement":[{"@type":"ListItem","position":1,"name":"Portada","item":"https:\/\/ocaru.org.ec\/"},{"@type":"ListItem","position":2,"name":"Extractivismo y recursos naturales: \u00bfexisten alternativas?"}]},{"@type":"WebSite","@id":"https:\/\/ocaru.org.ec\/#website","url":"https:\/\/ocaru.org.ec\/","name":"Ocaru","description":"Observatorio del Cambio Rural","publisher":{"@id":"https:\/\/ocaru.org.ec\/#organization"},"potentialAction":[{"@type":"SearchAction","target":{"@type":"EntryPoint","urlTemplate":"https:\/\/ocaru.org.ec\/?s={search_term_string}"},"query-input":{"@type":"PropertyValueSpecification","valueRequired":true,"valueName":"search_term_string"}}],"inLanguage":"en-US"},{"@type":"Organization","@id":"https:\/\/ocaru.org.ec\/#organization","name":"Ocaru","url":"https:\/\/ocaru.org.ec\/","logo":{"@type":"ImageObject","inLanguage":"en-US","@id":"https:\/\/ocaru.org.ec\/#\/schema\/logo\/image\/","url":"https:\/\/ocaru.org.ec\/wp-content\/uploads\/2026\/02\/Logo-150-x-150-1.jpg","contentUrl":"https:\/\/ocaru.org.ec\/wp-content\/uploads\/2026\/02\/Logo-150-x-150-1.jpg","width":150,"height":150,"caption":"Ocaru"},"image":{"@id":"https:\/\/ocaru.org.ec\/#\/schema\/logo\/image\/"},"sameAs":["https:\/\/www.facebook.com\/Ocaruec\/","https:\/\/x.com\/OCARUEc","https:\/\/www.instagram.com\/ocaru_ecuador\/","https:\/\/www.youtube.com\/user\/CambioRuralEC"]},{"@type":"Person","@id":"https:\/\/ocaru.org.ec\/#\/schema\/person\/90b45d0b1a5b0e27ed66ebbfcdeb3b7f","name":"Equipo OCARU","image":{"@type":"ImageObject","inLanguage":"en-US","@id":"https:\/\/secure.gravatar.com\/avatar\/6fc8d9021cfef3848dc756028babfce4b172a5cdf3ddaf65c90537c341847bba?s=96&d=mm&r=g","url":"https:\/\/secure.gravatar.com\/avatar\/6fc8d9021cfef3848dc756028babfce4b172a5cdf3ddaf65c90537c341847bba?s=96&d=mm&r=g","contentUrl":"https:\/\/secure.gravatar.com\/avatar\/6fc8d9021cfef3848dc756028babfce4b172a5cdf3ddaf65c90537c341847bba?s=96&d=mm&r=g","caption":"Equipo OCARU"},"url":"https:\/\/ocaru.org.ec\/en\/author\/equipo-ocaru\/"}]}},"_links":{"self":[{"href":"https:\/\/ocaru.org.ec\/en\/wp-json\/wp\/v2\/posts\/14075","targetHints":{"allow":["GET"]}}],"collection":[{"href":"https:\/\/ocaru.org.ec\/en\/wp-json\/wp\/v2\/posts"}],"about":[{"href":"https:\/\/ocaru.org.ec\/en\/wp-json\/wp\/v2\/types\/post"}],"author":[{"embeddable":true,"href":"https:\/\/ocaru.org.ec\/en\/wp-json\/wp\/v2\/users\/15"}],"replies":[{"embeddable":true,"href":"https:\/\/ocaru.org.ec\/en\/wp-json\/wp\/v2\/comments?post=14075"}],"version-history":[{"count":5,"href":"https:\/\/ocaru.org.ec\/en\/wp-json\/wp\/v2\/posts\/14075\/revisions"}],"predecessor-version":[{"id":14082,"href":"https:\/\/ocaru.org.ec\/en\/wp-json\/wp\/v2\/posts\/14075\/revisions\/14082"}],"wp:featuredmedia":[{"embeddable":true,"href":"https:\/\/ocaru.org.ec\/en\/wp-json\/wp\/v2\/media\/14076"}],"wp:attachment":[{"href":"https:\/\/ocaru.org.ec\/en\/wp-json\/wp\/v2\/media?parent=14075"}],"wp:term":[{"taxonomy":"category","embeddable":true,"href":"https:\/\/ocaru.org.ec\/en\/wp-json\/wp\/v2\/categories?post=14075"},{"taxonomy":"post_tag","embeddable":true,"href":"https:\/\/ocaru.org.ec\/en\/wp-json\/wp\/v2\/tags?post=14075"}],"curies":[{"name":"wp","href":"https:\/\/api.w.org\/{rel}","templated":true}]}}