{"id":14005,"date":"2017-10-04T12:04:02","date_gmt":"2017-10-04T17:04:02","guid":{"rendered":"https:\/\/ocaru.org.ec\/?p=14005"},"modified":"2023-11-07T12:18:32","modified_gmt":"2023-11-07T17:18:32","slug":"ecuador-recambios-de-la-revolucion-ciudadana-y-continuidad-conservadora","status":"publish","type":"post","link":"https:\/\/ocaru.org.ec\/en\/ecuador-recambios-de-la-revolucion-ciudadana-y-continuidad-conservadora\/","title":{"rendered":"Ecuador: recambios de la \u201cRevoluci\u00f3n Ciudadana\u201d y continuidad conservadora"},"content":{"rendered":"\t\t<div data-elementor-type=\"wp-post\" data-elementor-id=\"14005\" class=\"elementor elementor-14005\" data-elementor-post-type=\"post\">\n\t\t\t\t\t\t<section class=\"elementor-section elementor-top-section elementor-element elementor-element-3a144bd elementor-section-boxed elementor-section-height-default elementor-section-height-default\" data-id=\"3a144bd\" data-element_type=\"section\" data-e-type=\"section\">\n\t\t\t\t\t\t<div class=\"elementor-container elementor-column-gap-default\">\n\t\t\t\t\t<div class=\"elementor-column elementor-col-50 elementor-top-column elementor-element elementor-element-f1a0c01\" data-id=\"f1a0c01\" data-element_type=\"column\" data-e-type=\"column\">\n\t\t\t<div class=\"elementor-widget-wrap elementor-element-populated\">\n\t\t\t\t\t\t<div class=\"elementor-element elementor-element-c79cca2 elementor-widget elementor-widget-image\" data-id=\"c79cca2\" data-element_type=\"widget\" data-e-type=\"widget\" data-widget_type=\"image.default\">\n\t\t\t\t<div class=\"elementor-widget-container\">\n\t\t\t\t\t\t\t\t\t\t\t\t<figure class=\"wp-caption\">\n\t\t\t\t\t\t\t\t\t\t<img fetchpriority=\"high\" decoding=\"async\" width=\"855\" height=\"600\" src=\"https:\/\/ocaru.org.ec\/wp-content\/uploads\/2023\/11\/mgr15.jpg\" class=\"attachment-large size-large wp-image-14006\" alt=\"\" srcset=\"https:\/\/ocaru.org.ec\/wp-content\/uploads\/2023\/11\/mgr15.jpg 855w, https:\/\/ocaru.org.ec\/wp-content\/uploads\/2023\/11\/mgr15-300x211.jpg 300w, https:\/\/ocaru.org.ec\/wp-content\/uploads\/2023\/11\/mgr15-768x539.jpg 768w, https:\/\/ocaru.org.ec\/wp-content\/uploads\/2023\/11\/mgr15-18x12.jpg 18w\" sizes=\"(max-width: 855px) 100vw, 855px\" \/>\t\t\t\t\t\t\t\t\t\t\t<figcaption class=\"widget-image-caption wp-caption-text\">GT Estudios Cr\u00edticos del Desarrollo<\/figcaption>\n\t\t\t\t\t\t\t\t\t\t<\/figure>\n\t\t\t\t\t\t\t\t\t<\/div>\n\t\t\t\t<\/div>\n\t\t\t\t\t<\/div>\n\t\t<\/div>\n\t\t\t\t<div class=\"elementor-column elementor-col-50 elementor-top-column elementor-element elementor-element-d0dd6b3\" data-id=\"d0dd6b3\" data-element_type=\"column\" data-e-type=\"column\">\n\t\t\t<div class=\"elementor-widget-wrap elementor-element-populated\">\n\t\t\t\t\t\t<div class=\"elementor-element elementor-element-76d4bf6 elementor-widget elementor-widget-text-editor\" data-id=\"76d4bf6\" data-element_type=\"widget\" data-e-type=\"widget\" data-widget_type=\"text-editor.default\">\n\t\t\t\t<div class=\"elementor-widget-container\">\n\t\t\t\t\t\t\t\t\t<p><strong>Informe Pa\u00eds <a href=\"#notas\">[1] <\/a><\/strong><em><strong>Stalin Gonzalo Herrera Revelo \/\u00a0Instituto de Estudios Ecuatorianos \/\u00a0Observatorio del Cambio Rural<\/strong><\/em><\/p><p>El Ecuador inici\u00f3 el a\u00f1o (2017) con un cambio de gobierno, el nuevo Presidente Len\u00edn Moreno (Exvicepresidente de Rafael Correa en su primer mandato) apareci\u00f3 como figura de transici\u00f3n o recambio al interior del Movimiento Alianza PA\u00cdS (Patria Altiva i Soberana) que gobern\u00f3 desde el 2007 e instal\u00f3 en el agro una pol\u00edtica conservadora y en oposici\u00f3n a un modelo de agricultura familiar.\u00a0<\/p>\t\t\t\t\t\t\t\t<\/div>\n\t\t\t\t<\/div>\n\t\t\t\t\t<\/div>\n\t\t<\/div>\n\t\t\t\t\t<\/div>\n\t\t<\/section>\n\t\t\t\t<section class=\"elementor-section elementor-top-section elementor-element elementor-element-3ea31da elementor-section-boxed elementor-section-height-default elementor-section-height-default\" data-id=\"3ea31da\" data-element_type=\"section\" data-e-type=\"section\">\n\t\t\t\t\t\t<div class=\"elementor-container elementor-column-gap-default\">\n\t\t\t\t\t<div class=\"elementor-column elementor-col-100 elementor-top-column elementor-element elementor-element-5946e06\" data-id=\"5946e06\" data-element_type=\"column\" data-e-type=\"column\">\n\t\t\t<div class=\"elementor-widget-wrap elementor-element-populated\">\n\t\t\t\t\t\t<div class=\"elementor-element elementor-element-6a6aeed elementor-widget elementor-widget-text-editor\" data-id=\"6a6aeed\" data-element_type=\"widget\" data-e-type=\"widget\" data-widget_type=\"text-editor.default\">\n\t\t\t\t<div class=\"elementor-widget-container\">\n\t\t\t\t\t\t\t\t\t<div class=\"itemIntroText\"><p>El nuevo \u00e9xito de PA\u00cdS, sin su l\u00edder m\u00e1ximo, puso en debate al\u00a0<em>\u201cfin de ciclo\u201d<\/em>, pues mostr\u00f3 que los gobiernos progresistas a\u00fan guardan un lugar en el marco de las opciones pol\u00edticas \u2013 sobre todo, en la ausencia de una opci\u00f3n pol\u00edtica de izquierda\u2013.<\/p><\/div><div class=\"itemFullText\"><p>Aunque se pod\u00eda prever un cambio en el estilo de gobierno y se esperaban fricciones al interior de PA\u00cdS, la distancia que el nuevo Presidente ha tomado, respecto a su viejo amigo de f\u00f3rmula, no est\u00e1 dentro de lo imaginable. El distanciamiento empez\u00f3 con un cuestionamiento a la pol\u00edtica econ\u00f3mica y la falta de austeridad; el exceso de gasto devino a una franca denuncia sobre la crisis econ\u00f3mica y la falta de recursos para el funcionamiento del Estado. El sobreendeudamiento hoy se calcula por encima del margen previsto en la Constituci\u00f3n (40% del PIB) y suman algo m\u00e1s de 45 mil millones de d\u00f3lares (A. Acosta, 2017) <a href=\"#notas\">[2]<\/a>\u00a0. A esto se suman las denuncias de corrupci\u00f3n por el excesivo gasto en la Refiner\u00eda del Pac\u00edfico y se ciernen profundas dudas sobre las inversiones en torno a las megaobras ligadas al Cambio de la Matriz Energ\u00e9tica y Productiva, as\u00ed como las inversiones y negociados en carreteras. El caso Odebrecht termin\u00f3 salpicando al vicepresidente que era la figura directamente responsable de las inversiones estrat\u00e9gicas. El efecto directo fue quitarle competencias a la Vicepresidencia por orden directa del Len\u00edn Moreno. Mientras, Rafael Correa, desde B\u00e9lgica, defiende a capa y espada la honra del proceso y a su segundo Vicepresidente Jorge Glas.<\/p><p>Hoy, la distancia de Len\u00edn respecto a Correa se ha convertido en un enfrentamiento abierto que, al interior del bloque de gobierno, se traduce en posiciones Morenistas y Corre\u00edstas. El conflicto muestra la fr\u00e1gil y contradictoria alianza sobre la que se construy\u00f3 PA\u00cdS, s\u00f3lo posible gracias a la figura dominante del l\u00edder. Las acciones del nuevo bloque hacen de\u00a0<em>\u201cHouse of Cards\u201d<\/em>\u00a0una serie de estudio obligatorio: la disputa pierde los fr\u00e1giles l\u00edmites de la \u00e9tica partidista y pol\u00edtica que, discursivamente, el propio bloque de gobierno se impuso: revoluci\u00f3n ciudadana, socialismo del siglo XXI, gobierno de\u00a0<em>\u201cmanos limpias y corazones ardientes\u201d<\/em>, el combate a la larga noche neoliberal, etc.<\/p><p>Seg\u00fan P. Ospina (2017)<a href=\"#notas\">[3]<\/a>, tras el conflicto lo que hay es un cambio de intereses y de grupos econ\u00f3micos que administraban el Estado. Si el gobierno de Rafael Correa desplaz\u00f3 a las viejas oligarqu\u00edas tradicionales y logrado una alianza con las clases medias y los sectores m\u00e1s modernos vinculados al sector de construcci\u00f3n, la banca y algunos circuitos de producci\u00f3n regional \u2013los grandes ganadores del per\u00edodo\u2013, Moreno se debate y trabaja en la recomposici\u00f3n de una alianza propia en la cual vuelven a aparecer viejas figuras pol\u00edticas.<\/p><p>De momento, el nuevo gobierno se encuentra en el ejercicio de construir una alianza que le permita gobernar, pero su situaci\u00f3n es compleja:<\/p><p>1) No ha logrado cambiar las fidelidades e intereses de PA\u00cdS en la Asamblea Nacional Constitucional que defiende las l\u00edneas levantadas por Rafael Correa y los efectos visibles de la corrupci\u00f3n no son suficientes para cambiar sus posiciones o sacar del paso a Jorge Glas.<\/p><p>2) En la negociaci\u00f3n con los grupos econ\u00f3micos se est\u00e1n cediendo espacios a los\u00a0<em>\u201cavances\u201d<\/em>\u00a0pol\u00edticos y econ\u00f3micos (Ley de Medios, Sistema de Tributaci\u00f3n, Ley de Plusval\u00eda, control de medios, dinero electr\u00f3nico, protecci\u00f3n de la producci\u00f3n nacional) que ya entraban en vilo con la firma del Tratado de Libre Comercio con Europa, el problema es que los grupos econ\u00f3micos lo quieren\u00a0<em>\u201ctodo\u201d<\/em>.<\/p><p>3) Abri\u00f3 una l\u00ednea de di\u00e1logo pol\u00edtico y negociaci\u00f3n con las organizaciones de la sociedad civil y los movimientos sociales que le permitan rearticular otras fuerzas (la Secretar\u00eda Nacional del Agua pas\u00f3 a la direcci\u00f3n de Humberto Cholango, uno de los dirigentes hist\u00f3ricos de la CONAIE, a la misma CONAIE reconoci\u00f3 el comodato de su sede, se cre\u00f3 la Subsecretar\u00eda de Agricultura Familiar Campesina bajo la direcci\u00f3n de un dirigente de la FENOC\u00cdN, se resolvieron los conflictos con la Universidad Andina Sim\u00f3n Bol\u00edvar, retrocedi\u00f3 en los juicios a dirigentes pol\u00edticos, permiti\u00f3 la continuidad de la Conferencia Plurinacional e Intercultural de Soberan\u00eda Alimentaria, di\u00f3 paso al reconocimiento de la Uni\u00f3n Nacional de Educadores, etc.<\/p><p>El\u00a0<em>\u201cdi\u00e1logo nacional\u201d<\/em>\u00a0que el mandatario plante\u00f3 en junio como una estrategia de marketing para diferenciarse de Rafael Correa, hoy sirve para legitimar y mantener el di\u00e1logo con todos los frentes pol\u00edticos; discurso que las \u00e9lites aprovechan para legitimar y\u00a0exponer el contenido conservador neoliberal de sus demandas bajo las formas de la participaci\u00f3n democr\u00e1tica \u2013Consejo Consultivo de los Asuntos Tributarios\u2013 .<a href=\"#notas\">[4]<\/a><sup><br \/><\/sup><\/p><p><strong>\u201cNuevo\u201d escenario para la movilizaci\u00f3n ind\u00edgena campesina<\/strong><\/p><p>De momento, el nuevo gobierno est\u00e1 negociando con dios y con el diablo, pero ese escenario seguramente se decantar\u00e1 en el primer ajuste de gabinete cuando podamos ver hacia d\u00f3nde se termina de encaminar la pol\u00edtica del nuevo gobierno. Sin embargo, el Gobierno tiene poco margen para las negociaciones, las deudas de campa\u00f1a (se est\u00e1n pagando con los recursos estatales), la firma del Tratado de Libre Comercio con Europa y la falta de recursos estatales marcan el ritmo de las negociaciones.<\/p><p>En ese escenario, el Gobierno muestra que, de momento, no controla al Estado. Los avances constitucionales han sido olvidados y la \u00faltima consulta sobre para\u00edsos fiscales casi ha desaparecido del discurso, mientras que promueven una nueva consulta popular como estrategia para remover las lealtades con R. Correa (Consejo de Participaci\u00f3n Ciudadana, Consejo Nacional Electoral, Justicia, etc). A\u00fan est\u00e1 pendiente saber: \u00bfqui\u00e9n ocupar\u00e1 la estructura estatal y cu\u00e1les son las nuevas lealtades? en esa ausencia, la propuesta tiene un \u201cconsenso\u201d entre el gobierno, los medios de comunicaci\u00f3n y varios grupos de poder, hay que desplazar al \u201cCorre\u00edsmo\u201d.<\/p><p>Las elites, aunque hab\u00edan sido marginadas en ciertos \u00e1mbitos de la pol\u00edtica, hoy est\u00e1n mejor que nunca, sus representaciones pol\u00edticas ya hab\u00edan ganado espacio en las \u00faltimas elecciones y en las negociaciones van por todo, no les convence la posibilidad de un Estado con autonom\u00eda relativa para gesti\u00f3n de lo social y como \u00e1rbitro de intereses. Demandan libre mercado, flexibilidad laboral, libre exportaci\u00f3n, reducci\u00f3n\/eliminaci\u00f3n de impuestos, nuevos mercados y, para la AFC, un\u00a0<em>\u201cbanco para la exportaci\u00f3n\u201d<\/em>. La posici\u00f3n de las elites es clara, quieren el Estado sin discutir: \u00bfqui\u00e9n pagar\u00e1 la crisis?.<\/p><p>Como ya dijimos, el nuevo gobierno necesita cambiar las fidelidades de la Asamblea respecto a las formas de votar y, con ello, lograr una alianza de gobierno. Pero hasta ahora ha tenido poco \u00e9xito, varios sectores han preferido cerrar filas con R. Correa \u2013el mejor candidato para las elecciones del 2021\u2013 y no sabemos hacia d\u00f3nde van las organizaciones sociales que se han sostenido en las filas de PA\u00cdS. El problema es que, en la medida en que el conflicto se prolonga y crece, la idea de que\u00a0<em>\u201ctodo ha sido el resultado de una mafia de corruptos\u201d <a href=\"#notas\">[5]<\/a><\/em>\u00a0, el conflicto se traduce en la creciente incertidumbre en las pocas\u00a0<em>\u201cbases\u201d<\/em>\u00a0de PA\u00cdS \u2013un sector poco estudiado y fuertemente cuestionado por su condici\u00f3n clientelar. Hoy no sabemos cu\u00e1l es su n\u00famero y perspectiva pero flota en la deriva en un contexto en el que sus\u00a0<em>\u201cidearios\u201d<\/em>\u00a0se desmoronan\u2013. Al mismo tiempo, hay organizaciones que han mantenido la fidelidad con el gobierno anterior, pero en la medida en que el\u00a0gobierno abre el di\u00e1logo con las organizaciones y movimientos sociales que estuvieron en la oposici\u00f3n, son una inteligencia pol\u00edtica que, si bien han hecho un acto de fidelidad con Moreno, es desplazada sin que muestren acciones claras frente a la coyuntura.<a href=\"#notas\">[6]<\/a><sup><br \/><\/sup><\/p><p>Sin duda, el momento de\u00a0<em>\u201cdi\u00e1logo\u201d<\/em>, luego de diez a\u00f1os con pocos logros y muchas batallas perdidas, abre un momento de respiro para las organizaciones que estuvieron en la oposici\u00f3n. Pero los movimientos acuden al di\u00e1logo sin agenda y estructuras pol\u00edticas de consenso: la nueva Subsecretar\u00eda de Agricultura Familiar Campesina y SENAGUA no fueron negociaciones org\u00e1nicas, sino\u00a0<em>\u201cpersonales\u201d<\/em>. La CONAIE no intenta abrir el di\u00e1logo en unidad con otras organizaciones. Aqu\u00ed valdr\u00eda decir que el gobierno\u00a0<em>\u201chace m\u00e1s\u201d<\/em>\u00a0por la CONAIE que lo que la CONAIE hace por s\u00ed misma. La agenda de negociaciones de la CONAIE es enorme y sus voces muestran que est\u00e1n centrados sobre s\u00ed mismos, los grandes relatos (Estado Plurinacional, educaci\u00f3n intercultural biling\u00fce, derechos de la naturaleza) no tienen mucho eco en la sociedad y se prev\u00e9 una negociaci\u00f3n de m\u00ednimos. En un contexto en el cual el gobierno trata a la CONAIE con el\u00a0<em>\u201cguante blanco\u201d<\/em>: el reconocimiento de su sede fue una conquista de enorme valor simb\u00f3lico, la contenci\u00f3n de juicios a sus dirigentes quiebra con el miedo instalado durante la \u00faltima d\u00e9cada; SENAGUA tienen las competencias relacionadas con las inversiones en megaproyectos y administraci\u00f3n de los sistemas de riego \u2013una esfera central de las estructuras de organizaci\u00f3n campesina e ind\u00edgena\u2013; y el mismo Presidente con sus Ministros se han sentado a la mesa a revisar las demandas de la organizaci\u00f3n. Podr\u00edamos decir que el gobierno recrea condiciones que hicieron de la CONAIE la \u00fanica organizaci\u00f3n con el acumulado pol\u00edtico y moral para levantar una unidad organizativa, levantar el discurso e impulsar una agenda ind\u00edgena-campesina, pero sus respuestas no logran aprovechar el momento. En tal escenario, a pesar de los discursos de unidad y los ejercicios electorales que juntaron a los ind\u00edgenas-ecologistas-trabajadores, vivimos un momento de\u00a0<em>\u201cvanguardias conservadoras\u201d<\/em>, no hay actores que, desde la izquierda, tengan la posibilidad pol\u00edtica de ir m\u00e1s lejos de lo que el corre\u00edsmo instal\u00f3 en la sociedad.<\/p><p><em><strong>Pol\u00edtica agraria y conflicto<\/strong><\/em><\/p><p>Paralelamente, el gobierno ha lanzado la\u00a0<strong>\u201cGRAN MINGA AGROPECUARIA\u201d<\/strong>\u00a0como propuesta y proyecto para saldar la deuda agraria que el gobierno de R. Corra cre\u00f3. Pero, en la medida en que el di\u00e1logo sienta en la mesa del Presidente a todo dios y todo diablo, el\u00a0<em>\u201cproblema agrario\u201d<\/em>, es decir, la desigualdad estructural, los procesos de despojo y la permanente exclusi\u00f3n de ind\u00edgenas campesinos, parece no tener representaci\u00f3n pol\u00edtica. Es decir, las organizaciones ind\u00edgenas y campesinas, a pesar de su presi\u00f3n y di\u00e1logo con el gobierno, no parecen tener ning\u00fan peso en la pol\u00edtica agraria.<\/p><p>Hoy, como ayer, la pol\u00edtica agraria en el pa\u00eds va en contrasentido de cualquier modelo de Soberan\u00eda Alimentaria. Los \u201cesfuerzos\u201d del gobierno de Rafael Correa (2007-1017) no\u00a0cambiaron la tendencia general que se instal\u00f3 desde los a\u00f1os 80 con el Neoliberalismo. El nuevo gobierno, con la \u201cGran Minga Agropecuaria\u201d, con el aplauso y participaci\u00f3n de las organizaciones ind\u00edgenas campesinas, repite el mismo proceso, fomenta el viejo modelo y cede a los intereses del agronegocios.<\/p><p>La\u00a0<strong>Gran Minga Agropecuaria<\/strong>\u00a0se compone de 9 acciones: 2.560 millones de d\u00f3lares ser\u00e1n destinados a esta campa\u00f1a: 1.360 millones del MAG, y 1.200 millones de cr\u00e9ditos del BanEcuador \u2013<em>15 a\u00f1os de plazo con tasa preferenciales del 2% al 5% anual<\/em>\u2013; la entrega de 300 mil t\u00edtulos de propiedad a los agricultores \u2013no es nueva tierra sino de tierra que ya les pertenece; se plantea incrementar la productividad nacional en el 13%; se entregar\u00e1 un\u00a0<em>mill\u00f3n de kits tecnol\u00f3gicos subsidiados (semillas certificadas y agroinsumos<\/em>); tecnificar 60.000 nuevas hect\u00e1reas con riego; crear 80 centros de informaci\u00f3n y extensi\u00f3n rural para acceder a los beneficios de la minga; 94 millones de d\u00f3lares constituir\u00e1n un fondo de cobertura de los seguros agr\u00edcola y ganadero \u2013el primero planifica reactivar 766.000 hect\u00e1reas y para el segundo, 228.000 cabezas de ganado; se aumentar\u00e1 la pensi\u00f3n del Seguro Social Campesino de 63 d\u00f3lares a 100 d\u00f3lares; y se crear\u00e1n m\u00e1s de 500 centros de acopio y comercializaci\u00f3n.<\/p><p>La propuesta, sin duda, recoge \u201cdemandas\u201d campesinas, pero est\u00e1n lejos de levantar una propuesta por la Soberan\u00eda Alimentaria:<\/p><p>1. No se debate c\u00f3mo las inversiones del Estado terminan siendo una\u00a0<em><strong>transferencia de recursos estatales para la subordinaci\u00f3n campesina.<\/strong><\/em><\/p><p>2. No est\u00e1 en debate la necesidad de hacer una reforma a los marcos normativos que aseguran la gran propiedad y, con esto, est\u00e1 claro de que no van a avanzar en desmontar la<em><strong>\u00a0\u201cPrivatizaci\u00f3n de los recursos productivos o la contrarreforma agraria\u201d<\/strong><\/em>\u00a0y, as\u00ed, abrir la posibilidad de una democratizaci\u00f3n de la sociedad y llevar la \u201creforma agraria\u201d m\u00e1s all\u00e1 de la tierra.<\/p><p>3. El modelo propuesto y el di\u00e1logo con los empresarios no discute el problema de la<em><strong>\u00a0reprimarizaci\u00f3n de la agricultura y dependencia econ\u00f3mica<\/strong><\/em>, sino que, la estrategia comercial es clara: el gobierno est\u00e1\u00a0 dispuesto a\u00a0 firmar un TLC con USA y China, tal como Correa firm\u00f3 con la UE.<\/p><p>Finalmente, la \u201cGran Miga Agropecuaria\u201d no se plantea ninguna l\u00ednea que evite la\u00a0<strong><em>concentraci\u00f3n de capital y precarizaci\u00f3n labora<\/em><\/strong>l presente en el modelo \u201cm\u00e1s moderno\u201d de la econom\u00eda en el campo, la agroindustria.<\/p><p>La l\u00ednea asumida por el Gobierno no dista de lo que la Revoluci\u00f3n Ciudadana instal\u00f3 en el campo: el gobierno recoge las \u201cdemandas campesinas\u201d (cr\u00e9dito, asistencia t\u00e9cnica, insumos) y convierte la pol\u00edtica p\u00fablica en una herramienta que fomenta la agricultura para la agroindustria.<\/p><p>Finalmente, la coyuntura nos muestra que la \u201calianza\u201d p\u00fablico-privada marca los l\u00edmites de cualquier esfuerzo que permita la revalorizaci\u00f3n de las sociedades rurales y la posibilidad de construir una Soberan\u00eda Alimentaria. La deuda agraria no puede pagarse con la Minga Agropecuaria porque es un poco m\u00e1s de lo mismo: a nombre de la deuda con los campesinos e ind\u00edgenas, el Estado subvenciona el proceso a trav\u00e9s del cual los peque\u00f1os agricultores se incorporan a las cadenas agroindustriales.<\/p><p>La situaci\u00f3n actual exige de una sociedad activa y un<em>\u00a0pacto \u00e9tico por el campo<\/em>.<\/p><\/div>\t\t\t\t\t\t\t\t<\/div>\n\t\t\t\t<\/div>\n\t\t\t\t\t<\/div>\n\t\t<\/div>\n\t\t\t\t\t<\/div>\n\t\t<\/section>\n\t\t\t\t<section class=\"elementor-section elementor-top-section elementor-element elementor-element-7cc07d6 elementor-section-boxed elementor-section-height-default elementor-section-height-default\" data-id=\"7cc07d6\" data-element_type=\"section\" data-e-type=\"section\">\n\t\t\t\t\t\t<div class=\"elementor-container elementor-column-gap-default\">\n\t\t\t\t\t<div class=\"elementor-column elementor-col-100 elementor-top-column elementor-element elementor-element-6158e3e\" data-id=\"6158e3e\" data-element_type=\"column\" data-e-type=\"column\">\n\t\t\t<div class=\"elementor-widget-wrap elementor-element-populated\">\n\t\t\t\t\t\t<div class=\"elementor-element elementor-element-b6b23b5 elementor-widget elementor-widget-global elementor-global-10318 elementor-widget-heading\" data-id=\"b6b23b5\" data-element_type=\"widget\" data-e-type=\"widget\" data-widget_type=\"heading.default\">\n\t\t\t\t<div class=\"elementor-widget-container\">\n\t\t\t\t\t<h4 class=\"elementor-heading-title elementor-size-default\">Te podr\u00eda interesar<\/h4>\t\t\t\t<\/div>\n\t\t\t\t<\/div>\n\t\t\t\t<div class=\"elementor-element elementor-element-0732c6b pp-card-slider-image-left pp-card-slider-dots-aside elementor-widget elementor-widget-global elementor-global-10922 elementor-widget-pp-card-slider\" data-id=\"0732c6b\" data-element_type=\"widget\" data-e-type=\"widget\" data-settings=\"{&quot;open_lightbox&quot;:&quot;default&quot;,&quot;pause_on_hover&quot;:&quot;yes&quot;}\" data-widget_type=\"pp-card-slider.default\">\n\t\t\t\t<div class=\"elementor-widget-container\">\n\t\t\t\t\t\t\t<div class=\"pp-card-slider pp-swiper-slider\" data-slider-settings=\"{&quot;effect&quot;:&quot;fade&quot;,&quot;speed&quot;:500,&quot;slides_per_view&quot;:1,&quot;auto_height&quot;:false,&quot;loop&quot;:&quot;yes&quot;,&quot;autoplay&quot;:&quot;yes&quot;,&quot;autoplay_speed&quot;:3000,&quot;pause_on_interaction&quot;:false,&quot;keyboard&quot;:&quot;yes&quot;,&quot;pagination&quot;:&quot;bullets&quot;}\">\n\t\t\t<div class=\"swiper-wrapper\">\n\t\t\t\t\t\t\t\t<div class=\"pp-card-slider-item swiper-slide pp-card-slider-item-0\">\n\t\t\t\t\t\t\t\t\t\t\t\t\t<div class=\"pp-card-slider-image\">\n\t\t\t\t<a data-elementor-open-lightbox=\"yes\" data-elementor-lightbox-slideshow=\"0732c6b\" data-elementor-lightbox-title=\"Captura de pantalla 2025-08-28 a la(s) 12.32.17\u202fp.\u00a0m.\" data-e-action-hash=\"#elementor-action%3Aaction%3Dlightbox%26settings%3DeyJpZCI6MTk0OTIsInVybCI6Imh0dHBzOlwvXC9vY2FydS5vcmcuZWNcL3dwLWNvbnRlbnRcL3VwbG9hZHNcLzIwMjVcLzA4XC9DYXB0dXJhLWRlLXBhbnRhbGxhLTIwMjUtMDgtMjgtYS1sYXMtMTIuMzIuMTctcC4tbS5wbmciLCJzbGlkZXNob3ciOiIwNzMyYzZiIn0%3D\" href=\"https:\/\/ocaru.org.ec\/wp-content\/uploads\/2025\/08\/Captura-de-pantalla-2025-08-28-a-las-12.32.17-p.-m-768x506.png\"><img decoding=\"async\" src=\"https:\/\/ocaru.org.ec\/wp-content\/uploads\/2025\/08\/Captura-de-pantalla-2025-08-28-a-las-12.32.17-p.-m-768x506.png\" alt=\"\"><\/a>\t\t\t<\/div>\n\t\t\t\t\t\t\t\t<div class=\"pp-card-slider-content-wrap\">\n\t\t\t\t\t\t\t\t\t<div class=\"pp-card-slider-date\">\n\t\t\t\t\t\t\t\t\t<span class=\"pp-card-slider-meta-icon pp-icon\">\n\t\t\t\t\t\t<i aria-hidden=\"true\" class=\"fas fa-calendar-alt\"><\/i>\t\t\t\t\t<\/span>\n\t\t\t\t\t\t\t\t<span class=\"pp-card-slider-meta-text\">\n\t\t\t\t\tAugust 28, 2025\t\t\t\t<\/span>\n\t\t\t<\/div>\n\t\t\t\t\t\t\t\t\t\t\t\t\t\t\t\t<h2 class=\"pp-card-slider-title\">\n\t\t\t\t\t\t\t\t<a href=\"https:\/\/ocaru.org.ec\/en\/nuevo-libro-agriculturas-familiares-campesinas-en-los-andes-entre-las-multiples-crisis-y-la-transformacion\/\"><font size=\"6\">Nuevo libro: &#8220;Agriculturas familiares campesinas en los Andes: Entre las m\u00faltiples crisis y la transformaci\u00f3n&#8221;<\/font><\/a>\t\t\t\t\t\t\t<\/h2>\n\t\t\t\t\t\t\n\t\t\t\t\t\t\t\t\t<div class=\"pp-card-slider-meta\">\n\t\t\t\t\t\t\t\t\t<span class=\"pp-content-author\">\n\t\t\t\t\t\t\t\t\t\t\t\t\t<span class=\"pp-card-slider-meta-icon pp-icon\">\n\t\t\t\t\t\t\t\t<i aria-hidden=\"true\" class=\"fas fa-user\"><\/i>\t\t\t\t\t\t\t<\/span>\n\t\t\t\t\t\t\t\t\t\t\t\t<span class=\"pp-card-slider-meta-text\">\n\t\t\t\t\t\t\tEquipo OCARU\t\t\t\t\t\t<\/span>\n\t\t\t\t\t<\/span>\n\t\t\t\t  \n\t\t\t\t\t\t\t\t\t<span class=\"pp-post-category\">\n\t\t\t\t\t\t\t\t\t\t\t\t\t<span class=\"pp-card-slider-meta-icon pp-icon\">\n\t\t\t\t\t\t\t\t<i aria-hidden=\"true\" class=\"fas fa-folder-open\"><\/i>\t\t\t\t\t\t\t<\/span>\n\t\t\t\t\t\t\t\t\t\t\t\t<span class=\"pp-card-slider-meta-text\">\n\t\t\t\t\t\t\tInvestigaciones\t\t\t\t\t\t<\/span>\n\t\t\t\t\t<\/span>\n\t\t\t\t  \n\t\t\t<\/div>\n\t\t\t\n\t\t\t\t\t\t\t\t\t\t\t\t\t\t\t\t\t<\/div>\n\t\t\t\t<\/div>\n\t\t\t\t\t\t\t\t<div class=\"pp-card-slider-item swiper-slide pp-card-slider-item-1\">\n\t\t\t\t\t\t\t\t\t\t\t\t\t<div class=\"pp-card-slider-image\">\n\t\t\t\t<a data-elementor-open-lightbox=\"yes\" data-elementor-lightbox-slideshow=\"0732c6b\" data-elementor-lightbox-title=\"img\" data-e-action-hash=\"#elementor-action%3Aaction%3Dlightbox%26settings%3DeyJpZCI6MTg3MDIsInVybCI6Imh0dHBzOlwvXC9vY2FydS5vcmcuZWNcL3dwLWNvbnRlbnRcL3VwbG9hZHNcLzIwMjVcLzAzXC9pbWcuanBnIiwic2xpZGVzaG93IjoiMDczMmM2YiJ9\" href=\"https:\/\/ocaru.org.ec\/wp-content\/uploads\/2025\/03\/img.jpg\"><img decoding=\"async\" src=\"https:\/\/ocaru.org.ec\/wp-content\/uploads\/2025\/03\/img.jpg\" alt=\"\"><\/a>\t\t\t<\/div>\n\t\t\t\t\t\t\t\t<div class=\"pp-card-slider-content-wrap\">\n\t\t\t\t\t\t\t\t\t<div class=\"pp-card-slider-date\">\n\t\t\t\t\t\t\t\t\t<span class=\"pp-card-slider-meta-icon pp-icon\">\n\t\t\t\t\t\t<i aria-hidden=\"true\" class=\"fas fa-calendar-alt\"><\/i>\t\t\t\t\t<\/span>\n\t\t\t\t\t\t\t\t<span class=\"pp-card-slider-meta-text\">\n\t\t\t\t\tMarch 27, 2025\t\t\t\t<\/span>\n\t\t\t<\/div>\n\t\t\t\t\t\t\t\t\t\t\t\t\t\t\t\t<h2 class=\"pp-card-slider-title\">\n\t\t\t\t\t\t\t\t<a href=\"https:\/\/ocaru.org.ec\/en\/edicion-especial-desgranando-cifras-cual-es-la-realidad-actual-del-agro-en-medio-del-silencio-de-las-candidaturas-presidenciales-en-estas-elecciones-2025\/\">Edici\u00f3n Especial Desgranando Cifras <br> \u00bfCu\u00e1l es la realidad del agro de cara a estas elecciones 2025?<\/a>\t\t\t\t\t\t\t<\/h2>\n\t\t\t\t\t\t\n\t\t\t\t\t\t\t\t\t<div class=\"pp-card-slider-meta\">\n\t\t\t\t\t\t\t\t\t<span class=\"pp-content-author\">\n\t\t\t\t\t\t\t\t\t\t\t\t\t<span class=\"pp-card-slider-meta-icon pp-icon\">\n\t\t\t\t\t\t\t\t<i aria-hidden=\"true\" class=\"fas fa-user\"><\/i>\t\t\t\t\t\t\t<\/span>\n\t\t\t\t\t\t\t\t\t\t\t\t<span class=\"pp-card-slider-meta-text\">\n\t\t\t\t\t\t\tEquipo OCARU\t\t\t\t\t\t<\/span>\n\t\t\t\t\t<\/span>\n\t\t\t\t  \n\t\t\t\t\t\t\t\t\t<span class=\"pp-post-category\">\n\t\t\t\t\t\t\t\t\t\t\t\t\t<span class=\"pp-card-slider-meta-icon pp-icon\">\n\t\t\t\t\t\t\t\t<i aria-hidden=\"true\" class=\"fas fa-folder-open\"><\/i>\t\t\t\t\t\t\t<\/span>\n\t\t\t\t\t\t\t\t\t\t\t\t<span class=\"pp-card-slider-meta-text\">\n\t\t\t\t\t\t\tInvestigaciones\t\t\t\t\t\t<\/span>\n\t\t\t\t\t<\/span>\n\t\t\t\t  \n\t\t\t<\/div>\n\t\t\t\n\t\t\t\t\t\t\t\t\t\t\t\t\t\t\t\t\t<\/div>\n\t\t\t\t<\/div>\n\t\t\t\t\t\t\t\t<div class=\"pp-card-slider-item swiper-slide pp-card-slider-item-2\">\n\t\t\t\t\t\t\t\t\t\t\t\t\t<div class=\"pp-card-slider-image\">\n\t\t\t\t<a data-elementor-open-lightbox=\"yes\" data-elementor-lightbox-slideshow=\"0732c6b\" data-elementor-lightbox-title=\"Captura de Pantalla 2025-01-09 a la(s) 11.48.09\" data-e-action-hash=\"#elementor-action%3Aaction%3Dlightbox%26settings%3DeyJpZCI6MTgzOTIsInVybCI6Imh0dHBzOlwvXC9vY2FydS5vcmcuZWNcL3dwLWNvbnRlbnRcL3VwbG9hZHNcLzIwMjVcLzAxXC9DYXB0dXJhLWRlLVBhbnRhbGxhLTIwMjUtMDEtMDktYS1sYXMtMTEuNDguMDktMS5wbmciLCJzbGlkZXNob3ciOiIwNzMyYzZiIn0%3D\" href=\"https:\/\/ocaru.org.ec\/wp-content\/uploads\/2025\/01\/Captura-de-Pantalla-2025-01-09-a-las-11.48.09-1-768x524.png\"><img decoding=\"async\" src=\"https:\/\/ocaru.org.ec\/wp-content\/uploads\/2025\/01\/Captura-de-Pantalla-2025-01-09-a-las-11.48.09-1-768x524.png\" alt=\"\"><\/a>\t\t\t<\/div>\n\t\t\t\t\t\t\t\t<div class=\"pp-card-slider-content-wrap\">\n\t\t\t\t\t\t\t\t\t<div class=\"pp-card-slider-date\">\n\t\t\t\t\t\t\t\t\t<span class=\"pp-card-slider-meta-icon pp-icon\">\n\t\t\t\t\t\t<i aria-hidden=\"true\" class=\"fas fa-calendar-alt\"><\/i>\t\t\t\t\t<\/span>\n\t\t\t\t\t\t\t\t<span class=\"pp-card-slider-meta-text\">\n\t\t\t\t\tJanuary 9, 2025\t\t\t\t<\/span>\n\t\t\t<\/div>\n\t\t\t\t\t\t\t\t\t\t\t\t\t\t\t\t<h2 class=\"pp-card-slider-title\">\n\t\t\t\t\t\t\t\t<a href=\"https:\/\/ocaru.org.ec\/en\/por-que-quienes-nos-alimentan-padecen-hambre-el-avance-silencioso-de-una-crisis-agroalimentaria-en-ecuador\/\">\u00bfPor qu\u00e9 quienes nos alimentan padecen hambre?: <br> El avance silencioso de una crisis agroalimentaria en Ecuador<\/a>\t\t\t\t\t\t\t<\/h2>\n\t\t\t\t\t\t\n\t\t\t\t\t\t\t\t\t<div class=\"pp-card-slider-meta\">\n\t\t\t\t\t\t\t\t\t<span class=\"pp-content-author\">\n\t\t\t\t\t\t\t\t\t\t\t\t\t<span class=\"pp-card-slider-meta-icon pp-icon\">\n\t\t\t\t\t\t\t\t<i aria-hidden=\"true\" class=\"fas fa-user\"><\/i>\t\t\t\t\t\t\t<\/span>\n\t\t\t\t\t\t\t\t\t\t\t\t<span class=\"pp-card-slider-meta-text\">\n\t\t\t\t\t\t\tEquipo OCARU\t\t\t\t\t\t<\/span>\n\t\t\t\t\t<\/span>\n\t\t\t\t  \n\t\t\t\t\t\t\t\t\t<span class=\"pp-post-category\">\n\t\t\t\t\t\t\t\t\t\t\t\t\t<span class=\"pp-card-slider-meta-icon pp-icon\">\n\t\t\t\t\t\t\t\t<i aria-hidden=\"true\" class=\"fas fa-folder-open\"><\/i>\t\t\t\t\t\t\t<\/span>\n\t\t\t\t\t\t\t\t\t\t\t\t<span class=\"pp-card-slider-meta-text\">\n\t\t\t\t\t\t\tInvestigaciones\t\t\t\t\t\t<\/span>\n\t\t\t\t\t<\/span>\n\t\t\t\t  \n\t\t\t<\/div>\n\t\t\t\n\t\t\t\t\t\t\t\t\t\t\t\t\t\t\t\t\t<\/div>\n\t\t\t\t<\/div>\n\t\t\t\t\t\t\t\t<div class=\"pp-card-slider-item swiper-slide pp-card-slider-item-3\">\n\t\t\t\t\t\t\t\t\t\t\t\t\t<div class=\"pp-card-slider-image\">\n\t\t\t\t<a data-elementor-open-lightbox=\"yes\" data-elementor-lightbox-slideshow=\"0732c6b\" data-elementor-lightbox-title=\"Captura de Pantalla 2024-08-19 a la(s) 19.24.02\" data-e-action-hash=\"#elementor-action%3Aaction%3Dlightbox%26settings%3DeyJpZCI6MTc0NDMsInVybCI6Imh0dHBzOlwvXC9vY2FydS5vcmcuZWNcL3dwLWNvbnRlbnRcL3VwbG9hZHNcLzIwMjRcLzA4XC9DYXB0dXJhLWRlLVBhbnRhbGxhLTIwMjQtMDgtMTktYS1sYXMtMTkuMjQuMDIucG5nIiwic2xpZGVzaG93IjoiMDczMmM2YiJ9\" href=\"https:\/\/ocaru.org.ec\/wp-content\/uploads\/2024\/08\/Captura-de-Pantalla-2024-08-19-a-las-19.24.02-768x433.png\"><img decoding=\"async\" src=\"https:\/\/ocaru.org.ec\/wp-content\/uploads\/2024\/08\/Captura-de-Pantalla-2024-08-19-a-las-19.24.02-768x433.png\" alt=\"\"><\/a>\t\t\t<\/div>\n\t\t\t\t\t\t\t\t<div class=\"pp-card-slider-content-wrap\">\n\t\t\t\t\t\t\t\t\t<div class=\"pp-card-slider-date\">\n\t\t\t\t\t\t\t\t\t<span class=\"pp-card-slider-meta-icon pp-icon\">\n\t\t\t\t\t\t<i aria-hidden=\"true\" class=\"fas fa-calendar-alt\"><\/i>\t\t\t\t\t<\/span>\n\t\t\t\t\t\t\t\t<span class=\"pp-card-slider-meta-text\">\n\t\t\t\t\tAugust 19, 2024\t\t\t\t<\/span>\n\t\t\t<\/div>\n\t\t\t\t\t\t\t\t\t\t\t\t\t\t\t\t<h2 class=\"pp-card-slider-title\">\n\t\t\t\t\t\t\t\t<a href=\"https:\/\/ocaru.org.ec\/en\/ecuador-estudio-para-una-linea-base-para-la-implementacion-del-decenio-de-las-nnuu-de-la-agricultura-familiar-en-ecuador\/\">ECUADOR: Estudio para una l\u00ednea base para la implementaci\u00f3n del Decenio de las NNUU de la Agricultura Familiar en Ecuador<\/a>\t\t\t\t\t\t\t<\/h2>\n\t\t\t\t\t\t\n\t\t\t\t\t\t\t\t\t<div class=\"pp-card-slider-meta\">\n\t\t\t\t\t\t\t\t\t<span class=\"pp-content-author\">\n\t\t\t\t\t\t\t\t\t\t\t\t\t<span class=\"pp-card-slider-meta-icon pp-icon\">\n\t\t\t\t\t\t\t\t<i aria-hidden=\"true\" class=\"fas fa-user\"><\/i>\t\t\t\t\t\t\t<\/span>\n\t\t\t\t\t\t\t\t\t\t\t\t<span class=\"pp-card-slider-meta-text\">\n\t\t\t\t\t\t\tEquipo OCARU\t\t\t\t\t\t<\/span>\n\t\t\t\t\t<\/span>\n\t\t\t\t  \n\t\t\t\t\t\t\t\t\t<span class=\"pp-post-category\">\n\t\t\t\t\t\t\t\t\t\t\t\t\t<span class=\"pp-card-slider-meta-icon pp-icon\">\n\t\t\t\t\t\t\t\t<i aria-hidden=\"true\" class=\"fas fa-folder-open\"><\/i>\t\t\t\t\t\t\t<\/span>\n\t\t\t\t\t\t\t\t\t\t\t\t<span class=\"pp-card-slider-meta-text\">\n\t\t\t\t\t\t\tInvestigaciones\t\t\t\t\t\t<\/span>\n\t\t\t\t\t<\/span>\n\t\t\t\t  \n\t\t\t<\/div>\n\t\t\t\n\t\t\t\t\t\t\t\t\t\t\t\t\t\t\t\t\t<\/div>\n\t\t\t\t<\/div>\n\t\t\t\t\t\t\t\t<div class=\"pp-card-slider-item swiper-slide pp-card-slider-item-4\">\n\t\t\t\t\t\t\t\t\t\t\t\t\t<div class=\"pp-card-slider-image\">\n\t\t\t\t<a data-elementor-open-lightbox=\"yes\" data-elementor-lightbox-slideshow=\"0732c6b\" data-elementor-lightbox-title=\"Captura de Pantalla 2024-08-16 a la(s) 16.16.24\" data-e-action-hash=\"#elementor-action%3Aaction%3Dlightbox%26settings%3DeyJpZCI6MTczOTEsInVybCI6Imh0dHBzOlwvXC9vY2FydS5vcmcuZWNcL3dwLWNvbnRlbnRcL3VwbG9hZHNcLzIwMjRcLzA4XC9DYXB0dXJhLWRlLVBhbnRhbGxhLTIwMjQtMDgtMTYtYS1sYXMtMTYuMTYuMjQucG5nIiwic2xpZGVzaG93IjoiMDczMmM2YiJ9\" href=\"https:\/\/ocaru.org.ec\/wp-content\/uploads\/2024\/08\/Captura-de-Pantalla-2024-08-16-a-las-16.16.24-768x467.png\"><img decoding=\"async\" src=\"https:\/\/ocaru.org.ec\/wp-content\/uploads\/2024\/08\/Captura-de-Pantalla-2024-08-16-a-las-16.16.24-768x467.png\" alt=\"\"><\/a>\t\t\t<\/div>\n\t\t\t\t\t\t\t\t<div class=\"pp-card-slider-content-wrap\">\n\t\t\t\t\t\t\t\t\t<div class=\"pp-card-slider-date\">\n\t\t\t\t\t\t\t\t\t<span class=\"pp-card-slider-meta-icon pp-icon\">\n\t\t\t\t\t\t<i aria-hidden=\"true\" class=\"fas fa-calendar-alt\"><\/i>\t\t\t\t\t<\/span>\n\t\t\t\t\t\t\t\t<span class=\"pp-card-slider-meta-text\">\n\t\t\t\t\tAugust 16, 2024\t\t\t\t<\/span>\n\t\t\t<\/div>\n\t\t\t\t\t\t\t\t\t\t\t\t\t\t\t\t<h2 class=\"pp-card-slider-title\">\n\t\t\t\t\t\t\t\t<a href=\"https:\/\/ocaru.org.ec\/en\/repensando-las-agriculturas-familiares-en-el-sur-global-alternativas-para-enfrentar-la-catastrofe-alimentaria\/\">Repensando las agriculturas familiares en el Sur Global: Alternativas para enfrentar la cat\u00e1strofe alimentaria<\/a>\t\t\t\t\t\t\t<\/h2>\n\t\t\t\t\t\t\n\t\t\t\t\t\t\t\t\t<div class=\"pp-card-slider-meta\">\n\t\t\t\t\t\t\t\t\t<span class=\"pp-content-author\">\n\t\t\t\t\t\t\t\t\t\t\t\t\t<span class=\"pp-card-slider-meta-icon pp-icon\">\n\t\t\t\t\t\t\t\t<i aria-hidden=\"true\" class=\"fas fa-user\"><\/i>\t\t\t\t\t\t\t<\/span>\n\t\t\t\t\t\t\t\t\t\t\t\t<span class=\"pp-card-slider-meta-text\">\n\t\t\t\t\t\t\tEquipo OCARU\t\t\t\t\t\t<\/span>\n\t\t\t\t\t<\/span>\n\t\t\t\t  \n\t\t\t\t\t\t\t\t\t<span class=\"pp-post-category\">\n\t\t\t\t\t\t\t\t\t\t\t\t\t<span class=\"pp-card-slider-meta-icon pp-icon\">\n\t\t\t\t\t\t\t\t<i aria-hidden=\"true\" class=\"fas fa-folder-open\"><\/i>\t\t\t\t\t\t\t<\/span>\n\t\t\t\t\t\t\t\t\t\t\t\t<span class=\"pp-card-slider-meta-text\">\n\t\t\t\t\t\t\tInvestigaciones\t\t\t\t\t\t<\/span>\n\t\t\t\t\t<\/span>\n\t\t\t\t  \n\t\t\t<\/div>\n\t\t\t\n\t\t\t\t\t\t\t\t\t\t\t\t\t\t\t\t\t<\/div>\n\t\t\t\t<\/div>\n\t\t\t\t\t\t\t\t<div class=\"pp-card-slider-item swiper-slide pp-card-slider-item-5\">\n\t\t\t\t\t\t\t\t\t\t\t\t\t<div class=\"pp-card-slider-image\">\n\t\t\t\t<a data-elementor-open-lightbox=\"yes\" data-elementor-lightbox-slideshow=\"0732c6b\" data-e-action-hash=\"#elementor-action%3Aaction%3Dlightbox%26settings%3DeyJpZCI6MTA5MTMsInVybCI6Imh0dHBzOlwvXC9vY2FydS5vcmcuZWNcL3dwLWNvbnRlbnRcL3VwbG9hZHNcLzIwMjJcLzExXC9ub3RiMS5qcGciLCJzbGlkZXNob3ciOiIwNzMyYzZiIn0%3D\" href=\"https:\/\/ocaru.org.ec\/wp-content\/uploads\/2022\/11\/notb1-768x539.jpg\"><img decoding=\"async\" src=\"https:\/\/ocaru.org.ec\/wp-content\/uploads\/2022\/11\/notb1-768x539.jpg\" alt=\"\"><\/a>\t\t\t<\/div>\n\t\t\t\t\t\t\t\t<div class=\"pp-card-slider-content-wrap\">\n\t\t\t\t\t\t\t\t\t<div class=\"pp-card-slider-date\">\n\t\t\t\t\t\t\t\t\t<span class=\"pp-card-slider-meta-icon pp-icon\">\n\t\t\t\t\t\t<i aria-hidden=\"true\" class=\"fas fa-calendar-alt\"><\/i>\t\t\t\t\t<\/span>\n\t\t\t\t\t\t\t\t<span class=\"pp-card-slider-meta-text\">\n\t\t\t\t\tNovember 22, 2022\t\t\t\t<\/span>\n\t\t\t<\/div>\n\t\t\t\t\t\t\t\t\t\t\t\t\t\t\t\t<h2 class=\"pp-card-slider-title\">\n\t\t\t\t\t\t\t\t<a href=\"https:\/\/ocaru.org.ec\/en\/informe-2021-acceso-a-la-tierra-y-territorio-en-sudamerica\/\">Acceso a la tierra y territorio en Sudam\u00e9rica<\/a>\t\t\t\t\t\t\t<\/h2>\n\t\t\t\t\t\t\n\t\t\t\t\t\t\t\t\t<div class=\"pp-card-slider-meta\">\n\t\t\t\t\t\t\t\t\t<span class=\"pp-content-author\">\n\t\t\t\t\t\t\t\t\t\t\t\t\t<span class=\"pp-card-slider-meta-icon pp-icon\">\n\t\t\t\t\t\t\t\t<i aria-hidden=\"true\" class=\"fas fa-user\"><\/i>\t\t\t\t\t\t\t<\/span>\n\t\t\t\t\t\t\t\t\t\t\t\t<span class=\"pp-card-slider-meta-text\">\n\t\t\t\t\t\t\tVarios Autores\t\t\t\t\t\t<\/span>\n\t\t\t\t\t<\/span>\n\t\t\t\t  \n\t\t\t\t\t\t\t\t\t<span class=\"pp-post-category\">\n\t\t\t\t\t\t\t\t\t\t\t\t\t<span class=\"pp-card-slider-meta-icon pp-icon\">\n\t\t\t\t\t\t\t\t<i aria-hidden=\"true\" class=\"fas fa-folder-open\"><\/i>\t\t\t\t\t\t\t<\/span>\n\t\t\t\t\t\t\t\t\t\t\t\t<span class=\"pp-card-slider-meta-text\">\n\t\t\t\t\t\t\tInvestigaciones\t\t\t\t\t\t<\/span>\n\t\t\t\t\t<\/span>\n\t\t\t\t  \n\t\t\t<\/div>\n\t\t\t\n\t\t\t\t\t\t\t\t\t\t\t\t\t\t\t\t\t<\/div>\n\t\t\t\t<\/div>\n\t\t\t\t\t\t\t\t<div class=\"pp-card-slider-item swiper-slide pp-card-slider-item-6\">\n\t\t\t\t\t\t\t\t\t\t\t\t\t<div class=\"pp-card-slider-image\">\n\t\t\t\t<a data-elementor-open-lightbox=\"yes\" data-elementor-lightbox-slideshow=\"0732c6b\" data-elementor-lightbox-title=\"gal2\" data-e-action-hash=\"#elementor-action%3Aaction%3Dlightbox%26settings%3DeyJpZCI6MTI5ODMsInVybCI6Imh0dHBzOlwvXC9vY2FydS5vcmcuZWNcL3dwLWNvbnRlbnRcL3VwbG9hZHNcLzIwMjNcLzEwXC9nYWwyLmpwZyIsInNsaWRlc2hvdyI6IjA3MzJjNmIifQ%3D%3D\" href=\"https:\/\/ocaru.org.ec\/wp-content\/uploads\/2023\/10\/gal2-768x539.jpg\"><img decoding=\"async\" src=\"https:\/\/ocaru.org.ec\/wp-content\/uploads\/2023\/10\/gal2-768x539.jpg\" alt=\"\"><\/a>\t\t\t<\/div>\n\t\t\t\t\t\t\t\t<div class=\"pp-card-slider-content-wrap\">\n\t\t\t\t\t\t\t\t\t<div class=\"pp-card-slider-date\">\n\t\t\t\t\t\t\t\t\t<span class=\"pp-card-slider-meta-icon pp-icon\">\n\t\t\t\t\t\t<i aria-hidden=\"true\" class=\"fas fa-calendar-alt\"><\/i>\t\t\t\t\t<\/span>\n\t\t\t\t\t\t\t\t<span class=\"pp-card-slider-meta-text\">\n\t\t\t\t\tNovember 16, 2022\t\t\t\t<\/span>\n\t\t\t<\/div>\n\t\t\t\t\t\t\t\t\t\t\t\t\t\t\t\t<h2 class=\"pp-card-slider-title\">\n\t\t\t\t\t\t\t\t<a href=\"https:\/\/ocaru.org.ec\/en\/por-un-decenio-para-la-agricultura-familiar-campesina-comunitaria\/\">Por un Decenio para la Agricultura Familiar Campesina Comunitaria<\/a>\t\t\t\t\t\t\t<\/h2>\n\t\t\t\t\t\t\n\t\t\t\t\t\t\t\t\t<div class=\"pp-card-slider-meta\">\n\t\t\t\t\t\t\t\t\t<span class=\"pp-content-author\">\n\t\t\t\t\t\t\t\t\t\t\t\t\t<span class=\"pp-card-slider-meta-icon pp-icon\">\n\t\t\t\t\t\t\t\t<i aria-hidden=\"true\" class=\"fas fa-user\"><\/i>\t\t\t\t\t\t\t<\/span>\n\t\t\t\t\t\t\t\t\t\t\t\t<span class=\"pp-card-slider-meta-text\">\n\t\t\t\t\t\t\tVarios Autores\t\t\t\t\t\t<\/span>\n\t\t\t\t\t<\/span>\n\t\t\t\t  \n\t\t\t\t\t\t\t\t\t<span class=\"pp-post-category\">\n\t\t\t\t\t\t\t\t\t\t\t\t\t<span class=\"pp-card-slider-meta-icon pp-icon\">\n\t\t\t\t\t\t\t\t<i aria-hidden=\"true\" class=\"fas fa-folder-open\"><\/i>\t\t\t\t\t\t\t<\/span>\n\t\t\t\t\t\t\t\t\t\t\t\t<span class=\"pp-card-slider-meta-text\">\n\t\t\t\t\t\t\tInvestigaciones\t\t\t\t\t\t<\/span>\n\t\t\t\t\t<\/span>\n\t\t\t\t  \n\t\t\t<\/div>\n\t\t\t\n\t\t\t\t\t\t\t\t\t\t\t\t\t\t\t\t\t<\/div>\n\t\t\t\t<\/div>\n\t\t\t\t\t\t\t\t<div class=\"pp-card-slider-item swiper-slide pp-card-slider-item-7\">\n\t\t\t\t\t\t\t\t\t\t\t\t\t<div class=\"pp-card-slider-image\">\n\t\t\t\t<a data-elementor-open-lightbox=\"yes\" data-elementor-lightbox-slideshow=\"0732c6b\" data-elementor-lightbox-title=\"gal3\" data-e-action-hash=\"#elementor-action%3Aaction%3Dlightbox%26settings%3DeyJpZCI6MTI5OTEsInVybCI6Imh0dHBzOlwvXC9vY2FydS5vcmcuZWNcL3dwLWNvbnRlbnRcL3VwbG9hZHNcLzIwMjNcLzEwXC9nYWwzLmpwZyIsInNsaWRlc2hvdyI6IjA3MzJjNmIifQ%3D%3D\" href=\"https:\/\/ocaru.org.ec\/wp-content\/uploads\/2023\/10\/gal3-768x539.jpg\"><img decoding=\"async\" src=\"https:\/\/ocaru.org.ec\/wp-content\/uploads\/2023\/10\/gal3-768x539.jpg\" alt=\"\"><\/a>\t\t\t<\/div>\n\t\t\t\t\t\t\t\t<div class=\"pp-card-slider-content-wrap\">\n\t\t\t\t\t\t\t\t\t<div class=\"pp-card-slider-date\">\n\t\t\t\t\t\t\t\t\t<span class=\"pp-card-slider-meta-icon pp-icon\">\n\t\t\t\t\t\t<i aria-hidden=\"true\" class=\"fas fa-calendar-alt\"><\/i>\t\t\t\t\t<\/span>\n\t\t\t\t\t\t\t\t<span class=\"pp-card-slider-meta-text\">\n\t\t\t\t\tNovember 14, 2022\t\t\t\t<\/span>\n\t\t\t<\/div>\n\t\t\t\t\t\t\t\t\t\t\t\t\t\t\t\t<h2 class=\"pp-card-slider-title\">\n\t\t\t\t\t\t\t\t<a href=\"https:\/\/ocaru.org.ec\/en\/si-el-campo-no-siembra-estudio-de-caso-del-mercado-mayorista-de-toacaso-y-otras-estrategias-de-comercializacion-en-tiempos-de-pandemia\/\">Si el campo no siembra: Estudio de caso del Mercado Mayorista de Toacaso y otras estrategias de comercializaci\u00f3n en tiempos de pandemia<\/a>\t\t\t\t\t\t\t<\/h2>\n\t\t\t\t\t\t\n\t\t\t\t\t\t\t\t\t<div class=\"pp-card-slider-meta\">\n\t\t\t\t\t\t\t\t\t<span class=\"pp-content-author\">\n\t\t\t\t\t\t\t\t\t\t\t\t\t<span class=\"pp-card-slider-meta-icon pp-icon\">\n\t\t\t\t\t\t\t\t<i aria-hidden=\"true\" class=\"fas fa-user\"><\/i>\t\t\t\t\t\t\t<\/span>\n\t\t\t\t\t\t\t\t\t\t\t\t<span class=\"pp-card-slider-meta-text\">\n\t\t\t\t\t\t\tLuc\u00eda P\u00e9rez Mart\u00ednez y Rosana Torres Vinueza\t\t\t\t\t\t<\/span>\n\t\t\t\t\t<\/span>\n\t\t\t\t  \n\t\t\t\t\t\t\t\t\t<span class=\"pp-post-category\">\n\t\t\t\t\t\t\t\t\t\t\t\t\t<span class=\"pp-card-slider-meta-icon pp-icon\">\n\t\t\t\t\t\t\t\t<i aria-hidden=\"true\" class=\"fas fa-folder-open\"><\/i>\t\t\t\t\t\t\t<\/span>\n\t\t\t\t\t\t\t\t\t\t\t\t<span class=\"pp-card-slider-meta-text\">\n\t\t\t\t\t\t\tInvestigaciones\t\t\t\t\t\t<\/span>\n\t\t\t\t\t<\/span>\n\t\t\t\t  \n\t\t\t<\/div>\n\t\t\t\n\t\t\t\t\t\t\t\t\t\t\t\t\t\t\t\t\t<\/div>\n\t\t\t\t<\/div>\n\t\t\t\t\t\t\t\t<div class=\"pp-card-slider-item swiper-slide pp-card-slider-item-8\">\n\t\t\t\t\t\t\t\t\t\t\t\t\t<div class=\"pp-card-slider-image\">\n\t\t\t\t<a data-elementor-open-lightbox=\"yes\" data-elementor-lightbox-slideshow=\"0732c6b\" data-elementor-lightbox-title=\"gal5\" data-e-action-hash=\"#elementor-action%3Aaction%3Dlightbox%26settings%3DeyJpZCI6MTMwMTIsInVybCI6Imh0dHBzOlwvXC9vY2FydS5vcmcuZWNcL3dwLWNvbnRlbnRcL3VwbG9hZHNcLzIwMjNcLzEwXC9nYWw1LmpwZyIsInNsaWRlc2hvdyI6IjA3MzJjNmIifQ%3D%3D\" href=\"https:\/\/ocaru.org.ec\/wp-content\/uploads\/2023\/10\/gal5-768x539.jpg\"><img decoding=\"async\" src=\"https:\/\/ocaru.org.ec\/wp-content\/uploads\/2023\/10\/gal5-768x539.jpg\" alt=\"\"><\/a>\t\t\t<\/div>\n\t\t\t\t\t\t\t\t<div class=\"pp-card-slider-content-wrap\">\n\t\t\t\t\t\t\t\t\t<div class=\"pp-card-slider-date\">\n\t\t\t\t\t\t\t\t\t<span class=\"pp-card-slider-meta-icon pp-icon\">\n\t\t\t\t\t\t<i aria-hidden=\"true\" class=\"fas fa-calendar-alt\"><\/i>\t\t\t\t\t<\/span>\n\t\t\t\t\t\t\t\t<span class=\"pp-card-slider-meta-text\">\n\t\t\t\t\tSeptember 29, 2022\t\t\t\t<\/span>\n\t\t\t<\/div>\n\t\t\t\t\t\t\t\t\t\t\t\t\t\t\t\t<h2 class=\"pp-card-slider-title\">\n\t\t\t\t\t\t\t\t<a href=\"https:\/\/ocaru.org.ec\/en\/si-el-campo-no-siembra-estudio-de-caso-la-feria-de-la-mata-a-la-olla-pelileo\/\">Si el campo no siembra: Estudio de caso la feria \u00abde la mata a la olla\u00bb Pelileo<\/a>\t\t\t\t\t\t\t<\/h2>\n\t\t\t\t\t\t\n\t\t\t\t\t\t\t\t\t<div class=\"pp-card-slider-meta\">\n\t\t\t\t\t\t\t\t\t<span class=\"pp-content-author\">\n\t\t\t\t\t\t\t\t\t\t\t\t\t<span class=\"pp-card-slider-meta-icon pp-icon\">\n\t\t\t\t\t\t\t\t<i aria-hidden=\"true\" class=\"fas fa-user\"><\/i>\t\t\t\t\t\t\t<\/span>\n\t\t\t\t\t\t\t\t\t\t\t\t<span class=\"pp-card-slider-meta-text\">\n\t\t\t\t\t\t\tLuc\u00eda P\u00e9rez Mart\u00ednez y Rosana Torres Vinueza\t\t\t\t\t\t<\/span>\n\t\t\t\t\t<\/span>\n\t\t\t\t  \n\t\t\t\t\t\t\t\t\t<span class=\"pp-post-category\">\n\t\t\t\t\t\t\t\t\t\t\t\t\t<span class=\"pp-card-slider-meta-icon pp-icon\">\n\t\t\t\t\t\t\t\t<i aria-hidden=\"true\" class=\"fas fa-folder-open\"><\/i>\t\t\t\t\t\t\t<\/span>\n\t\t\t\t\t\t\t\t\t\t\t\t<span class=\"pp-card-slider-meta-text\">\n\t\t\t\t\t\t\tInvestigaciones\t\t\t\t\t\t<\/span>\n\t\t\t\t\t<\/span>\n\t\t\t\t  \n\t\t\t<\/div>\n\t\t\t\n\t\t\t\t\t\t\t\t\t\t\t\t\t\t\t\t\t<\/div>\n\t\t\t\t<\/div>\n\t\t\t\t\t\t\t\t<div class=\"pp-card-slider-item swiper-slide pp-card-slider-item-9\">\n\t\t\t\t\t\t\t\t\t\t\t\t\t<div class=\"pp-card-slider-image\">\n\t\t\t\t<a data-elementor-open-lightbox=\"yes\" data-elementor-lightbox-slideshow=\"0732c6b\" data-elementor-lightbox-title=\"pink24\" data-e-action-hash=\"#elementor-action%3Aaction%3Dlightbox%26settings%3DeyJpZCI6MTUwMTEsInVybCI6Imh0dHBzOlwvXC9vY2FydS5vcmcuZWNcL3dwLWNvbnRlbnRcL3VwbG9hZHNcLzIwMjNcLzExXC9waW5rMjQuanBnIiwic2xpZGVzaG93IjoiMDczMmM2YiJ9\" href=\"https:\/\/ocaru.org.ec\/wp-content\/uploads\/2023\/11\/pink24-768x539.jpg\"><img decoding=\"async\" src=\"https:\/\/ocaru.org.ec\/wp-content\/uploads\/2023\/11\/pink24-768x539.jpg\" alt=\"\"><\/a>\t\t\t<\/div>\n\t\t\t\t\t\t\t\t<div class=\"pp-card-slider-content-wrap\">\n\t\t\t\t\t\t\t\t\t<div class=\"pp-card-slider-date\">\n\t\t\t\t\t\t\t\t\t<span class=\"pp-card-slider-meta-icon pp-icon\">\n\t\t\t\t\t\t<i aria-hidden=\"true\" class=\"fas fa-calendar-alt\"><\/i>\t\t\t\t\t<\/span>\n\t\t\t\t\t\t\t\t<span class=\"pp-card-slider-meta-text\">\n\t\t\t\t\tSeptember 7, 2022\t\t\t\t<\/span>\n\t\t\t<\/div>\n\t\t\t\t\t\t\t\t\t\t\t\t\t\t\t\t<h2 class=\"pp-card-slider-title\">\n\t\t\t\t\t\t\t\t<a href=\"https:\/\/ocaru.org.ec\/en\/agricultura-familiar-y-ods-avances-y-desafios-regionales\/\">Agricultura Familiar y ODS: Avances y desaf\u00edos regionales<\/a>\t\t\t\t\t\t\t<\/h2>\n\t\t\t\t\t\t\n\t\t\t\t\t\t\t\t\t<div class=\"pp-card-slider-meta\">\n\t\t\t\t\t\t\t\t\t<span class=\"pp-content-author\">\n\t\t\t\t\t\t\t\t\t\t\t\t\t<span class=\"pp-card-slider-meta-icon pp-icon\">\n\t\t\t\t\t\t\t\t<i aria-hidden=\"true\" class=\"fas fa-user\"><\/i>\t\t\t\t\t\t\t<\/span>\n\t\t\t\t\t\t\t\t\t\t\t\t<span class=\"pp-card-slider-meta-text\">\n\t\t\t\t\t\t\tVarios Autores\t\t\t\t\t\t<\/span>\n\t\t\t\t\t<\/span>\n\t\t\t\t  \n\t\t\t\t\t\t\t\t\t<span class=\"pp-post-category\">\n\t\t\t\t\t\t\t\t\t\t\t\t\t<span class=\"pp-card-slider-meta-icon pp-icon\">\n\t\t\t\t\t\t\t\t<i aria-hidden=\"true\" class=\"fas fa-folder-open\"><\/i>\t\t\t\t\t\t\t<\/span>\n\t\t\t\t\t\t\t\t\t\t\t\t<span class=\"pp-card-slider-meta-text\">\n\t\t\t\t\t\t\tInvestigaciones\t\t\t\t\t\t<\/span>\n\t\t\t\t\t<\/span>\n\t\t\t\t  \n\t\t\t<\/div>\n\t\t\t\n\t\t\t\t\t\t\t\t\t\t\t\t\t\t\t\t\t<\/div>\n\t\t\t\t<\/div>\n\t\t\t\t\t\t\t<\/div>\n\t\t\t\t\t\t\t<div class=\"swiper-pagination swiper-pagination-0732c6b\"><\/div>\n\t\t\t\t\t<\/div>\n\t\t\t\t\t\t<\/div>\n\t\t\t\t<\/div>\n\t\t\t\t\t<\/div>\n\t\t<\/div>\n\t\t\t\t\t<\/div>\n\t\t<\/section>\n\t\t\t\t<section class=\"elementor-section elementor-top-section elementor-element elementor-element-a47d51b elementor-section-boxed elementor-section-height-default elementor-section-height-default\" data-id=\"a47d51b\" data-element_type=\"section\" data-e-type=\"section\">\n\t\t\t\t\t\t<div class=\"elementor-container elementor-column-gap-default\">\n\t\t\t\t\t<div class=\"elementor-column elementor-col-100 elementor-top-column elementor-element elementor-element-3bd6fd6\" data-id=\"3bd6fd6\" data-element_type=\"column\" data-e-type=\"column\">\n\t\t\t<div class=\"elementor-widget-wrap elementor-element-populated\">\n\t\t\t\t\t\t<div class=\"elementor-element elementor-element-0538513 elementor-widget elementor-widget-heading\" data-id=\"0538513\" data-element_type=\"widget\" data-e-type=\"widget\" data-widget_type=\"heading.default\">\n\t\t\t\t<div class=\"elementor-widget-container\">\n\t\t\t\t\t<h4 class=\"elementor-heading-title elementor-size-default\">Compartir este art\u00edculo<\/h4>\t\t\t\t<\/div>\n\t\t\t\t<\/div>\n\t\t\t\t<div class=\"elementor-element elementor-element-d222c3d elementor-share-buttons--view-icon elementor-share-buttons--skin-minimal elementor-share-buttons--shape-circle elementor-share-buttons--color-custom elementor-grid-mobile-0 elementor-grid-0 elementor-widget elementor-widget-global elementor-global-9480 elementor-widget-mdp-sharinger-elementor\" data-id=\"d222c3d\" data-element_type=\"widget\" data-e-type=\"widget\" data-widget_type=\"mdp-sharinger-elementor.default\">\n\t\t\t\t<div class=\"elementor-widget-container\">\n\t\t\t\t\t        <div class=\"elementor-grid mdp-sharinger\">\n                            <div class=\"elementor-grid-item\">\n                    <div class=\"elementor-share-btn elementor-share-btn_facebook elementor-animation-pulse\" tabindex=\"0\" aria-label=\"Share on facebook\">\n                                                    <span class=\"elementor-share-btn__icon\">\n\t\t\t\t\t\t\t\t<i class=\"fab fa-facebook\" aria-hidden=\"true\"><\/i>\t\t\t\t\t\t\t<\/span>\n                                                                    <\/div>\n                <\/div>\n                                <div class=\"elementor-grid-item\">\n                    <div class=\"elementor-share-btn elementor-share-btn_twitter elementor-animation-pulse\" tabindex=\"0\" aria-label=\"Share on twitter\">\n                                                    <span class=\"elementor-share-btn__icon\">\n\t\t\t\t\t\t\t\t<i class=\"fab fa-twitter\" aria-hidden=\"true\"><\/i>\t\t\t\t\t\t\t<\/span>\n                                                                    <\/div>\n                <\/div>\n                                <div class=\"elementor-grid-item\">\n                    <div class=\"elementor-share-btn elementor-share-btn_linkedin elementor-animation-pulse\" tabindex=\"0\" aria-label=\"Share on linkedin\">\n                                                    <span class=\"elementor-share-btn__icon\">\n\t\t\t\t\t\t\t\t<i class=\"fab fa-linkedin\" aria-hidden=\"true\"><\/i>\t\t\t\t\t\t\t<\/span>\n                                                                    <\/div>\n                <\/div>\n                                <div class=\"elementor-grid-item\">\n                    <div class=\"elementor-share-btn elementor-share-btn_telegram elementor-animation-pulse\" tabindex=\"0\" aria-label=\"Share on telegram\">\n                                                    <span class=\"elementor-share-btn__icon\">\n\t\t\t\t\t\t\t\t<i class=\"fab fa-telegram\" aria-hidden=\"true\"><\/i>\t\t\t\t\t\t\t<\/span>\n                                                                    <\/div>\n                <\/div>\n                                <div class=\"elementor-grid-item\">\n                    <div class=\"elementor-share-btn elementor-share-btn_whatsapp elementor-animation-pulse\" tabindex=\"0\" aria-label=\"Share on whatsapp\">\n                                                    <span class=\"elementor-share-btn__icon\">\n\t\t\t\t\t\t\t\t<i class=\"fab fa-whatsapp\" aria-hidden=\"true\"><\/i>\t\t\t\t\t\t\t<\/span>\n                                                                    <\/div>\n                <\/div>\n                                <div class=\"elementor-grid-item\">\n                    <div class=\"elementor-share-btn elementor-share-btn_email elementor-animation-pulse\" tabindex=\"0\" aria-label=\"Share on email\">\n                                                    <span class=\"elementor-share-btn__icon\">\n\t\t\t\t\t\t\t\t<i class=\"fas fa-envelope\" aria-hidden=\"true\"><\/i>\t\t\t\t\t\t\t<\/span>\n                                                                    <\/div>\n                <\/div>\n                        <\/div>\n        \t\t\t\t<\/div>\n\t\t\t\t<\/div>\n\t\t\t\t\t<\/div>\n\t\t<\/div>\n\t\t\t\t\t<\/div>\n\t\t<\/section>\n\t\t\t\t<section class=\"elementor-section elementor-top-section elementor-element elementor-element-eb979d3 elementor-section-boxed elementor-section-height-default elementor-section-height-default\" data-id=\"eb979d3\" data-element_type=\"section\" data-e-type=\"section\">\n\t\t\t\t\t\t<div class=\"elementor-container elementor-column-gap-default\">\n\t\t\t\t\t<div class=\"elementor-column elementor-col-100 elementor-top-column elementor-element elementor-element-7b88429\" data-id=\"7b88429\" data-element_type=\"column\" data-e-type=\"column\">\n\t\t\t<div class=\"elementor-widget-wrap elementor-element-populated\">\n\t\t\t\t\t\t<div class=\"elementor-element elementor-element-979ae00 elementor-widget elementor-widget-menu-anchor\" data-id=\"979ae00\" data-element_type=\"widget\" data-e-type=\"widget\" data-widget_type=\"menu-anchor.default\">\n\t\t\t\t<div class=\"elementor-widget-container\">\n\t\t\t\t\t\t\t<div class=\"elementor-menu-anchor\" id=\"notas\"><\/div>\n\t\t\t\t\t\t<\/div>\n\t\t\t\t<\/div>\n\t\t\t\t<div class=\"elementor-element elementor-element-469f035 elementor-widget elementor-widget-text-editor\" data-id=\"469f035\" data-element_type=\"widget\" data-e-type=\"widget\" data-widget_type=\"text-editor.default\">\n\t\t\t\t<div class=\"elementor-widget-container\">\n\t\t\t\t\t\t\t\t\t<p class=\"has-medium-font-size\"><strong>Notas<\/strong><\/p><p><strong><sup>[1]\u00a0\u00a0<\/sup><\/strong>Este es un an\u00e1lisis de coyuntura presentado en el marco de la 3ra Escuela Internacional de Posgrado y Campesina organizada por la Universidad de Costa Rica, La Red de Posgrado de CLACSO y el Grupo de\u00a0 Trabajo: Estudios Cr\u00edticos al Desarrollo.<\/p><p><strong><sup>[2]\u00a0<\/sup><\/strong>Alberto Acosta, 2017, \u201cLa deuda eterna contra ataca\u201d, en revista Linea de Fuego,\u00a0<a href=\"https:\/\/goo.gl\/jAoHBd\">https:\/\/goo.gl\/jAoHBd<\/a><\/p><p><strong><sup>[3]\u00a0<\/sup><\/strong>Pablo Ospina, 31 de julio 2017, Dos meses de Moreno: la tormenta imperfecta, en Plan V,\u00a0<a href=\"http:\/\/www.planv.com.ec\/historias\/politica\/dos-meses-moreno-la-tormenta-imperfecta\">http:\/\/www.planv.com.ec\/historias\/politica\/dos-meses-moreno-la-tormenta-imperfecta<\/a><\/p><p><strong><sup>[4]\u00a0<\/sup><\/strong>El Tel\u00e9grafo, 6 de septiembre 2017, \u201cDi\u00e1logo genera confianza en el sector empresarial\u201d, en http:\/\/www.eltelegrafo.com.ec\/noticias\/economia\/8\/dialogo-genera-confianza-en-el-sector-empresarial<\/p><p><strong><sup>[5]\u00a0<\/sup><\/strong>Fernando Vega, 7 de Agosto 2017, \u201cAlianza Pa\u00eds: evoluci\u00f3n y ocaso de una secta mafiosa\u201d, en Plan V,\u00a0<a href=\"http:\/\/www.planv.com.ec\/historias\/politica\/alianza-pais-evolucion-y-ocaso-una-secta-mafiosa\">http:\/\/www.planv.com.ec\/historias\/politica\/alianza-pais-evolucion-y-ocaso-una-secta-mafiosa<\/a><\/p><p><strong><sup>[6]\u00a0 <\/sup><\/strong>Entre las organizaciones que han actuado en defensa del gobierno se pueden mencionar a la Central \u00danica de Trabajadores, una fracci\u00f3n de la FENOCIN, la FEI y el PC, la Confeunassc, CNC, el frente social, el Pueblo Montubio, una fracci\u00f3n del Movimiento Ind\u00edgena de Chimborazo, la FEINE, etc.<\/p>\t\t\t\t\t\t\t\t<\/div>\n\t\t\t\t<\/div>\n\t\t\t\t\t<\/div>\n\t\t<\/div>\n\t\t\t\t\t<\/div>\n\t\t<\/section>\n\t\t\t\t<\/div>\n\t\t","protected":false},"excerpt":{"rendered":"<div class=\"tmnf_excerpt meta_deko\"><p>El Ecuador inici\u00f3 el a\u00f1o (2017) con un cambio de gobierno, el nuevo Presidente Len\u00edn Moreno (Exvicepresidente de Rafael Correa en su primer mandato) apareci\u00f3 como figura de transici\u00f3n o recambio al interior del Movimiento Alianza PA\u00cdS (Patria Altiva i Soberana) que gobern\u00f3 desde el 2007 e instal\u00f3 en el agro una pol\u00edtica conservadora y en oposici\u00f3n a un modelo de agricultura familiar. <\/p>\n<\/div>","protected":false},"author":8,"featured_media":14006,"comment_status":"closed","ping_status":"open","sticky":false,"template":"","format":"standard","meta":{"_mi_skip_tracking":false,"_monsterinsights_sitenote_active":false,"_monsterinsights_sitenote_note":"","_monsterinsights_sitenote_category":0,"footnotes":""},"categories":[88,96],"tags":[],"class_list":["post-14005","post","type-post","status-publish","format-standard","has-post-thumbnail","hentry","category-investigaciones","category-politica-agraria"],"yoast_head":"<!-- This site is optimized with the Yoast SEO Premium plugin v24.8 (Yoast SEO v27.4) - https:\/\/yoast.com\/product\/yoast-seo-premium-wordpress\/ -->\n<title>Ecuador: recambios de la \u201cRevoluci\u00f3n Ciudadana\u201d y continuidad conservadora - Ocaru<\/title>\n<meta name=\"robots\" content=\"index, follow, max-snippet:-1, max-image-preview:large, max-video-preview:-1\" \/>\n<link rel=\"canonical\" href=\"https:\/\/ocaru.org.ec\/en\/ecuador-recambios-de-la-revolucion-ciudadana-y-continuidad-conservadora\/\" \/>\n<meta property=\"og:locale\" content=\"en_US\" \/>\n<meta property=\"og:type\" content=\"article\" \/>\n<meta property=\"og:title\" content=\"Ecuador: recambios de la \u201cRevoluci\u00f3n Ciudadana\u201d y continuidad conservadora\" \/>\n<meta property=\"og:description\" content=\"El Ecuador inici\u00f3 el a\u00f1o (2017) con un cambio de gobierno, el nuevo Presidente Len\u00edn Moreno (Exvicepresidente de Rafael Correa en su primer mandato) apareci\u00f3 como figura de transici\u00f3n o recambio al interior del Movimiento Alianza PA\u00cdS (Patria Altiva i Soberana) que gobern\u00f3 desde el 2007 e instal\u00f3 en el agro una pol\u00edtica conservadora y en oposici\u00f3n a un modelo de agricultura familiar.\" \/>\n<meta property=\"og:url\" content=\"https:\/\/ocaru.org.ec\/en\/ecuador-recambios-de-la-revolucion-ciudadana-y-continuidad-conservadora\/\" \/>\n<meta property=\"og:site_name\" content=\"Ocaru\" \/>\n<meta property=\"article:publisher\" content=\"https:\/\/www.facebook.com\/Ocaruec\/\" \/>\n<meta property=\"article:published_time\" content=\"2017-10-04T17:04:02+00:00\" \/>\n<meta property=\"article:modified_time\" content=\"2023-11-07T17:18:32+00:00\" \/>\n<meta property=\"og:image\" content=\"https:\/\/ocaru.org.ec\/wp-content\/uploads\/2023\/11\/mgr15.jpg\" \/>\n\t<meta property=\"og:image:width\" content=\"855\" \/>\n\t<meta property=\"og:image:height\" content=\"600\" \/>\n\t<meta property=\"og:image:type\" content=\"image\/jpeg\" \/>\n<meta name=\"author\" content=\"Stalin Herrera Revelo\" \/>\n<script type=\"application\/ld+json\" class=\"yoast-schema-graph\">{\"@context\":\"https:\\\/\\\/schema.org\",\"@graph\":[{\"@type\":\"Article\",\"@id\":\"https:\\\/\\\/ocaru.org.ec\\\/ecuador-recambios-de-la-revolucion-ciudadana-y-continuidad-conservadora\\\/#article\",\"isPartOf\":{\"@id\":\"https:\\\/\\\/ocaru.org.ec\\\/ecuador-recambios-de-la-revolucion-ciudadana-y-continuidad-conservadora\\\/\"},\"author\":{\"name\":\"Stalin Herrera Revelo\",\"@id\":\"https:\\\/\\\/ocaru.org.ec\\\/#\\\/schema\\\/person\\\/644d90864b5f3811004ce9fbafedcf86\"},\"headline\":\"Ecuador: recambios de la \u201cRevoluci\u00f3n Ciudadana\u201d y continuidad conservadora\",\"datePublished\":\"2017-10-04T17:04:02+00:00\",\"dateModified\":\"2023-11-07T17:18:32+00:00\",\"mainEntityOfPage\":{\"@id\":\"https:\\\/\\\/ocaru.org.ec\\\/ecuador-recambios-de-la-revolucion-ciudadana-y-continuidad-conservadora\\\/\"},\"wordCount\":2874,\"publisher\":{\"@id\":\"https:\\\/\\\/ocaru.org.ec\\\/#organization\"},\"image\":{\"@id\":\"https:\\\/\\\/ocaru.org.ec\\\/ecuador-recambios-de-la-revolucion-ciudadana-y-continuidad-conservadora\\\/#primaryimage\"},\"thumbnailUrl\":\"https:\\\/\\\/ocaru.org.ec\\\/wp-content\\\/uploads\\\/2023\\\/11\\\/mgr15.jpg\",\"articleSection\":[\"Investigaciones\",\"Pol\u00edtica agraria\"],\"inLanguage\":\"en-US\"},{\"@type\":\"WebPage\",\"@id\":\"https:\\\/\\\/ocaru.org.ec\\\/ecuador-recambios-de-la-revolucion-ciudadana-y-continuidad-conservadora\\\/\",\"url\":\"https:\\\/\\\/ocaru.org.ec\\\/ecuador-recambios-de-la-revolucion-ciudadana-y-continuidad-conservadora\\\/\",\"name\":\"Ecuador: recambios de la \u201cRevoluci\u00f3n Ciudadana\u201d y continuidad conservadora - Ocaru\",\"isPartOf\":{\"@id\":\"https:\\\/\\\/ocaru.org.ec\\\/#website\"},\"primaryImageOfPage\":{\"@id\":\"https:\\\/\\\/ocaru.org.ec\\\/ecuador-recambios-de-la-revolucion-ciudadana-y-continuidad-conservadora\\\/#primaryimage\"},\"image\":{\"@id\":\"https:\\\/\\\/ocaru.org.ec\\\/ecuador-recambios-de-la-revolucion-ciudadana-y-continuidad-conservadora\\\/#primaryimage\"},\"thumbnailUrl\":\"https:\\\/\\\/ocaru.org.ec\\\/wp-content\\\/uploads\\\/2023\\\/11\\\/mgr15.jpg\",\"datePublished\":\"2017-10-04T17:04:02+00:00\",\"dateModified\":\"2023-11-07T17:18:32+00:00\",\"breadcrumb\":{\"@id\":\"https:\\\/\\\/ocaru.org.ec\\\/ecuador-recambios-de-la-revolucion-ciudadana-y-continuidad-conservadora\\\/#breadcrumb\"},\"inLanguage\":\"en-US\",\"potentialAction\":[{\"@type\":\"ReadAction\",\"target\":[\"https:\\\/\\\/ocaru.org.ec\\\/ecuador-recambios-de-la-revolucion-ciudadana-y-continuidad-conservadora\\\/\"]}]},{\"@type\":\"ImageObject\",\"inLanguage\":\"en-US\",\"@id\":\"https:\\\/\\\/ocaru.org.ec\\\/ecuador-recambios-de-la-revolucion-ciudadana-y-continuidad-conservadora\\\/#primaryimage\",\"url\":\"https:\\\/\\\/ocaru.org.ec\\\/wp-content\\\/uploads\\\/2023\\\/11\\\/mgr15.jpg\",\"contentUrl\":\"https:\\\/\\\/ocaru.org.ec\\\/wp-content\\\/uploads\\\/2023\\\/11\\\/mgr15.jpg\",\"width\":855,\"height\":600,\"caption\":\"GT Estudios Cr\u00edticos del Desarrollo\"},{\"@type\":\"BreadcrumbList\",\"@id\":\"https:\\\/\\\/ocaru.org.ec\\\/ecuador-recambios-de-la-revolucion-ciudadana-y-continuidad-conservadora\\\/#breadcrumb\",\"itemListElement\":[{\"@type\":\"ListItem\",\"position\":1,\"name\":\"Portada\",\"item\":\"https:\\\/\\\/ocaru.org.ec\\\/\"},{\"@type\":\"ListItem\",\"position\":2,\"name\":\"Ecuador: recambios de la \u201cRevoluci\u00f3n Ciudadana\u201d y continuidad conservadora\"}]},{\"@type\":\"WebSite\",\"@id\":\"https:\\\/\\\/ocaru.org.ec\\\/#website\",\"url\":\"https:\\\/\\\/ocaru.org.ec\\\/\",\"name\":\"Ocaru\",\"description\":\"Observatorio del Cambio Rural\",\"publisher\":{\"@id\":\"https:\\\/\\\/ocaru.org.ec\\\/#organization\"},\"potentialAction\":[{\"@type\":\"SearchAction\",\"target\":{\"@type\":\"EntryPoint\",\"urlTemplate\":\"https:\\\/\\\/ocaru.org.ec\\\/?s={search_term_string}\"},\"query-input\":{\"@type\":\"PropertyValueSpecification\",\"valueRequired\":true,\"valueName\":\"search_term_string\"}}],\"inLanguage\":\"en-US\"},{\"@type\":\"Organization\",\"@id\":\"https:\\\/\\\/ocaru.org.ec\\\/#organization\",\"name\":\"Ocaru\",\"url\":\"https:\\\/\\\/ocaru.org.ec\\\/\",\"logo\":{\"@type\":\"ImageObject\",\"inLanguage\":\"en-US\",\"@id\":\"https:\\\/\\\/ocaru.org.ec\\\/#\\\/schema\\\/logo\\\/image\\\/\",\"url\":\"https:\\\/\\\/ocaru.org.ec\\\/wp-content\\\/uploads\\\/2026\\\/02\\\/Logo-150-x-150-1.jpg\",\"contentUrl\":\"https:\\\/\\\/ocaru.org.ec\\\/wp-content\\\/uploads\\\/2026\\\/02\\\/Logo-150-x-150-1.jpg\",\"width\":150,\"height\":150,\"caption\":\"Ocaru\"},\"image\":{\"@id\":\"https:\\\/\\\/ocaru.org.ec\\\/#\\\/schema\\\/logo\\\/image\\\/\"},\"sameAs\":[\"https:\\\/\\\/www.facebook.com\\\/Ocaruec\\\/\",\"https:\\\/\\\/x.com\\\/OCARUEc\",\"https:\\\/\\\/www.instagram.com\\\/ocaru_ecuador\\\/\",\"https:\\\/\\\/www.youtube.com\\\/user\\\/CambioRuralEC\"]},{\"@type\":\"Person\",\"@id\":\"https:\\\/\\\/ocaru.org.ec\\\/#\\\/schema\\\/person\\\/644d90864b5f3811004ce9fbafedcf86\",\"name\":\"Stalin Herrera Revelo\",\"image\":{\"@type\":\"ImageObject\",\"inLanguage\":\"en-US\",\"@id\":\"https:\\\/\\\/secure.gravatar.com\\\/avatar\\\/10e1c322e20f877cb212b5c20155284561b322e976214b6218416ce77efad3e1?s=96&d=mm&r=g\",\"url\":\"https:\\\/\\\/secure.gravatar.com\\\/avatar\\\/10e1c322e20f877cb212b5c20155284561b322e976214b6218416ce77efad3e1?s=96&d=mm&r=g\",\"contentUrl\":\"https:\\\/\\\/secure.gravatar.com\\\/avatar\\\/10e1c322e20f877cb212b5c20155284561b322e976214b6218416ce77efad3e1?s=96&d=mm&r=g\",\"caption\":\"Stalin Herrera Revelo\"},\"description\":\"Soci\u00f3logo, Master en Estudios Latinoamericanos, realiza su doctorado en Estudios Latinoamericanos en la Universidad Nacional Aut\u00f3noma de M\u00e9xico UNAM. Participa del Grupo Tierra en Ecuador y en el Grupo de Trabajo de Estudios Cr\u00edticos del Desarrollo Rural de CLACSO. L\u00edneas de investigaci\u00f3n y publicaci\u00f3n: Movimientos Ind\u00edgenas y Campesinos, Transformaciones Agrarias, Pol\u00edtica Agraria y Proyectos campesinos, Pedagog\u00edas Campesinas, Coyuntura Pol\u00edtica Nacional.\",\"url\":\"https:\\\/\\\/ocaru.org.ec\\\/en\\\/author\\\/stalin-herrera\\\/\"}]}<\/script>\n<!-- \/ Yoast SEO Premium plugin. -->","yoast_head_json":{"title":"Ecuador: recambios de la \u201cRevoluci\u00f3n Ciudadana\u201d y continuidad conservadora - Ocaru","robots":{"index":"index","follow":"follow","max-snippet":"max-snippet:-1","max-image-preview":"max-image-preview:large","max-video-preview":"max-video-preview:-1"},"canonical":"https:\/\/ocaru.org.ec\/en\/ecuador-recambios-de-la-revolucion-ciudadana-y-continuidad-conservadora\/","og_locale":"en_US","og_type":"article","og_title":"Ecuador: recambios de la \u201cRevoluci\u00f3n Ciudadana\u201d y continuidad conservadora","og_description":"El Ecuador inici\u00f3 el a\u00f1o (2017) con un cambio de gobierno, el nuevo Presidente Len\u00edn Moreno (Exvicepresidente de Rafael Correa en su primer mandato) apareci\u00f3 como figura de transici\u00f3n o recambio al interior del Movimiento Alianza PA\u00cdS (Patria Altiva i Soberana) que gobern\u00f3 desde el 2007 e instal\u00f3 en el agro una pol\u00edtica conservadora y en oposici\u00f3n a un modelo de agricultura familiar.","og_url":"https:\/\/ocaru.org.ec\/en\/ecuador-recambios-de-la-revolucion-ciudadana-y-continuidad-conservadora\/","og_site_name":"Ocaru","article_publisher":"https:\/\/www.facebook.com\/Ocaruec\/","article_published_time":"2017-10-04T17:04:02+00:00","article_modified_time":"2023-11-07T17:18:32+00:00","og_image":[{"width":855,"height":600,"url":"https:\/\/ocaru.org.ec\/wp-content\/uploads\/2023\/11\/mgr15.jpg","type":"image\/jpeg"}],"author":"Stalin Herrera Revelo","schema":{"@context":"https:\/\/schema.org","@graph":[{"@type":"Article","@id":"https:\/\/ocaru.org.ec\/ecuador-recambios-de-la-revolucion-ciudadana-y-continuidad-conservadora\/#article","isPartOf":{"@id":"https:\/\/ocaru.org.ec\/ecuador-recambios-de-la-revolucion-ciudadana-y-continuidad-conservadora\/"},"author":{"name":"Stalin Herrera Revelo","@id":"https:\/\/ocaru.org.ec\/#\/schema\/person\/644d90864b5f3811004ce9fbafedcf86"},"headline":"Ecuador: recambios de la \u201cRevoluci\u00f3n Ciudadana\u201d y continuidad conservadora","datePublished":"2017-10-04T17:04:02+00:00","dateModified":"2023-11-07T17:18:32+00:00","mainEntityOfPage":{"@id":"https:\/\/ocaru.org.ec\/ecuador-recambios-de-la-revolucion-ciudadana-y-continuidad-conservadora\/"},"wordCount":2874,"publisher":{"@id":"https:\/\/ocaru.org.ec\/#organization"},"image":{"@id":"https:\/\/ocaru.org.ec\/ecuador-recambios-de-la-revolucion-ciudadana-y-continuidad-conservadora\/#primaryimage"},"thumbnailUrl":"https:\/\/ocaru.org.ec\/wp-content\/uploads\/2023\/11\/mgr15.jpg","articleSection":["Investigaciones","Pol\u00edtica agraria"],"inLanguage":"en-US"},{"@type":"WebPage","@id":"https:\/\/ocaru.org.ec\/ecuador-recambios-de-la-revolucion-ciudadana-y-continuidad-conservadora\/","url":"https:\/\/ocaru.org.ec\/ecuador-recambios-de-la-revolucion-ciudadana-y-continuidad-conservadora\/","name":"Ecuador: recambios de la \u201cRevoluci\u00f3n Ciudadana\u201d y continuidad conservadora - Ocaru","isPartOf":{"@id":"https:\/\/ocaru.org.ec\/#website"},"primaryImageOfPage":{"@id":"https:\/\/ocaru.org.ec\/ecuador-recambios-de-la-revolucion-ciudadana-y-continuidad-conservadora\/#primaryimage"},"image":{"@id":"https:\/\/ocaru.org.ec\/ecuador-recambios-de-la-revolucion-ciudadana-y-continuidad-conservadora\/#primaryimage"},"thumbnailUrl":"https:\/\/ocaru.org.ec\/wp-content\/uploads\/2023\/11\/mgr15.jpg","datePublished":"2017-10-04T17:04:02+00:00","dateModified":"2023-11-07T17:18:32+00:00","breadcrumb":{"@id":"https:\/\/ocaru.org.ec\/ecuador-recambios-de-la-revolucion-ciudadana-y-continuidad-conservadora\/#breadcrumb"},"inLanguage":"en-US","potentialAction":[{"@type":"ReadAction","target":["https:\/\/ocaru.org.ec\/ecuador-recambios-de-la-revolucion-ciudadana-y-continuidad-conservadora\/"]}]},{"@type":"ImageObject","inLanguage":"en-US","@id":"https:\/\/ocaru.org.ec\/ecuador-recambios-de-la-revolucion-ciudadana-y-continuidad-conservadora\/#primaryimage","url":"https:\/\/ocaru.org.ec\/wp-content\/uploads\/2023\/11\/mgr15.jpg","contentUrl":"https:\/\/ocaru.org.ec\/wp-content\/uploads\/2023\/11\/mgr15.jpg","width":855,"height":600,"caption":"GT Estudios Cr\u00edticos del Desarrollo"},{"@type":"BreadcrumbList","@id":"https:\/\/ocaru.org.ec\/ecuador-recambios-de-la-revolucion-ciudadana-y-continuidad-conservadora\/#breadcrumb","itemListElement":[{"@type":"ListItem","position":1,"name":"Portada","item":"https:\/\/ocaru.org.ec\/"},{"@type":"ListItem","position":2,"name":"Ecuador: recambios de la \u201cRevoluci\u00f3n Ciudadana\u201d y continuidad conservadora"}]},{"@type":"WebSite","@id":"https:\/\/ocaru.org.ec\/#website","url":"https:\/\/ocaru.org.ec\/","name":"Ocaru","description":"Observatorio del Cambio Rural","publisher":{"@id":"https:\/\/ocaru.org.ec\/#organization"},"potentialAction":[{"@type":"SearchAction","target":{"@type":"EntryPoint","urlTemplate":"https:\/\/ocaru.org.ec\/?s={search_term_string}"},"query-input":{"@type":"PropertyValueSpecification","valueRequired":true,"valueName":"search_term_string"}}],"inLanguage":"en-US"},{"@type":"Organization","@id":"https:\/\/ocaru.org.ec\/#organization","name":"Ocaru","url":"https:\/\/ocaru.org.ec\/","logo":{"@type":"ImageObject","inLanguage":"en-US","@id":"https:\/\/ocaru.org.ec\/#\/schema\/logo\/image\/","url":"https:\/\/ocaru.org.ec\/wp-content\/uploads\/2026\/02\/Logo-150-x-150-1.jpg","contentUrl":"https:\/\/ocaru.org.ec\/wp-content\/uploads\/2026\/02\/Logo-150-x-150-1.jpg","width":150,"height":150,"caption":"Ocaru"},"image":{"@id":"https:\/\/ocaru.org.ec\/#\/schema\/logo\/image\/"},"sameAs":["https:\/\/www.facebook.com\/Ocaruec\/","https:\/\/x.com\/OCARUEc","https:\/\/www.instagram.com\/ocaru_ecuador\/","https:\/\/www.youtube.com\/user\/CambioRuralEC"]},{"@type":"Person","@id":"https:\/\/ocaru.org.ec\/#\/schema\/person\/644d90864b5f3811004ce9fbafedcf86","name":"Stalin Herrera Revelo","image":{"@type":"ImageObject","inLanguage":"en-US","@id":"https:\/\/secure.gravatar.com\/avatar\/10e1c322e20f877cb212b5c20155284561b322e976214b6218416ce77efad3e1?s=96&d=mm&r=g","url":"https:\/\/secure.gravatar.com\/avatar\/10e1c322e20f877cb212b5c20155284561b322e976214b6218416ce77efad3e1?s=96&d=mm&r=g","contentUrl":"https:\/\/secure.gravatar.com\/avatar\/10e1c322e20f877cb212b5c20155284561b322e976214b6218416ce77efad3e1?s=96&d=mm&r=g","caption":"Stalin Herrera Revelo"},"description":"Soci\u00f3logo, Master en Estudios Latinoamericanos, realiza su doctorado en Estudios Latinoamericanos en la Universidad Nacional Aut\u00f3noma de M\u00e9xico UNAM. Participa del Grupo Tierra en Ecuador y en el Grupo de Trabajo de Estudios Cr\u00edticos del Desarrollo Rural de CLACSO. L\u00edneas de investigaci\u00f3n y publicaci\u00f3n: Movimientos Ind\u00edgenas y Campesinos, Transformaciones Agrarias, Pol\u00edtica Agraria y Proyectos campesinos, Pedagog\u00edas Campesinas, Coyuntura Pol\u00edtica Nacional.","url":"https:\/\/ocaru.org.ec\/en\/author\/stalin-herrera\/"}]}},"_links":{"self":[{"href":"https:\/\/ocaru.org.ec\/en\/wp-json\/wp\/v2\/posts\/14005","targetHints":{"allow":["GET"]}}],"collection":[{"href":"https:\/\/ocaru.org.ec\/en\/wp-json\/wp\/v2\/posts"}],"about":[{"href":"https:\/\/ocaru.org.ec\/en\/wp-json\/wp\/v2\/types\/post"}],"author":[{"embeddable":true,"href":"https:\/\/ocaru.org.ec\/en\/wp-json\/wp\/v2\/users\/8"}],"replies":[{"embeddable":true,"href":"https:\/\/ocaru.org.ec\/en\/wp-json\/wp\/v2\/comments?post=14005"}],"version-history":[{"count":17,"href":"https:\/\/ocaru.org.ec\/en\/wp-json\/wp\/v2\/posts\/14005\/revisions"}],"predecessor-version":[{"id":14025,"href":"https:\/\/ocaru.org.ec\/en\/wp-json\/wp\/v2\/posts\/14005\/revisions\/14025"}],"wp:featuredmedia":[{"embeddable":true,"href":"https:\/\/ocaru.org.ec\/en\/wp-json\/wp\/v2\/media\/14006"}],"wp:attachment":[{"href":"https:\/\/ocaru.org.ec\/en\/wp-json\/wp\/v2\/media?parent=14005"}],"wp:term":[{"taxonomy":"category","embeddable":true,"href":"https:\/\/ocaru.org.ec\/en\/wp-json\/wp\/v2\/categories?post=14005"},{"taxonomy":"post_tag","embeddable":true,"href":"https:\/\/ocaru.org.ec\/en\/wp-json\/wp\/v2\/tags?post=14005"}],"curies":[{"name":"wp","href":"https:\/\/api.w.org\/{rel}","templated":true}]}}