{"id":12047,"date":"2016-08-29T17:12:33","date_gmt":"2016-08-29T22:12:33","guid":{"rendered":"https:\/\/ocaru.org.ec\/?p=12047"},"modified":"2023-10-05T07:36:27","modified_gmt":"2023-10-05T12:36:27","slug":"problematicas-comunes-ecuador-bolivia-y-colombia-perspectivas-postneoliberales-y-neoliberal","status":"publish","type":"post","link":"https:\/\/ocaru.org.ec\/en\/problematicas-comunes-ecuador-bolivia-y-colombia-perspectivas-postneoliberales-y-neoliberal\/","title":{"rendered":"Problem\u00e1ticas comunes: Ecuador, Bolivia y Colombia. Perspectivas \u00bbpostneoliberales\u00bb y neoliberal."},"content":{"rendered":"<div data-elementor-type=\"wp-post\" data-elementor-id=\"12047\" class=\"elementor elementor-12047\" data-elementor-post-type=\"post\">\n\t\t\t\t\t\t<section class=\"elementor-section elementor-top-section elementor-element elementor-element-3a144bd elementor-section-boxed elementor-section-height-default elementor-section-height-default\" data-id=\"3a144bd\" data-element_type=\"section\" data-e-type=\"section\">\n\t\t\t\t\t\t<div class=\"elementor-container elementor-column-gap-default\">\n\t\t\t\t\t<div class=\"elementor-column elementor-col-50 elementor-top-column elementor-element elementor-element-f1a0c01\" data-id=\"f1a0c01\" data-element_type=\"column\" data-e-type=\"column\">\n\t\t\t<div class=\"elementor-widget-wrap elementor-element-populated\">\n\t\t\t\t\t\t<div class=\"elementor-element elementor-element-c79cca2 elementor-widget elementor-widget-image\" data-id=\"c79cca2\" data-element_type=\"widget\" data-e-type=\"widget\" data-widget_type=\"image.default\">\n\t\t\t\t<div class=\"elementor-widget-container\">\n\t\t\t\t\t\t\t\t\t\t\t\t\t\t\t<img fetchpriority=\"high\" decoding=\"async\" width=\"600\" height=\"421\" src=\"https:\/\/ocaru.org.ec\/wp-content\/uploads\/2023\/10\/mem16.jpg\" class=\"attachment-large size-large wp-image-12048\" alt=\"\" srcset=\"https:\/\/ocaru.org.ec\/wp-content\/uploads\/2023\/10\/mem16.jpg 600w, https:\/\/ocaru.org.ec\/wp-content\/uploads\/2023\/10\/mem16-300x211.jpg 300w, https:\/\/ocaru.org.ec\/wp-content\/uploads\/2023\/10\/mem16-18x12.jpg 18w\" sizes=\"(max-width: 600px) 100vw, 600px\" \/>\t\t\t\t\t\t\t\t\t\t\t\t\t\t\t<\/div>\n\t\t\t\t<\/div>\n\t\t\t\t\t<\/div>\n\t\t<\/div>\n\t\t\t\t<div class=\"elementor-column elementor-col-50 elementor-top-column elementor-element elementor-element-d0dd6b3\" data-id=\"d0dd6b3\" data-element_type=\"column\" data-e-type=\"column\">\n\t\t\t<div class=\"elementor-widget-wrap elementor-element-populated\">\n\t\t\t\t\t\t<div class=\"elementor-element elementor-element-76d4bf6 elementor-widget elementor-widget-text-editor\" data-id=\"76d4bf6\" data-element_type=\"widget\" data-e-type=\"widget\" data-widget_type=\"text-editor.default\">\n\t\t\t\t<div class=\"elementor-widget-container\">\n\t\t\t\t\t\t\t\t\t<div class=\"itemIntroText\"><div class=\"itemIntroText\"><div class=\"itemIntroText\"><div class=\"itemIntroText\"><p><em><strong>OCARU<\/strong><\/em><\/p><p>La intervenci\u00f3n de Esteban Daza abri\u00f3 el panel:\u00a0<strong>Pol\u00edticas estatales de tierras y territorios en Ecuador, Colombia y Bolivia: estudios cr\u00edticos desde una perspectiva hist\u00f3rica y comparativa.<\/strong>\u00a0Daza sostuvo que no se puede entender Am\u00e9rica Latina sin la comprensi\u00f3n de lo que realmente sucede en los pa\u00edses andinos, como Ecuador y Bolivia, autodenominados progresistas, y una Colombia catalogada abiertamente neoliberal. Debatir estas realidades y el papel de los movimientos sociales de izquierda contribuye en la conformaci\u00f3n de un horizonte emancipatorio.<\/p><\/div><\/div><\/div><\/div>\t\t\t\t\t\t\t\t<\/div>\n\t\t\t\t<\/div>\n\t\t\t\t\t<\/div>\n\t\t<\/div>\n\t\t\t\t\t<\/div>\n\t\t<\/section>\n\t\t\t\t<section class=\"elementor-section elementor-top-section elementor-element elementor-element-5d53e75 elementor-section-boxed elementor-section-height-default elementor-section-height-default\" data-id=\"5d53e75\" data-element_type=\"section\" data-e-type=\"section\">\n\t\t\t\t\t\t<div class=\"elementor-container elementor-column-gap-default\">\n\t\t\t\t\t<div class=\"elementor-column elementor-col-100 elementor-top-column elementor-element elementor-element-18b61e0\" data-id=\"18b61e0\" data-element_type=\"column\" data-e-type=\"column\">\n\t\t\t<div class=\"elementor-widget-wrap elementor-element-populated\">\n\t\t\t\t\t\t<div class=\"elementor-element elementor-element-4a94e40 elementor-widget elementor-widget-text-editor\" data-id=\"4a94e40\" data-element_type=\"widget\" data-e-type=\"widget\" data-widget_type=\"text-editor.default\">\n\t\t\t\t<div class=\"elementor-widget-container\">\n\t\t\t\t\t\t\t\t\t<p>Daza describi\u00f3 la l\u00ednea de tiempo de las relaciones entre el Estado y las organizaciones ind\u00edgenas y campesinas en el marco de la disputa por lo agrario en los \u00faltimos 10 a\u00f1os. La Constituci\u00f3n recoge elementos centrales como la Soberan\u00eda Alimentaria y la redistribuci\u00f3n de tierras; sin embargo, la aplicaci\u00f3n de estos mandatos ya en territorios y, a trav\u00e9s de las normativas como tierra y recursos h\u00eddricos, han sido causa del conflicto.<\/p>\n<p>El pacto minero-energ\u00e9tico, la sustituci\u00f3n de importaciones y la apuesta por el sector agroindustrial han sido las pol\u00edticas p\u00fablicas que se han concretizado en los \u00faltimos a\u00f1os sobre los territorios ind\u00edgenas y de campesinos; cada uno de estos proyectos atenta contra la autonom\u00eda y los territorios de quienes los habitan.<\/p>\n<p>El pago de la deuda agraria es el ejemplo pr\u00e1ctico de la apuesta del presente r\u00e9gimen: tanto la Ley de Recursos H\u00eddricos como la Ley de Tierras parten del principio de la productividad. La productividad entendida &nbsp;como la soluci\u00f3n a los problemas de los agricultores; sin embargo, esto desplaza la denuncia por el acceso a la tierra a un reclamo pasado de moda: \u00abrepartir tierra en la actualidad es repartir pobreza\u00bb, eso nos dicen las autoridades p\u00fablicas.<\/p>\n<p>Para finalizar, Esteban Daza manifest\u00f3 que en los \u00faltimos dos a\u00f1os, el descontento y la p\u00e9rdida del miedo a manifestarse en las calles dan otro matiz a la lucha por el campo en el Ecuador. Se acaban de reunir organizaciones ind\u00edgenas, campesinas, obreros y estudiantes para debatir y proponer el Acuerdo Agrario Nacional que busca generar espacios de articulaci\u00f3n con quienes luchan por la Reforma Agraria y la Soberan\u00eda Alimentaria.<\/p>\n<p>La siguiente exposici\u00f3n se llev\u00f3 a cabo por &nbsp;Nataly Torres, quien manifiest\u00f3 que el derecho humano a la alimentaci\u00f3n est\u00e1 siendo golpeado en el Ecuador. Debatir y pelear por la alimentaci\u00f3n es luchar por la tierra y el territorio.<br>Manifest\u00f3 que, as\u00ed como en Colombia la desigualdad en la tenencia de la tierra es alta, en el Ecuador este problema es similar. Desde hace m\u00e1s de 50 a\u00f1os esta realidad no ha cambiado; lo mismo que pasa con la tierra pasa con el acceso al agua.<\/p>\n<p>Las pol\u00edticas p\u00fablicas planificadas y ejecutadas por el r\u00e9gimen han sido muy ambiciosas y poco pr\u00e1cticas, el denominado Plan Tierras que prometi\u00f3 entregar m\u00e1s de dos millones de hect\u00e1reas a campesinos no logra cubrir ni el 2% de lo prometido. En su defecto, esta pol\u00edtica ha tra\u00eddo muchos problemas a los campesinos que han comprado la tierra a precio comercial, pues \u00e9sta ha sido no solo una pol\u00edtica ineficiente sino incompleta, pues entregar cr\u00e9dito y asesoramiento a los campesinos \u00abbeneficiarios\u00bb nunca se llev\u00f3 a cabo.<\/p>\n<p>La s\u00edguiente participaci\u00f3n por Ecuador fue a manos de Carlos Carpio, dirigente de ASOMAC, quien relat\u00f3 c\u00f3mo ha operado la pol\u00edtica de tierra en el Ecuador. El dirigente mencion\u00f3 que antes que apareciera el Plan Tierras, ellos hab\u00edan peleado por la posesi\u00f3n de 675 hect\u00e1reas de tierra de una hacienda abandonada.&nbsp;Una vez que ellos tomaron la hacienda y la pusieron a trabajar, siempre existi\u00f3 la posibilidad que se la quitaran; eso depend\u00eda de cada gobierno de turno pero, sin embargo, cuando escucharon y conocieron de la posibilidad de obtener las escrituras de la tierra por la que hab\u00edan luchado muchas a\u00f1os atr\u00e1s, decidieron entrar a ser parte de la propuesta del Plan Tierras.<\/p>\n<p>Este ha sido un gran error, pues por buscar la seguridad jur\u00eddica cayeron en un entrampamiento burocr\u00e1tico. En 2009, les entregaron las garant\u00edas de posesi\u00f3n. &nbsp;Dos a\u00f1os despu\u00e9s, parte de su hacienda fue entregada a otra asociaci\u00f3n de campesinos, lo cual ha causado varios problemas para aquellos que ya viv\u00edan y trabajaban all\u00ed, pues fueron desalojados, se perdieron cosechas e infraestructura productiva. Actualmente, est\u00e1n tomando acciones legales y planificando un reajuste en la entrega de tierras entre socios.<\/p>\n<p>El bloque de discusi\u00f3n sobre Bolivia, tuvo la participaci\u00f3n de Ruth Bautista del IPDRS. Ella destac\u00f3 que el horizonte de la lucha de los movimientos ind\u00edgenas se construye a trav\u00e9s de la autodeterminaci\u00f3n por medio de la resistencia; para lo cual, muestra las l\u00edneas de tiempo que han permitido a los movimientos sociales construir su propuesta de estado postcolonial.<\/p><p>Ruth destac\u00f3 que el papel de los gobiernos ind\u00edgenas en Bolivia son necesariamente territoriales, el conocimiento que tienen de su espacio permite una administraci\u00f3n del territorio m\u00e1s cercana a la realidad.&nbsp;Finalmente, &nbsp;mostr\u00f3 la importancia de la lucha actual por la tierra y el territorio en Am\u00e9rica Latina y destaca la propuesta que tienen los campesinos para defender sus territorios.<\/p><p>El bloque de debates de Colombia articul\u00f3 la propuesta de Jhon Jairo Cerna, de la Universidad Cat\u00f3lica de Antioquia, Fernanda de Agrodescendientes y Diego del Colectivo Abya Yala. Las intervenciones dieron cuenta que no existe en el campo colombiano un relevo generacional. No se trata &nbsp;que el hijo de campesinos sea s\u00f3lo campesino ya que este aspecto deber\u00eda ser modificado por la estrategia de volver al campo por parte de aquellos que migran por la falta de oportunidades, y este volver\u00e1 con una serie de nuevos conocimientos que fortalecer\u00e1n al campo.<\/p><p>Otro de los debates que se dieron desde Colombia fue la importancia de los di\u00e1logos de Paz &nbsp;para los sectores campesinos, pues la paz toma matices en los territorios y no debe pasar desapercibido. Por ejemplo, aquellos campesinos que fueron desplazados por el conflicto desean que se les devuelva la paz que tuvieron.<\/p><p>De la misma manera, las organizaciones del campo dieron cuenta que la paz puede traer otras consecuencias si no es construida desde los territorios, pues la propuesta de desarrollo rural podr\u00eda, sin un di\u00e1logo de saberes, generar una serie de nuevos desplazados por el desarrollo.<\/p><p>La \u00faltima intervenci\u00f3n a cargo de agrodescendientes, retom\u00f3 las dos discusiones anteriores y mostr\u00f3 que la propuesta organizativa aut\u00f3noma y diversa puede pensar y accionar un sector agrario diferente, la resistencia y la permanente lucha que le apuesta a la agricultura campesina y a la alianza entre el campo y la ciudad genera una serie de solidaridades entre los verdaderos actores del campo.<\/p><p>Ruth Bautista Dur\u00e1n les da un homenaje a los compa\u00f1eros de Asomac por su resistencia y porceso &nbsp;de lucha en defensa de la tierra y el territorio.<\/p><p>Pueden consultar el caso sistematizado de Asomac en el siguiente link:&nbsp;<a href=\"http:\/\/www.porlatierra.org\/casos\/ver\/106\" target=\"_blank\" rel=\"noopener noreferrer\"><strong>http:\/\/www.porlatierra.org\/casos\/ver\/106<\/strong><\/a><\/p><p><strong>OCARU, 29 de agosto de 2016<\/strong><\/p>\t\t\t\t\t\t\t\t<\/div>\n\t\t\t\t<\/div>\n\t\t\t\t\t<\/div>\n\t\t<\/div>\n\t\t\t\t\t<\/div>\n\t\t<\/section>\n\t\t\t\t<section class=\"elementor-section elementor-top-section elementor-element elementor-element-7cc07d6 elementor-section-boxed elementor-section-height-default elementor-section-height-default\" data-id=\"7cc07d6\" data-element_type=\"section\" data-e-type=\"section\">\n\t\t\t\t\t\t<div class=\"elementor-container elementor-column-gap-default\">\n\t\t\t\t\t<div class=\"elementor-column elementor-col-100 elementor-top-column elementor-element elementor-element-6158e3e\" data-id=\"6158e3e\" data-element_type=\"column\" data-e-type=\"column\">\n\t\t\t<div class=\"elementor-widget-wrap elementor-element-populated\">\n\t\t\t\t\t\t<div class=\"elementor-element elementor-element-b6b23b5 elementor-widget elementor-widget-global elementor-global-10318 elementor-widget-heading\" data-id=\"b6b23b5\" data-element_type=\"widget\" data-e-type=\"widget\" data-widget_type=\"heading.default\">\n\t\t\t\t<div class=\"elementor-widget-container\">\n\t\t\t\t\t<h4 class=\"elementor-heading-title elementor-size-default\">Te podr\u00eda interesar<\/h4>\t\t\t\t<\/div>\n\t\t\t\t<\/div>\n\t\t\t\t<div class=\"elementor-element elementor-element-be0a0ed pp-card-slider-image-left pp-card-slider-dots-aside elementor-widget elementor-widget-global elementor-global-10298 elementor-widget-pp-card-slider\" data-id=\"be0a0ed\" data-element_type=\"widget\" data-e-type=\"widget\" data-settings=\"{&quot;open_lightbox&quot;:&quot;default&quot;,&quot;pause_on_hover&quot;:&quot;yes&quot;}\" data-widget_type=\"pp-card-slider.default\">\n\t\t\t\t<div class=\"elementor-widget-container\">\n\t\t\t\t\t\t\t<div class=\"pp-card-slider pp-swiper-slider\" data-slider-settings=\"{&quot;effect&quot;:&quot;fade&quot;,&quot;speed&quot;:500,&quot;slides_per_view&quot;:1,&quot;auto_height&quot;:false,&quot;loop&quot;:&quot;yes&quot;,&quot;autoplay&quot;:&quot;yes&quot;,&quot;autoplay_speed&quot;:3000,&quot;pause_on_interaction&quot;:false,&quot;keyboard&quot;:&quot;yes&quot;,&quot;pagination&quot;:&quot;bullets&quot;}\">\n\t\t\t<div class=\"swiper-wrapper\">\n\t\t\t\t\t\t\t\t<div class=\"pp-card-slider-item swiper-slide pp-card-slider-item-0\">\n\t\t\t\t\t\t\t\t\t\t\t\t\t<div class=\"pp-card-slider-image\">\n\t\t\t\t<a data-elementor-open-lightbox=\"yes\" data-elementor-lightbox-slideshow=\"be0a0ed\" data-elementor-lightbox-title=\"657555437_1359282936232278_422444842448717471_n\" data-e-action-hash=\"#elementor-action%3Aaction%3Dlightbox%26settings%3DeyJpZCI6MjEwMTUsInVybCI6Imh0dHBzOlwvXC9vY2FydS5vcmcuZWNcL3dwLWNvbnRlbnRcL3VwbG9hZHNcLzIwMjZcLzA0XC82NTc1NTU0MzdfMTM1OTI4MjkzNjIzMjI3OF80MjI0NDQ4NDI0NDg3MTc0NzFfbi5qcGciLCJzbGlkZXNob3ciOiJiZTBhMGVkIn0%3D\" href=\"https:\/\/ocaru.org.ec\/wp-content\/uploads\/2026\/04\/657555437_1359282936232278_422444842448717471_n-768x432.jpg\"><img decoding=\"async\" src=\"https:\/\/ocaru.org.ec\/wp-content\/uploads\/2026\/04\/657555437_1359282936232278_422444842448717471_n-768x432.jpg\" alt=\"\"><\/a>\t\t\t<\/div>\n\t\t\t\t\t\t\t\t<div class=\"pp-card-slider-content-wrap\">\n\t\t\t\t\t\t\t\t\t<div class=\"pp-card-slider-date\">\n\t\t\t\t\t\t\t\t\t<span class=\"pp-card-slider-meta-icon pp-icon\">\n\t\t\t\t\t\t<i aria-hidden=\"true\" class=\"fas fa-calendar-alt\"><\/i>\t\t\t\t\t<\/span>\n\t\t\t\t\t\t\t\t<span class=\"pp-card-slider-meta-text\">\n\t\t\t\t\tApril 23, 2026\t\t\t\t<\/span>\n\t\t\t<\/div>\n\t\t\t\t\t\t\t\t\t\t\t\t\t\t\t\t<h2 class=\"pp-card-slider-title\">\n\t\t\t\t\t\t\t\t<a href=\"https:\/\/ocaru.org.ec\/en\/el-ocaru-y-la-sandia-digital-destacan-el-papel-crucial-de-las-mujeres-rurales-y-la-comunicacion-politica\/\">El OCARU y La Sand\u00eda Digital destacan el papel crucial de las mujeres rurales y la comunicaci\u00f3n pol\u00edtica<\/a>\t\t\t\t\t\t\t<\/h2>\n\t\t\t\t\t\t\n\t\t\t\t\t\t\t\t\t<div class=\"pp-card-slider-meta\">\n\t\t\t\t\t\t\t\t\t<span class=\"pp-content-author\">\n\t\t\t\t\t\t\t\t\t\t\t\t\t<span class=\"pp-card-slider-meta-icon pp-icon\">\n\t\t\t\t\t\t\t\t<i aria-hidden=\"true\" class=\"fas fa-user\"><\/i>\t\t\t\t\t\t\t<\/span>\n\t\t\t\t\t\t\t\t\t\t\t\t<span class=\"pp-card-slider-meta-text\">\n\t\t\t\t\t\t\tGabriela Vanegas Carrera\t\t\t\t\t\t<\/span>\n\t\t\t\t\t<\/span>\n\t\t\t\t  \n\t\t\t\t\t\t\t\t\t<span class=\"pp-post-category\">\n\t\t\t\t\t\t\t\t\t\t\t\t\t<span class=\"pp-card-slider-meta-icon pp-icon\">\n\t\t\t\t\t\t\t\t<i aria-hidden=\"true\" class=\"fas fa-folder-open\"><\/i>\t\t\t\t\t\t\t<\/span>\n\t\t\t\t\t\t\t\t\t\t\t\t<span class=\"pp-card-slider-meta-text\">\n\t\t\t\t\t\t\tActualidad\t\t\t\t\t\t<\/span>\n\t\t\t\t\t<\/span>\n\t\t\t\t  \n\t\t\t<\/div>\n\t\t\t\n\t\t\t\t\t\t\t\t\t\t\t\t\t\t\t\t\t<\/div>\n\t\t\t\t<\/div>\n\t\t\t\t\t\t\t\t<div class=\"pp-card-slider-item swiper-slide pp-card-slider-item-1\">\n\t\t\t\t\t\t\t\t\t\t\t\t\t<div class=\"pp-card-slider-image\">\n\t\t\t\t<a data-elementor-open-lightbox=\"yes\" data-elementor-lightbox-slideshow=\"be0a0ed\" data-elementor-lightbox-title=\"IMG_9398\" data-e-action-hash=\"#elementor-action%3Aaction%3Dlightbox%26settings%3DeyJpZCI6MjExMDQsInVybCI6Imh0dHBzOlwvXC9vY2FydS5vcmcuZWNcL3dwLWNvbnRlbnRcL3VwbG9hZHNcLzIwMjZcLzA0XC9JTUdfOTM5OC5qcGciLCJzbGlkZXNob3ciOiJiZTBhMGVkIn0%3D\" href=\"https:\/\/ocaru.org.ec\/wp-content\/uploads\/2026\/04\/IMG_9398-768x432.jpg\"><img decoding=\"async\" src=\"https:\/\/ocaru.org.ec\/wp-content\/uploads\/2026\/04\/IMG_9398-768x432.jpg\" alt=\"\"><\/a>\t\t\t<\/div>\n\t\t\t\t\t\t\t\t<div class=\"pp-card-slider-content-wrap\">\n\t\t\t\t\t\t\t\t\t<div class=\"pp-card-slider-date\">\n\t\t\t\t\t\t\t\t\t<span class=\"pp-card-slider-meta-icon pp-icon\">\n\t\t\t\t\t\t<i aria-hidden=\"true\" class=\"fas fa-calendar-alt\"><\/i>\t\t\t\t\t<\/span>\n\t\t\t\t\t\t\t\t<span class=\"pp-card-slider-meta-text\">\n\t\t\t\t\tApril 23, 2026\t\t\t\t<\/span>\n\t\t\t<\/div>\n\t\t\t\t\t\t\t\t\t\t\t\t\t\t\t\t<h2 class=\"pp-card-slider-title\">\n\t\t\t\t\t\t\t\t<a href=\"https:\/\/ocaru.org.ec\/en\/resultados-de-la-primera-fase-del-mapa-interactivo-de-experiencias-agroecologicas-ecuador\/\">Resultados de la primera fase del mapa interactivo de experiencias agroecol\u00f3gicas &#8211; Ecuador<\/a>\t\t\t\t\t\t\t<\/h2>\n\t\t\t\t\t\t\n\t\t\t\t\t\t\t\t\t<div class=\"pp-card-slider-meta\">\n\t\t\t\t\t\t\t\t\t<span class=\"pp-content-author\">\n\t\t\t\t\t\t\t\t\t\t\t\t\t<span class=\"pp-card-slider-meta-icon pp-icon\">\n\t\t\t\t\t\t\t\t<i aria-hidden=\"true\" class=\"fas fa-user\"><\/i>\t\t\t\t\t\t\t<\/span>\n\t\t\t\t\t\t\t\t\t\t\t\t<span class=\"pp-card-slider-meta-text\">\n\t\t\t\t\t\t\tGabriela Vanegas Carrera\t\t\t\t\t\t<\/span>\n\t\t\t\t\t<\/span>\n\t\t\t\t  \n\t\t\t\t\t\t\t\t\t<span class=\"pp-post-category\">\n\t\t\t\t\t\t\t\t\t\t\t\t\t<span class=\"pp-card-slider-meta-icon pp-icon\">\n\t\t\t\t\t\t\t\t<i aria-hidden=\"true\" class=\"fas fa-folder-open\"><\/i>\t\t\t\t\t\t\t<\/span>\n\t\t\t\t\t\t\t\t\t\t\t\t<span class=\"pp-card-slider-meta-text\">\n\t\t\t\t\t\t\tActualidad\t\t\t\t\t\t<\/span>\n\t\t\t\t\t<\/span>\n\t\t\t\t  \n\t\t\t<\/div>\n\t\t\t\n\t\t\t\t\t\t\t\t\t\t\t\t\t\t\t\t\t<\/div>\n\t\t\t\t<\/div>\n\t\t\t\t\t\t\t\t<div class=\"pp-card-slider-item swiper-slide pp-card-slider-item-2\">\n\t\t\t\t\t\t\t\t\t\t\t\t\t<div class=\"pp-card-slider-image\">\n\t\t\t\t<a data-elementor-open-lightbox=\"yes\" data-elementor-lightbox-slideshow=\"be0a0ed\" data-elementor-lightbox-title=\"656533182_1421976049957131_5145742305313383296_n\" data-e-action-hash=\"#elementor-action%3Aaction%3Dlightbox%26settings%3DeyJpZCI6MjEwOTMsInVybCI6Imh0dHBzOlwvXC9vY2FydS5vcmcuZWNcL3dwLWNvbnRlbnRcL3VwbG9hZHNcLzIwMjZcLzA0XC82NTY1MzMxODJfMTQyMTk3NjA0OTk1NzEzMV81MTQ1NzQyMzA1MzEzMzgzMjk2X24uanBnIiwic2xpZGVzaG93IjoiYmUwYTBlZCJ9\" href=\"https:\/\/ocaru.org.ec\/wp-content\/uploads\/2026\/04\/656533182_1421976049957131_5145742305313383296_n-768x512.jpg\"><img decoding=\"async\" src=\"https:\/\/ocaru.org.ec\/wp-content\/uploads\/2026\/04\/656533182_1421976049957131_5145742305313383296_n-768x512.jpg\" alt=\"\"><\/a>\t\t\t<\/div>\n\t\t\t\t\t\t\t\t<div class=\"pp-card-slider-content-wrap\">\n\t\t\t\t\t\t\t\t\t<div class=\"pp-card-slider-date\">\n\t\t\t\t\t\t\t\t\t<span class=\"pp-card-slider-meta-icon pp-icon\">\n\t\t\t\t\t\t<i aria-hidden=\"true\" class=\"fas fa-calendar-alt\"><\/i>\t\t\t\t\t<\/span>\n\t\t\t\t\t\t\t\t<span class=\"pp-card-slider-meta-text\">\n\t\t\t\t\tApril 16, 2026\t\t\t\t<\/span>\n\t\t\t<\/div>\n\t\t\t\t\t\t\t\t\t\t\t\t\t\t\t\t<h2 class=\"pp-card-slider-title\">\n\t\t\t\t\t\t\t\t<a href=\"https:\/\/ocaru.org.ec\/en\/aportes-a-los-indicadores-de-soberania-alimentaria-en-ecuadorpor-que-es-importante-debatir\/\">Aportes a los indicadores de Soberan\u00eda Alimentaria en Ecuador<\/br> \u00bfPor qu\u00e9 es importante seguirlos debatiendo?<\/a>\t\t\t\t\t\t\t<\/h2>\n\t\t\t\t\t\t\n\t\t\t\t\t\t\t\t\t<div class=\"pp-card-slider-meta\">\n\t\t\t\t\t\t\t\t\t<span class=\"pp-content-author\">\n\t\t\t\t\t\t\t\t\t\t\t\t\t<span class=\"pp-card-slider-meta-icon pp-icon\">\n\t\t\t\t\t\t\t\t<i aria-hidden=\"true\" class=\"fas fa-user\"><\/i>\t\t\t\t\t\t\t<\/span>\n\t\t\t\t\t\t\t\t\t\t\t\t<span class=\"pp-card-slider-meta-text\">\n\t\t\t\t\t\t\tDavid Singa\u00f1a Tapia\t\t\t\t\t\t<\/span>\n\t\t\t\t\t<\/span>\n\t\t\t\t  \n\t\t\t\t\t\t\t\t\t<span class=\"pp-post-category\">\n\t\t\t\t\t\t\t\t\t\t\t\t\t<span class=\"pp-card-slider-meta-icon pp-icon\">\n\t\t\t\t\t\t\t\t<i aria-hidden=\"true\" class=\"fas fa-folder-open\"><\/i>\t\t\t\t\t\t\t<\/span>\n\t\t\t\t\t\t\t\t\t\t\t\t<span class=\"pp-card-slider-meta-text\">\n\t\t\t\t\t\t\tEconom\u00eda\t\t\t\t\t\t<\/span>\n\t\t\t\t\t<\/span>\n\t\t\t\t  \n\t\t\t<\/div>\n\t\t\t\n\t\t\t\t\t\t\t\t\t\t\t\t\t\t\t\t\t<\/div>\n\t\t\t\t<\/div>\n\t\t\t\t\t\t\t\t<div class=\"pp-card-slider-item swiper-slide pp-card-slider-item-3\">\n\t\t\t\t\t\t\t\t\t\t\t\t\t<div class=\"pp-card-slider-image\">\n\t\t\t\t<a data-elementor-open-lightbox=\"yes\" data-elementor-lightbox-slideshow=\"be0a0ed\" data-elementor-lightbox-title=\"Teal Modern ChatBot AI Presentation\" data-e-action-hash=\"#elementor-action%3Aaction%3Dlightbox%26settings%3DeyJpZCI6MjEwMDEsInVybCI6Imh0dHBzOlwvXC9vY2FydS5vcmcuZWNcL3dwLWNvbnRlbnRcL3VwbG9hZHNcLzIwMjZcLzA0XC9UZWFsLU1vZGVybi1DaGF0Qm90LUFJLVByZXNlbnRhdGlvbi5qcGciLCJzbGlkZXNob3ciOiJiZTBhMGVkIn0%3D\" href=\"https:\/\/ocaru.org.ec\/wp-content\/uploads\/2026\/04\/Teal-Modern-ChatBot-AI-Presentation-768x432.jpg\"><img decoding=\"async\" src=\"https:\/\/ocaru.org.ec\/wp-content\/uploads\/2026\/04\/Teal-Modern-ChatBot-AI-Presentation-768x432.jpg\" alt=\"\"><\/a>\t\t\t<\/div>\n\t\t\t\t\t\t\t\t<div class=\"pp-card-slider-content-wrap\">\n\t\t\t\t\t\t\t\t\t<div class=\"pp-card-slider-date\">\n\t\t\t\t\t\t\t\t\t<span class=\"pp-card-slider-meta-icon pp-icon\">\n\t\t\t\t\t\t<i aria-hidden=\"true\" class=\"fas fa-calendar-alt\"><\/i>\t\t\t\t\t<\/span>\n\t\t\t\t\t\t\t\t<span class=\"pp-card-slider-meta-text\">\n\t\t\t\t\tApril 8, 2026\t\t\t\t<\/span>\n\t\t\t<\/div>\n\t\t\t\t\t\t\t\t\t\t\t\t\t\t\t\t<h2 class=\"pp-card-slider-title\">\n\t\t\t\t\t\t\t\t<a href=\"https:\/\/ocaru.org.ec\/en\/abrir-las-puertas-para-unos-pocos-que-pasa-con-los-tratados-de-libre-comercio-en-ecuador\/\">Abrir las puertas para unos pocos: \u00bfQu\u00e9 pasa con los Tratados de Libre Comercio en Ecuador?<\/a>\t\t\t\t\t\t\t<\/h2>\n\t\t\t\t\t\t\n\t\t\t\t\t\t\t\t\t<div class=\"pp-card-slider-meta\">\n\t\t\t\t\t\t\t\t\t<span class=\"pp-content-author\">\n\t\t\t\t\t\t\t\t\t\t\t\t\t<span class=\"pp-card-slider-meta-icon pp-icon\">\n\t\t\t\t\t\t\t\t<i aria-hidden=\"true\" class=\"fas fa-user\"><\/i>\t\t\t\t\t\t\t<\/span>\n\t\t\t\t\t\t\t\t\t\t\t\t<span class=\"pp-card-slider-meta-text\">\n\t\t\t\t\t\t\tDavid Singa\u00f1a Tapia\t\t\t\t\t\t<\/span>\n\t\t\t\t\t<\/span>\n\t\t\t\t  \n\t\t\t\t\t\t\t\t\t<span class=\"pp-post-category\">\n\t\t\t\t\t\t\t\t\t\t\t\t\t<span class=\"pp-card-slider-meta-icon pp-icon\">\n\t\t\t\t\t\t\t\t<i aria-hidden=\"true\" class=\"fas fa-folder-open\"><\/i>\t\t\t\t\t\t\t<\/span>\n\t\t\t\t\t\t\t\t\t\t\t\t<span class=\"pp-card-slider-meta-text\">\n\t\t\t\t\t\t\tEconom\u00eda\t\t\t\t\t\t<\/span>\n\t\t\t\t\t<\/span>\n\t\t\t\t  \n\t\t\t<\/div>\n\t\t\t\n\t\t\t\t\t\t\t\t\t\t\t\t\t\t\t\t\t<\/div>\n\t\t\t\t<\/div>\n\t\t\t\t\t\t\t\t<div class=\"pp-card-slider-item swiper-slide pp-card-slider-item-4\">\n\t\t\t\t\t\t\t\t\t\t\t\t\t<div class=\"pp-card-slider-image\">\n\t\t\t\t<a data-elementor-open-lightbox=\"yes\" data-elementor-lightbox-slideshow=\"be0a0ed\" data-elementor-lightbox-title=\"IMG_20221216_103746_342\" data-e-action-hash=\"#elementor-action%3Aaction%3Dlightbox%26settings%3DeyJpZCI6MjA5MzgsInVybCI6Imh0dHBzOlwvXC9vY2FydS5vcmcuZWNcL3dwLWNvbnRlbnRcL3VwbG9hZHNcLzIwMjZcLzAzXC9JTUdfMjAyMjEyMTZfMTAzNzQ2XzM0Mi0xLXNjYWxlZC5qcGciLCJzbGlkZXNob3ciOiJiZTBhMGVkIn0%3D\" href=\"https:\/\/ocaru.org.ec\/wp-content\/uploads\/2026\/03\/IMG_20221216_103746_342-1-768x560.jpg\"><img decoding=\"async\" src=\"https:\/\/ocaru.org.ec\/wp-content\/uploads\/2026\/03\/IMG_20221216_103746_342-1-768x560.jpg\" alt=\"\"><\/a>\t\t\t<\/div>\n\t\t\t\t\t\t\t\t<div class=\"pp-card-slider-content-wrap\">\n\t\t\t\t\t\t\t\t\t<div class=\"pp-card-slider-date\">\n\t\t\t\t\t\t\t\t\t<span class=\"pp-card-slider-meta-icon pp-icon\">\n\t\t\t\t\t\t<i aria-hidden=\"true\" class=\"fas fa-calendar-alt\"><\/i>\t\t\t\t\t<\/span>\n\t\t\t\t\t\t\t\t<span class=\"pp-card-slider-meta-text\">\n\t\t\t\t\tMarch 27, 2026\t\t\t\t<\/span>\n\t\t\t<\/div>\n\t\t\t\t\t\t\t\t\t\t\t\t\t\t\t\t<h2 class=\"pp-card-slider-title\">\n\t\t\t\t\t\t\t\t<a href=\"https:\/\/ocaru.org.ec\/en\/no-se-dice-el-oriente-esto-es-la-amazonia-en-memoria-de-luis-yanza\/\">\u201cNo se dice el oriente, esto es la Amazon\u00eda\u201d. <\/br> En memoria de Luis Yanza<\/a>\t\t\t\t\t\t\t<\/h2>\n\t\t\t\t\t\t\n\t\t\t\t\t\t\t\t\t<div class=\"pp-card-slider-meta\">\n\t\t\t\t\t\t\t\t\t<span class=\"pp-content-author\">\n\t\t\t\t\t\t\t\t\t\t\t\t\t<span class=\"pp-card-slider-meta-icon pp-icon\">\n\t\t\t\t\t\t\t\t<i aria-hidden=\"true\" class=\"fas fa-user\"><\/i>\t\t\t\t\t\t\t<\/span>\n\t\t\t\t\t\t\t\t\t\t\t\t<span class=\"pp-card-slider-meta-text\">\n\t\t\t\t\t\t\tDavid Singa\u00f1a Tapia\t\t\t\t\t\t<\/span>\n\t\t\t\t\t<\/span>\n\t\t\t\t  \n\t\t\t\t\t\t\t\t\t<span class=\"pp-post-category\">\n\t\t\t\t\t\t\t\t\t\t\t\t\t<span class=\"pp-card-slider-meta-icon pp-icon\">\n\t\t\t\t\t\t\t\t<i aria-hidden=\"true\" class=\"fas fa-folder-open\"><\/i>\t\t\t\t\t\t\t<\/span>\n\t\t\t\t\t\t\t\t\t\t\t\t<span class=\"pp-card-slider-meta-text\">\n\t\t\t\t\t\t\tOpini\u00f3n\t\t\t\t\t\t<\/span>\n\t\t\t\t\t<\/span>\n\t\t\t\t  \n\t\t\t<\/div>\n\t\t\t\n\t\t\t\t\t\t\t\t\t\t\t\t\t\t\t\t\t<\/div>\n\t\t\t\t<\/div>\n\t\t\t\t\t\t\t\t<div class=\"pp-card-slider-item swiper-slide pp-card-slider-item-5\">\n\t\t\t\t\t\t\t\t\t\t\t\t\t<div class=\"pp-card-slider-image\">\n\t\t\t\t<a data-elementor-open-lightbox=\"yes\" data-elementor-lightbox-slideshow=\"be0a0ed\" data-elementor-lightbox-title=\"Blue Modern Ocean Presentation (2)\" data-e-action-hash=\"#elementor-action%3Aaction%3Dlightbox%26settings%3DeyJpZCI6MjA4ODEsInVybCI6Imh0dHBzOlwvXC9vY2FydS5vcmcuZWNcL3dwLWNvbnRlbnRcL3VwbG9hZHNcLzIwMjZcLzAzXC9CbHVlLU1vZGVybi1PY2Vhbi1QcmVzZW50YXRpb24tMi5qcGciLCJzbGlkZXNob3ciOiJiZTBhMGVkIn0%3D\" href=\"https:\/\/ocaru.org.ec\/wp-content\/uploads\/2026\/03\/Blue-Modern-Ocean-Presentation-2-768x432.jpg\"><img decoding=\"async\" src=\"https:\/\/ocaru.org.ec\/wp-content\/uploads\/2026\/03\/Blue-Modern-Ocean-Presentation-2-768x432.jpg\" alt=\"\"><\/a>\t\t\t<\/div>\n\t\t\t\t\t\t\t\t<div class=\"pp-card-slider-content-wrap\">\n\t\t\t\t\t\t\t\t\t<div class=\"pp-card-slider-date\">\n\t\t\t\t\t\t\t\t\t<span class=\"pp-card-slider-meta-icon pp-icon\">\n\t\t\t\t\t\t<i aria-hidden=\"true\" class=\"fas fa-calendar-alt\"><\/i>\t\t\t\t\t<\/span>\n\t\t\t\t\t\t\t\t<span class=\"pp-card-slider-meta-text\">\n\t\t\t\t\tMarch 17, 2026\t\t\t\t<\/span>\n\t\t\t<\/div>\n\t\t\t\t\t\t\t\t\t\t\t\t\t\t\t\t<h2 class=\"pp-card-slider-title\">\n\t\t\t\t\t\t\t\t<a href=\"https:\/\/ocaru.org.ec\/en\/la-mirada-en-lo-externo-y-la-desidia-en-lo-interno-ecuador-exportador\/\">La mirada en lo externo, y la desidia en lo interno: Ecuador exportador.<\/a>\t\t\t\t\t\t\t<\/h2>\n\t\t\t\t\t\t\n\t\t\t\t\t\t\t\t\t<div class=\"pp-card-slider-meta\">\n\t\t\t\t\t\t\t\t\t<span class=\"pp-content-author\">\n\t\t\t\t\t\t\t\t\t\t\t\t\t<span class=\"pp-card-slider-meta-icon pp-icon\">\n\t\t\t\t\t\t\t\t<i aria-hidden=\"true\" class=\"fas fa-user\"><\/i>\t\t\t\t\t\t\t<\/span>\n\t\t\t\t\t\t\t\t\t\t\t\t<span class=\"pp-card-slider-meta-text\">\n\t\t\t\t\t\t\tDavid Singa\u00f1a Tapia\t\t\t\t\t\t<\/span>\n\t\t\t\t\t<\/span>\n\t\t\t\t  \n\t\t\t\t\t\t\t\t\t<span class=\"pp-post-category\">\n\t\t\t\t\t\t\t\t\t\t\t\t\t<span class=\"pp-card-slider-meta-icon pp-icon\">\n\t\t\t\t\t\t\t\t<i aria-hidden=\"true\" class=\"fas fa-folder-open\"><\/i>\t\t\t\t\t\t\t<\/span>\n\t\t\t\t\t\t\t\t\t\t\t\t<span class=\"pp-card-slider-meta-text\">\n\t\t\t\t\t\t\tEconom\u00eda\t\t\t\t\t\t<\/span>\n\t\t\t\t\t<\/span>\n\t\t\t\t  \n\t\t\t<\/div>\n\t\t\t\n\t\t\t\t\t\t\t\t\t\t\t\t\t\t\t\t\t<\/div>\n\t\t\t\t<\/div>\n\t\t\t\t\t\t\t\t<div class=\"pp-card-slider-item swiper-slide pp-card-slider-item-6\">\n\t\t\t\t\t\t\t\t\t\t\t\t\t<div class=\"pp-card-slider-image\">\n\t\t\t\t<a data-elementor-open-lightbox=\"yes\" data-elementor-lightbox-slideshow=\"be0a0ed\" data-elementor-lightbox-title=\"Blue Modern Ocean Presentation (1)\" data-e-action-hash=\"#elementor-action%3Aaction%3Dlightbox%26settings%3DeyJpZCI6MjA3OTQsInVybCI6Imh0dHBzOlwvXC9vY2FydS5vcmcuZWNcL3dwLWNvbnRlbnRcL3VwbG9hZHNcLzIwMjZcLzAzXC9CbHVlLU1vZGVybi1PY2Vhbi1QcmVzZW50YXRpb24tMS5qcGciLCJzbGlkZXNob3ciOiJiZTBhMGVkIn0%3D\" href=\"https:\/\/ocaru.org.ec\/wp-content\/uploads\/2026\/03\/Blue-Modern-Ocean-Presentation-1-768x432.jpg\"><img decoding=\"async\" src=\"https:\/\/ocaru.org.ec\/wp-content\/uploads\/2026\/03\/Blue-Modern-Ocean-Presentation-1-768x432.jpg\" alt=\"\"><\/a>\t\t\t<\/div>\n\t\t\t\t\t\t\t\t<div class=\"pp-card-slider-content-wrap\">\n\t\t\t\t\t\t\t\t\t<div class=\"pp-card-slider-date\">\n\t\t\t\t\t\t\t\t\t<span class=\"pp-card-slider-meta-icon pp-icon\">\n\t\t\t\t\t\t<i aria-hidden=\"true\" class=\"fas fa-calendar-alt\"><\/i>\t\t\t\t\t<\/span>\n\t\t\t\t\t\t\t\t<span class=\"pp-card-slider-meta-text\">\n\t\t\t\t\tMarch 3, 2026\t\t\t\t<\/span>\n\t\t\t<\/div>\n\t\t\t\t\t\t\t\t\t\t\t\t\t\t\t\t<h2 class=\"pp-card-slider-title\">\n\t\t\t\t\t\t\t\t<a href=\"https:\/\/ocaru.org.ec\/en\/guayas-como-cristalizacion-del-regimen-alimentario-corporativo-resultados-del-censo-2025\/\">Guayas como cristalizaci\u00f3n del r\u00e9gimen alimentario corporativo: Resultados del Censo 2025<\/a>\t\t\t\t\t\t\t<\/h2>\n\t\t\t\t\t\t\n\t\t\t\t\t\t\t\t\t<div class=\"pp-card-slider-meta\">\n\t\t\t\t\t\t\t\t\t<span class=\"pp-content-author\">\n\t\t\t\t\t\t\t\t\t\t\t\t\t<span class=\"pp-card-slider-meta-icon pp-icon\">\n\t\t\t\t\t\t\t\t<i aria-hidden=\"true\" class=\"fas fa-user\"><\/i>\t\t\t\t\t\t\t<\/span>\n\t\t\t\t\t\t\t\t\t\t\t\t<span class=\"pp-card-slider-meta-text\">\n\t\t\t\t\t\t\tDavid Singa\u00f1a Tapia\t\t\t\t\t\t<\/span>\n\t\t\t\t\t<\/span>\n\t\t\t\t  \n\t\t\t\t\t\t\t\t\t<span class=\"pp-post-category\">\n\t\t\t\t\t\t\t\t\t\t\t\t\t<span class=\"pp-card-slider-meta-icon pp-icon\">\n\t\t\t\t\t\t\t\t<i aria-hidden=\"true\" class=\"fas fa-folder-open\"><\/i>\t\t\t\t\t\t\t<\/span>\n\t\t\t\t\t\t\t\t\t\t\t\t<span class=\"pp-card-slider-meta-text\">\n\t\t\t\t\t\t\tEconom\u00eda\t\t\t\t\t\t<\/span>\n\t\t\t\t\t<\/span>\n\t\t\t\t  \n\t\t\t<\/div>\n\t\t\t\n\t\t\t\t\t\t\t\t\t\t\t\t\t\t\t\t\t<\/div>\n\t\t\t\t<\/div>\n\t\t\t\t\t\t\t\t<div class=\"pp-card-slider-item swiper-slide pp-card-slider-item-7\">\n\t\t\t\t\t\t\t\t\t\t\t\t\t<div class=\"pp-card-slider-image\">\n\t\t\t\t<a data-elementor-open-lightbox=\"yes\" data-elementor-lightbox-slideshow=\"be0a0ed\" data-elementor-lightbox-title=\"Disen\u0303o sin ti\u0301tulo\" data-e-action-hash=\"#elementor-action%3Aaction%3Dlightbox%26settings%3DeyJpZCI6MjA3MDcsInVybCI6Imh0dHBzOlwvXC9vY2FydS5vcmcuZWNcL3dwLWNvbnRlbnRcL3VwbG9hZHNcLzIwMjZcLzAyXC9EaXNlbm8tc2luLXRpdHVsby5qcGciLCJzbGlkZXNob3ciOiJiZTBhMGVkIn0%3D\" href=\"https:\/\/ocaru.org.ec\/wp-content\/uploads\/2026\/02\/Diseno-sin-titulo-768x576.jpg\"><img decoding=\"async\" src=\"https:\/\/ocaru.org.ec\/wp-content\/uploads\/2026\/02\/Diseno-sin-titulo-768x576.jpg\" alt=\"\"><\/a>\t\t\t<\/div>\n\t\t\t\t\t\t\t\t<div class=\"pp-card-slider-content-wrap\">\n\t\t\t\t\t\t\t\t\t<div class=\"pp-card-slider-date\">\n\t\t\t\t\t\t\t\t\t<span class=\"pp-card-slider-meta-icon pp-icon\">\n\t\t\t\t\t\t<i aria-hidden=\"true\" class=\"fas fa-calendar-alt\"><\/i>\t\t\t\t\t<\/span>\n\t\t\t\t\t\t\t\t<span class=\"pp-card-slider-meta-text\">\n\t\t\t\t\tFebruary 19, 2026\t\t\t\t<\/span>\n\t\t\t<\/div>\n\t\t\t\t\t\t\t\t\t\t\t\t\t\t\t\t<h2 class=\"pp-card-slider-title\">\n\t\t\t\t\t\t\t\t<a href=\"https:\/\/ocaru.org.ec\/en\/entre-saberes-y-juventudes-la-nueva-imagen-del-ocaru-para-una-realidad-diversa\/\">Entre saberes y juventudes: La nueva imagen del OCARU para una realidad diversa<\/a>\t\t\t\t\t\t\t<\/h2>\n\t\t\t\t\t\t\n\t\t\t\t\t\t\t\t\t<div class=\"pp-card-slider-meta\">\n\t\t\t\t\t\t\t\t\t<span class=\"pp-content-author\">\n\t\t\t\t\t\t\t\t\t\t\t\t\t<span class=\"pp-card-slider-meta-icon pp-icon\">\n\t\t\t\t\t\t\t\t<i aria-hidden=\"true\" class=\"fas fa-user\"><\/i>\t\t\t\t\t\t\t<\/span>\n\t\t\t\t\t\t\t\t\t\t\t\t<span class=\"pp-card-slider-meta-text\">\n\t\t\t\t\t\t\tGabriela Vanegas Carrera\t\t\t\t\t\t<\/span>\n\t\t\t\t\t<\/span>\n\t\t\t\t  \n\t\t\t\t\t\t\t\t\t<span class=\"pp-post-category\">\n\t\t\t\t\t\t\t\t\t\t\t\t\t<span class=\"pp-card-slider-meta-icon pp-icon\">\n\t\t\t\t\t\t\t\t<i aria-hidden=\"true\" class=\"fas fa-folder-open\"><\/i>\t\t\t\t\t\t\t<\/span>\n\t\t\t\t\t\t\t\t\t\t\t\t<span class=\"pp-card-slider-meta-text\">\n\t\t\t\t\t\t\tActualidad\t\t\t\t\t\t<\/span>\n\t\t\t\t\t<\/span>\n\t\t\t\t  \n\t\t\t<\/div>\n\t\t\t\n\t\t\t\t\t\t\t\t\t\t\t\t\t\t\t\t\t<\/div>\n\t\t\t\t<\/div>\n\t\t\t\t\t\t\t\t<div class=\"pp-card-slider-item swiper-slide pp-card-slider-item-8\">\n\t\t\t\t\t\t\t\t\t\t\t\t\t<div class=\"pp-card-slider-image\">\n\t\t\t\t<a data-elementor-open-lightbox=\"yes\" data-elementor-lightbox-slideshow=\"be0a0ed\" data-elementor-lightbox-title=\"Blue Modern Ocean Presentation\" data-e-action-hash=\"#elementor-action%3Aaction%3Dlightbox%26settings%3DeyJpZCI6MjA1NzYsInVybCI6Imh0dHBzOlwvXC9vY2FydS5vcmcuZWNcL3dwLWNvbnRlbnRcL3VwbG9hZHNcLzIwMjZcLzAyXC9CbHVlLU1vZGVybi1PY2Vhbi1QcmVzZW50YXRpb24uanBnIiwic2xpZGVzaG93IjoiYmUwYTBlZCJ9\" href=\"https:\/\/ocaru.org.ec\/wp-content\/uploads\/2026\/02\/Blue-Modern-Ocean-Presentation-768x432.jpg\"><img decoding=\"async\" src=\"https:\/\/ocaru.org.ec\/wp-content\/uploads\/2026\/02\/Blue-Modern-Ocean-Presentation-768x432.jpg\" alt=\"\"><\/a>\t\t\t<\/div>\n\t\t\t\t\t\t\t\t<div class=\"pp-card-slider-content-wrap\">\n\t\t\t\t\t\t\t\t\t<div class=\"pp-card-slider-date\">\n\t\t\t\t\t\t\t\t\t<span class=\"pp-card-slider-meta-icon pp-icon\">\n\t\t\t\t\t\t<i aria-hidden=\"true\" class=\"fas fa-calendar-alt\"><\/i>\t\t\t\t\t<\/span>\n\t\t\t\t\t\t\t\t<span class=\"pp-card-slider-meta-text\">\n\t\t\t\t\tFebruary 12, 2026\t\t\t\t<\/span>\n\t\t\t<\/div>\n\t\t\t\t\t\t\t\t\t\t\t\t\t\t\t\t<h2 class=\"pp-card-slider-title\">\n\t\t\t\t\t\t\t\t<a href=\"https:\/\/ocaru.org.ec\/en\/de-la-lucha-arancelaria-a-los-territorios-rurales-que-pasa-con-los-aranceles-entre-colombia-y-ecuador\/\">De la lucha arancelaria a los territorios rurales:  \u00bfQu\u00e9 pasa con los aranceles entre Colombia y Ecuador?<\/a>\t\t\t\t\t\t\t<\/h2>\n\t\t\t\t\t\t\n\t\t\t\t\t\t\t\t\t<div class=\"pp-card-slider-meta\">\n\t\t\t\t\t\t\t\t\t<span class=\"pp-content-author\">\n\t\t\t\t\t\t\t\t\t\t\t\t\t<span class=\"pp-card-slider-meta-icon pp-icon\">\n\t\t\t\t\t\t\t\t<i aria-hidden=\"true\" class=\"fas fa-user\"><\/i>\t\t\t\t\t\t\t<\/span>\n\t\t\t\t\t\t\t\t\t\t\t\t<span class=\"pp-card-slider-meta-text\">\n\t\t\t\t\t\t\tDavid Singa\u00f1a Tapia\t\t\t\t\t\t<\/span>\n\t\t\t\t\t<\/span>\n\t\t\t\t  \n\t\t\t\t\t\t\t\t\t<span class=\"pp-post-category\">\n\t\t\t\t\t\t\t\t\t\t\t\t\t<span class=\"pp-card-slider-meta-icon pp-icon\">\n\t\t\t\t\t\t\t\t<i aria-hidden=\"true\" class=\"fas fa-folder-open\"><\/i>\t\t\t\t\t\t\t<\/span>\n\t\t\t\t\t\t\t\t\t\t\t\t<span class=\"pp-card-slider-meta-text\">\n\t\t\t\t\t\t\tOpini\u00f3n\t\t\t\t\t\t<\/span>\n\t\t\t\t\t<\/span>\n\t\t\t\t  \n\t\t\t<\/div>\n\t\t\t\n\t\t\t\t\t\t\t\t\t\t\t\t\t\t\t\t\t<\/div>\n\t\t\t\t<\/div>\n\t\t\t\t\t\t\t\t<div class=\"pp-card-slider-item swiper-slide pp-card-slider-item-9\">\n\t\t\t\t\t\t\t\t\t\t\t\t\t<div class=\"pp-card-slider-image\">\n\t\t\t\t<a data-elementor-open-lightbox=\"yes\" data-elementor-lightbox-slideshow=\"be0a0ed\" data-elementor-lightbox-title=\"IMG_1706\" data-e-action-hash=\"#elementor-action%3Aaction%3Dlightbox%26settings%3DeyJpZCI6MjAwMzksInVybCI6Imh0dHBzOlwvXC9vY2FydS5vcmcuZWNcL3dwLWNvbnRlbnRcL3VwbG9hZHNcLzIwMjVcLzExXC9JTUdfMTcwNi5qcGciLCJzbGlkZXNob3ciOiJiZTBhMGVkIn0%3D\" href=\"https:\/\/ocaru.org.ec\/wp-content\/uploads\/2025\/11\/IMG_1706-768x432.jpg\"><img decoding=\"async\" src=\"https:\/\/ocaru.org.ec\/wp-content\/uploads\/2025\/11\/IMG_1706-768x432.jpg\" alt=\"\"><\/a>\t\t\t<\/div>\n\t\t\t\t\t\t\t\t<div class=\"pp-card-slider-content-wrap\">\n\t\t\t\t\t\t\t\t\t<div class=\"pp-card-slider-date\">\n\t\t\t\t\t\t\t\t\t<span class=\"pp-card-slider-meta-icon pp-icon\">\n\t\t\t\t\t\t<i aria-hidden=\"true\" class=\"fas fa-calendar-alt\"><\/i>\t\t\t\t\t<\/span>\n\t\t\t\t\t\t\t\t<span class=\"pp-card-slider-meta-text\">\n\t\t\t\t\tNovember 23, 2025\t\t\t\t<\/span>\n\t\t\t<\/div>\n\t\t\t\t\t\t\t\t\t\t\t\t\t\t\t\t<h2 class=\"pp-card-slider-title\">\n\t\t\t\t\t\t\t\t<a href=\"https:\/\/ocaru.org.ec\/en\/mapeo-de-experiencias-agroecologicas-ecuador\/\">Ecuador lanza el Mapeo de Experiencias Agroecol\u00f3gicas <br> Mapea tu historia y sembremos transformaci\u00f3n<\/a>\t\t\t\t\t\t\t<\/h2>\n\t\t\t\t\t\t\n\t\t\t\t\t\t\t\t\t<div class=\"pp-card-slider-meta\">\n\t\t\t\t\t\t\t\t\t<span class=\"pp-content-author\">\n\t\t\t\t\t\t\t\t\t\t\t\t\t<span class=\"pp-card-slider-meta-icon pp-icon\">\n\t\t\t\t\t\t\t\t<i aria-hidden=\"true\" class=\"fas fa-user\"><\/i>\t\t\t\t\t\t\t<\/span>\n\t\t\t\t\t\t\t\t\t\t\t\t<span class=\"pp-card-slider-meta-text\">\n\t\t\t\t\t\t\tGabriela Vanegas Carrera\t\t\t\t\t\t<\/span>\n\t\t\t\t\t<\/span>\n\t\t\t\t  \n\t\t\t\t\t\t\t\t\t<span class=\"pp-post-category\">\n\t\t\t\t\t\t\t\t\t\t\t\t\t<span class=\"pp-card-slider-meta-icon pp-icon\">\n\t\t\t\t\t\t\t\t<i aria-hidden=\"true\" class=\"fas fa-folder-open\"><\/i>\t\t\t\t\t\t\t<\/span>\n\t\t\t\t\t\t\t\t\t\t\t\t<span class=\"pp-card-slider-meta-text\">\n\t\t\t\t\t\t\tActualidad\t\t\t\t\t\t<\/span>\n\t\t\t\t\t<\/span>\n\t\t\t\t  \n\t\t\t<\/div>\n\t\t\t\n\t\t\t\t\t\t\t\t\t\t\t\t\t\t\t\t\t<\/div>\n\t\t\t\t<\/div>\n\t\t\t\t\t\t\t<\/div>\n\t\t\t\t\t\t\t<div class=\"swiper-pagination swiper-pagination-be0a0ed\"><\/div>\n\t\t\t\t\t<\/div>\n\t\t\t\t\t\t<\/div>\n\t\t\t\t<\/div>\n\t\t\t\t\t<\/div>\n\t\t<\/div>\n\t\t\t\t\t<\/div>\n\t\t<\/section>\n\t\t\t\t<section class=\"elementor-section elementor-top-section elementor-element elementor-element-a47d51b elementor-section-boxed elementor-section-height-default elementor-section-height-default\" data-id=\"a47d51b\" data-element_type=\"section\" data-e-type=\"section\">\n\t\t\t\t\t\t<div class=\"elementor-container elementor-column-gap-default\">\n\t\t\t\t\t<div class=\"elementor-column elementor-col-100 elementor-top-column elementor-element elementor-element-3bd6fd6\" data-id=\"3bd6fd6\" data-element_type=\"column\" data-e-type=\"column\">\n\t\t\t<div class=\"elementor-widget-wrap elementor-element-populated\">\n\t\t\t\t\t\t<div class=\"elementor-element elementor-element-0538513 elementor-widget elementor-widget-heading\" data-id=\"0538513\" data-element_type=\"widget\" data-e-type=\"widget\" data-widget_type=\"heading.default\">\n\t\t\t\t<div class=\"elementor-widget-container\">\n\t\t\t\t\t<h4 class=\"elementor-heading-title elementor-size-default\">Compartir este art\u00edculo<\/h4>\t\t\t\t<\/div>\n\t\t\t\t<\/div>\n\t\t\t\t<div class=\"elementor-element elementor-element-d222c3d elementor-share-buttons--view-icon elementor-share-buttons--skin-minimal elementor-share-buttons--shape-circle elementor-share-buttons--color-custom elementor-grid-mobile-0 elementor-grid-0 elementor-widget elementor-widget-global elementor-global-9480 elementor-widget-mdp-sharinger-elementor\" data-id=\"d222c3d\" data-element_type=\"widget\" data-e-type=\"widget\" data-widget_type=\"mdp-sharinger-elementor.default\">\n\t\t\t\t<div class=\"elementor-widget-container\">\n\t\t\t\t\t        <div class=\"elementor-grid mdp-sharinger\">\n                            <div class=\"elementor-grid-item\">\n                    <div class=\"elementor-share-btn elementor-share-btn_facebook elementor-animation-pulse\" tabindex=\"0\" aria-label=\"Share on facebook\">\n                                                    <span class=\"elementor-share-btn__icon\">\n\t\t\t\t\t\t\t\t<i class=\"fab fa-facebook\" aria-hidden=\"true\"><\/i>\t\t\t\t\t\t\t<\/span>\n                                                                    <\/div>\n                <\/div>\n                                <div class=\"elementor-grid-item\">\n                    <div class=\"elementor-share-btn elementor-share-btn_twitter elementor-animation-pulse\" tabindex=\"0\" aria-label=\"Share on twitter\">\n                                                    <span class=\"elementor-share-btn__icon\">\n\t\t\t\t\t\t\t\t<i class=\"fab fa-twitter\" aria-hidden=\"true\"><\/i>\t\t\t\t\t\t\t<\/span>\n                                                                    <\/div>\n                <\/div>\n                                <div class=\"elementor-grid-item\">\n                    <div class=\"elementor-share-btn elementor-share-btn_linkedin elementor-animation-pulse\" tabindex=\"0\" aria-label=\"Share on linkedin\">\n                                                    <span class=\"elementor-share-btn__icon\">\n\t\t\t\t\t\t\t\t<i class=\"fab fa-linkedin\" aria-hidden=\"true\"><\/i>\t\t\t\t\t\t\t<\/span>\n                                                                    <\/div>\n                <\/div>\n                                <div class=\"elementor-grid-item\">\n                    <div class=\"elementor-share-btn elementor-share-btn_telegram elementor-animation-pulse\" tabindex=\"0\" aria-label=\"Share on telegram\">\n                                                    <span class=\"elementor-share-btn__icon\">\n\t\t\t\t\t\t\t\t<i class=\"fab fa-telegram\" aria-hidden=\"true\"><\/i>\t\t\t\t\t\t\t<\/span>\n                                                                    <\/div>\n                <\/div>\n                                <div class=\"elementor-grid-item\">\n                    <div class=\"elementor-share-btn elementor-share-btn_whatsapp elementor-animation-pulse\" tabindex=\"0\" aria-label=\"Share on whatsapp\">\n                                                    <span class=\"elementor-share-btn__icon\">\n\t\t\t\t\t\t\t\t<i class=\"fab fa-whatsapp\" aria-hidden=\"true\"><\/i>\t\t\t\t\t\t\t<\/span>\n                                                                    <\/div>\n                <\/div>\n                                <div class=\"elementor-grid-item\">\n                    <div class=\"elementor-share-btn elementor-share-btn_email elementor-animation-pulse\" tabindex=\"0\" aria-label=\"Share on email\">\n                                                    <span class=\"elementor-share-btn__icon\">\n\t\t\t\t\t\t\t\t<i class=\"fas fa-envelope\" aria-hidden=\"true\"><\/i>\t\t\t\t\t\t\t<\/span>\n                                                                    <\/div>\n                <\/div>\n                        <\/div>\n        \t\t\t\t<\/div>\n\t\t\t\t<\/div>\n\t\t\t\t\t<\/div>\n\t\t<\/div>\n\t\t\t\t\t<\/div>\n\t\t<\/section>\n\t\t\t\t<\/div>","protected":false},"excerpt":{"rendered":"<div class=\"tmnf_excerpt meta_deko\"><p>La intervenci\u00f3n de Esteban Daza abri\u00f3 el panel: Pol\u00edticas estatales de tierras y territorios en Ecuador, Colombia y Bolivia: estudios cr\u00edticos desde una perspectiva hist\u00f3rica y comparativa. <\/p>\n<\/div>","protected":false},"author":15,"featured_media":12048,"comment_status":"closed","ping_status":"open","sticky":false,"template":"","format":"standard","meta":{"_mi_skip_tracking":false,"_monsterinsights_sitenote_active":false,"_monsterinsights_sitenote_note":"","_monsterinsights_sitenote_category":0,"footnotes":""},"categories":[84],"tags":[103],"class_list":["post-12047","post","type-post","status-publish","format-standard","has-post-thumbnail","hentry","category-actualidad","tag-noticias-rotativas"],"yoast_head":"<!-- This site is optimized with the Yoast SEO Premium plugin v24.8 (Yoast SEO v27.4) - https:\/\/yoast.com\/product\/yoast-seo-premium-wordpress\/ -->\n<title>Problem\u00e1ticas comunes: Ecuador, Bolivia y Colombia. Perspectivas \u00bbpostneoliberales\u00bb y neoliberal. - Ocaru<\/title>\n<meta name=\"robots\" content=\"index, follow, max-snippet:-1, max-image-preview:large, max-video-preview:-1\" \/>\n<link rel=\"canonical\" href=\"https:\/\/ocaru.org.ec\/en\/problematicas-comunes-ecuador-bolivia-y-colombia-perspectivas-postneoliberales-y-neoliberal\/\" \/>\n<meta property=\"og:locale\" content=\"en_US\" \/>\n<meta property=\"og:type\" content=\"article\" \/>\n<meta property=\"og:title\" content=\"Problem\u00e1ticas comunes: Ecuador, Bolivia y Colombia. Perspectivas \u00bbpostneoliberales\u00bb y neoliberal.\" \/>\n<meta property=\"og:description\" content=\"La intervenci\u00f3n de Esteban Daza abri\u00f3 el panel: Pol\u00edticas estatales de tierras y territorios en Ecuador, Colombia y Bolivia: estudios cr\u00edticos desde una perspectiva hist\u00f3rica y comparativa.\" \/>\n<meta property=\"og:url\" content=\"https:\/\/ocaru.org.ec\/en\/problematicas-comunes-ecuador-bolivia-y-colombia-perspectivas-postneoliberales-y-neoliberal\/\" \/>\n<meta property=\"og:site_name\" content=\"Ocaru\" \/>\n<meta property=\"article:publisher\" content=\"https:\/\/www.facebook.com\/Ocaruec\/\" \/>\n<meta property=\"article:published_time\" content=\"2016-08-29T22:12:33+00:00\" \/>\n<meta property=\"article:modified_time\" content=\"2023-10-05T12:36:27+00:00\" \/>\n<meta property=\"og:image\" content=\"https:\/\/ocaru.org.ec\/wp-content\/uploads\/2023\/10\/mem16.jpg\" \/>\n\t<meta property=\"og:image:width\" content=\"600\" \/>\n\t<meta property=\"og:image:height\" content=\"421\" \/>\n\t<meta property=\"og:image:type\" content=\"image\/jpeg\" \/>\n<meta name=\"author\" content=\"Equipo OCARU\" \/>\n<script type=\"application\/ld+json\" class=\"yoast-schema-graph\">{\"@context\":\"https:\\\/\\\/schema.org\",\"@graph\":[{\"@type\":\"Article\",\"@id\":\"https:\\\/\\\/ocaru.org.ec\\\/problematicas-comunes-ecuador-bolivia-y-colombia-perspectivas-postneoliberales-y-neoliberal\\\/#article\",\"isPartOf\":{\"@id\":\"https:\\\/\\\/ocaru.org.ec\\\/problematicas-comunes-ecuador-bolivia-y-colombia-perspectivas-postneoliberales-y-neoliberal\\\/\"},\"author\":{\"name\":\"Equipo OCARU\",\"@id\":\"https:\\\/\\\/ocaru.org.ec\\\/#\\\/schema\\\/person\\\/90b45d0b1a5b0e27ed66ebbfcdeb3b7f\"},\"headline\":\"Problem\u00e1ticas comunes: Ecuador, Bolivia y Colombia. Perspectivas \u00bbpostneoliberales\u00bb y neoliberal.\",\"datePublished\":\"2016-08-29T22:12:33+00:00\",\"dateModified\":\"2023-10-05T12:36:27+00:00\",\"mainEntityOfPage\":{\"@id\":\"https:\\\/\\\/ocaru.org.ec\\\/problematicas-comunes-ecuador-bolivia-y-colombia-perspectivas-postneoliberales-y-neoliberal\\\/\"},\"wordCount\":1397,\"publisher\":{\"@id\":\"https:\\\/\\\/ocaru.org.ec\\\/#organization\"},\"image\":{\"@id\":\"https:\\\/\\\/ocaru.org.ec\\\/problematicas-comunes-ecuador-bolivia-y-colombia-perspectivas-postneoliberales-y-neoliberal\\\/#primaryimage\"},\"thumbnailUrl\":\"https:\\\/\\\/ocaru.org.ec\\\/wp-content\\\/uploads\\\/2023\\\/10\\\/mem16.jpg\",\"keywords\":[\"Noticias Rotativas\"],\"articleSection\":[\"Actualidad\"],\"inLanguage\":\"en-US\"},{\"@type\":\"WebPage\",\"@id\":\"https:\\\/\\\/ocaru.org.ec\\\/problematicas-comunes-ecuador-bolivia-y-colombia-perspectivas-postneoliberales-y-neoliberal\\\/\",\"url\":\"https:\\\/\\\/ocaru.org.ec\\\/problematicas-comunes-ecuador-bolivia-y-colombia-perspectivas-postneoliberales-y-neoliberal\\\/\",\"name\":\"Problem\u00e1ticas comunes: Ecuador, Bolivia y Colombia. Perspectivas \u00bbpostneoliberales\u00bb y neoliberal. - Ocaru\",\"isPartOf\":{\"@id\":\"https:\\\/\\\/ocaru.org.ec\\\/#website\"},\"primaryImageOfPage\":{\"@id\":\"https:\\\/\\\/ocaru.org.ec\\\/problematicas-comunes-ecuador-bolivia-y-colombia-perspectivas-postneoliberales-y-neoliberal\\\/#primaryimage\"},\"image\":{\"@id\":\"https:\\\/\\\/ocaru.org.ec\\\/problematicas-comunes-ecuador-bolivia-y-colombia-perspectivas-postneoliberales-y-neoliberal\\\/#primaryimage\"},\"thumbnailUrl\":\"https:\\\/\\\/ocaru.org.ec\\\/wp-content\\\/uploads\\\/2023\\\/10\\\/mem16.jpg\",\"datePublished\":\"2016-08-29T22:12:33+00:00\",\"dateModified\":\"2023-10-05T12:36:27+00:00\",\"breadcrumb\":{\"@id\":\"https:\\\/\\\/ocaru.org.ec\\\/problematicas-comunes-ecuador-bolivia-y-colombia-perspectivas-postneoliberales-y-neoliberal\\\/#breadcrumb\"},\"inLanguage\":\"en-US\",\"potentialAction\":[{\"@type\":\"ReadAction\",\"target\":[\"https:\\\/\\\/ocaru.org.ec\\\/problematicas-comunes-ecuador-bolivia-y-colombia-perspectivas-postneoliberales-y-neoliberal\\\/\"]}]},{\"@type\":\"ImageObject\",\"inLanguage\":\"en-US\",\"@id\":\"https:\\\/\\\/ocaru.org.ec\\\/problematicas-comunes-ecuador-bolivia-y-colombia-perspectivas-postneoliberales-y-neoliberal\\\/#primaryimage\",\"url\":\"https:\\\/\\\/ocaru.org.ec\\\/wp-content\\\/uploads\\\/2023\\\/10\\\/mem16.jpg\",\"contentUrl\":\"https:\\\/\\\/ocaru.org.ec\\\/wp-content\\\/uploads\\\/2023\\\/10\\\/mem16.jpg\",\"width\":600,\"height\":421},{\"@type\":\"BreadcrumbList\",\"@id\":\"https:\\\/\\\/ocaru.org.ec\\\/problematicas-comunes-ecuador-bolivia-y-colombia-perspectivas-postneoliberales-y-neoliberal\\\/#breadcrumb\",\"itemListElement\":[{\"@type\":\"ListItem\",\"position\":1,\"name\":\"Portada\",\"item\":\"https:\\\/\\\/ocaru.org.ec\\\/\"},{\"@type\":\"ListItem\",\"position\":2,\"name\":\"Problem\u00e1ticas comunes: Ecuador, Bolivia y Colombia. Perspectivas \u00bbpostneoliberales\u00bb y neoliberal.\"}]},{\"@type\":\"WebSite\",\"@id\":\"https:\\\/\\\/ocaru.org.ec\\\/#website\",\"url\":\"https:\\\/\\\/ocaru.org.ec\\\/\",\"name\":\"Ocaru\",\"description\":\"Observatorio del Cambio Rural\",\"publisher\":{\"@id\":\"https:\\\/\\\/ocaru.org.ec\\\/#organization\"},\"potentialAction\":[{\"@type\":\"SearchAction\",\"target\":{\"@type\":\"EntryPoint\",\"urlTemplate\":\"https:\\\/\\\/ocaru.org.ec\\\/?s={search_term_string}\"},\"query-input\":{\"@type\":\"PropertyValueSpecification\",\"valueRequired\":true,\"valueName\":\"search_term_string\"}}],\"inLanguage\":\"en-US\"},{\"@type\":\"Organization\",\"@id\":\"https:\\\/\\\/ocaru.org.ec\\\/#organization\",\"name\":\"Ocaru\",\"url\":\"https:\\\/\\\/ocaru.org.ec\\\/\",\"logo\":{\"@type\":\"ImageObject\",\"inLanguage\":\"en-US\",\"@id\":\"https:\\\/\\\/ocaru.org.ec\\\/#\\\/schema\\\/logo\\\/image\\\/\",\"url\":\"https:\\\/\\\/ocaru.org.ec\\\/wp-content\\\/uploads\\\/2026\\\/02\\\/Logo-150-x-150-1.jpg\",\"contentUrl\":\"https:\\\/\\\/ocaru.org.ec\\\/wp-content\\\/uploads\\\/2026\\\/02\\\/Logo-150-x-150-1.jpg\",\"width\":150,\"height\":150,\"caption\":\"Ocaru\"},\"image\":{\"@id\":\"https:\\\/\\\/ocaru.org.ec\\\/#\\\/schema\\\/logo\\\/image\\\/\"},\"sameAs\":[\"https:\\\/\\\/www.facebook.com\\\/Ocaruec\\\/\",\"https:\\\/\\\/x.com\\\/OCARUEc\",\"https:\\\/\\\/www.instagram.com\\\/ocaru_ecuador\\\/\",\"https:\\\/\\\/www.youtube.com\\\/user\\\/CambioRuralEC\"]},{\"@type\":\"Person\",\"@id\":\"https:\\\/\\\/ocaru.org.ec\\\/#\\\/schema\\\/person\\\/90b45d0b1a5b0e27ed66ebbfcdeb3b7f\",\"name\":\"Equipo OCARU\",\"image\":{\"@type\":\"ImageObject\",\"inLanguage\":\"en-US\",\"@id\":\"https:\\\/\\\/secure.gravatar.com\\\/avatar\\\/6fc8d9021cfef3848dc756028babfce4b172a5cdf3ddaf65c90537c341847bba?s=96&d=mm&r=g\",\"url\":\"https:\\\/\\\/secure.gravatar.com\\\/avatar\\\/6fc8d9021cfef3848dc756028babfce4b172a5cdf3ddaf65c90537c341847bba?s=96&d=mm&r=g\",\"contentUrl\":\"https:\\\/\\\/secure.gravatar.com\\\/avatar\\\/6fc8d9021cfef3848dc756028babfce4b172a5cdf3ddaf65c90537c341847bba?s=96&d=mm&r=g\",\"caption\":\"Equipo OCARU\"},\"url\":\"https:\\\/\\\/ocaru.org.ec\\\/en\\\/author\\\/equipo-ocaru\\\/\"}]}<\/script>\n<!-- \/ Yoast SEO Premium plugin. -->","yoast_head_json":{"title":"Problem\u00e1ticas comunes: Ecuador, Bolivia y Colombia. Perspectivas \u00bbpostneoliberales\u00bb y neoliberal. - Ocaru","robots":{"index":"index","follow":"follow","max-snippet":"max-snippet:-1","max-image-preview":"max-image-preview:large","max-video-preview":"max-video-preview:-1"},"canonical":"https:\/\/ocaru.org.ec\/en\/problematicas-comunes-ecuador-bolivia-y-colombia-perspectivas-postneoliberales-y-neoliberal\/","og_locale":"en_US","og_type":"article","og_title":"Problem\u00e1ticas comunes: Ecuador, Bolivia y Colombia. Perspectivas \u00bbpostneoliberales\u00bb y neoliberal.","og_description":"La intervenci\u00f3n de Esteban Daza abri\u00f3 el panel: Pol\u00edticas estatales de tierras y territorios en Ecuador, Colombia y Bolivia: estudios cr\u00edticos desde una perspectiva hist\u00f3rica y comparativa.","og_url":"https:\/\/ocaru.org.ec\/en\/problematicas-comunes-ecuador-bolivia-y-colombia-perspectivas-postneoliberales-y-neoliberal\/","og_site_name":"Ocaru","article_publisher":"https:\/\/www.facebook.com\/Ocaruec\/","article_published_time":"2016-08-29T22:12:33+00:00","article_modified_time":"2023-10-05T12:36:27+00:00","og_image":[{"width":600,"height":421,"url":"https:\/\/ocaru.org.ec\/wp-content\/uploads\/2023\/10\/mem16.jpg","type":"image\/jpeg"}],"author":"Equipo OCARU","schema":{"@context":"https:\/\/schema.org","@graph":[{"@type":"Article","@id":"https:\/\/ocaru.org.ec\/problematicas-comunes-ecuador-bolivia-y-colombia-perspectivas-postneoliberales-y-neoliberal\/#article","isPartOf":{"@id":"https:\/\/ocaru.org.ec\/problematicas-comunes-ecuador-bolivia-y-colombia-perspectivas-postneoliberales-y-neoliberal\/"},"author":{"name":"Equipo OCARU","@id":"https:\/\/ocaru.org.ec\/#\/schema\/person\/90b45d0b1a5b0e27ed66ebbfcdeb3b7f"},"headline":"Problem\u00e1ticas comunes: Ecuador, Bolivia y Colombia. Perspectivas \u00bbpostneoliberales\u00bb y neoliberal.","datePublished":"2016-08-29T22:12:33+00:00","dateModified":"2023-10-05T12:36:27+00:00","mainEntityOfPage":{"@id":"https:\/\/ocaru.org.ec\/problematicas-comunes-ecuador-bolivia-y-colombia-perspectivas-postneoliberales-y-neoliberal\/"},"wordCount":1397,"publisher":{"@id":"https:\/\/ocaru.org.ec\/#organization"},"image":{"@id":"https:\/\/ocaru.org.ec\/problematicas-comunes-ecuador-bolivia-y-colombia-perspectivas-postneoliberales-y-neoliberal\/#primaryimage"},"thumbnailUrl":"https:\/\/ocaru.org.ec\/wp-content\/uploads\/2023\/10\/mem16.jpg","keywords":["Noticias Rotativas"],"articleSection":["Actualidad"],"inLanguage":"en-US"},{"@type":"WebPage","@id":"https:\/\/ocaru.org.ec\/problematicas-comunes-ecuador-bolivia-y-colombia-perspectivas-postneoliberales-y-neoliberal\/","url":"https:\/\/ocaru.org.ec\/problematicas-comunes-ecuador-bolivia-y-colombia-perspectivas-postneoliberales-y-neoliberal\/","name":"Problem\u00e1ticas comunes: Ecuador, Bolivia y Colombia. Perspectivas \u00bbpostneoliberales\u00bb y neoliberal. - Ocaru","isPartOf":{"@id":"https:\/\/ocaru.org.ec\/#website"},"primaryImageOfPage":{"@id":"https:\/\/ocaru.org.ec\/problematicas-comunes-ecuador-bolivia-y-colombia-perspectivas-postneoliberales-y-neoliberal\/#primaryimage"},"image":{"@id":"https:\/\/ocaru.org.ec\/problematicas-comunes-ecuador-bolivia-y-colombia-perspectivas-postneoliberales-y-neoliberal\/#primaryimage"},"thumbnailUrl":"https:\/\/ocaru.org.ec\/wp-content\/uploads\/2023\/10\/mem16.jpg","datePublished":"2016-08-29T22:12:33+00:00","dateModified":"2023-10-05T12:36:27+00:00","breadcrumb":{"@id":"https:\/\/ocaru.org.ec\/problematicas-comunes-ecuador-bolivia-y-colombia-perspectivas-postneoliberales-y-neoliberal\/#breadcrumb"},"inLanguage":"en-US","potentialAction":[{"@type":"ReadAction","target":["https:\/\/ocaru.org.ec\/problematicas-comunes-ecuador-bolivia-y-colombia-perspectivas-postneoliberales-y-neoliberal\/"]}]},{"@type":"ImageObject","inLanguage":"en-US","@id":"https:\/\/ocaru.org.ec\/problematicas-comunes-ecuador-bolivia-y-colombia-perspectivas-postneoliberales-y-neoliberal\/#primaryimage","url":"https:\/\/ocaru.org.ec\/wp-content\/uploads\/2023\/10\/mem16.jpg","contentUrl":"https:\/\/ocaru.org.ec\/wp-content\/uploads\/2023\/10\/mem16.jpg","width":600,"height":421},{"@type":"BreadcrumbList","@id":"https:\/\/ocaru.org.ec\/problematicas-comunes-ecuador-bolivia-y-colombia-perspectivas-postneoliberales-y-neoliberal\/#breadcrumb","itemListElement":[{"@type":"ListItem","position":1,"name":"Portada","item":"https:\/\/ocaru.org.ec\/"},{"@type":"ListItem","position":2,"name":"Problem\u00e1ticas comunes: Ecuador, Bolivia y Colombia. Perspectivas \u00bbpostneoliberales\u00bb y neoliberal."}]},{"@type":"WebSite","@id":"https:\/\/ocaru.org.ec\/#website","url":"https:\/\/ocaru.org.ec\/","name":"Ocaru","description":"Observatorio del Cambio Rural","publisher":{"@id":"https:\/\/ocaru.org.ec\/#organization"},"potentialAction":[{"@type":"SearchAction","target":{"@type":"EntryPoint","urlTemplate":"https:\/\/ocaru.org.ec\/?s={search_term_string}"},"query-input":{"@type":"PropertyValueSpecification","valueRequired":true,"valueName":"search_term_string"}}],"inLanguage":"en-US"},{"@type":"Organization","@id":"https:\/\/ocaru.org.ec\/#organization","name":"Ocaru","url":"https:\/\/ocaru.org.ec\/","logo":{"@type":"ImageObject","inLanguage":"en-US","@id":"https:\/\/ocaru.org.ec\/#\/schema\/logo\/image\/","url":"https:\/\/ocaru.org.ec\/wp-content\/uploads\/2026\/02\/Logo-150-x-150-1.jpg","contentUrl":"https:\/\/ocaru.org.ec\/wp-content\/uploads\/2026\/02\/Logo-150-x-150-1.jpg","width":150,"height":150,"caption":"Ocaru"},"image":{"@id":"https:\/\/ocaru.org.ec\/#\/schema\/logo\/image\/"},"sameAs":["https:\/\/www.facebook.com\/Ocaruec\/","https:\/\/x.com\/OCARUEc","https:\/\/www.instagram.com\/ocaru_ecuador\/","https:\/\/www.youtube.com\/user\/CambioRuralEC"]},{"@type":"Person","@id":"https:\/\/ocaru.org.ec\/#\/schema\/person\/90b45d0b1a5b0e27ed66ebbfcdeb3b7f","name":"Equipo OCARU","image":{"@type":"ImageObject","inLanguage":"en-US","@id":"https:\/\/secure.gravatar.com\/avatar\/6fc8d9021cfef3848dc756028babfce4b172a5cdf3ddaf65c90537c341847bba?s=96&d=mm&r=g","url":"https:\/\/secure.gravatar.com\/avatar\/6fc8d9021cfef3848dc756028babfce4b172a5cdf3ddaf65c90537c341847bba?s=96&d=mm&r=g","contentUrl":"https:\/\/secure.gravatar.com\/avatar\/6fc8d9021cfef3848dc756028babfce4b172a5cdf3ddaf65c90537c341847bba?s=96&d=mm&r=g","caption":"Equipo OCARU"},"url":"https:\/\/ocaru.org.ec\/en\/author\/equipo-ocaru\/"}]}},"_links":{"self":[{"href":"https:\/\/ocaru.org.ec\/en\/wp-json\/wp\/v2\/posts\/12047","targetHints":{"allow":["GET"]}}],"collection":[{"href":"https:\/\/ocaru.org.ec\/en\/wp-json\/wp\/v2\/posts"}],"about":[{"href":"https:\/\/ocaru.org.ec\/en\/wp-json\/wp\/v2\/types\/post"}],"author":[{"embeddable":true,"href":"https:\/\/ocaru.org.ec\/en\/wp-json\/wp\/v2\/users\/15"}],"replies":[{"embeddable":true,"href":"https:\/\/ocaru.org.ec\/en\/wp-json\/wp\/v2\/comments?post=12047"}],"version-history":[{"count":8,"href":"https:\/\/ocaru.org.ec\/en\/wp-json\/wp\/v2\/posts\/12047\/revisions"}],"predecessor-version":[{"id":12738,"href":"https:\/\/ocaru.org.ec\/en\/wp-json\/wp\/v2\/posts\/12047\/revisions\/12738"}],"wp:featuredmedia":[{"embeddable":true,"href":"https:\/\/ocaru.org.ec\/en\/wp-json\/wp\/v2\/media\/12048"}],"wp:attachment":[{"href":"https:\/\/ocaru.org.ec\/en\/wp-json\/wp\/v2\/media?parent=12047"}],"wp:term":[{"taxonomy":"category","embeddable":true,"href":"https:\/\/ocaru.org.ec\/en\/wp-json\/wp\/v2\/categories?post=12047"},{"taxonomy":"post_tag","embeddable":true,"href":"https:\/\/ocaru.org.ec\/en\/wp-json\/wp\/v2\/tags?post=12047"}],"curies":[{"name":"wp","href":"https:\/\/api.w.org\/{rel}","templated":true}]}}