{"id":11956,"date":"2017-06-15T15:36:25","date_gmt":"2017-06-15T20:36:25","guid":{"rendered":"https:\/\/ocaru.org.ec\/?p=11956"},"modified":"2023-10-04T20:48:16","modified_gmt":"2023-10-05T01:48:16","slug":"la-ley-de-tierras-se-escribe-en-un-contexto-agresivo-de-paquetazo-agrario-esteban-daza-iee-ocaru","status":"publish","type":"post","link":"https:\/\/ocaru.org.ec\/en\/la-ley-de-tierras-se-escribe-en-un-contexto-agresivo-de-paquetazo-agrario-esteban-daza-iee-ocaru\/","title":{"rendered":"\u00abLa Ley de Tierras se escribe en un contexto agresivo de paquetazo agrario\u00bb, Esteban Daza, IEE\/OCARU"},"content":{"rendered":"<div data-elementor-type=\"wp-post\" data-elementor-id=\"11956\" class=\"elementor elementor-11956\" data-elementor-post-type=\"post\">\n\t\t\t\t\t\t<section class=\"elementor-section elementor-top-section elementor-element elementor-element-3a144bd elementor-section-boxed elementor-section-height-default elementor-section-height-default\" data-id=\"3a144bd\" data-element_type=\"section\" data-e-type=\"section\">\n\t\t\t\t\t\t<div class=\"elementor-container elementor-column-gap-default\">\n\t\t\t\t\t<div class=\"elementor-column elementor-col-50 elementor-top-column elementor-element elementor-element-f1a0c01\" data-id=\"f1a0c01\" data-element_type=\"column\" data-e-type=\"column\">\n\t\t\t<div class=\"elementor-widget-wrap elementor-element-populated\">\n\t\t\t\t\t\t<div class=\"elementor-element elementor-element-c79cca2 elementor-widget elementor-widget-image\" data-id=\"c79cca2\" data-element_type=\"widget\" data-e-type=\"widget\" data-widget_type=\"image.default\">\n\t\t\t\t<div class=\"elementor-widget-container\">\n\t\t\t\t\t\t\t\t\t\t\t\t\t\t\t<img fetchpriority=\"high\" decoding=\"async\" width=\"600\" height=\"421\" src=\"https:\/\/ocaru.org.ec\/wp-content\/uploads\/2023\/10\/mem4.jpg\" class=\"attachment-large size-large wp-image-11957\" alt=\"\" srcset=\"https:\/\/ocaru.org.ec\/wp-content\/uploads\/2023\/10\/mem4.jpg 600w, https:\/\/ocaru.org.ec\/wp-content\/uploads\/2023\/10\/mem4-300x211.jpg 300w, https:\/\/ocaru.org.ec\/wp-content\/uploads\/2023\/10\/mem4-18x12.jpg 18w\" sizes=\"(max-width: 600px) 100vw, 600px\" \/>\t\t\t\t\t\t\t\t\t\t\t\t\t\t\t<\/div>\n\t\t\t\t<\/div>\n\t\t\t\t\t<\/div>\n\t\t<\/div>\n\t\t\t\t<div class=\"elementor-column elementor-col-50 elementor-top-column elementor-element elementor-element-d0dd6b3\" data-id=\"d0dd6b3\" data-element_type=\"column\" data-e-type=\"column\">\n\t\t\t<div class=\"elementor-widget-wrap elementor-element-populated\">\n\t\t\t\t\t\t<div class=\"elementor-element elementor-element-76d4bf6 elementor-widget elementor-widget-text-editor\" data-id=\"76d4bf6\" data-element_type=\"widget\" data-e-type=\"widget\" data-widget_type=\"text-editor.default\">\n\t\t\t\t<div class=\"elementor-widget-container\">\n\t\t\t\t\t\t\t\t\t<div class=\"itemIntroText\"><div class=\"itemIntroText\"><div class=\"itemIntroText\"><p><em><strong>OCARU<\/strong><\/em><\/p><p>En un contexto de aprobaci\u00f3n del veto presidencial a la Ley de Semillas, donde se da paso al ingreso de los transg\u00e9nicos para la investigaci\u00f3n, el debate agrario re\u00fane a diferentes voces\u00a0el pasado 14 de junio\u00a0en FLACSO Ecuador .<\/p><\/div><div class=\"itemFullText\"><p>La presentaci\u00f3n del libro:\u00a0<em><strong>La Ley de Tierras y Territorios Ancestrales: \u00bfampliando la protecci\u00f3n de los Derechos Humanos? Un an\u00e1lisis desde la gobernanza responsable de la tenencia de la tierra<\/strong><\/em>\u00a0volvi\u00f3 a rescatar los discursos desde la ciudad y el campo en un an\u00e1lisis integral de la problem\u00e1tica en torno a la Ley de Tierras y Territorios Ancestrales, como una de las leyes del marco normativo en el campo.<\/p><\/div><\/div><\/div>\t\t\t\t\t\t\t\t<\/div>\n\t\t\t\t<\/div>\n\t\t\t\t\t<\/div>\n\t\t<\/div>\n\t\t\t\t\t<\/div>\n\t\t<\/section>\n\t\t\t\t<section class=\"elementor-section elementor-top-section elementor-element elementor-element-5d53e75 elementor-section-boxed elementor-section-height-default elementor-section-height-default\" data-id=\"5d53e75\" data-element_type=\"section\" data-e-type=\"section\">\n\t\t\t\t\t\t<div class=\"elementor-container elementor-column-gap-default\">\n\t\t\t\t\t<div class=\"elementor-column elementor-col-100 elementor-top-column elementor-element elementor-element-18b61e0\" data-id=\"18b61e0\" data-element_type=\"column\" data-e-type=\"column\">\n\t\t\t<div class=\"elementor-widget-wrap elementor-element-populated\">\n\t\t\t\t\t\t<div class=\"elementor-element elementor-element-4a94e40 elementor-widget elementor-widget-text-editor\" data-id=\"4a94e40\" data-element_type=\"widget\" data-e-type=\"widget\" data-widget_type=\"text-editor.default\">\n\t\t\t\t<div class=\"elementor-widget-container\">\n\t\t\t\t\t\t\t\t\t<p>Milton Yul\u00e1n, Coordinador de Uni\u00f3n Tierra y Vida y uno de los coautores del libro junto a Natalia Land\u00edvar, insisti\u00f3 que se trata de una ley regresiva ya que en materia de derechos humanos las leyes deben ser progresivas.\u00a0<em>\u2018\u2019En el caso de la expropiaci\u00f3n \u00e9sta no es una sanci\u00f3n es un premio para los agroindustriales porque se paga el precio comercial. Si el agroindustrial define que su tierra est\u00e1 destinada al ocio o la recreaci\u00f3n no puede estar sujeta a la expropiaci\u00f3n\u2019\u2019<\/em>, a\u00f1adi\u00f3.<\/p><p>Los comentarios del texto estuvieron a cargo de Edwin Bedoya (Vicepresidente de CEDOCUT, Confederaci\u00f3n de Ecuatoriana de Organizaciones Clasistas Unitaria de Trabajadores), Raquel Silva (Secretaria Ejecutiva de Uni\u00f3n Tierra y Vida) y Esteban Daza (investigador del Instituto de Estudios Ecuatorianos y del Observatorio del Cambio Rural).<\/p><p>En relaci\u00f3n a la Ley de Tierras, para Edwin Bedoya no s\u00f3lo consistir\u00eda en elaborar una propuesta y creer que la ley resuelve lo que ocurre en el campo.\u00a0<em>\u2018\u2019Lo que necesitamos es preparar propuestas pero tambi\u00e9n generar procesos unitarios para movilizarnos\u00bb<\/em>, destac\u00f3.<\/p><p>Raquel Silva, desde la Asociaci\u00f3n Victoria de las Mercedes, expuso un testimonio revelador que contextualiz\u00f3 la situaci\u00f3n vivida por el campesinado. Aport\u00f3 con los siguientes elementos para el debate:\u00a0<em>\u00ab\u00bfPara qu\u00e9 producir decimos nosotros, de que vamos a vivir? \u00bfQuerr\u00e1n nuestros hijos seguir sembrando cuando siempre estamos a p\u00e9rdida, cuando somos fumigados por las plantaciones de banano, cuando trabajamos de sol a sol todos los d\u00edas? \u00bfD\u00f3nde est\u00e1 el cuidado del medio ambiente y la protecci\u00f3n a los campesinos de la que tanto habla la Ley? \u00bfHasta cu\u00e1ndo vamos a poder producir la comida que les llega a ustedes en las ciudades y evitar que compren enlatados? Nosotros podemos no tener t\u00edtulos ni saber tantas cosas como ustedes, pero sabemos cu\u00e1ndo una ley nos perjudica a nosotros los campesinos\u00bb.<\/em><\/p><p>Atendiendo al contexto normativo donde se encuadra la Ley de Tierras Rurales y Territorios Ancestrales, Esteban Daza destac\u00f3 que se inscribe en un contexto agresivo de\u00a0<em>\u00bbpaquetazo agrario\u00bb<\/em>, denominaci\u00f3n elaborada en la Cumbre Agraria de 2016. Para el investigador el\u00a0<em>\u2018\u2019paquetazo agrario\u2019\u2019<\/em>\u00a0contempla tres elementos: 1) la reforma institucional del Estado (c\u00f3digo de producci\u00f3n, reestructuraci\u00f3n de Magap, consolidaci\u00f3n de la flexibilizaci\u00f3n laboral, leyes y productividad, etc.); 2) un imaginario sobre la modernizaci\u00f3n del campo en donde el Estado nos dice que las agriculturas campesinas est\u00e1n ganando y para esto se conforma una alianza p\u00fablico privada; y 3), si no est\u00e1n las agriculturas campesinas contempladas en la pol\u00edtica p\u00fablica es porque no son parte del proyecto de este gobierno. Existe una deuda impagada con el campo.<\/p><p>Daza tambi\u00e9n invit\u00f3 a leer la Ley de Semillas como parte de este\u00a0<em>\u00bbpaquetazo Agrario\u00bb<\/em>; se refiri\u00f3 a tal normativa en la que no se necesitar\u00eda certificar las semillas si son de origen campesino mientras que en la Ley de Sanidad Agropecuaria se establece que s\u00ed pueden circular semillas campesinas, los campesinos pueden consumir sus productos pero sin sacarlos al mercado.\u00a0<em>\u2018\u2019Nos preguntamos, \u00bfde qu\u00e9 van a vivir los campesinos en Ecuador?\u2019\u2019,\u00a0<\/em>manifest\u00f3.<\/p><p>A modo conclusivo, Milton Yul\u00e1n insisti\u00f3 en la necesidad de declarar la inconstitucionalidad de una ley que cierra las posibilidades de cualquier avance democr\u00e1tico y redistributivo para los campesinos del pa\u00eds.\u00a0<em>\u2018\u2019Que este libro sea una herramienta para el debate y la concientizaci\u00f3n\u00bb<\/em>, recalc\u00f3.<\/p><p>Desde el Instituto de Estudios Ecuatorianos y el Observatorio del Cambio Rural seguiremos propiciando este tipo de espacios de debate con nuestros aliados por el campo.<\/p>\t\t\t\t\t\t\t\t<\/div>\n\t\t\t\t<\/div>\n\t\t\t\t\t<\/div>\n\t\t<\/div>\n\t\t\t\t\t<\/div>\n\t\t<\/section>\n\t\t\t\t<section class=\"elementor-section elementor-top-section elementor-element elementor-element-7cc07d6 elementor-section-boxed elementor-section-height-default elementor-section-height-default\" data-id=\"7cc07d6\" data-element_type=\"section\" data-e-type=\"section\">\n\t\t\t\t\t\t<div class=\"elementor-container elementor-column-gap-default\">\n\t\t\t\t\t<div class=\"elementor-column elementor-col-100 elementor-top-column elementor-element elementor-element-6158e3e\" data-id=\"6158e3e\" data-element_type=\"column\" data-e-type=\"column\">\n\t\t\t<div class=\"elementor-widget-wrap elementor-element-populated\">\n\t\t\t\t\t\t<div class=\"elementor-element elementor-element-b6b23b5 elementor-widget elementor-widget-global elementor-global-10318 elementor-widget-heading\" data-id=\"b6b23b5\" data-element_type=\"widget\" data-e-type=\"widget\" data-widget_type=\"heading.default\">\n\t\t\t\t<div class=\"elementor-widget-container\">\n\t\t\t\t\t<h4 class=\"elementor-heading-title elementor-size-default\">Te podr\u00eda interesar<\/h4>\t\t\t\t<\/div>\n\t\t\t\t<\/div>\n\t\t\t\t<div class=\"elementor-element elementor-element-be0a0ed pp-card-slider-image-left pp-card-slider-dots-aside elementor-widget elementor-widget-global elementor-global-10298 elementor-widget-pp-card-slider\" data-id=\"be0a0ed\" data-element_type=\"widget\" data-e-type=\"widget\" data-settings=\"{&quot;open_lightbox&quot;:&quot;default&quot;,&quot;pause_on_hover&quot;:&quot;yes&quot;}\" data-widget_type=\"pp-card-slider.default\">\n\t\t\t\t<div class=\"elementor-widget-container\">\n\t\t\t\t\t\t\t<div class=\"pp-card-slider pp-swiper-slider\" data-slider-settings=\"{&quot;effect&quot;:&quot;fade&quot;,&quot;speed&quot;:500,&quot;slides_per_view&quot;:1,&quot;auto_height&quot;:false,&quot;loop&quot;:&quot;yes&quot;,&quot;autoplay&quot;:&quot;yes&quot;,&quot;autoplay_speed&quot;:3000,&quot;pause_on_interaction&quot;:false,&quot;keyboard&quot;:&quot;yes&quot;,&quot;pagination&quot;:&quot;bullets&quot;}\">\n\t\t\t<div class=\"swiper-wrapper\">\n\t\t\t\t\t\t\t\t<div class=\"pp-card-slider-item swiper-slide pp-card-slider-item-0\">\n\t\t\t\t\t\t\t\t\t\t\t\t\t<div class=\"pp-card-slider-image\">\n\t\t\t\t<a data-elementor-open-lightbox=\"yes\" data-elementor-lightbox-slideshow=\"be0a0ed\" data-elementor-lightbox-title=\"657555437_1359282936232278_422444842448717471_n\" data-e-action-hash=\"#elementor-action%3Aaction%3Dlightbox%26settings%3DeyJpZCI6MjEwMTUsInVybCI6Imh0dHBzOlwvXC9vY2FydS5vcmcuZWNcL3dwLWNvbnRlbnRcL3VwbG9hZHNcLzIwMjZcLzA0XC82NTc1NTU0MzdfMTM1OTI4MjkzNjIzMjI3OF80MjI0NDQ4NDI0NDg3MTc0NzFfbi5qcGciLCJzbGlkZXNob3ciOiJiZTBhMGVkIn0%3D\" href=\"https:\/\/ocaru.org.ec\/wp-content\/uploads\/2026\/04\/657555437_1359282936232278_422444842448717471_n-768x432.jpg\"><img decoding=\"async\" src=\"https:\/\/ocaru.org.ec\/wp-content\/uploads\/2026\/04\/657555437_1359282936232278_422444842448717471_n-768x432.jpg\" alt=\"\"><\/a>\t\t\t<\/div>\n\t\t\t\t\t\t\t\t<div class=\"pp-card-slider-content-wrap\">\n\t\t\t\t\t\t\t\t\t<div class=\"pp-card-slider-date\">\n\t\t\t\t\t\t\t\t\t<span class=\"pp-card-slider-meta-icon pp-icon\">\n\t\t\t\t\t\t<i aria-hidden=\"true\" class=\"fas fa-calendar-alt\"><\/i>\t\t\t\t\t<\/span>\n\t\t\t\t\t\t\t\t<span class=\"pp-card-slider-meta-text\">\n\t\t\t\t\tApril 23, 2026\t\t\t\t<\/span>\n\t\t\t<\/div>\n\t\t\t\t\t\t\t\t\t\t\t\t\t\t\t\t<h2 class=\"pp-card-slider-title\">\n\t\t\t\t\t\t\t\t<a href=\"https:\/\/ocaru.org.ec\/en\/el-ocaru-y-la-sandia-digital-destacan-el-papel-crucial-de-las-mujeres-rurales-y-la-comunicacion-politica\/\">El OCARU y La Sand\u00eda Digital destacan el papel crucial de las mujeres rurales y la comunicaci\u00f3n pol\u00edtica<\/a>\t\t\t\t\t\t\t<\/h2>\n\t\t\t\t\t\t\n\t\t\t\t\t\t\t\t\t<div class=\"pp-card-slider-meta\">\n\t\t\t\t\t\t\t\t\t<span class=\"pp-content-author\">\n\t\t\t\t\t\t\t\t\t\t\t\t\t<span class=\"pp-card-slider-meta-icon pp-icon\">\n\t\t\t\t\t\t\t\t<i aria-hidden=\"true\" class=\"fas fa-user\"><\/i>\t\t\t\t\t\t\t<\/span>\n\t\t\t\t\t\t\t\t\t\t\t\t<span class=\"pp-card-slider-meta-text\">\n\t\t\t\t\t\t\tGabriela Vanegas Carrera\t\t\t\t\t\t<\/span>\n\t\t\t\t\t<\/span>\n\t\t\t\t  \n\t\t\t\t\t\t\t\t\t<span class=\"pp-post-category\">\n\t\t\t\t\t\t\t\t\t\t\t\t\t<span class=\"pp-card-slider-meta-icon pp-icon\">\n\t\t\t\t\t\t\t\t<i aria-hidden=\"true\" class=\"fas fa-folder-open\"><\/i>\t\t\t\t\t\t\t<\/span>\n\t\t\t\t\t\t\t\t\t\t\t\t<span class=\"pp-card-slider-meta-text\">\n\t\t\t\t\t\t\tActualidad\t\t\t\t\t\t<\/span>\n\t\t\t\t\t<\/span>\n\t\t\t\t  \n\t\t\t<\/div>\n\t\t\t\n\t\t\t\t\t\t\t\t\t\t\t\t\t\t\t\t\t<\/div>\n\t\t\t\t<\/div>\n\t\t\t\t\t\t\t\t<div class=\"pp-card-slider-item swiper-slide pp-card-slider-item-1\">\n\t\t\t\t\t\t\t\t\t\t\t\t\t<div class=\"pp-card-slider-image\">\n\t\t\t\t<a data-elementor-open-lightbox=\"yes\" data-elementor-lightbox-slideshow=\"be0a0ed\" data-elementor-lightbox-title=\"IMG_9398\" data-e-action-hash=\"#elementor-action%3Aaction%3Dlightbox%26settings%3DeyJpZCI6MjExMDQsInVybCI6Imh0dHBzOlwvXC9vY2FydS5vcmcuZWNcL3dwLWNvbnRlbnRcL3VwbG9hZHNcLzIwMjZcLzA0XC9JTUdfOTM5OC5qcGciLCJzbGlkZXNob3ciOiJiZTBhMGVkIn0%3D\" href=\"https:\/\/ocaru.org.ec\/wp-content\/uploads\/2026\/04\/IMG_9398-768x432.jpg\"><img decoding=\"async\" src=\"https:\/\/ocaru.org.ec\/wp-content\/uploads\/2026\/04\/IMG_9398-768x432.jpg\" alt=\"\"><\/a>\t\t\t<\/div>\n\t\t\t\t\t\t\t\t<div class=\"pp-card-slider-content-wrap\">\n\t\t\t\t\t\t\t\t\t<div class=\"pp-card-slider-date\">\n\t\t\t\t\t\t\t\t\t<span class=\"pp-card-slider-meta-icon pp-icon\">\n\t\t\t\t\t\t<i aria-hidden=\"true\" class=\"fas fa-calendar-alt\"><\/i>\t\t\t\t\t<\/span>\n\t\t\t\t\t\t\t\t<span class=\"pp-card-slider-meta-text\">\n\t\t\t\t\tApril 23, 2026\t\t\t\t<\/span>\n\t\t\t<\/div>\n\t\t\t\t\t\t\t\t\t\t\t\t\t\t\t\t<h2 class=\"pp-card-slider-title\">\n\t\t\t\t\t\t\t\t<a href=\"https:\/\/ocaru.org.ec\/en\/resultados-de-la-primera-fase-del-mapa-interactivo-de-experiencias-agroecologicas-ecuador\/\">Resultados de la primera fase del mapa interactivo de experiencias agroecol\u00f3gicas &#8211; Ecuador<\/a>\t\t\t\t\t\t\t<\/h2>\n\t\t\t\t\t\t\n\t\t\t\t\t\t\t\t\t<div class=\"pp-card-slider-meta\">\n\t\t\t\t\t\t\t\t\t<span class=\"pp-content-author\">\n\t\t\t\t\t\t\t\t\t\t\t\t\t<span class=\"pp-card-slider-meta-icon pp-icon\">\n\t\t\t\t\t\t\t\t<i aria-hidden=\"true\" class=\"fas fa-user\"><\/i>\t\t\t\t\t\t\t<\/span>\n\t\t\t\t\t\t\t\t\t\t\t\t<span class=\"pp-card-slider-meta-text\">\n\t\t\t\t\t\t\tGabriela Vanegas Carrera\t\t\t\t\t\t<\/span>\n\t\t\t\t\t<\/span>\n\t\t\t\t  \n\t\t\t\t\t\t\t\t\t<span class=\"pp-post-category\">\n\t\t\t\t\t\t\t\t\t\t\t\t\t<span class=\"pp-card-slider-meta-icon pp-icon\">\n\t\t\t\t\t\t\t\t<i aria-hidden=\"true\" class=\"fas fa-folder-open\"><\/i>\t\t\t\t\t\t\t<\/span>\n\t\t\t\t\t\t\t\t\t\t\t\t<span class=\"pp-card-slider-meta-text\">\n\t\t\t\t\t\t\tActualidad\t\t\t\t\t\t<\/span>\n\t\t\t\t\t<\/span>\n\t\t\t\t  \n\t\t\t<\/div>\n\t\t\t\n\t\t\t\t\t\t\t\t\t\t\t\t\t\t\t\t\t<\/div>\n\t\t\t\t<\/div>\n\t\t\t\t\t\t\t\t<div class=\"pp-card-slider-item swiper-slide pp-card-slider-item-2\">\n\t\t\t\t\t\t\t\t\t\t\t\t\t<div class=\"pp-card-slider-image\">\n\t\t\t\t<a data-elementor-open-lightbox=\"yes\" data-elementor-lightbox-slideshow=\"be0a0ed\" data-elementor-lightbox-title=\"656533182_1421976049957131_5145742305313383296_n\" data-e-action-hash=\"#elementor-action%3Aaction%3Dlightbox%26settings%3DeyJpZCI6MjEwOTMsInVybCI6Imh0dHBzOlwvXC9vY2FydS5vcmcuZWNcL3dwLWNvbnRlbnRcL3VwbG9hZHNcLzIwMjZcLzA0XC82NTY1MzMxODJfMTQyMTk3NjA0OTk1NzEzMV81MTQ1NzQyMzA1MzEzMzgzMjk2X24uanBnIiwic2xpZGVzaG93IjoiYmUwYTBlZCJ9\" href=\"https:\/\/ocaru.org.ec\/wp-content\/uploads\/2026\/04\/656533182_1421976049957131_5145742305313383296_n-768x512.jpg\"><img decoding=\"async\" src=\"https:\/\/ocaru.org.ec\/wp-content\/uploads\/2026\/04\/656533182_1421976049957131_5145742305313383296_n-768x512.jpg\" alt=\"\"><\/a>\t\t\t<\/div>\n\t\t\t\t\t\t\t\t<div class=\"pp-card-slider-content-wrap\">\n\t\t\t\t\t\t\t\t\t<div class=\"pp-card-slider-date\">\n\t\t\t\t\t\t\t\t\t<span class=\"pp-card-slider-meta-icon pp-icon\">\n\t\t\t\t\t\t<i aria-hidden=\"true\" class=\"fas fa-calendar-alt\"><\/i>\t\t\t\t\t<\/span>\n\t\t\t\t\t\t\t\t<span class=\"pp-card-slider-meta-text\">\n\t\t\t\t\tApril 16, 2026\t\t\t\t<\/span>\n\t\t\t<\/div>\n\t\t\t\t\t\t\t\t\t\t\t\t\t\t\t\t<h2 class=\"pp-card-slider-title\">\n\t\t\t\t\t\t\t\t<a href=\"https:\/\/ocaru.org.ec\/en\/aportes-a-los-indicadores-de-soberania-alimentaria-en-ecuadorpor-que-es-importante-debatir\/\">Aportes a los indicadores de Soberan\u00eda Alimentaria en Ecuador<\/br> \u00bfPor qu\u00e9 es importante seguirlos debatiendo?<\/a>\t\t\t\t\t\t\t<\/h2>\n\t\t\t\t\t\t\n\t\t\t\t\t\t\t\t\t<div class=\"pp-card-slider-meta\">\n\t\t\t\t\t\t\t\t\t<span class=\"pp-content-author\">\n\t\t\t\t\t\t\t\t\t\t\t\t\t<span class=\"pp-card-slider-meta-icon pp-icon\">\n\t\t\t\t\t\t\t\t<i aria-hidden=\"true\" class=\"fas fa-user\"><\/i>\t\t\t\t\t\t\t<\/span>\n\t\t\t\t\t\t\t\t\t\t\t\t<span class=\"pp-card-slider-meta-text\">\n\t\t\t\t\t\t\tDavid Singa\u00f1a Tapia\t\t\t\t\t\t<\/span>\n\t\t\t\t\t<\/span>\n\t\t\t\t  \n\t\t\t\t\t\t\t\t\t<span class=\"pp-post-category\">\n\t\t\t\t\t\t\t\t\t\t\t\t\t<span class=\"pp-card-slider-meta-icon pp-icon\">\n\t\t\t\t\t\t\t\t<i aria-hidden=\"true\" class=\"fas fa-folder-open\"><\/i>\t\t\t\t\t\t\t<\/span>\n\t\t\t\t\t\t\t\t\t\t\t\t<span class=\"pp-card-slider-meta-text\">\n\t\t\t\t\t\t\tEconom\u00eda\t\t\t\t\t\t<\/span>\n\t\t\t\t\t<\/span>\n\t\t\t\t  \n\t\t\t<\/div>\n\t\t\t\n\t\t\t\t\t\t\t\t\t\t\t\t\t\t\t\t\t<\/div>\n\t\t\t\t<\/div>\n\t\t\t\t\t\t\t\t<div class=\"pp-card-slider-item swiper-slide pp-card-slider-item-3\">\n\t\t\t\t\t\t\t\t\t\t\t\t\t<div class=\"pp-card-slider-image\">\n\t\t\t\t<a data-elementor-open-lightbox=\"yes\" data-elementor-lightbox-slideshow=\"be0a0ed\" data-elementor-lightbox-title=\"Teal Modern ChatBot AI Presentation\" data-e-action-hash=\"#elementor-action%3Aaction%3Dlightbox%26settings%3DeyJpZCI6MjEwMDEsInVybCI6Imh0dHBzOlwvXC9vY2FydS5vcmcuZWNcL3dwLWNvbnRlbnRcL3VwbG9hZHNcLzIwMjZcLzA0XC9UZWFsLU1vZGVybi1DaGF0Qm90LUFJLVByZXNlbnRhdGlvbi5qcGciLCJzbGlkZXNob3ciOiJiZTBhMGVkIn0%3D\" href=\"https:\/\/ocaru.org.ec\/wp-content\/uploads\/2026\/04\/Teal-Modern-ChatBot-AI-Presentation-768x432.jpg\"><img decoding=\"async\" src=\"https:\/\/ocaru.org.ec\/wp-content\/uploads\/2026\/04\/Teal-Modern-ChatBot-AI-Presentation-768x432.jpg\" alt=\"\"><\/a>\t\t\t<\/div>\n\t\t\t\t\t\t\t\t<div class=\"pp-card-slider-content-wrap\">\n\t\t\t\t\t\t\t\t\t<div class=\"pp-card-slider-date\">\n\t\t\t\t\t\t\t\t\t<span class=\"pp-card-slider-meta-icon pp-icon\">\n\t\t\t\t\t\t<i aria-hidden=\"true\" class=\"fas fa-calendar-alt\"><\/i>\t\t\t\t\t<\/span>\n\t\t\t\t\t\t\t\t<span class=\"pp-card-slider-meta-text\">\n\t\t\t\t\tApril 8, 2026\t\t\t\t<\/span>\n\t\t\t<\/div>\n\t\t\t\t\t\t\t\t\t\t\t\t\t\t\t\t<h2 class=\"pp-card-slider-title\">\n\t\t\t\t\t\t\t\t<a href=\"https:\/\/ocaru.org.ec\/en\/abrir-las-puertas-para-unos-pocos-que-pasa-con-los-tratados-de-libre-comercio-en-ecuador\/\">Abrir las puertas para unos pocos: \u00bfQu\u00e9 pasa con los Tratados de Libre Comercio en Ecuador?<\/a>\t\t\t\t\t\t\t<\/h2>\n\t\t\t\t\t\t\n\t\t\t\t\t\t\t\t\t<div class=\"pp-card-slider-meta\">\n\t\t\t\t\t\t\t\t\t<span class=\"pp-content-author\">\n\t\t\t\t\t\t\t\t\t\t\t\t\t<span class=\"pp-card-slider-meta-icon pp-icon\">\n\t\t\t\t\t\t\t\t<i aria-hidden=\"true\" class=\"fas fa-user\"><\/i>\t\t\t\t\t\t\t<\/span>\n\t\t\t\t\t\t\t\t\t\t\t\t<span class=\"pp-card-slider-meta-text\">\n\t\t\t\t\t\t\tDavid Singa\u00f1a Tapia\t\t\t\t\t\t<\/span>\n\t\t\t\t\t<\/span>\n\t\t\t\t  \n\t\t\t\t\t\t\t\t\t<span class=\"pp-post-category\">\n\t\t\t\t\t\t\t\t\t\t\t\t\t<span class=\"pp-card-slider-meta-icon pp-icon\">\n\t\t\t\t\t\t\t\t<i aria-hidden=\"true\" class=\"fas fa-folder-open\"><\/i>\t\t\t\t\t\t\t<\/span>\n\t\t\t\t\t\t\t\t\t\t\t\t<span class=\"pp-card-slider-meta-text\">\n\t\t\t\t\t\t\tEconom\u00eda\t\t\t\t\t\t<\/span>\n\t\t\t\t\t<\/span>\n\t\t\t\t  \n\t\t\t<\/div>\n\t\t\t\n\t\t\t\t\t\t\t\t\t\t\t\t\t\t\t\t\t<\/div>\n\t\t\t\t<\/div>\n\t\t\t\t\t\t\t\t<div class=\"pp-card-slider-item swiper-slide pp-card-slider-item-4\">\n\t\t\t\t\t\t\t\t\t\t\t\t\t<div class=\"pp-card-slider-image\">\n\t\t\t\t<a data-elementor-open-lightbox=\"yes\" data-elementor-lightbox-slideshow=\"be0a0ed\" data-elementor-lightbox-title=\"IMG_20221216_103746_342\" data-e-action-hash=\"#elementor-action%3Aaction%3Dlightbox%26settings%3DeyJpZCI6MjA5MzgsInVybCI6Imh0dHBzOlwvXC9vY2FydS5vcmcuZWNcL3dwLWNvbnRlbnRcL3VwbG9hZHNcLzIwMjZcLzAzXC9JTUdfMjAyMjEyMTZfMTAzNzQ2XzM0Mi0xLXNjYWxlZC5qcGciLCJzbGlkZXNob3ciOiJiZTBhMGVkIn0%3D\" href=\"https:\/\/ocaru.org.ec\/wp-content\/uploads\/2026\/03\/IMG_20221216_103746_342-1-768x560.jpg\"><img decoding=\"async\" src=\"https:\/\/ocaru.org.ec\/wp-content\/uploads\/2026\/03\/IMG_20221216_103746_342-1-768x560.jpg\" alt=\"\"><\/a>\t\t\t<\/div>\n\t\t\t\t\t\t\t\t<div class=\"pp-card-slider-content-wrap\">\n\t\t\t\t\t\t\t\t\t<div class=\"pp-card-slider-date\">\n\t\t\t\t\t\t\t\t\t<span class=\"pp-card-slider-meta-icon pp-icon\">\n\t\t\t\t\t\t<i aria-hidden=\"true\" class=\"fas fa-calendar-alt\"><\/i>\t\t\t\t\t<\/span>\n\t\t\t\t\t\t\t\t<span class=\"pp-card-slider-meta-text\">\n\t\t\t\t\tMarch 27, 2026\t\t\t\t<\/span>\n\t\t\t<\/div>\n\t\t\t\t\t\t\t\t\t\t\t\t\t\t\t\t<h2 class=\"pp-card-slider-title\">\n\t\t\t\t\t\t\t\t<a href=\"https:\/\/ocaru.org.ec\/en\/no-se-dice-el-oriente-esto-es-la-amazonia-en-memoria-de-luis-yanza\/\">\u201cNo se dice el oriente, esto es la Amazon\u00eda\u201d. <\/br> En memoria de Luis Yanza<\/a>\t\t\t\t\t\t\t<\/h2>\n\t\t\t\t\t\t\n\t\t\t\t\t\t\t\t\t<div class=\"pp-card-slider-meta\">\n\t\t\t\t\t\t\t\t\t<span class=\"pp-content-author\">\n\t\t\t\t\t\t\t\t\t\t\t\t\t<span class=\"pp-card-slider-meta-icon pp-icon\">\n\t\t\t\t\t\t\t\t<i aria-hidden=\"true\" class=\"fas fa-user\"><\/i>\t\t\t\t\t\t\t<\/span>\n\t\t\t\t\t\t\t\t\t\t\t\t<span class=\"pp-card-slider-meta-text\">\n\t\t\t\t\t\t\tDavid Singa\u00f1a Tapia\t\t\t\t\t\t<\/span>\n\t\t\t\t\t<\/span>\n\t\t\t\t  \n\t\t\t\t\t\t\t\t\t<span class=\"pp-post-category\">\n\t\t\t\t\t\t\t\t\t\t\t\t\t<span class=\"pp-card-slider-meta-icon pp-icon\">\n\t\t\t\t\t\t\t\t<i aria-hidden=\"true\" class=\"fas fa-folder-open\"><\/i>\t\t\t\t\t\t\t<\/span>\n\t\t\t\t\t\t\t\t\t\t\t\t<span class=\"pp-card-slider-meta-text\">\n\t\t\t\t\t\t\tOpini\u00f3n\t\t\t\t\t\t<\/span>\n\t\t\t\t\t<\/span>\n\t\t\t\t  \n\t\t\t<\/div>\n\t\t\t\n\t\t\t\t\t\t\t\t\t\t\t\t\t\t\t\t\t<\/div>\n\t\t\t\t<\/div>\n\t\t\t\t\t\t\t\t<div class=\"pp-card-slider-item swiper-slide pp-card-slider-item-5\">\n\t\t\t\t\t\t\t\t\t\t\t\t\t<div class=\"pp-card-slider-image\">\n\t\t\t\t<a data-elementor-open-lightbox=\"yes\" data-elementor-lightbox-slideshow=\"be0a0ed\" data-elementor-lightbox-title=\"Blue Modern Ocean Presentation (2)\" data-e-action-hash=\"#elementor-action%3Aaction%3Dlightbox%26settings%3DeyJpZCI6MjA4ODEsInVybCI6Imh0dHBzOlwvXC9vY2FydS5vcmcuZWNcL3dwLWNvbnRlbnRcL3VwbG9hZHNcLzIwMjZcLzAzXC9CbHVlLU1vZGVybi1PY2Vhbi1QcmVzZW50YXRpb24tMi5qcGciLCJzbGlkZXNob3ciOiJiZTBhMGVkIn0%3D\" href=\"https:\/\/ocaru.org.ec\/wp-content\/uploads\/2026\/03\/Blue-Modern-Ocean-Presentation-2-768x432.jpg\"><img decoding=\"async\" src=\"https:\/\/ocaru.org.ec\/wp-content\/uploads\/2026\/03\/Blue-Modern-Ocean-Presentation-2-768x432.jpg\" alt=\"\"><\/a>\t\t\t<\/div>\n\t\t\t\t\t\t\t\t<div class=\"pp-card-slider-content-wrap\">\n\t\t\t\t\t\t\t\t\t<div class=\"pp-card-slider-date\">\n\t\t\t\t\t\t\t\t\t<span class=\"pp-card-slider-meta-icon pp-icon\">\n\t\t\t\t\t\t<i aria-hidden=\"true\" class=\"fas fa-calendar-alt\"><\/i>\t\t\t\t\t<\/span>\n\t\t\t\t\t\t\t\t<span class=\"pp-card-slider-meta-text\">\n\t\t\t\t\tMarch 17, 2026\t\t\t\t<\/span>\n\t\t\t<\/div>\n\t\t\t\t\t\t\t\t\t\t\t\t\t\t\t\t<h2 class=\"pp-card-slider-title\">\n\t\t\t\t\t\t\t\t<a href=\"https:\/\/ocaru.org.ec\/en\/la-mirada-en-lo-externo-y-la-desidia-en-lo-interno-ecuador-exportador\/\">La mirada en lo externo, y la desidia en lo interno: Ecuador exportador.<\/a>\t\t\t\t\t\t\t<\/h2>\n\t\t\t\t\t\t\n\t\t\t\t\t\t\t\t\t<div class=\"pp-card-slider-meta\">\n\t\t\t\t\t\t\t\t\t<span class=\"pp-content-author\">\n\t\t\t\t\t\t\t\t\t\t\t\t\t<span class=\"pp-card-slider-meta-icon pp-icon\">\n\t\t\t\t\t\t\t\t<i aria-hidden=\"true\" class=\"fas fa-user\"><\/i>\t\t\t\t\t\t\t<\/span>\n\t\t\t\t\t\t\t\t\t\t\t\t<span class=\"pp-card-slider-meta-text\">\n\t\t\t\t\t\t\tDavid Singa\u00f1a Tapia\t\t\t\t\t\t<\/span>\n\t\t\t\t\t<\/span>\n\t\t\t\t  \n\t\t\t\t\t\t\t\t\t<span class=\"pp-post-category\">\n\t\t\t\t\t\t\t\t\t\t\t\t\t<span class=\"pp-card-slider-meta-icon pp-icon\">\n\t\t\t\t\t\t\t\t<i aria-hidden=\"true\" class=\"fas fa-folder-open\"><\/i>\t\t\t\t\t\t\t<\/span>\n\t\t\t\t\t\t\t\t\t\t\t\t<span class=\"pp-card-slider-meta-text\">\n\t\t\t\t\t\t\tEconom\u00eda\t\t\t\t\t\t<\/span>\n\t\t\t\t\t<\/span>\n\t\t\t\t  \n\t\t\t<\/div>\n\t\t\t\n\t\t\t\t\t\t\t\t\t\t\t\t\t\t\t\t\t<\/div>\n\t\t\t\t<\/div>\n\t\t\t\t\t\t\t\t<div class=\"pp-card-slider-item swiper-slide pp-card-slider-item-6\">\n\t\t\t\t\t\t\t\t\t\t\t\t\t<div class=\"pp-card-slider-image\">\n\t\t\t\t<a data-elementor-open-lightbox=\"yes\" data-elementor-lightbox-slideshow=\"be0a0ed\" data-elementor-lightbox-title=\"Blue Modern Ocean Presentation (1)\" data-e-action-hash=\"#elementor-action%3Aaction%3Dlightbox%26settings%3DeyJpZCI6MjA3OTQsInVybCI6Imh0dHBzOlwvXC9vY2FydS5vcmcuZWNcL3dwLWNvbnRlbnRcL3VwbG9hZHNcLzIwMjZcLzAzXC9CbHVlLU1vZGVybi1PY2Vhbi1QcmVzZW50YXRpb24tMS5qcGciLCJzbGlkZXNob3ciOiJiZTBhMGVkIn0%3D\" href=\"https:\/\/ocaru.org.ec\/wp-content\/uploads\/2026\/03\/Blue-Modern-Ocean-Presentation-1-768x432.jpg\"><img decoding=\"async\" src=\"https:\/\/ocaru.org.ec\/wp-content\/uploads\/2026\/03\/Blue-Modern-Ocean-Presentation-1-768x432.jpg\" alt=\"\"><\/a>\t\t\t<\/div>\n\t\t\t\t\t\t\t\t<div class=\"pp-card-slider-content-wrap\">\n\t\t\t\t\t\t\t\t\t<div class=\"pp-card-slider-date\">\n\t\t\t\t\t\t\t\t\t<span class=\"pp-card-slider-meta-icon pp-icon\">\n\t\t\t\t\t\t<i aria-hidden=\"true\" class=\"fas fa-calendar-alt\"><\/i>\t\t\t\t\t<\/span>\n\t\t\t\t\t\t\t\t<span class=\"pp-card-slider-meta-text\">\n\t\t\t\t\tMarch 3, 2026\t\t\t\t<\/span>\n\t\t\t<\/div>\n\t\t\t\t\t\t\t\t\t\t\t\t\t\t\t\t<h2 class=\"pp-card-slider-title\">\n\t\t\t\t\t\t\t\t<a href=\"https:\/\/ocaru.org.ec\/en\/guayas-como-cristalizacion-del-regimen-alimentario-corporativo-resultados-del-censo-2025\/\">Guayas como cristalizaci\u00f3n del r\u00e9gimen alimentario corporativo: Resultados del Censo 2025<\/a>\t\t\t\t\t\t\t<\/h2>\n\t\t\t\t\t\t\n\t\t\t\t\t\t\t\t\t<div class=\"pp-card-slider-meta\">\n\t\t\t\t\t\t\t\t\t<span class=\"pp-content-author\">\n\t\t\t\t\t\t\t\t\t\t\t\t\t<span class=\"pp-card-slider-meta-icon pp-icon\">\n\t\t\t\t\t\t\t\t<i aria-hidden=\"true\" class=\"fas fa-user\"><\/i>\t\t\t\t\t\t\t<\/span>\n\t\t\t\t\t\t\t\t\t\t\t\t<span class=\"pp-card-slider-meta-text\">\n\t\t\t\t\t\t\tDavid Singa\u00f1a Tapia\t\t\t\t\t\t<\/span>\n\t\t\t\t\t<\/span>\n\t\t\t\t  \n\t\t\t\t\t\t\t\t\t<span class=\"pp-post-category\">\n\t\t\t\t\t\t\t\t\t\t\t\t\t<span class=\"pp-card-slider-meta-icon pp-icon\">\n\t\t\t\t\t\t\t\t<i aria-hidden=\"true\" class=\"fas fa-folder-open\"><\/i>\t\t\t\t\t\t\t<\/span>\n\t\t\t\t\t\t\t\t\t\t\t\t<span class=\"pp-card-slider-meta-text\">\n\t\t\t\t\t\t\tEconom\u00eda\t\t\t\t\t\t<\/span>\n\t\t\t\t\t<\/span>\n\t\t\t\t  \n\t\t\t<\/div>\n\t\t\t\n\t\t\t\t\t\t\t\t\t\t\t\t\t\t\t\t\t<\/div>\n\t\t\t\t<\/div>\n\t\t\t\t\t\t\t\t<div class=\"pp-card-slider-item swiper-slide pp-card-slider-item-7\">\n\t\t\t\t\t\t\t\t\t\t\t\t\t<div class=\"pp-card-slider-image\">\n\t\t\t\t<a data-elementor-open-lightbox=\"yes\" data-elementor-lightbox-slideshow=\"be0a0ed\" data-elementor-lightbox-title=\"Disen\u0303o sin ti\u0301tulo\" data-e-action-hash=\"#elementor-action%3Aaction%3Dlightbox%26settings%3DeyJpZCI6MjA3MDcsInVybCI6Imh0dHBzOlwvXC9vY2FydS5vcmcuZWNcL3dwLWNvbnRlbnRcL3VwbG9hZHNcLzIwMjZcLzAyXC9EaXNlbm8tc2luLXRpdHVsby5qcGciLCJzbGlkZXNob3ciOiJiZTBhMGVkIn0%3D\" href=\"https:\/\/ocaru.org.ec\/wp-content\/uploads\/2026\/02\/Diseno-sin-titulo-768x576.jpg\"><img decoding=\"async\" src=\"https:\/\/ocaru.org.ec\/wp-content\/uploads\/2026\/02\/Diseno-sin-titulo-768x576.jpg\" alt=\"\"><\/a>\t\t\t<\/div>\n\t\t\t\t\t\t\t\t<div class=\"pp-card-slider-content-wrap\">\n\t\t\t\t\t\t\t\t\t<div class=\"pp-card-slider-date\">\n\t\t\t\t\t\t\t\t\t<span class=\"pp-card-slider-meta-icon pp-icon\">\n\t\t\t\t\t\t<i aria-hidden=\"true\" class=\"fas fa-calendar-alt\"><\/i>\t\t\t\t\t<\/span>\n\t\t\t\t\t\t\t\t<span class=\"pp-card-slider-meta-text\">\n\t\t\t\t\tFebruary 19, 2026\t\t\t\t<\/span>\n\t\t\t<\/div>\n\t\t\t\t\t\t\t\t\t\t\t\t\t\t\t\t<h2 class=\"pp-card-slider-title\">\n\t\t\t\t\t\t\t\t<a href=\"https:\/\/ocaru.org.ec\/en\/entre-saberes-y-juventudes-la-nueva-imagen-del-ocaru-para-una-realidad-diversa\/\">Entre saberes y juventudes: La nueva imagen del OCARU para una realidad diversa<\/a>\t\t\t\t\t\t\t<\/h2>\n\t\t\t\t\t\t\n\t\t\t\t\t\t\t\t\t<div class=\"pp-card-slider-meta\">\n\t\t\t\t\t\t\t\t\t<span class=\"pp-content-author\">\n\t\t\t\t\t\t\t\t\t\t\t\t\t<span class=\"pp-card-slider-meta-icon pp-icon\">\n\t\t\t\t\t\t\t\t<i aria-hidden=\"true\" class=\"fas fa-user\"><\/i>\t\t\t\t\t\t\t<\/span>\n\t\t\t\t\t\t\t\t\t\t\t\t<span class=\"pp-card-slider-meta-text\">\n\t\t\t\t\t\t\tGabriela Vanegas Carrera\t\t\t\t\t\t<\/span>\n\t\t\t\t\t<\/span>\n\t\t\t\t  \n\t\t\t\t\t\t\t\t\t<span class=\"pp-post-category\">\n\t\t\t\t\t\t\t\t\t\t\t\t\t<span class=\"pp-card-slider-meta-icon pp-icon\">\n\t\t\t\t\t\t\t\t<i aria-hidden=\"true\" class=\"fas fa-folder-open\"><\/i>\t\t\t\t\t\t\t<\/span>\n\t\t\t\t\t\t\t\t\t\t\t\t<span class=\"pp-card-slider-meta-text\">\n\t\t\t\t\t\t\tActualidad\t\t\t\t\t\t<\/span>\n\t\t\t\t\t<\/span>\n\t\t\t\t  \n\t\t\t<\/div>\n\t\t\t\n\t\t\t\t\t\t\t\t\t\t\t\t\t\t\t\t\t<\/div>\n\t\t\t\t<\/div>\n\t\t\t\t\t\t\t\t<div class=\"pp-card-slider-item swiper-slide pp-card-slider-item-8\">\n\t\t\t\t\t\t\t\t\t\t\t\t\t<div class=\"pp-card-slider-image\">\n\t\t\t\t<a data-elementor-open-lightbox=\"yes\" data-elementor-lightbox-slideshow=\"be0a0ed\" data-elementor-lightbox-title=\"Blue Modern Ocean Presentation\" data-e-action-hash=\"#elementor-action%3Aaction%3Dlightbox%26settings%3DeyJpZCI6MjA1NzYsInVybCI6Imh0dHBzOlwvXC9vY2FydS5vcmcuZWNcL3dwLWNvbnRlbnRcL3VwbG9hZHNcLzIwMjZcLzAyXC9CbHVlLU1vZGVybi1PY2Vhbi1QcmVzZW50YXRpb24uanBnIiwic2xpZGVzaG93IjoiYmUwYTBlZCJ9\" href=\"https:\/\/ocaru.org.ec\/wp-content\/uploads\/2026\/02\/Blue-Modern-Ocean-Presentation-768x432.jpg\"><img decoding=\"async\" src=\"https:\/\/ocaru.org.ec\/wp-content\/uploads\/2026\/02\/Blue-Modern-Ocean-Presentation-768x432.jpg\" alt=\"\"><\/a>\t\t\t<\/div>\n\t\t\t\t\t\t\t\t<div class=\"pp-card-slider-content-wrap\">\n\t\t\t\t\t\t\t\t\t<div class=\"pp-card-slider-date\">\n\t\t\t\t\t\t\t\t\t<span class=\"pp-card-slider-meta-icon pp-icon\">\n\t\t\t\t\t\t<i aria-hidden=\"true\" class=\"fas fa-calendar-alt\"><\/i>\t\t\t\t\t<\/span>\n\t\t\t\t\t\t\t\t<span class=\"pp-card-slider-meta-text\">\n\t\t\t\t\tFebruary 12, 2026\t\t\t\t<\/span>\n\t\t\t<\/div>\n\t\t\t\t\t\t\t\t\t\t\t\t\t\t\t\t<h2 class=\"pp-card-slider-title\">\n\t\t\t\t\t\t\t\t<a href=\"https:\/\/ocaru.org.ec\/en\/de-la-lucha-arancelaria-a-los-territorios-rurales-que-pasa-con-los-aranceles-entre-colombia-y-ecuador\/\">De la lucha arancelaria a los territorios rurales:  \u00bfQu\u00e9 pasa con los aranceles entre Colombia y Ecuador?<\/a>\t\t\t\t\t\t\t<\/h2>\n\t\t\t\t\t\t\n\t\t\t\t\t\t\t\t\t<div class=\"pp-card-slider-meta\">\n\t\t\t\t\t\t\t\t\t<span class=\"pp-content-author\">\n\t\t\t\t\t\t\t\t\t\t\t\t\t<span class=\"pp-card-slider-meta-icon pp-icon\">\n\t\t\t\t\t\t\t\t<i aria-hidden=\"true\" class=\"fas fa-user\"><\/i>\t\t\t\t\t\t\t<\/span>\n\t\t\t\t\t\t\t\t\t\t\t\t<span class=\"pp-card-slider-meta-text\">\n\t\t\t\t\t\t\tDavid Singa\u00f1a Tapia\t\t\t\t\t\t<\/span>\n\t\t\t\t\t<\/span>\n\t\t\t\t  \n\t\t\t\t\t\t\t\t\t<span class=\"pp-post-category\">\n\t\t\t\t\t\t\t\t\t\t\t\t\t<span class=\"pp-card-slider-meta-icon pp-icon\">\n\t\t\t\t\t\t\t\t<i aria-hidden=\"true\" class=\"fas fa-folder-open\"><\/i>\t\t\t\t\t\t\t<\/span>\n\t\t\t\t\t\t\t\t\t\t\t\t<span class=\"pp-card-slider-meta-text\">\n\t\t\t\t\t\t\tOpini\u00f3n\t\t\t\t\t\t<\/span>\n\t\t\t\t\t<\/span>\n\t\t\t\t  \n\t\t\t<\/div>\n\t\t\t\n\t\t\t\t\t\t\t\t\t\t\t\t\t\t\t\t\t<\/div>\n\t\t\t\t<\/div>\n\t\t\t\t\t\t\t\t<div class=\"pp-card-slider-item swiper-slide pp-card-slider-item-9\">\n\t\t\t\t\t\t\t\t\t\t\t\t\t<div class=\"pp-card-slider-image\">\n\t\t\t\t<a data-elementor-open-lightbox=\"yes\" data-elementor-lightbox-slideshow=\"be0a0ed\" data-elementor-lightbox-title=\"IMG_1706\" data-e-action-hash=\"#elementor-action%3Aaction%3Dlightbox%26settings%3DeyJpZCI6MjAwMzksInVybCI6Imh0dHBzOlwvXC9vY2FydS5vcmcuZWNcL3dwLWNvbnRlbnRcL3VwbG9hZHNcLzIwMjVcLzExXC9JTUdfMTcwNi5qcGciLCJzbGlkZXNob3ciOiJiZTBhMGVkIn0%3D\" href=\"https:\/\/ocaru.org.ec\/wp-content\/uploads\/2025\/11\/IMG_1706-768x432.jpg\"><img decoding=\"async\" src=\"https:\/\/ocaru.org.ec\/wp-content\/uploads\/2025\/11\/IMG_1706-768x432.jpg\" alt=\"\"><\/a>\t\t\t<\/div>\n\t\t\t\t\t\t\t\t<div class=\"pp-card-slider-content-wrap\">\n\t\t\t\t\t\t\t\t\t<div class=\"pp-card-slider-date\">\n\t\t\t\t\t\t\t\t\t<span class=\"pp-card-slider-meta-icon pp-icon\">\n\t\t\t\t\t\t<i aria-hidden=\"true\" class=\"fas fa-calendar-alt\"><\/i>\t\t\t\t\t<\/span>\n\t\t\t\t\t\t\t\t<span class=\"pp-card-slider-meta-text\">\n\t\t\t\t\tNovember 23, 2025\t\t\t\t<\/span>\n\t\t\t<\/div>\n\t\t\t\t\t\t\t\t\t\t\t\t\t\t\t\t<h2 class=\"pp-card-slider-title\">\n\t\t\t\t\t\t\t\t<a href=\"https:\/\/ocaru.org.ec\/en\/mapeo-de-experiencias-agroecologicas-ecuador\/\">Ecuador lanza el Mapeo de Experiencias Agroecol\u00f3gicas <br> Mapea tu historia y sembremos transformaci\u00f3n<\/a>\t\t\t\t\t\t\t<\/h2>\n\t\t\t\t\t\t\n\t\t\t\t\t\t\t\t\t<div class=\"pp-card-slider-meta\">\n\t\t\t\t\t\t\t\t\t<span class=\"pp-content-author\">\n\t\t\t\t\t\t\t\t\t\t\t\t\t<span class=\"pp-card-slider-meta-icon pp-icon\">\n\t\t\t\t\t\t\t\t<i aria-hidden=\"true\" class=\"fas fa-user\"><\/i>\t\t\t\t\t\t\t<\/span>\n\t\t\t\t\t\t\t\t\t\t\t\t<span class=\"pp-card-slider-meta-text\">\n\t\t\t\t\t\t\tGabriela Vanegas Carrera\t\t\t\t\t\t<\/span>\n\t\t\t\t\t<\/span>\n\t\t\t\t  \n\t\t\t\t\t\t\t\t\t<span class=\"pp-post-category\">\n\t\t\t\t\t\t\t\t\t\t\t\t\t<span class=\"pp-card-slider-meta-icon pp-icon\">\n\t\t\t\t\t\t\t\t<i aria-hidden=\"true\" class=\"fas fa-folder-open\"><\/i>\t\t\t\t\t\t\t<\/span>\n\t\t\t\t\t\t\t\t\t\t\t\t<span class=\"pp-card-slider-meta-text\">\n\t\t\t\t\t\t\tActualidad\t\t\t\t\t\t<\/span>\n\t\t\t\t\t<\/span>\n\t\t\t\t  \n\t\t\t<\/div>\n\t\t\t\n\t\t\t\t\t\t\t\t\t\t\t\t\t\t\t\t\t<\/div>\n\t\t\t\t<\/div>\n\t\t\t\t\t\t\t<\/div>\n\t\t\t\t\t\t\t<div class=\"swiper-pagination swiper-pagination-be0a0ed\"><\/div>\n\t\t\t\t\t<\/div>\n\t\t\t\t\t\t<\/div>\n\t\t\t\t<\/div>\n\t\t\t\t\t<\/div>\n\t\t<\/div>\n\t\t\t\t\t<\/div>\n\t\t<\/section>\n\t\t\t\t<section class=\"elementor-section elementor-top-section elementor-element elementor-element-a47d51b elementor-section-boxed elementor-section-height-default elementor-section-height-default\" data-id=\"a47d51b\" data-element_type=\"section\" data-e-type=\"section\">\n\t\t\t\t\t\t<div class=\"elementor-container elementor-column-gap-default\">\n\t\t\t\t\t<div class=\"elementor-column elementor-col-100 elementor-top-column elementor-element elementor-element-3bd6fd6\" data-id=\"3bd6fd6\" data-element_type=\"column\" data-e-type=\"column\">\n\t\t\t<div class=\"elementor-widget-wrap elementor-element-populated\">\n\t\t\t\t\t\t<div class=\"elementor-element elementor-element-0538513 elementor-widget elementor-widget-heading\" data-id=\"0538513\" data-element_type=\"widget\" data-e-type=\"widget\" data-widget_type=\"heading.default\">\n\t\t\t\t<div class=\"elementor-widget-container\">\n\t\t\t\t\t<h4 class=\"elementor-heading-title elementor-size-default\">Compartir este art\u00edculo<\/h4>\t\t\t\t<\/div>\n\t\t\t\t<\/div>\n\t\t\t\t<div class=\"elementor-element elementor-element-d222c3d elementor-share-buttons--view-icon elementor-share-buttons--skin-minimal elementor-share-buttons--shape-circle elementor-share-buttons--color-custom elementor-grid-mobile-0 elementor-grid-0 elementor-widget elementor-widget-global elementor-global-9480 elementor-widget-mdp-sharinger-elementor\" data-id=\"d222c3d\" data-element_type=\"widget\" data-e-type=\"widget\" data-widget_type=\"mdp-sharinger-elementor.default\">\n\t\t\t\t<div class=\"elementor-widget-container\">\n\t\t\t\t\t        <div class=\"elementor-grid mdp-sharinger\">\n                            <div class=\"elementor-grid-item\">\n                    <div class=\"elementor-share-btn elementor-share-btn_facebook elementor-animation-pulse\" tabindex=\"0\" aria-label=\"Share on facebook\">\n                                                    <span class=\"elementor-share-btn__icon\">\n\t\t\t\t\t\t\t\t<i class=\"fab fa-facebook\" aria-hidden=\"true\"><\/i>\t\t\t\t\t\t\t<\/span>\n                                                                    <\/div>\n                <\/div>\n                                <div class=\"elementor-grid-item\">\n                    <div class=\"elementor-share-btn elementor-share-btn_twitter elementor-animation-pulse\" tabindex=\"0\" aria-label=\"Share on twitter\">\n                                                    <span class=\"elementor-share-btn__icon\">\n\t\t\t\t\t\t\t\t<i class=\"fab fa-twitter\" aria-hidden=\"true\"><\/i>\t\t\t\t\t\t\t<\/span>\n                                                                    <\/div>\n                <\/div>\n                                <div class=\"elementor-grid-item\">\n                    <div class=\"elementor-share-btn elementor-share-btn_linkedin elementor-animation-pulse\" tabindex=\"0\" aria-label=\"Share on linkedin\">\n                                                    <span class=\"elementor-share-btn__icon\">\n\t\t\t\t\t\t\t\t<i class=\"fab fa-linkedin\" aria-hidden=\"true\"><\/i>\t\t\t\t\t\t\t<\/span>\n                                                                    <\/div>\n                <\/div>\n                                <div class=\"elementor-grid-item\">\n                    <div class=\"elementor-share-btn elementor-share-btn_telegram elementor-animation-pulse\" tabindex=\"0\" aria-label=\"Share on telegram\">\n                                                    <span class=\"elementor-share-btn__icon\">\n\t\t\t\t\t\t\t\t<i class=\"fab fa-telegram\" aria-hidden=\"true\"><\/i>\t\t\t\t\t\t\t<\/span>\n                                                                    <\/div>\n                <\/div>\n                                <div class=\"elementor-grid-item\">\n                    <div class=\"elementor-share-btn elementor-share-btn_whatsapp elementor-animation-pulse\" tabindex=\"0\" aria-label=\"Share on whatsapp\">\n                                                    <span class=\"elementor-share-btn__icon\">\n\t\t\t\t\t\t\t\t<i class=\"fab fa-whatsapp\" aria-hidden=\"true\"><\/i>\t\t\t\t\t\t\t<\/span>\n                                                                    <\/div>\n                <\/div>\n                                <div class=\"elementor-grid-item\">\n                    <div class=\"elementor-share-btn elementor-share-btn_email elementor-animation-pulse\" tabindex=\"0\" aria-label=\"Share on email\">\n                                                    <span class=\"elementor-share-btn__icon\">\n\t\t\t\t\t\t\t\t<i class=\"fas fa-envelope\" aria-hidden=\"true\"><\/i>\t\t\t\t\t\t\t<\/span>\n                                                                    <\/div>\n                <\/div>\n                        <\/div>\n        \t\t\t\t<\/div>\n\t\t\t\t<\/div>\n\t\t\t\t\t<\/div>\n\t\t<\/div>\n\t\t\t\t\t<\/div>\n\t\t<\/section>\n\t\t\t\t<\/div>","protected":false},"excerpt":{"rendered":"<div class=\"tmnf_excerpt meta_deko\"><p>En un contexto de aprobaci\u00f3n del veto presidencial a la Ley de Semillas, donde se da paso al ingreso de los transg\u00e9nicos para la investigaci\u00f3n, el debate agrario re\u00fane a diferentes voces el pasado 14 de junio en FLACSO Ecuador .<\/p>\n<\/div>","protected":false},"author":15,"featured_media":11957,"comment_status":"closed","ping_status":"open","sticky":false,"template":"","format":"standard","meta":{"_mi_skip_tracking":false,"_monsterinsights_sitenote_active":false,"_monsterinsights_sitenote_note":"","_monsterinsights_sitenote_category":0,"footnotes":""},"categories":[84],"tags":[103],"class_list":["post-11956","post","type-post","status-publish","format-standard","has-post-thumbnail","hentry","category-actualidad","tag-noticias-rotativas"],"yoast_head":"<!-- This site is optimized with the Yoast SEO Premium plugin v24.8 (Yoast SEO v27.4) - https:\/\/yoast.com\/product\/yoast-seo-premium-wordpress\/ -->\n<title>\u00abLa Ley de Tierras se escribe en un contexto agresivo de paquetazo agrario\u00bb, Esteban Daza, IEE\/OCARU - Ocaru<\/title>\n<meta name=\"robots\" content=\"index, follow, max-snippet:-1, max-image-preview:large, max-video-preview:-1\" \/>\n<link rel=\"canonical\" href=\"https:\/\/ocaru.org.ec\/en\/la-ley-de-tierras-se-escribe-en-un-contexto-agresivo-de-paquetazo-agrario-esteban-daza-iee-ocaru\/\" \/>\n<meta property=\"og:locale\" content=\"en_US\" \/>\n<meta property=\"og:type\" content=\"article\" \/>\n<meta property=\"og:title\" content=\"\u00abLa Ley de Tierras se escribe en un contexto agresivo de paquetazo agrario\u00bb, Esteban Daza, IEE\/OCARU\" \/>\n<meta property=\"og:description\" content=\"En un contexto de aprobaci\u00f3n del veto presidencial a la Ley de Semillas, donde se da paso al ingreso de los transg\u00e9nicos para la investigaci\u00f3n, el debate agrario re\u00fane a diferentes voces el pasado 14 de junio en FLACSO Ecuador .\" \/>\n<meta property=\"og:url\" content=\"https:\/\/ocaru.org.ec\/en\/la-ley-de-tierras-se-escribe-en-un-contexto-agresivo-de-paquetazo-agrario-esteban-daza-iee-ocaru\/\" \/>\n<meta property=\"og:site_name\" content=\"Ocaru\" \/>\n<meta property=\"article:publisher\" content=\"https:\/\/www.facebook.com\/Ocaruec\/\" \/>\n<meta property=\"article:published_time\" content=\"2017-06-15T20:36:25+00:00\" \/>\n<meta property=\"article:modified_time\" content=\"2023-10-05T01:48:16+00:00\" \/>\n<meta property=\"og:image\" content=\"https:\/\/ocaru.org.ec\/wp-content\/uploads\/2023\/10\/mem4.jpg\" \/>\n\t<meta property=\"og:image:width\" content=\"600\" \/>\n\t<meta property=\"og:image:height\" content=\"421\" \/>\n\t<meta property=\"og:image:type\" content=\"image\/jpeg\" \/>\n<meta name=\"author\" content=\"Equipo OCARU\" \/>\n<script type=\"application\/ld+json\" class=\"yoast-schema-graph\">{\"@context\":\"https:\\\/\\\/schema.org\",\"@graph\":[{\"@type\":\"Article\",\"@id\":\"https:\\\/\\\/ocaru.org.ec\\\/la-ley-de-tierras-se-escribe-en-un-contexto-agresivo-de-paquetazo-agrario-esteban-daza-iee-ocaru\\\/#article\",\"isPartOf\":{\"@id\":\"https:\\\/\\\/ocaru.org.ec\\\/la-ley-de-tierras-se-escribe-en-un-contexto-agresivo-de-paquetazo-agrario-esteban-daza-iee-ocaru\\\/\"},\"author\":{\"name\":\"Equipo OCARU\",\"@id\":\"https:\\\/\\\/ocaru.org.ec\\\/#\\\/schema\\\/person\\\/90b45d0b1a5b0e27ed66ebbfcdeb3b7f\"},\"headline\":\"\u00abLa Ley de Tierras se escribe en un contexto agresivo de paquetazo agrario\u00bb, Esteban Daza, IEE\\\/OCARU\",\"datePublished\":\"2017-06-15T20:36:25+00:00\",\"dateModified\":\"2023-10-05T01:48:16+00:00\",\"mainEntityOfPage\":{\"@id\":\"https:\\\/\\\/ocaru.org.ec\\\/la-ley-de-tierras-se-escribe-en-un-contexto-agresivo-de-paquetazo-agrario-esteban-daza-iee-ocaru\\\/\"},\"wordCount\":902,\"publisher\":{\"@id\":\"https:\\\/\\\/ocaru.org.ec\\\/#organization\"},\"image\":{\"@id\":\"https:\\\/\\\/ocaru.org.ec\\\/la-ley-de-tierras-se-escribe-en-un-contexto-agresivo-de-paquetazo-agrario-esteban-daza-iee-ocaru\\\/#primaryimage\"},\"thumbnailUrl\":\"https:\\\/\\\/ocaru.org.ec\\\/wp-content\\\/uploads\\\/2023\\\/10\\\/mem4.jpg\",\"keywords\":[\"Noticias Rotativas\"],\"articleSection\":[\"Actualidad\"],\"inLanguage\":\"en-US\"},{\"@type\":\"WebPage\",\"@id\":\"https:\\\/\\\/ocaru.org.ec\\\/la-ley-de-tierras-se-escribe-en-un-contexto-agresivo-de-paquetazo-agrario-esteban-daza-iee-ocaru\\\/\",\"url\":\"https:\\\/\\\/ocaru.org.ec\\\/la-ley-de-tierras-se-escribe-en-un-contexto-agresivo-de-paquetazo-agrario-esteban-daza-iee-ocaru\\\/\",\"name\":\"\u00abLa Ley de Tierras se escribe en un contexto agresivo de paquetazo agrario\u00bb, Esteban Daza, IEE\\\/OCARU - Ocaru\",\"isPartOf\":{\"@id\":\"https:\\\/\\\/ocaru.org.ec\\\/#website\"},\"primaryImageOfPage\":{\"@id\":\"https:\\\/\\\/ocaru.org.ec\\\/la-ley-de-tierras-se-escribe-en-un-contexto-agresivo-de-paquetazo-agrario-esteban-daza-iee-ocaru\\\/#primaryimage\"},\"image\":{\"@id\":\"https:\\\/\\\/ocaru.org.ec\\\/la-ley-de-tierras-se-escribe-en-un-contexto-agresivo-de-paquetazo-agrario-esteban-daza-iee-ocaru\\\/#primaryimage\"},\"thumbnailUrl\":\"https:\\\/\\\/ocaru.org.ec\\\/wp-content\\\/uploads\\\/2023\\\/10\\\/mem4.jpg\",\"datePublished\":\"2017-06-15T20:36:25+00:00\",\"dateModified\":\"2023-10-05T01:48:16+00:00\",\"breadcrumb\":{\"@id\":\"https:\\\/\\\/ocaru.org.ec\\\/la-ley-de-tierras-se-escribe-en-un-contexto-agresivo-de-paquetazo-agrario-esteban-daza-iee-ocaru\\\/#breadcrumb\"},\"inLanguage\":\"en-US\",\"potentialAction\":[{\"@type\":\"ReadAction\",\"target\":[\"https:\\\/\\\/ocaru.org.ec\\\/la-ley-de-tierras-se-escribe-en-un-contexto-agresivo-de-paquetazo-agrario-esteban-daza-iee-ocaru\\\/\"]}]},{\"@type\":\"ImageObject\",\"inLanguage\":\"en-US\",\"@id\":\"https:\\\/\\\/ocaru.org.ec\\\/la-ley-de-tierras-se-escribe-en-un-contexto-agresivo-de-paquetazo-agrario-esteban-daza-iee-ocaru\\\/#primaryimage\",\"url\":\"https:\\\/\\\/ocaru.org.ec\\\/wp-content\\\/uploads\\\/2023\\\/10\\\/mem4.jpg\",\"contentUrl\":\"https:\\\/\\\/ocaru.org.ec\\\/wp-content\\\/uploads\\\/2023\\\/10\\\/mem4.jpg\",\"width\":600,\"height\":421},{\"@type\":\"BreadcrumbList\",\"@id\":\"https:\\\/\\\/ocaru.org.ec\\\/la-ley-de-tierras-se-escribe-en-un-contexto-agresivo-de-paquetazo-agrario-esteban-daza-iee-ocaru\\\/#breadcrumb\",\"itemListElement\":[{\"@type\":\"ListItem\",\"position\":1,\"name\":\"Portada\",\"item\":\"https:\\\/\\\/ocaru.org.ec\\\/\"},{\"@type\":\"ListItem\",\"position\":2,\"name\":\"\u00abLa Ley de Tierras se escribe en un contexto agresivo de paquetazo agrario\u00bb, Esteban Daza, IEE\\\/OCARU\"}]},{\"@type\":\"WebSite\",\"@id\":\"https:\\\/\\\/ocaru.org.ec\\\/#website\",\"url\":\"https:\\\/\\\/ocaru.org.ec\\\/\",\"name\":\"Ocaru\",\"description\":\"Observatorio del Cambio Rural\",\"publisher\":{\"@id\":\"https:\\\/\\\/ocaru.org.ec\\\/#organization\"},\"potentialAction\":[{\"@type\":\"SearchAction\",\"target\":{\"@type\":\"EntryPoint\",\"urlTemplate\":\"https:\\\/\\\/ocaru.org.ec\\\/?s={search_term_string}\"},\"query-input\":{\"@type\":\"PropertyValueSpecification\",\"valueRequired\":true,\"valueName\":\"search_term_string\"}}],\"inLanguage\":\"en-US\"},{\"@type\":\"Organization\",\"@id\":\"https:\\\/\\\/ocaru.org.ec\\\/#organization\",\"name\":\"Ocaru\",\"url\":\"https:\\\/\\\/ocaru.org.ec\\\/\",\"logo\":{\"@type\":\"ImageObject\",\"inLanguage\":\"en-US\",\"@id\":\"https:\\\/\\\/ocaru.org.ec\\\/#\\\/schema\\\/logo\\\/image\\\/\",\"url\":\"https:\\\/\\\/ocaru.org.ec\\\/wp-content\\\/uploads\\\/2026\\\/02\\\/Logo-150-x-150-1.jpg\",\"contentUrl\":\"https:\\\/\\\/ocaru.org.ec\\\/wp-content\\\/uploads\\\/2026\\\/02\\\/Logo-150-x-150-1.jpg\",\"width\":150,\"height\":150,\"caption\":\"Ocaru\"},\"image\":{\"@id\":\"https:\\\/\\\/ocaru.org.ec\\\/#\\\/schema\\\/logo\\\/image\\\/\"},\"sameAs\":[\"https:\\\/\\\/www.facebook.com\\\/Ocaruec\\\/\",\"https:\\\/\\\/x.com\\\/OCARUEc\",\"https:\\\/\\\/www.instagram.com\\\/ocaru_ecuador\\\/\",\"https:\\\/\\\/www.youtube.com\\\/user\\\/CambioRuralEC\"]},{\"@type\":\"Person\",\"@id\":\"https:\\\/\\\/ocaru.org.ec\\\/#\\\/schema\\\/person\\\/90b45d0b1a5b0e27ed66ebbfcdeb3b7f\",\"name\":\"Equipo OCARU\",\"image\":{\"@type\":\"ImageObject\",\"inLanguage\":\"en-US\",\"@id\":\"https:\\\/\\\/secure.gravatar.com\\\/avatar\\\/6fc8d9021cfef3848dc756028babfce4b172a5cdf3ddaf65c90537c341847bba?s=96&d=mm&r=g\",\"url\":\"https:\\\/\\\/secure.gravatar.com\\\/avatar\\\/6fc8d9021cfef3848dc756028babfce4b172a5cdf3ddaf65c90537c341847bba?s=96&d=mm&r=g\",\"contentUrl\":\"https:\\\/\\\/secure.gravatar.com\\\/avatar\\\/6fc8d9021cfef3848dc756028babfce4b172a5cdf3ddaf65c90537c341847bba?s=96&d=mm&r=g\",\"caption\":\"Equipo OCARU\"},\"url\":\"https:\\\/\\\/ocaru.org.ec\\\/en\\\/author\\\/equipo-ocaru\\\/\"}]}<\/script>\n<!-- \/ Yoast SEO Premium plugin. -->","yoast_head_json":{"title":"\u00abLa Ley de Tierras se escribe en un contexto agresivo de paquetazo agrario\u00bb, Esteban Daza, IEE\/OCARU - Ocaru","robots":{"index":"index","follow":"follow","max-snippet":"max-snippet:-1","max-image-preview":"max-image-preview:large","max-video-preview":"max-video-preview:-1"},"canonical":"https:\/\/ocaru.org.ec\/en\/la-ley-de-tierras-se-escribe-en-un-contexto-agresivo-de-paquetazo-agrario-esteban-daza-iee-ocaru\/","og_locale":"en_US","og_type":"article","og_title":"\u00abLa Ley de Tierras se escribe en un contexto agresivo de paquetazo agrario\u00bb, Esteban Daza, IEE\/OCARU","og_description":"En un contexto de aprobaci\u00f3n del veto presidencial a la Ley de Semillas, donde se da paso al ingreso de los transg\u00e9nicos para la investigaci\u00f3n, el debate agrario re\u00fane a diferentes voces el pasado 14 de junio en FLACSO Ecuador .","og_url":"https:\/\/ocaru.org.ec\/en\/la-ley-de-tierras-se-escribe-en-un-contexto-agresivo-de-paquetazo-agrario-esteban-daza-iee-ocaru\/","og_site_name":"Ocaru","article_publisher":"https:\/\/www.facebook.com\/Ocaruec\/","article_published_time":"2017-06-15T20:36:25+00:00","article_modified_time":"2023-10-05T01:48:16+00:00","og_image":[{"width":600,"height":421,"url":"https:\/\/ocaru.org.ec\/wp-content\/uploads\/2023\/10\/mem4.jpg","type":"image\/jpeg"}],"author":"Equipo OCARU","schema":{"@context":"https:\/\/schema.org","@graph":[{"@type":"Article","@id":"https:\/\/ocaru.org.ec\/la-ley-de-tierras-se-escribe-en-un-contexto-agresivo-de-paquetazo-agrario-esteban-daza-iee-ocaru\/#article","isPartOf":{"@id":"https:\/\/ocaru.org.ec\/la-ley-de-tierras-se-escribe-en-un-contexto-agresivo-de-paquetazo-agrario-esteban-daza-iee-ocaru\/"},"author":{"name":"Equipo OCARU","@id":"https:\/\/ocaru.org.ec\/#\/schema\/person\/90b45d0b1a5b0e27ed66ebbfcdeb3b7f"},"headline":"\u00abLa Ley de Tierras se escribe en un contexto agresivo de paquetazo agrario\u00bb, Esteban Daza, IEE\/OCARU","datePublished":"2017-06-15T20:36:25+00:00","dateModified":"2023-10-05T01:48:16+00:00","mainEntityOfPage":{"@id":"https:\/\/ocaru.org.ec\/la-ley-de-tierras-se-escribe-en-un-contexto-agresivo-de-paquetazo-agrario-esteban-daza-iee-ocaru\/"},"wordCount":902,"publisher":{"@id":"https:\/\/ocaru.org.ec\/#organization"},"image":{"@id":"https:\/\/ocaru.org.ec\/la-ley-de-tierras-se-escribe-en-un-contexto-agresivo-de-paquetazo-agrario-esteban-daza-iee-ocaru\/#primaryimage"},"thumbnailUrl":"https:\/\/ocaru.org.ec\/wp-content\/uploads\/2023\/10\/mem4.jpg","keywords":["Noticias Rotativas"],"articleSection":["Actualidad"],"inLanguage":"en-US"},{"@type":"WebPage","@id":"https:\/\/ocaru.org.ec\/la-ley-de-tierras-se-escribe-en-un-contexto-agresivo-de-paquetazo-agrario-esteban-daza-iee-ocaru\/","url":"https:\/\/ocaru.org.ec\/la-ley-de-tierras-se-escribe-en-un-contexto-agresivo-de-paquetazo-agrario-esteban-daza-iee-ocaru\/","name":"\u00abLa Ley de Tierras se escribe en un contexto agresivo de paquetazo agrario\u00bb, Esteban Daza, IEE\/OCARU - Ocaru","isPartOf":{"@id":"https:\/\/ocaru.org.ec\/#website"},"primaryImageOfPage":{"@id":"https:\/\/ocaru.org.ec\/la-ley-de-tierras-se-escribe-en-un-contexto-agresivo-de-paquetazo-agrario-esteban-daza-iee-ocaru\/#primaryimage"},"image":{"@id":"https:\/\/ocaru.org.ec\/la-ley-de-tierras-se-escribe-en-un-contexto-agresivo-de-paquetazo-agrario-esteban-daza-iee-ocaru\/#primaryimage"},"thumbnailUrl":"https:\/\/ocaru.org.ec\/wp-content\/uploads\/2023\/10\/mem4.jpg","datePublished":"2017-06-15T20:36:25+00:00","dateModified":"2023-10-05T01:48:16+00:00","breadcrumb":{"@id":"https:\/\/ocaru.org.ec\/la-ley-de-tierras-se-escribe-en-un-contexto-agresivo-de-paquetazo-agrario-esteban-daza-iee-ocaru\/#breadcrumb"},"inLanguage":"en-US","potentialAction":[{"@type":"ReadAction","target":["https:\/\/ocaru.org.ec\/la-ley-de-tierras-se-escribe-en-un-contexto-agresivo-de-paquetazo-agrario-esteban-daza-iee-ocaru\/"]}]},{"@type":"ImageObject","inLanguage":"en-US","@id":"https:\/\/ocaru.org.ec\/la-ley-de-tierras-se-escribe-en-un-contexto-agresivo-de-paquetazo-agrario-esteban-daza-iee-ocaru\/#primaryimage","url":"https:\/\/ocaru.org.ec\/wp-content\/uploads\/2023\/10\/mem4.jpg","contentUrl":"https:\/\/ocaru.org.ec\/wp-content\/uploads\/2023\/10\/mem4.jpg","width":600,"height":421},{"@type":"BreadcrumbList","@id":"https:\/\/ocaru.org.ec\/la-ley-de-tierras-se-escribe-en-un-contexto-agresivo-de-paquetazo-agrario-esteban-daza-iee-ocaru\/#breadcrumb","itemListElement":[{"@type":"ListItem","position":1,"name":"Portada","item":"https:\/\/ocaru.org.ec\/"},{"@type":"ListItem","position":2,"name":"\u00abLa Ley de Tierras se escribe en un contexto agresivo de paquetazo agrario\u00bb, Esteban Daza, IEE\/OCARU"}]},{"@type":"WebSite","@id":"https:\/\/ocaru.org.ec\/#website","url":"https:\/\/ocaru.org.ec\/","name":"Ocaru","description":"Observatorio del Cambio Rural","publisher":{"@id":"https:\/\/ocaru.org.ec\/#organization"},"potentialAction":[{"@type":"SearchAction","target":{"@type":"EntryPoint","urlTemplate":"https:\/\/ocaru.org.ec\/?s={search_term_string}"},"query-input":{"@type":"PropertyValueSpecification","valueRequired":true,"valueName":"search_term_string"}}],"inLanguage":"en-US"},{"@type":"Organization","@id":"https:\/\/ocaru.org.ec\/#organization","name":"Ocaru","url":"https:\/\/ocaru.org.ec\/","logo":{"@type":"ImageObject","inLanguage":"en-US","@id":"https:\/\/ocaru.org.ec\/#\/schema\/logo\/image\/","url":"https:\/\/ocaru.org.ec\/wp-content\/uploads\/2026\/02\/Logo-150-x-150-1.jpg","contentUrl":"https:\/\/ocaru.org.ec\/wp-content\/uploads\/2026\/02\/Logo-150-x-150-1.jpg","width":150,"height":150,"caption":"Ocaru"},"image":{"@id":"https:\/\/ocaru.org.ec\/#\/schema\/logo\/image\/"},"sameAs":["https:\/\/www.facebook.com\/Ocaruec\/","https:\/\/x.com\/OCARUEc","https:\/\/www.instagram.com\/ocaru_ecuador\/","https:\/\/www.youtube.com\/user\/CambioRuralEC"]},{"@type":"Person","@id":"https:\/\/ocaru.org.ec\/#\/schema\/person\/90b45d0b1a5b0e27ed66ebbfcdeb3b7f","name":"Equipo OCARU","image":{"@type":"ImageObject","inLanguage":"en-US","@id":"https:\/\/secure.gravatar.com\/avatar\/6fc8d9021cfef3848dc756028babfce4b172a5cdf3ddaf65c90537c341847bba?s=96&d=mm&r=g","url":"https:\/\/secure.gravatar.com\/avatar\/6fc8d9021cfef3848dc756028babfce4b172a5cdf3ddaf65c90537c341847bba?s=96&d=mm&r=g","contentUrl":"https:\/\/secure.gravatar.com\/avatar\/6fc8d9021cfef3848dc756028babfce4b172a5cdf3ddaf65c90537c341847bba?s=96&d=mm&r=g","caption":"Equipo OCARU"},"url":"https:\/\/ocaru.org.ec\/en\/author\/equipo-ocaru\/"}]}},"_links":{"self":[{"href":"https:\/\/ocaru.org.ec\/en\/wp-json\/wp\/v2\/posts\/11956","targetHints":{"allow":["GET"]}}],"collection":[{"href":"https:\/\/ocaru.org.ec\/en\/wp-json\/wp\/v2\/posts"}],"about":[{"href":"https:\/\/ocaru.org.ec\/en\/wp-json\/wp\/v2\/types\/post"}],"author":[{"embeddable":true,"href":"https:\/\/ocaru.org.ec\/en\/wp-json\/wp\/v2\/users\/15"}],"replies":[{"embeddable":true,"href":"https:\/\/ocaru.org.ec\/en\/wp-json\/wp\/v2\/comments?post=11956"}],"version-history":[{"count":11,"href":"https:\/\/ocaru.org.ec\/en\/wp-json\/wp\/v2\/posts\/11956\/revisions"}],"predecessor-version":[{"id":12687,"href":"https:\/\/ocaru.org.ec\/en\/wp-json\/wp\/v2\/posts\/11956\/revisions\/12687"}],"wp:featuredmedia":[{"embeddable":true,"href":"https:\/\/ocaru.org.ec\/en\/wp-json\/wp\/v2\/media\/11957"}],"wp:attachment":[{"href":"https:\/\/ocaru.org.ec\/en\/wp-json\/wp\/v2\/media?parent=11956"}],"wp:term":[{"taxonomy":"category","embeddable":true,"href":"https:\/\/ocaru.org.ec\/en\/wp-json\/wp\/v2\/categories?post=11956"},{"taxonomy":"post_tag","embeddable":true,"href":"https:\/\/ocaru.org.ec\/en\/wp-json\/wp\/v2\/tags?post=11956"}],"curies":[{"name":"wp","href":"https:\/\/api.w.org\/{rel}","templated":true}]}}