{"id":11810,"date":"2018-05-14T13:49:44","date_gmt":"2018-05-14T18:49:44","guid":{"rendered":"https:\/\/ocaru.org.ec\/?p=11810"},"modified":"2023-10-04T20:33:39","modified_gmt":"2023-10-05T01:33:39","slug":"la-lucha-sigue-por-un-ecuador-libre-de-transgenicos","status":"publish","type":"post","link":"https:\/\/ocaru.org.ec\/en\/la-lucha-sigue-por-un-ecuador-libre-de-transgenicos\/","title":{"rendered":"La lucha sigue por un Ecuador Libre de Transg\u00e9nicos"},"content":{"rendered":"<div data-elementor-type=\"wp-post\" data-elementor-id=\"11810\" class=\"elementor elementor-11810\" data-elementor-post-type=\"post\">\n\t\t\t\t\t\t<section class=\"elementor-section elementor-top-section elementor-element elementor-element-3a144bd elementor-section-boxed elementor-section-height-default elementor-section-height-default\" data-id=\"3a144bd\" data-element_type=\"section\" data-e-type=\"section\">\n\t\t\t\t\t\t<div class=\"elementor-container elementor-column-gap-default\">\n\t\t\t\t\t<div class=\"elementor-column elementor-col-50 elementor-top-column elementor-element elementor-element-f1a0c01\" data-id=\"f1a0c01\" data-element_type=\"column\" data-e-type=\"column\">\n\t\t\t<div class=\"elementor-widget-wrap elementor-element-populated\">\n\t\t\t\t\t\t<div class=\"elementor-element elementor-element-c79cca2 elementor-widget elementor-widget-image\" data-id=\"c79cca2\" data-element_type=\"widget\" data-e-type=\"widget\" data-widget_type=\"image.default\">\n\t\t\t\t<div class=\"elementor-widget-container\">\n\t\t\t\t\t\t\t\t\t\t\t\t<figure class=\"wp-caption\">\n\t\t\t\t\t\t\t\t\t\t<img fetchpriority=\"high\" decoding=\"async\" width=\"855\" height=\"600\" src=\"https:\/\/ocaru.org.ec\/wp-content\/uploads\/2023\/09\/grano.jpg\" class=\"attachment-large size-large wp-image-11811\" alt=\"\" srcset=\"https:\/\/ocaru.org.ec\/wp-content\/uploads\/2023\/09\/grano.jpg 855w, https:\/\/ocaru.org.ec\/wp-content\/uploads\/2023\/09\/grano-300x211.jpg 300w, https:\/\/ocaru.org.ec\/wp-content\/uploads\/2023\/09\/grano-768x539.jpg 768w, https:\/\/ocaru.org.ec\/wp-content\/uploads\/2023\/09\/grano-18x12.jpg 18w\" sizes=\"(max-width: 855px) 100vw, 855px\" \/>\t\t\t\t\t\t\t\t\t\t\t<figcaption class=\"widget-image-caption wp-caption-text\">Al Grano (Campa\u00f1a de Comunicaci\u00f3n Colectiva entre la Agencia Tegantai y OCARU)<\/figcaption>\n\t\t\t\t\t\t\t\t\t\t<\/figure>\n\t\t\t\t\t\t\t\t\t<\/div>\n\t\t\t\t<\/div>\n\t\t\t\t\t<\/div>\n\t\t<\/div>\n\t\t\t\t<div class=\"elementor-column elementor-col-50 elementor-top-column elementor-element elementor-element-d0dd6b3\" data-id=\"d0dd6b3\" data-element_type=\"column\" data-e-type=\"column\">\n\t\t\t<div class=\"elementor-widget-wrap elementor-element-populated\">\n\t\t\t\t\t\t<div class=\"elementor-element elementor-element-76d4bf6 elementor-widget elementor-widget-text-editor\" data-id=\"76d4bf6\" data-element_type=\"widget\" data-e-type=\"widget\" data-widget_type=\"text-editor.default\">\n\t\t\t\t<div class=\"elementor-widget-container\">\n\t\t\t\t\t\t\t\t\t<div class=\"itemIntroText\"><p>Un d\u00eda como hoy, 14 de mayo de 2018, se dio una jornada hist\u00f3rica en la defensa por un Ecuador Libre de Transg\u00e9nicos. Junto a organizaciones campesinas e ind\u00edgenas, El colectivo Ecuador Libre de Transg\u00e9nicos se dirigi\u00f3 a la Corte Constitucional para acudir a la Audiencia programada para las 09.00 de la ma\u00f1ana; la participaci\u00f3n se daba con un objetivo claro: la defensa de las demandas por inconstitucionalidad desde argumentos en contra del ingreso de semillas y cultivos gen\u00e9ticamente modificados en Ecuador.<\/p><p>Entre el sonar de los tambores y en\u00e9rgicas voces, la consigna de lucha \u201cViva la Soberan\u00eda Alimentaria, viva la unidad los pueblos en defensa de las semillas, fuera los transg\u00e9nicos\u201d, se elevaba hasta el lugar donde se celebrar\u00eda la Audiencia.<\/p><\/div>\t\t\t\t\t\t\t\t<\/div>\n\t\t\t\t<\/div>\n\t\t\t\t\t<\/div>\n\t\t<\/div>\n\t\t\t\t\t<\/div>\n\t\t<\/section>\n\t\t\t\t<section class=\"elementor-section elementor-top-section elementor-element elementor-element-5d53e75 elementor-section-boxed elementor-section-height-default elementor-section-height-default\" data-id=\"5d53e75\" data-element_type=\"section\" data-e-type=\"section\">\n\t\t\t\t\t\t<div class=\"elementor-container elementor-column-gap-default\">\n\t\t\t\t\t<div class=\"elementor-column elementor-col-100 elementor-top-column elementor-element elementor-element-18b61e0\" data-id=\"18b61e0\" data-element_type=\"column\" data-e-type=\"column\">\n\t\t\t<div class=\"elementor-widget-wrap elementor-element-populated\">\n\t\t\t\t\t\t<div class=\"elementor-element elementor-element-4a94e40 elementor-widget elementor-widget-text-editor\" data-id=\"4a94e40\" data-element_type=\"widget\" data-e-type=\"widget\" data-widget_type=\"text-editor.default\">\n\t\t\t\t<div class=\"elementor-widget-container\">\n\t\t\t\t\t\t\t\t\t<p>A las afueras de la Corte Constitucional, Alexander Naranjo, vocero del Colectivo, resaltaba:\u00a0<em>\u201cQueremos un modelo donde el productor pueda darle la mano al consumidor; queremos un modelo donde los campesinos tengan acceso y donde los pueblos puedan decidir sobre su alimentaci\u00f3n\u201d.<\/em><\/p><p>La jornada avanzaba y las buenas noticias se hac\u00edan eco entre los asistentes al lugar; las comunicaciones que llegaban de los compa\u00f1eros y compa\u00f1eras al interior de la Corte desprend\u00edan mensajes de satisfacci\u00f3n. Muchos a\u00f1os de lucha esperaban su fruto en defensa de la Soberan\u00eda Alimentaria, en defensa de la autonom\u00eda campesina e ind\u00edgena, en defensa de los pueblos.<\/p><p>Richard Intriago, Presidente de la FECAOL (Federaci\u00f3n de Centros Agr\u00edcolas y Organizaciones Campesinas del Litoral), nos informaba sobre qu\u00e9 suced\u00eda al interior de la Corte Constitucional.\u00a0<em>\u201cLas organizaciones han hablado ante la jueza constitucional expresando los problemas que traer\u00edan en toda medida si los transg\u00e9nicos fueran ingresados en el pa\u00eds\u201d (\u2026) \u201cAqu\u00ed hay dos mundos que pelean por el ingreso de transg\u00e9nicos y la prohibici\u00f3n de transg\u00e9nicos.\u00bb<\/em><\/p><p>Los c\u00e1nticos no cesaban; el ambiente se apoderaba de una energ\u00eda positiva sin querer abandonar el lugar.<\/p><p>La Audiencia culmin\u00f3 con \u00e9xito. Atisbos de esperanza colapsaron la salida de los compa\u00f1eros y compa\u00f1eras a las inmediaciones de la Corte, donde los meg\u00e1fonos esperaban la rebeld\u00eda de sus vocer\u00edas. Alrededor de las 13 horas, un tweet ya registrado en nuestras mentes:\u00a0<em>\u201cLa Presidencia de Ecuador acaba de pronunciarse en contra de los art\u00edculos 35 y 56 de la #LeydeSemillas en audiencia en @CorteConstEcu\u201d<\/em>\u00a0 fue verbalizado por los representantes y defensores que abandonaron la sala de la Audiencia.<\/p><p>Blanca Chancoso, Vicepresidenta de la Ecuarunari, recordaba c\u00f3mo el chaski de las mujeres por las comunidades hizo caminar la palabra para llevar el mensaje; c\u00f3mo es importante luchar por la defensa de la semilla que simboliza el alimento, identidad, soberan\u00eda, la historia y la dignidad de todos los pueblos.<em>\u00a0\u201cEsperamos que la Corte pueda responder como ecuatoriana y no en inter\u00e9s de las empresas\u201d<\/em>, recalc\u00f3.<\/p><p>Sin olvidar que la lucha sigue, a la espera de una sentencia por parte de la Corte, Elizabeth Bravo, vocera del Colectivo Ecuador Libre de Transg\u00e9nicos, insisti\u00f3 en que hay algunos art\u00edculos pendientes de la Ley de Semillas que han sido impugnados y mostr\u00f3 su preocupaci\u00f3n por representantes de la Academia que, al interior de la Audiencia, hablaron de normas de bioseguridad. Quiso cerrar su intervenci\u00f3n a\u00f1adiendo que la lucha contin\u00faa:\u00a0<em>\u201cpor todos ustedes y por las futuras generaciones tenemos que seguir diciendo Ecuador libre de transg\u00e9nicos.\u00bb<\/em><\/p><p><em><strong>Y si eso no se escucha lucha, lucha, lucha.<\/strong><\/em><\/p><p>Esperaremos a la sentencia de la Corte Constitucional y seguiremos en la lucha colectiva.<\/p>\t\t\t\t\t\t\t\t<\/div>\n\t\t\t\t<\/div>\n\t\t\t\t\t<\/div>\n\t\t<\/div>\n\t\t\t\t\t<\/div>\n\t\t<\/section>\n\t\t\t\t<section class=\"elementor-section elementor-top-section elementor-element elementor-element-7cc07d6 elementor-section-boxed elementor-section-height-default elementor-section-height-default\" data-id=\"7cc07d6\" data-element_type=\"section\" data-e-type=\"section\">\n\t\t\t\t\t\t<div class=\"elementor-container elementor-column-gap-default\">\n\t\t\t\t\t<div class=\"elementor-column elementor-col-100 elementor-top-column elementor-element elementor-element-6158e3e\" data-id=\"6158e3e\" data-element_type=\"column\" data-e-type=\"column\">\n\t\t\t<div class=\"elementor-widget-wrap elementor-element-populated\">\n\t\t\t\t\t\t<div class=\"elementor-element elementor-element-b6b23b5 elementor-widget elementor-widget-global elementor-global-10318 elementor-widget-heading\" data-id=\"b6b23b5\" data-element_type=\"widget\" data-e-type=\"widget\" data-widget_type=\"heading.default\">\n\t\t\t\t<div class=\"elementor-widget-container\">\n\t\t\t\t\t<h4 class=\"elementor-heading-title elementor-size-default\">Te podr\u00eda interesar<\/h4>\t\t\t\t<\/div>\n\t\t\t\t<\/div>\n\t\t\t\t<div class=\"elementor-element elementor-element-be0a0ed pp-card-slider-image-left pp-card-slider-dots-aside elementor-widget elementor-widget-global elementor-global-10298 elementor-widget-pp-card-slider\" data-id=\"be0a0ed\" data-element_type=\"widget\" data-e-type=\"widget\" data-settings=\"{&quot;open_lightbox&quot;:&quot;default&quot;,&quot;pause_on_hover&quot;:&quot;yes&quot;}\" data-widget_type=\"pp-card-slider.default\">\n\t\t\t\t<div class=\"elementor-widget-container\">\n\t\t\t\t\t\t\t<div class=\"pp-card-slider pp-swiper-slider\" data-slider-settings=\"{&quot;effect&quot;:&quot;fade&quot;,&quot;speed&quot;:500,&quot;slides_per_view&quot;:1,&quot;auto_height&quot;:false,&quot;loop&quot;:&quot;yes&quot;,&quot;autoplay&quot;:&quot;yes&quot;,&quot;autoplay_speed&quot;:3000,&quot;pause_on_interaction&quot;:false,&quot;keyboard&quot;:&quot;yes&quot;,&quot;pagination&quot;:&quot;bullets&quot;}\">\n\t\t\t<div class=\"swiper-wrapper\">\n\t\t\t\t\t\t\t\t<div class=\"pp-card-slider-item swiper-slide pp-card-slider-item-0\">\n\t\t\t\t\t\t\t\t\t\t\t\t\t<div class=\"pp-card-slider-image\">\n\t\t\t\t<a data-elementor-open-lightbox=\"yes\" data-elementor-lightbox-slideshow=\"be0a0ed\" data-elementor-lightbox-title=\"657555437_1359282936232278_422444842448717471_n\" data-e-action-hash=\"#elementor-action%3Aaction%3Dlightbox%26settings%3DeyJpZCI6MjEwMTUsInVybCI6Imh0dHBzOlwvXC9vY2FydS5vcmcuZWNcL3dwLWNvbnRlbnRcL3VwbG9hZHNcLzIwMjZcLzA0XC82NTc1NTU0MzdfMTM1OTI4MjkzNjIzMjI3OF80MjI0NDQ4NDI0NDg3MTc0NzFfbi5qcGciLCJzbGlkZXNob3ciOiJiZTBhMGVkIn0%3D\" href=\"https:\/\/ocaru.org.ec\/wp-content\/uploads\/2026\/04\/657555437_1359282936232278_422444842448717471_n-768x432.jpg\"><img decoding=\"async\" src=\"https:\/\/ocaru.org.ec\/wp-content\/uploads\/2026\/04\/657555437_1359282936232278_422444842448717471_n-768x432.jpg\" alt=\"\"><\/a>\t\t\t<\/div>\n\t\t\t\t\t\t\t\t<div class=\"pp-card-slider-content-wrap\">\n\t\t\t\t\t\t\t\t\t<div class=\"pp-card-slider-date\">\n\t\t\t\t\t\t\t\t\t<span class=\"pp-card-slider-meta-icon pp-icon\">\n\t\t\t\t\t\t<i aria-hidden=\"true\" class=\"fas fa-calendar-alt\"><\/i>\t\t\t\t\t<\/span>\n\t\t\t\t\t\t\t\t<span class=\"pp-card-slider-meta-text\">\n\t\t\t\t\tApril 23, 2026\t\t\t\t<\/span>\n\t\t\t<\/div>\n\t\t\t\t\t\t\t\t\t\t\t\t\t\t\t\t<h2 class=\"pp-card-slider-title\">\n\t\t\t\t\t\t\t\t<a href=\"https:\/\/ocaru.org.ec\/en\/el-ocaru-y-la-sandia-digital-destacan-el-papel-crucial-de-las-mujeres-rurales-y-la-comunicacion-politica\/\">El OCARU y La Sand\u00eda Digital destacan el papel crucial de las mujeres rurales y la comunicaci\u00f3n pol\u00edtica<\/a>\t\t\t\t\t\t\t<\/h2>\n\t\t\t\t\t\t\n\t\t\t\t\t\t\t\t\t<div class=\"pp-card-slider-meta\">\n\t\t\t\t\t\t\t\t\t<span class=\"pp-content-author\">\n\t\t\t\t\t\t\t\t\t\t\t\t\t<span class=\"pp-card-slider-meta-icon pp-icon\">\n\t\t\t\t\t\t\t\t<i aria-hidden=\"true\" class=\"fas fa-user\"><\/i>\t\t\t\t\t\t\t<\/span>\n\t\t\t\t\t\t\t\t\t\t\t\t<span class=\"pp-card-slider-meta-text\">\n\t\t\t\t\t\t\tGabriela Vanegas Carrera\t\t\t\t\t\t<\/span>\n\t\t\t\t\t<\/span>\n\t\t\t\t  \n\t\t\t\t\t\t\t\t\t<span class=\"pp-post-category\">\n\t\t\t\t\t\t\t\t\t\t\t\t\t<span class=\"pp-card-slider-meta-icon pp-icon\">\n\t\t\t\t\t\t\t\t<i aria-hidden=\"true\" class=\"fas fa-folder-open\"><\/i>\t\t\t\t\t\t\t<\/span>\n\t\t\t\t\t\t\t\t\t\t\t\t<span class=\"pp-card-slider-meta-text\">\n\t\t\t\t\t\t\tActualidad\t\t\t\t\t\t<\/span>\n\t\t\t\t\t<\/span>\n\t\t\t\t  \n\t\t\t<\/div>\n\t\t\t\n\t\t\t\t\t\t\t\t\t\t\t\t\t\t\t\t\t<\/div>\n\t\t\t\t<\/div>\n\t\t\t\t\t\t\t\t<div class=\"pp-card-slider-item swiper-slide pp-card-slider-item-1\">\n\t\t\t\t\t\t\t\t\t\t\t\t\t<div class=\"pp-card-slider-image\">\n\t\t\t\t<a data-elementor-open-lightbox=\"yes\" data-elementor-lightbox-slideshow=\"be0a0ed\" data-elementor-lightbox-title=\"IMG_9398\" data-e-action-hash=\"#elementor-action%3Aaction%3Dlightbox%26settings%3DeyJpZCI6MjExMDQsInVybCI6Imh0dHBzOlwvXC9vY2FydS5vcmcuZWNcL3dwLWNvbnRlbnRcL3VwbG9hZHNcLzIwMjZcLzA0XC9JTUdfOTM5OC5qcGciLCJzbGlkZXNob3ciOiJiZTBhMGVkIn0%3D\" href=\"https:\/\/ocaru.org.ec\/wp-content\/uploads\/2026\/04\/IMG_9398-768x432.jpg\"><img decoding=\"async\" src=\"https:\/\/ocaru.org.ec\/wp-content\/uploads\/2026\/04\/IMG_9398-768x432.jpg\" alt=\"\"><\/a>\t\t\t<\/div>\n\t\t\t\t\t\t\t\t<div class=\"pp-card-slider-content-wrap\">\n\t\t\t\t\t\t\t\t\t<div class=\"pp-card-slider-date\">\n\t\t\t\t\t\t\t\t\t<span class=\"pp-card-slider-meta-icon pp-icon\">\n\t\t\t\t\t\t<i aria-hidden=\"true\" class=\"fas fa-calendar-alt\"><\/i>\t\t\t\t\t<\/span>\n\t\t\t\t\t\t\t\t<span class=\"pp-card-slider-meta-text\">\n\t\t\t\t\tApril 23, 2026\t\t\t\t<\/span>\n\t\t\t<\/div>\n\t\t\t\t\t\t\t\t\t\t\t\t\t\t\t\t<h2 class=\"pp-card-slider-title\">\n\t\t\t\t\t\t\t\t<a href=\"https:\/\/ocaru.org.ec\/en\/resultados-de-la-primera-fase-del-mapa-interactivo-de-experiencias-agroecologicas-ecuador\/\">Resultados de la primera fase del mapa interactivo de experiencias agroecol\u00f3gicas &#8211; Ecuador<\/a>\t\t\t\t\t\t\t<\/h2>\n\t\t\t\t\t\t\n\t\t\t\t\t\t\t\t\t<div class=\"pp-card-slider-meta\">\n\t\t\t\t\t\t\t\t\t<span class=\"pp-content-author\">\n\t\t\t\t\t\t\t\t\t\t\t\t\t<span class=\"pp-card-slider-meta-icon pp-icon\">\n\t\t\t\t\t\t\t\t<i aria-hidden=\"true\" class=\"fas fa-user\"><\/i>\t\t\t\t\t\t\t<\/span>\n\t\t\t\t\t\t\t\t\t\t\t\t<span class=\"pp-card-slider-meta-text\">\n\t\t\t\t\t\t\tGabriela Vanegas Carrera\t\t\t\t\t\t<\/span>\n\t\t\t\t\t<\/span>\n\t\t\t\t  \n\t\t\t\t\t\t\t\t\t<span class=\"pp-post-category\">\n\t\t\t\t\t\t\t\t\t\t\t\t\t<span class=\"pp-card-slider-meta-icon pp-icon\">\n\t\t\t\t\t\t\t\t<i aria-hidden=\"true\" class=\"fas fa-folder-open\"><\/i>\t\t\t\t\t\t\t<\/span>\n\t\t\t\t\t\t\t\t\t\t\t\t<span class=\"pp-card-slider-meta-text\">\n\t\t\t\t\t\t\tActualidad\t\t\t\t\t\t<\/span>\n\t\t\t\t\t<\/span>\n\t\t\t\t  \n\t\t\t<\/div>\n\t\t\t\n\t\t\t\t\t\t\t\t\t\t\t\t\t\t\t\t\t<\/div>\n\t\t\t\t<\/div>\n\t\t\t\t\t\t\t\t<div class=\"pp-card-slider-item swiper-slide pp-card-slider-item-2\">\n\t\t\t\t\t\t\t\t\t\t\t\t\t<div class=\"pp-card-slider-image\">\n\t\t\t\t<a data-elementor-open-lightbox=\"yes\" data-elementor-lightbox-slideshow=\"be0a0ed\" data-elementor-lightbox-title=\"656533182_1421976049957131_5145742305313383296_n\" data-e-action-hash=\"#elementor-action%3Aaction%3Dlightbox%26settings%3DeyJpZCI6MjEwOTMsInVybCI6Imh0dHBzOlwvXC9vY2FydS5vcmcuZWNcL3dwLWNvbnRlbnRcL3VwbG9hZHNcLzIwMjZcLzA0XC82NTY1MzMxODJfMTQyMTk3NjA0OTk1NzEzMV81MTQ1NzQyMzA1MzEzMzgzMjk2X24uanBnIiwic2xpZGVzaG93IjoiYmUwYTBlZCJ9\" href=\"https:\/\/ocaru.org.ec\/wp-content\/uploads\/2026\/04\/656533182_1421976049957131_5145742305313383296_n-768x512.jpg\"><img decoding=\"async\" src=\"https:\/\/ocaru.org.ec\/wp-content\/uploads\/2026\/04\/656533182_1421976049957131_5145742305313383296_n-768x512.jpg\" alt=\"\"><\/a>\t\t\t<\/div>\n\t\t\t\t\t\t\t\t<div class=\"pp-card-slider-content-wrap\">\n\t\t\t\t\t\t\t\t\t<div class=\"pp-card-slider-date\">\n\t\t\t\t\t\t\t\t\t<span class=\"pp-card-slider-meta-icon pp-icon\">\n\t\t\t\t\t\t<i aria-hidden=\"true\" class=\"fas fa-calendar-alt\"><\/i>\t\t\t\t\t<\/span>\n\t\t\t\t\t\t\t\t<span class=\"pp-card-slider-meta-text\">\n\t\t\t\t\tApril 16, 2026\t\t\t\t<\/span>\n\t\t\t<\/div>\n\t\t\t\t\t\t\t\t\t\t\t\t\t\t\t\t<h2 class=\"pp-card-slider-title\">\n\t\t\t\t\t\t\t\t<a href=\"https:\/\/ocaru.org.ec\/en\/aportes-a-los-indicadores-de-soberania-alimentaria-en-ecuadorpor-que-es-importante-debatir\/\">Aportes a los indicadores de Soberan\u00eda Alimentaria en Ecuador<\/br> \u00bfPor qu\u00e9 es importante seguirlos debatiendo?<\/a>\t\t\t\t\t\t\t<\/h2>\n\t\t\t\t\t\t\n\t\t\t\t\t\t\t\t\t<div class=\"pp-card-slider-meta\">\n\t\t\t\t\t\t\t\t\t<span class=\"pp-content-author\">\n\t\t\t\t\t\t\t\t\t\t\t\t\t<span class=\"pp-card-slider-meta-icon pp-icon\">\n\t\t\t\t\t\t\t\t<i aria-hidden=\"true\" class=\"fas fa-user\"><\/i>\t\t\t\t\t\t\t<\/span>\n\t\t\t\t\t\t\t\t\t\t\t\t<span class=\"pp-card-slider-meta-text\">\n\t\t\t\t\t\t\tDavid Singa\u00f1a Tapia\t\t\t\t\t\t<\/span>\n\t\t\t\t\t<\/span>\n\t\t\t\t  \n\t\t\t\t\t\t\t\t\t<span class=\"pp-post-category\">\n\t\t\t\t\t\t\t\t\t\t\t\t\t<span class=\"pp-card-slider-meta-icon pp-icon\">\n\t\t\t\t\t\t\t\t<i aria-hidden=\"true\" class=\"fas fa-folder-open\"><\/i>\t\t\t\t\t\t\t<\/span>\n\t\t\t\t\t\t\t\t\t\t\t\t<span class=\"pp-card-slider-meta-text\">\n\t\t\t\t\t\t\tEconom\u00eda\t\t\t\t\t\t<\/span>\n\t\t\t\t\t<\/span>\n\t\t\t\t  \n\t\t\t<\/div>\n\t\t\t\n\t\t\t\t\t\t\t\t\t\t\t\t\t\t\t\t\t<\/div>\n\t\t\t\t<\/div>\n\t\t\t\t\t\t\t\t<div class=\"pp-card-slider-item swiper-slide pp-card-slider-item-3\">\n\t\t\t\t\t\t\t\t\t\t\t\t\t<div class=\"pp-card-slider-image\">\n\t\t\t\t<a data-elementor-open-lightbox=\"yes\" data-elementor-lightbox-slideshow=\"be0a0ed\" data-elementor-lightbox-title=\"Teal Modern ChatBot AI Presentation\" data-e-action-hash=\"#elementor-action%3Aaction%3Dlightbox%26settings%3DeyJpZCI6MjEwMDEsInVybCI6Imh0dHBzOlwvXC9vY2FydS5vcmcuZWNcL3dwLWNvbnRlbnRcL3VwbG9hZHNcLzIwMjZcLzA0XC9UZWFsLU1vZGVybi1DaGF0Qm90LUFJLVByZXNlbnRhdGlvbi5qcGciLCJzbGlkZXNob3ciOiJiZTBhMGVkIn0%3D\" href=\"https:\/\/ocaru.org.ec\/wp-content\/uploads\/2026\/04\/Teal-Modern-ChatBot-AI-Presentation-768x432.jpg\"><img decoding=\"async\" src=\"https:\/\/ocaru.org.ec\/wp-content\/uploads\/2026\/04\/Teal-Modern-ChatBot-AI-Presentation-768x432.jpg\" alt=\"\"><\/a>\t\t\t<\/div>\n\t\t\t\t\t\t\t\t<div class=\"pp-card-slider-content-wrap\">\n\t\t\t\t\t\t\t\t\t<div class=\"pp-card-slider-date\">\n\t\t\t\t\t\t\t\t\t<span class=\"pp-card-slider-meta-icon pp-icon\">\n\t\t\t\t\t\t<i aria-hidden=\"true\" class=\"fas fa-calendar-alt\"><\/i>\t\t\t\t\t<\/span>\n\t\t\t\t\t\t\t\t<span class=\"pp-card-slider-meta-text\">\n\t\t\t\t\tApril 8, 2026\t\t\t\t<\/span>\n\t\t\t<\/div>\n\t\t\t\t\t\t\t\t\t\t\t\t\t\t\t\t<h2 class=\"pp-card-slider-title\">\n\t\t\t\t\t\t\t\t<a href=\"https:\/\/ocaru.org.ec\/en\/abrir-las-puertas-para-unos-pocos-que-pasa-con-los-tratados-de-libre-comercio-en-ecuador\/\">Abrir las puertas para unos pocos: \u00bfQu\u00e9 pasa con los Tratados de Libre Comercio en Ecuador?<\/a>\t\t\t\t\t\t\t<\/h2>\n\t\t\t\t\t\t\n\t\t\t\t\t\t\t\t\t<div class=\"pp-card-slider-meta\">\n\t\t\t\t\t\t\t\t\t<span class=\"pp-content-author\">\n\t\t\t\t\t\t\t\t\t\t\t\t\t<span class=\"pp-card-slider-meta-icon pp-icon\">\n\t\t\t\t\t\t\t\t<i aria-hidden=\"true\" class=\"fas fa-user\"><\/i>\t\t\t\t\t\t\t<\/span>\n\t\t\t\t\t\t\t\t\t\t\t\t<span class=\"pp-card-slider-meta-text\">\n\t\t\t\t\t\t\tDavid Singa\u00f1a Tapia\t\t\t\t\t\t<\/span>\n\t\t\t\t\t<\/span>\n\t\t\t\t  \n\t\t\t\t\t\t\t\t\t<span class=\"pp-post-category\">\n\t\t\t\t\t\t\t\t\t\t\t\t\t<span class=\"pp-card-slider-meta-icon pp-icon\">\n\t\t\t\t\t\t\t\t<i aria-hidden=\"true\" class=\"fas fa-folder-open\"><\/i>\t\t\t\t\t\t\t<\/span>\n\t\t\t\t\t\t\t\t\t\t\t\t<span class=\"pp-card-slider-meta-text\">\n\t\t\t\t\t\t\tEconom\u00eda\t\t\t\t\t\t<\/span>\n\t\t\t\t\t<\/span>\n\t\t\t\t  \n\t\t\t<\/div>\n\t\t\t\n\t\t\t\t\t\t\t\t\t\t\t\t\t\t\t\t\t<\/div>\n\t\t\t\t<\/div>\n\t\t\t\t\t\t\t\t<div class=\"pp-card-slider-item swiper-slide pp-card-slider-item-4\">\n\t\t\t\t\t\t\t\t\t\t\t\t\t<div class=\"pp-card-slider-image\">\n\t\t\t\t<a data-elementor-open-lightbox=\"yes\" data-elementor-lightbox-slideshow=\"be0a0ed\" data-elementor-lightbox-title=\"IMG_20221216_103746_342\" data-e-action-hash=\"#elementor-action%3Aaction%3Dlightbox%26settings%3DeyJpZCI6MjA5MzgsInVybCI6Imh0dHBzOlwvXC9vY2FydS5vcmcuZWNcL3dwLWNvbnRlbnRcL3VwbG9hZHNcLzIwMjZcLzAzXC9JTUdfMjAyMjEyMTZfMTAzNzQ2XzM0Mi0xLXNjYWxlZC5qcGciLCJzbGlkZXNob3ciOiJiZTBhMGVkIn0%3D\" href=\"https:\/\/ocaru.org.ec\/wp-content\/uploads\/2026\/03\/IMG_20221216_103746_342-1-768x560.jpg\"><img decoding=\"async\" src=\"https:\/\/ocaru.org.ec\/wp-content\/uploads\/2026\/03\/IMG_20221216_103746_342-1-768x560.jpg\" alt=\"\"><\/a>\t\t\t<\/div>\n\t\t\t\t\t\t\t\t<div class=\"pp-card-slider-content-wrap\">\n\t\t\t\t\t\t\t\t\t<div class=\"pp-card-slider-date\">\n\t\t\t\t\t\t\t\t\t<span class=\"pp-card-slider-meta-icon pp-icon\">\n\t\t\t\t\t\t<i aria-hidden=\"true\" class=\"fas fa-calendar-alt\"><\/i>\t\t\t\t\t<\/span>\n\t\t\t\t\t\t\t\t<span class=\"pp-card-slider-meta-text\">\n\t\t\t\t\tMarch 27, 2026\t\t\t\t<\/span>\n\t\t\t<\/div>\n\t\t\t\t\t\t\t\t\t\t\t\t\t\t\t\t<h2 class=\"pp-card-slider-title\">\n\t\t\t\t\t\t\t\t<a href=\"https:\/\/ocaru.org.ec\/en\/no-se-dice-el-oriente-esto-es-la-amazonia-en-memoria-de-luis-yanza\/\">\u201cNo se dice el oriente, esto es la Amazon\u00eda\u201d. <\/br> En memoria de Luis Yanza<\/a>\t\t\t\t\t\t\t<\/h2>\n\t\t\t\t\t\t\n\t\t\t\t\t\t\t\t\t<div class=\"pp-card-slider-meta\">\n\t\t\t\t\t\t\t\t\t<span class=\"pp-content-author\">\n\t\t\t\t\t\t\t\t\t\t\t\t\t<span class=\"pp-card-slider-meta-icon pp-icon\">\n\t\t\t\t\t\t\t\t<i aria-hidden=\"true\" class=\"fas fa-user\"><\/i>\t\t\t\t\t\t\t<\/span>\n\t\t\t\t\t\t\t\t\t\t\t\t<span class=\"pp-card-slider-meta-text\">\n\t\t\t\t\t\t\tDavid Singa\u00f1a Tapia\t\t\t\t\t\t<\/span>\n\t\t\t\t\t<\/span>\n\t\t\t\t  \n\t\t\t\t\t\t\t\t\t<span class=\"pp-post-category\">\n\t\t\t\t\t\t\t\t\t\t\t\t\t<span class=\"pp-card-slider-meta-icon pp-icon\">\n\t\t\t\t\t\t\t\t<i aria-hidden=\"true\" class=\"fas fa-folder-open\"><\/i>\t\t\t\t\t\t\t<\/span>\n\t\t\t\t\t\t\t\t\t\t\t\t<span class=\"pp-card-slider-meta-text\">\n\t\t\t\t\t\t\tOpini\u00f3n\t\t\t\t\t\t<\/span>\n\t\t\t\t\t<\/span>\n\t\t\t\t  \n\t\t\t<\/div>\n\t\t\t\n\t\t\t\t\t\t\t\t\t\t\t\t\t\t\t\t\t<\/div>\n\t\t\t\t<\/div>\n\t\t\t\t\t\t\t\t<div class=\"pp-card-slider-item swiper-slide pp-card-slider-item-5\">\n\t\t\t\t\t\t\t\t\t\t\t\t\t<div class=\"pp-card-slider-image\">\n\t\t\t\t<a data-elementor-open-lightbox=\"yes\" data-elementor-lightbox-slideshow=\"be0a0ed\" data-elementor-lightbox-title=\"Blue Modern Ocean Presentation (2)\" data-e-action-hash=\"#elementor-action%3Aaction%3Dlightbox%26settings%3DeyJpZCI6MjA4ODEsInVybCI6Imh0dHBzOlwvXC9vY2FydS5vcmcuZWNcL3dwLWNvbnRlbnRcL3VwbG9hZHNcLzIwMjZcLzAzXC9CbHVlLU1vZGVybi1PY2Vhbi1QcmVzZW50YXRpb24tMi5qcGciLCJzbGlkZXNob3ciOiJiZTBhMGVkIn0%3D\" href=\"https:\/\/ocaru.org.ec\/wp-content\/uploads\/2026\/03\/Blue-Modern-Ocean-Presentation-2-768x432.jpg\"><img decoding=\"async\" src=\"https:\/\/ocaru.org.ec\/wp-content\/uploads\/2026\/03\/Blue-Modern-Ocean-Presentation-2-768x432.jpg\" alt=\"\"><\/a>\t\t\t<\/div>\n\t\t\t\t\t\t\t\t<div class=\"pp-card-slider-content-wrap\">\n\t\t\t\t\t\t\t\t\t<div class=\"pp-card-slider-date\">\n\t\t\t\t\t\t\t\t\t<span class=\"pp-card-slider-meta-icon pp-icon\">\n\t\t\t\t\t\t<i aria-hidden=\"true\" class=\"fas fa-calendar-alt\"><\/i>\t\t\t\t\t<\/span>\n\t\t\t\t\t\t\t\t<span class=\"pp-card-slider-meta-text\">\n\t\t\t\t\tMarch 17, 2026\t\t\t\t<\/span>\n\t\t\t<\/div>\n\t\t\t\t\t\t\t\t\t\t\t\t\t\t\t\t<h2 class=\"pp-card-slider-title\">\n\t\t\t\t\t\t\t\t<a href=\"https:\/\/ocaru.org.ec\/en\/la-mirada-en-lo-externo-y-la-desidia-en-lo-interno-ecuador-exportador\/\">La mirada en lo externo, y la desidia en lo interno: Ecuador exportador.<\/a>\t\t\t\t\t\t\t<\/h2>\n\t\t\t\t\t\t\n\t\t\t\t\t\t\t\t\t<div class=\"pp-card-slider-meta\">\n\t\t\t\t\t\t\t\t\t<span class=\"pp-content-author\">\n\t\t\t\t\t\t\t\t\t\t\t\t\t<span class=\"pp-card-slider-meta-icon pp-icon\">\n\t\t\t\t\t\t\t\t<i aria-hidden=\"true\" class=\"fas fa-user\"><\/i>\t\t\t\t\t\t\t<\/span>\n\t\t\t\t\t\t\t\t\t\t\t\t<span class=\"pp-card-slider-meta-text\">\n\t\t\t\t\t\t\tDavid Singa\u00f1a Tapia\t\t\t\t\t\t<\/span>\n\t\t\t\t\t<\/span>\n\t\t\t\t  \n\t\t\t\t\t\t\t\t\t<span class=\"pp-post-category\">\n\t\t\t\t\t\t\t\t\t\t\t\t\t<span class=\"pp-card-slider-meta-icon pp-icon\">\n\t\t\t\t\t\t\t\t<i aria-hidden=\"true\" class=\"fas fa-folder-open\"><\/i>\t\t\t\t\t\t\t<\/span>\n\t\t\t\t\t\t\t\t\t\t\t\t<span class=\"pp-card-slider-meta-text\">\n\t\t\t\t\t\t\tEconom\u00eda\t\t\t\t\t\t<\/span>\n\t\t\t\t\t<\/span>\n\t\t\t\t  \n\t\t\t<\/div>\n\t\t\t\n\t\t\t\t\t\t\t\t\t\t\t\t\t\t\t\t\t<\/div>\n\t\t\t\t<\/div>\n\t\t\t\t\t\t\t\t<div class=\"pp-card-slider-item swiper-slide pp-card-slider-item-6\">\n\t\t\t\t\t\t\t\t\t\t\t\t\t<div class=\"pp-card-slider-image\">\n\t\t\t\t<a data-elementor-open-lightbox=\"yes\" data-elementor-lightbox-slideshow=\"be0a0ed\" data-elementor-lightbox-title=\"Blue Modern Ocean Presentation (1)\" data-e-action-hash=\"#elementor-action%3Aaction%3Dlightbox%26settings%3DeyJpZCI6MjA3OTQsInVybCI6Imh0dHBzOlwvXC9vY2FydS5vcmcuZWNcL3dwLWNvbnRlbnRcL3VwbG9hZHNcLzIwMjZcLzAzXC9CbHVlLU1vZGVybi1PY2Vhbi1QcmVzZW50YXRpb24tMS5qcGciLCJzbGlkZXNob3ciOiJiZTBhMGVkIn0%3D\" href=\"https:\/\/ocaru.org.ec\/wp-content\/uploads\/2026\/03\/Blue-Modern-Ocean-Presentation-1-768x432.jpg\"><img decoding=\"async\" src=\"https:\/\/ocaru.org.ec\/wp-content\/uploads\/2026\/03\/Blue-Modern-Ocean-Presentation-1-768x432.jpg\" alt=\"\"><\/a>\t\t\t<\/div>\n\t\t\t\t\t\t\t\t<div class=\"pp-card-slider-content-wrap\">\n\t\t\t\t\t\t\t\t\t<div class=\"pp-card-slider-date\">\n\t\t\t\t\t\t\t\t\t<span class=\"pp-card-slider-meta-icon pp-icon\">\n\t\t\t\t\t\t<i aria-hidden=\"true\" class=\"fas fa-calendar-alt\"><\/i>\t\t\t\t\t<\/span>\n\t\t\t\t\t\t\t\t<span class=\"pp-card-slider-meta-text\">\n\t\t\t\t\tMarch 3, 2026\t\t\t\t<\/span>\n\t\t\t<\/div>\n\t\t\t\t\t\t\t\t\t\t\t\t\t\t\t\t<h2 class=\"pp-card-slider-title\">\n\t\t\t\t\t\t\t\t<a href=\"https:\/\/ocaru.org.ec\/en\/guayas-como-cristalizacion-del-regimen-alimentario-corporativo-resultados-del-censo-2025\/\">Guayas como cristalizaci\u00f3n del r\u00e9gimen alimentario corporativo: Resultados del Censo 2025<\/a>\t\t\t\t\t\t\t<\/h2>\n\t\t\t\t\t\t\n\t\t\t\t\t\t\t\t\t<div class=\"pp-card-slider-meta\">\n\t\t\t\t\t\t\t\t\t<span class=\"pp-content-author\">\n\t\t\t\t\t\t\t\t\t\t\t\t\t<span class=\"pp-card-slider-meta-icon pp-icon\">\n\t\t\t\t\t\t\t\t<i aria-hidden=\"true\" class=\"fas fa-user\"><\/i>\t\t\t\t\t\t\t<\/span>\n\t\t\t\t\t\t\t\t\t\t\t\t<span class=\"pp-card-slider-meta-text\">\n\t\t\t\t\t\t\tDavid Singa\u00f1a Tapia\t\t\t\t\t\t<\/span>\n\t\t\t\t\t<\/span>\n\t\t\t\t  \n\t\t\t\t\t\t\t\t\t<span class=\"pp-post-category\">\n\t\t\t\t\t\t\t\t\t\t\t\t\t<span class=\"pp-card-slider-meta-icon pp-icon\">\n\t\t\t\t\t\t\t\t<i aria-hidden=\"true\" class=\"fas fa-folder-open\"><\/i>\t\t\t\t\t\t\t<\/span>\n\t\t\t\t\t\t\t\t\t\t\t\t<span class=\"pp-card-slider-meta-text\">\n\t\t\t\t\t\t\tEconom\u00eda\t\t\t\t\t\t<\/span>\n\t\t\t\t\t<\/span>\n\t\t\t\t  \n\t\t\t<\/div>\n\t\t\t\n\t\t\t\t\t\t\t\t\t\t\t\t\t\t\t\t\t<\/div>\n\t\t\t\t<\/div>\n\t\t\t\t\t\t\t\t<div class=\"pp-card-slider-item swiper-slide pp-card-slider-item-7\">\n\t\t\t\t\t\t\t\t\t\t\t\t\t<div class=\"pp-card-slider-image\">\n\t\t\t\t<a data-elementor-open-lightbox=\"yes\" data-elementor-lightbox-slideshow=\"be0a0ed\" data-elementor-lightbox-title=\"Disen\u0303o sin ti\u0301tulo\" data-e-action-hash=\"#elementor-action%3Aaction%3Dlightbox%26settings%3DeyJpZCI6MjA3MDcsInVybCI6Imh0dHBzOlwvXC9vY2FydS5vcmcuZWNcL3dwLWNvbnRlbnRcL3VwbG9hZHNcLzIwMjZcLzAyXC9EaXNlbm8tc2luLXRpdHVsby5qcGciLCJzbGlkZXNob3ciOiJiZTBhMGVkIn0%3D\" href=\"https:\/\/ocaru.org.ec\/wp-content\/uploads\/2026\/02\/Diseno-sin-titulo-768x576.jpg\"><img decoding=\"async\" src=\"https:\/\/ocaru.org.ec\/wp-content\/uploads\/2026\/02\/Diseno-sin-titulo-768x576.jpg\" alt=\"\"><\/a>\t\t\t<\/div>\n\t\t\t\t\t\t\t\t<div class=\"pp-card-slider-content-wrap\">\n\t\t\t\t\t\t\t\t\t<div class=\"pp-card-slider-date\">\n\t\t\t\t\t\t\t\t\t<span class=\"pp-card-slider-meta-icon pp-icon\">\n\t\t\t\t\t\t<i aria-hidden=\"true\" class=\"fas fa-calendar-alt\"><\/i>\t\t\t\t\t<\/span>\n\t\t\t\t\t\t\t\t<span class=\"pp-card-slider-meta-text\">\n\t\t\t\t\tFebruary 19, 2026\t\t\t\t<\/span>\n\t\t\t<\/div>\n\t\t\t\t\t\t\t\t\t\t\t\t\t\t\t\t<h2 class=\"pp-card-slider-title\">\n\t\t\t\t\t\t\t\t<a href=\"https:\/\/ocaru.org.ec\/en\/entre-saberes-y-juventudes-la-nueva-imagen-del-ocaru-para-una-realidad-diversa\/\">Entre saberes y juventudes: La nueva imagen del OCARU para una realidad diversa<\/a>\t\t\t\t\t\t\t<\/h2>\n\t\t\t\t\t\t\n\t\t\t\t\t\t\t\t\t<div class=\"pp-card-slider-meta\">\n\t\t\t\t\t\t\t\t\t<span class=\"pp-content-author\">\n\t\t\t\t\t\t\t\t\t\t\t\t\t<span class=\"pp-card-slider-meta-icon pp-icon\">\n\t\t\t\t\t\t\t\t<i aria-hidden=\"true\" class=\"fas fa-user\"><\/i>\t\t\t\t\t\t\t<\/span>\n\t\t\t\t\t\t\t\t\t\t\t\t<span class=\"pp-card-slider-meta-text\">\n\t\t\t\t\t\t\tGabriela Vanegas Carrera\t\t\t\t\t\t<\/span>\n\t\t\t\t\t<\/span>\n\t\t\t\t  \n\t\t\t\t\t\t\t\t\t<span class=\"pp-post-category\">\n\t\t\t\t\t\t\t\t\t\t\t\t\t<span class=\"pp-card-slider-meta-icon pp-icon\">\n\t\t\t\t\t\t\t\t<i aria-hidden=\"true\" class=\"fas fa-folder-open\"><\/i>\t\t\t\t\t\t\t<\/span>\n\t\t\t\t\t\t\t\t\t\t\t\t<span class=\"pp-card-slider-meta-text\">\n\t\t\t\t\t\t\tActualidad\t\t\t\t\t\t<\/span>\n\t\t\t\t\t<\/span>\n\t\t\t\t  \n\t\t\t<\/div>\n\t\t\t\n\t\t\t\t\t\t\t\t\t\t\t\t\t\t\t\t\t<\/div>\n\t\t\t\t<\/div>\n\t\t\t\t\t\t\t\t<div class=\"pp-card-slider-item swiper-slide pp-card-slider-item-8\">\n\t\t\t\t\t\t\t\t\t\t\t\t\t<div class=\"pp-card-slider-image\">\n\t\t\t\t<a data-elementor-open-lightbox=\"yes\" data-elementor-lightbox-slideshow=\"be0a0ed\" data-elementor-lightbox-title=\"Blue Modern Ocean Presentation\" data-e-action-hash=\"#elementor-action%3Aaction%3Dlightbox%26settings%3DeyJpZCI6MjA1NzYsInVybCI6Imh0dHBzOlwvXC9vY2FydS5vcmcuZWNcL3dwLWNvbnRlbnRcL3VwbG9hZHNcLzIwMjZcLzAyXC9CbHVlLU1vZGVybi1PY2Vhbi1QcmVzZW50YXRpb24uanBnIiwic2xpZGVzaG93IjoiYmUwYTBlZCJ9\" href=\"https:\/\/ocaru.org.ec\/wp-content\/uploads\/2026\/02\/Blue-Modern-Ocean-Presentation-768x432.jpg\"><img decoding=\"async\" src=\"https:\/\/ocaru.org.ec\/wp-content\/uploads\/2026\/02\/Blue-Modern-Ocean-Presentation-768x432.jpg\" alt=\"\"><\/a>\t\t\t<\/div>\n\t\t\t\t\t\t\t\t<div class=\"pp-card-slider-content-wrap\">\n\t\t\t\t\t\t\t\t\t<div class=\"pp-card-slider-date\">\n\t\t\t\t\t\t\t\t\t<span class=\"pp-card-slider-meta-icon pp-icon\">\n\t\t\t\t\t\t<i aria-hidden=\"true\" class=\"fas fa-calendar-alt\"><\/i>\t\t\t\t\t<\/span>\n\t\t\t\t\t\t\t\t<span class=\"pp-card-slider-meta-text\">\n\t\t\t\t\tFebruary 12, 2026\t\t\t\t<\/span>\n\t\t\t<\/div>\n\t\t\t\t\t\t\t\t\t\t\t\t\t\t\t\t<h2 class=\"pp-card-slider-title\">\n\t\t\t\t\t\t\t\t<a href=\"https:\/\/ocaru.org.ec\/en\/de-la-lucha-arancelaria-a-los-territorios-rurales-que-pasa-con-los-aranceles-entre-colombia-y-ecuador\/\">De la lucha arancelaria a los territorios rurales:  \u00bfQu\u00e9 pasa con los aranceles entre Colombia y Ecuador?<\/a>\t\t\t\t\t\t\t<\/h2>\n\t\t\t\t\t\t\n\t\t\t\t\t\t\t\t\t<div class=\"pp-card-slider-meta\">\n\t\t\t\t\t\t\t\t\t<span class=\"pp-content-author\">\n\t\t\t\t\t\t\t\t\t\t\t\t\t<span class=\"pp-card-slider-meta-icon pp-icon\">\n\t\t\t\t\t\t\t\t<i aria-hidden=\"true\" class=\"fas fa-user\"><\/i>\t\t\t\t\t\t\t<\/span>\n\t\t\t\t\t\t\t\t\t\t\t\t<span class=\"pp-card-slider-meta-text\">\n\t\t\t\t\t\t\tDavid Singa\u00f1a Tapia\t\t\t\t\t\t<\/span>\n\t\t\t\t\t<\/span>\n\t\t\t\t  \n\t\t\t\t\t\t\t\t\t<span class=\"pp-post-category\">\n\t\t\t\t\t\t\t\t\t\t\t\t\t<span class=\"pp-card-slider-meta-icon pp-icon\">\n\t\t\t\t\t\t\t\t<i aria-hidden=\"true\" class=\"fas fa-folder-open\"><\/i>\t\t\t\t\t\t\t<\/span>\n\t\t\t\t\t\t\t\t\t\t\t\t<span class=\"pp-card-slider-meta-text\">\n\t\t\t\t\t\t\tOpini\u00f3n\t\t\t\t\t\t<\/span>\n\t\t\t\t\t<\/span>\n\t\t\t\t  \n\t\t\t<\/div>\n\t\t\t\n\t\t\t\t\t\t\t\t\t\t\t\t\t\t\t\t\t<\/div>\n\t\t\t\t<\/div>\n\t\t\t\t\t\t\t\t<div class=\"pp-card-slider-item swiper-slide pp-card-slider-item-9\">\n\t\t\t\t\t\t\t\t\t\t\t\t\t<div class=\"pp-card-slider-image\">\n\t\t\t\t<a data-elementor-open-lightbox=\"yes\" data-elementor-lightbox-slideshow=\"be0a0ed\" data-elementor-lightbox-title=\"IMG_1706\" data-e-action-hash=\"#elementor-action%3Aaction%3Dlightbox%26settings%3DeyJpZCI6MjAwMzksInVybCI6Imh0dHBzOlwvXC9vY2FydS5vcmcuZWNcL3dwLWNvbnRlbnRcL3VwbG9hZHNcLzIwMjVcLzExXC9JTUdfMTcwNi5qcGciLCJzbGlkZXNob3ciOiJiZTBhMGVkIn0%3D\" href=\"https:\/\/ocaru.org.ec\/wp-content\/uploads\/2025\/11\/IMG_1706-768x432.jpg\"><img decoding=\"async\" src=\"https:\/\/ocaru.org.ec\/wp-content\/uploads\/2025\/11\/IMG_1706-768x432.jpg\" alt=\"\"><\/a>\t\t\t<\/div>\n\t\t\t\t\t\t\t\t<div class=\"pp-card-slider-content-wrap\">\n\t\t\t\t\t\t\t\t\t<div class=\"pp-card-slider-date\">\n\t\t\t\t\t\t\t\t\t<span class=\"pp-card-slider-meta-icon pp-icon\">\n\t\t\t\t\t\t<i aria-hidden=\"true\" class=\"fas fa-calendar-alt\"><\/i>\t\t\t\t\t<\/span>\n\t\t\t\t\t\t\t\t<span class=\"pp-card-slider-meta-text\">\n\t\t\t\t\tNovember 23, 2025\t\t\t\t<\/span>\n\t\t\t<\/div>\n\t\t\t\t\t\t\t\t\t\t\t\t\t\t\t\t<h2 class=\"pp-card-slider-title\">\n\t\t\t\t\t\t\t\t<a href=\"https:\/\/ocaru.org.ec\/en\/mapeo-de-experiencias-agroecologicas-ecuador\/\">Ecuador lanza el Mapeo de Experiencias Agroecol\u00f3gicas <br> Mapea tu historia y sembremos transformaci\u00f3n<\/a>\t\t\t\t\t\t\t<\/h2>\n\t\t\t\t\t\t\n\t\t\t\t\t\t\t\t\t<div class=\"pp-card-slider-meta\">\n\t\t\t\t\t\t\t\t\t<span class=\"pp-content-author\">\n\t\t\t\t\t\t\t\t\t\t\t\t\t<span class=\"pp-card-slider-meta-icon pp-icon\">\n\t\t\t\t\t\t\t\t<i aria-hidden=\"true\" class=\"fas fa-user\"><\/i>\t\t\t\t\t\t\t<\/span>\n\t\t\t\t\t\t\t\t\t\t\t\t<span class=\"pp-card-slider-meta-text\">\n\t\t\t\t\t\t\tGabriela Vanegas Carrera\t\t\t\t\t\t<\/span>\n\t\t\t\t\t<\/span>\n\t\t\t\t  \n\t\t\t\t\t\t\t\t\t<span class=\"pp-post-category\">\n\t\t\t\t\t\t\t\t\t\t\t\t\t<span class=\"pp-card-slider-meta-icon pp-icon\">\n\t\t\t\t\t\t\t\t<i aria-hidden=\"true\" class=\"fas fa-folder-open\"><\/i>\t\t\t\t\t\t\t<\/span>\n\t\t\t\t\t\t\t\t\t\t\t\t<span class=\"pp-card-slider-meta-text\">\n\t\t\t\t\t\t\tActualidad\t\t\t\t\t\t<\/span>\n\t\t\t\t\t<\/span>\n\t\t\t\t  \n\t\t\t<\/div>\n\t\t\t\n\t\t\t\t\t\t\t\t\t\t\t\t\t\t\t\t\t<\/div>\n\t\t\t\t<\/div>\n\t\t\t\t\t\t\t<\/div>\n\t\t\t\t\t\t\t<div class=\"swiper-pagination swiper-pagination-be0a0ed\"><\/div>\n\t\t\t\t\t<\/div>\n\t\t\t\t\t\t<\/div>\n\t\t\t\t<\/div>\n\t\t\t\t\t<\/div>\n\t\t<\/div>\n\t\t\t\t\t<\/div>\n\t\t<\/section>\n\t\t\t\t<section class=\"elementor-section elementor-top-section elementor-element elementor-element-a47d51b elementor-section-boxed elementor-section-height-default elementor-section-height-default\" data-id=\"a47d51b\" data-element_type=\"section\" data-e-type=\"section\">\n\t\t\t\t\t\t<div class=\"elementor-container elementor-column-gap-default\">\n\t\t\t\t\t<div class=\"elementor-column elementor-col-100 elementor-top-column elementor-element elementor-element-3bd6fd6\" data-id=\"3bd6fd6\" data-element_type=\"column\" data-e-type=\"column\">\n\t\t\t<div class=\"elementor-widget-wrap elementor-element-populated\">\n\t\t\t\t\t\t<div class=\"elementor-element elementor-element-0538513 elementor-widget elementor-widget-heading\" data-id=\"0538513\" data-element_type=\"widget\" data-e-type=\"widget\" data-widget_type=\"heading.default\">\n\t\t\t\t<div class=\"elementor-widget-container\">\n\t\t\t\t\t<h4 class=\"elementor-heading-title elementor-size-default\">Compartir este art\u00edculo<\/h4>\t\t\t\t<\/div>\n\t\t\t\t<\/div>\n\t\t\t\t<div class=\"elementor-element elementor-element-d222c3d elementor-share-buttons--view-icon elementor-share-buttons--skin-minimal elementor-share-buttons--shape-circle elementor-share-buttons--color-custom elementor-grid-mobile-0 elementor-grid-0 elementor-widget elementor-widget-global elementor-global-9480 elementor-widget-mdp-sharinger-elementor\" data-id=\"d222c3d\" data-element_type=\"widget\" data-e-type=\"widget\" data-widget_type=\"mdp-sharinger-elementor.default\">\n\t\t\t\t<div class=\"elementor-widget-container\">\n\t\t\t\t\t        <div class=\"elementor-grid mdp-sharinger\">\n                            <div class=\"elementor-grid-item\">\n                    <div class=\"elementor-share-btn elementor-share-btn_facebook elementor-animation-pulse\" tabindex=\"0\" aria-label=\"Share on facebook\">\n                                                    <span class=\"elementor-share-btn__icon\">\n\t\t\t\t\t\t\t\t<i class=\"fab fa-facebook\" aria-hidden=\"true\"><\/i>\t\t\t\t\t\t\t<\/span>\n                                                                    <\/div>\n                <\/div>\n                                <div class=\"elementor-grid-item\">\n                    <div class=\"elementor-share-btn elementor-share-btn_twitter elementor-animation-pulse\" tabindex=\"0\" aria-label=\"Share on twitter\">\n                                                    <span class=\"elementor-share-btn__icon\">\n\t\t\t\t\t\t\t\t<i class=\"fab fa-twitter\" aria-hidden=\"true\"><\/i>\t\t\t\t\t\t\t<\/span>\n                                                                    <\/div>\n                <\/div>\n                                <div class=\"elementor-grid-item\">\n                    <div class=\"elementor-share-btn elementor-share-btn_linkedin elementor-animation-pulse\" tabindex=\"0\" aria-label=\"Share on linkedin\">\n                                                    <span class=\"elementor-share-btn__icon\">\n\t\t\t\t\t\t\t\t<i class=\"fab fa-linkedin\" aria-hidden=\"true\"><\/i>\t\t\t\t\t\t\t<\/span>\n                                                                    <\/div>\n                <\/div>\n                                <div class=\"elementor-grid-item\">\n                    <div class=\"elementor-share-btn elementor-share-btn_telegram elementor-animation-pulse\" tabindex=\"0\" aria-label=\"Share on telegram\">\n                                                    <span class=\"elementor-share-btn__icon\">\n\t\t\t\t\t\t\t\t<i class=\"fab fa-telegram\" aria-hidden=\"true\"><\/i>\t\t\t\t\t\t\t<\/span>\n                                                                    <\/div>\n                <\/div>\n                                <div class=\"elementor-grid-item\">\n                    <div class=\"elementor-share-btn elementor-share-btn_whatsapp elementor-animation-pulse\" tabindex=\"0\" aria-label=\"Share on whatsapp\">\n                                                    <span class=\"elementor-share-btn__icon\">\n\t\t\t\t\t\t\t\t<i class=\"fab fa-whatsapp\" aria-hidden=\"true\"><\/i>\t\t\t\t\t\t\t<\/span>\n                                                                    <\/div>\n                <\/div>\n                                <div class=\"elementor-grid-item\">\n                    <div class=\"elementor-share-btn elementor-share-btn_email elementor-animation-pulse\" tabindex=\"0\" aria-label=\"Share on email\">\n                                                    <span class=\"elementor-share-btn__icon\">\n\t\t\t\t\t\t\t\t<i class=\"fas fa-envelope\" aria-hidden=\"true\"><\/i>\t\t\t\t\t\t\t<\/span>\n                                                                    <\/div>\n                <\/div>\n                        <\/div>\n        \t\t\t\t<\/div>\n\t\t\t\t<\/div>\n\t\t\t\t\t<\/div>\n\t\t<\/div>\n\t\t\t\t\t<\/div>\n\t\t<\/section>\n\t\t\t\t<\/div>","protected":false},"excerpt":{"rendered":"<div class=\"tmnf_excerpt meta_deko\"><p>Un d\u00eda como hoy, 14 de mayo de 2018, se dio una jornada hist\u00f3rica en la defensa por un Ecuador Libre de Transg\u00e9nicos. Junto a organizaciones campesinas e ind\u00edgenas, <\/p>\n<\/div>","protected":false},"author":15,"featured_media":11811,"comment_status":"closed","ping_status":"open","sticky":false,"template":"","format":"standard","meta":{"_mi_skip_tracking":false,"_monsterinsights_sitenote_active":false,"_monsterinsights_sitenote_note":"","_monsterinsights_sitenote_category":0,"footnotes":""},"categories":[84],"tags":[103],"class_list":["post-11810","post","type-post","status-publish","format-standard","has-post-thumbnail","hentry","category-actualidad","tag-noticias-rotativas"],"yoast_head":"<!-- This site is optimized with the Yoast SEO Premium plugin v24.8 (Yoast SEO v27.4) - https:\/\/yoast.com\/product\/yoast-seo-premium-wordpress\/ -->\n<title>La lucha sigue por un Ecuador Libre de Transg\u00e9nicos - Ocaru<\/title>\n<meta name=\"robots\" content=\"index, follow, max-snippet:-1, max-image-preview:large, max-video-preview:-1\" \/>\n<link rel=\"canonical\" href=\"https:\/\/ocaru.org.ec\/en\/la-lucha-sigue-por-un-ecuador-libre-de-transgenicos\/\" \/>\n<meta property=\"og:locale\" content=\"en_US\" \/>\n<meta property=\"og:type\" content=\"article\" \/>\n<meta property=\"og:title\" content=\"La lucha sigue por un Ecuador Libre de Transg\u00e9nicos\" \/>\n<meta property=\"og:description\" content=\"Un d\u00eda como hoy, 14 de mayo de 2018, se dio una jornada hist\u00f3rica en la defensa por un Ecuador Libre de Transg\u00e9nicos. Junto a organizaciones campesinas e ind\u00edgenas,\" \/>\n<meta property=\"og:url\" content=\"https:\/\/ocaru.org.ec\/en\/la-lucha-sigue-por-un-ecuador-libre-de-transgenicos\/\" \/>\n<meta property=\"og:site_name\" content=\"Ocaru\" \/>\n<meta property=\"article:publisher\" content=\"https:\/\/www.facebook.com\/Ocaruec\/\" \/>\n<meta property=\"article:published_time\" content=\"2018-05-14T18:49:44+00:00\" \/>\n<meta property=\"article:modified_time\" content=\"2023-10-05T01:33:39+00:00\" \/>\n<meta property=\"og:image\" content=\"https:\/\/ocaru.org.ec\/wp-content\/uploads\/2023\/09\/grano.jpg\" \/>\n\t<meta property=\"og:image:width\" content=\"855\" \/>\n\t<meta property=\"og:image:height\" content=\"600\" \/>\n\t<meta property=\"og:image:type\" content=\"image\/jpeg\" \/>\n<meta name=\"author\" content=\"Equipo OCARU\" \/>\n<script type=\"application\/ld+json\" class=\"yoast-schema-graph\">{\"@context\":\"https:\\\/\\\/schema.org\",\"@graph\":[{\"@type\":\"Article\",\"@id\":\"https:\\\/\\\/ocaru.org.ec\\\/la-lucha-sigue-por-un-ecuador-libre-de-transgenicos\\\/#article\",\"isPartOf\":{\"@id\":\"https:\\\/\\\/ocaru.org.ec\\\/la-lucha-sigue-por-un-ecuador-libre-de-transgenicos\\\/\"},\"author\":{\"name\":\"Equipo OCARU\",\"@id\":\"https:\\\/\\\/ocaru.org.ec\\\/#\\\/schema\\\/person\\\/90b45d0b1a5b0e27ed66ebbfcdeb3b7f\"},\"headline\":\"La lucha sigue por un Ecuador Libre de Transg\u00e9nicos\",\"datePublished\":\"2018-05-14T18:49:44+00:00\",\"dateModified\":\"2023-10-05T01:33:39+00:00\",\"mainEntityOfPage\":{\"@id\":\"https:\\\/\\\/ocaru.org.ec\\\/la-lucha-sigue-por-un-ecuador-libre-de-transgenicos\\\/\"},\"wordCount\":787,\"publisher\":{\"@id\":\"https:\\\/\\\/ocaru.org.ec\\\/#organization\"},\"image\":{\"@id\":\"https:\\\/\\\/ocaru.org.ec\\\/la-lucha-sigue-por-un-ecuador-libre-de-transgenicos\\\/#primaryimage\"},\"thumbnailUrl\":\"https:\\\/\\\/ocaru.org.ec\\\/wp-content\\\/uploads\\\/2023\\\/09\\\/grano.jpg\",\"keywords\":[\"Noticias Rotativas\"],\"articleSection\":[\"Actualidad\"],\"inLanguage\":\"en-US\"},{\"@type\":\"WebPage\",\"@id\":\"https:\\\/\\\/ocaru.org.ec\\\/la-lucha-sigue-por-un-ecuador-libre-de-transgenicos\\\/\",\"url\":\"https:\\\/\\\/ocaru.org.ec\\\/la-lucha-sigue-por-un-ecuador-libre-de-transgenicos\\\/\",\"name\":\"La lucha sigue por un Ecuador Libre de Transg\u00e9nicos - Ocaru\",\"isPartOf\":{\"@id\":\"https:\\\/\\\/ocaru.org.ec\\\/#website\"},\"primaryImageOfPage\":{\"@id\":\"https:\\\/\\\/ocaru.org.ec\\\/la-lucha-sigue-por-un-ecuador-libre-de-transgenicos\\\/#primaryimage\"},\"image\":{\"@id\":\"https:\\\/\\\/ocaru.org.ec\\\/la-lucha-sigue-por-un-ecuador-libre-de-transgenicos\\\/#primaryimage\"},\"thumbnailUrl\":\"https:\\\/\\\/ocaru.org.ec\\\/wp-content\\\/uploads\\\/2023\\\/09\\\/grano.jpg\",\"datePublished\":\"2018-05-14T18:49:44+00:00\",\"dateModified\":\"2023-10-05T01:33:39+00:00\",\"breadcrumb\":{\"@id\":\"https:\\\/\\\/ocaru.org.ec\\\/la-lucha-sigue-por-un-ecuador-libre-de-transgenicos\\\/#breadcrumb\"},\"inLanguage\":\"en-US\",\"potentialAction\":[{\"@type\":\"ReadAction\",\"target\":[\"https:\\\/\\\/ocaru.org.ec\\\/la-lucha-sigue-por-un-ecuador-libre-de-transgenicos\\\/\"]}]},{\"@type\":\"ImageObject\",\"inLanguage\":\"en-US\",\"@id\":\"https:\\\/\\\/ocaru.org.ec\\\/la-lucha-sigue-por-un-ecuador-libre-de-transgenicos\\\/#primaryimage\",\"url\":\"https:\\\/\\\/ocaru.org.ec\\\/wp-content\\\/uploads\\\/2023\\\/09\\\/grano.jpg\",\"contentUrl\":\"https:\\\/\\\/ocaru.org.ec\\\/wp-content\\\/uploads\\\/2023\\\/09\\\/grano.jpg\",\"width\":855,\"height\":600,\"caption\":\"Al Grano (Campa\u00f1a de Comunicaci\u00f3n Colectiva entre la Agencia Tegantai y OCARU)\"},{\"@type\":\"BreadcrumbList\",\"@id\":\"https:\\\/\\\/ocaru.org.ec\\\/la-lucha-sigue-por-un-ecuador-libre-de-transgenicos\\\/#breadcrumb\",\"itemListElement\":[{\"@type\":\"ListItem\",\"position\":1,\"name\":\"Portada\",\"item\":\"https:\\\/\\\/ocaru.org.ec\\\/\"},{\"@type\":\"ListItem\",\"position\":2,\"name\":\"La lucha sigue por un Ecuador Libre de Transg\u00e9nicos\"}]},{\"@type\":\"WebSite\",\"@id\":\"https:\\\/\\\/ocaru.org.ec\\\/#website\",\"url\":\"https:\\\/\\\/ocaru.org.ec\\\/\",\"name\":\"Ocaru\",\"description\":\"Observatorio del Cambio Rural\",\"publisher\":{\"@id\":\"https:\\\/\\\/ocaru.org.ec\\\/#organization\"},\"potentialAction\":[{\"@type\":\"SearchAction\",\"target\":{\"@type\":\"EntryPoint\",\"urlTemplate\":\"https:\\\/\\\/ocaru.org.ec\\\/?s={search_term_string}\"},\"query-input\":{\"@type\":\"PropertyValueSpecification\",\"valueRequired\":true,\"valueName\":\"search_term_string\"}}],\"inLanguage\":\"en-US\"},{\"@type\":\"Organization\",\"@id\":\"https:\\\/\\\/ocaru.org.ec\\\/#organization\",\"name\":\"Ocaru\",\"url\":\"https:\\\/\\\/ocaru.org.ec\\\/\",\"logo\":{\"@type\":\"ImageObject\",\"inLanguage\":\"en-US\",\"@id\":\"https:\\\/\\\/ocaru.org.ec\\\/#\\\/schema\\\/logo\\\/image\\\/\",\"url\":\"https:\\\/\\\/ocaru.org.ec\\\/wp-content\\\/uploads\\\/2026\\\/02\\\/Logo-150-x-150-1.jpg\",\"contentUrl\":\"https:\\\/\\\/ocaru.org.ec\\\/wp-content\\\/uploads\\\/2026\\\/02\\\/Logo-150-x-150-1.jpg\",\"width\":150,\"height\":150,\"caption\":\"Ocaru\"},\"image\":{\"@id\":\"https:\\\/\\\/ocaru.org.ec\\\/#\\\/schema\\\/logo\\\/image\\\/\"},\"sameAs\":[\"https:\\\/\\\/www.facebook.com\\\/Ocaruec\\\/\",\"https:\\\/\\\/x.com\\\/OCARUEc\",\"https:\\\/\\\/www.instagram.com\\\/ocaru_ecuador\\\/\",\"https:\\\/\\\/www.youtube.com\\\/user\\\/CambioRuralEC\"]},{\"@type\":\"Person\",\"@id\":\"https:\\\/\\\/ocaru.org.ec\\\/#\\\/schema\\\/person\\\/90b45d0b1a5b0e27ed66ebbfcdeb3b7f\",\"name\":\"Equipo OCARU\",\"image\":{\"@type\":\"ImageObject\",\"inLanguage\":\"en-US\",\"@id\":\"https:\\\/\\\/secure.gravatar.com\\\/avatar\\\/6fc8d9021cfef3848dc756028babfce4b172a5cdf3ddaf65c90537c341847bba?s=96&d=mm&r=g\",\"url\":\"https:\\\/\\\/secure.gravatar.com\\\/avatar\\\/6fc8d9021cfef3848dc756028babfce4b172a5cdf3ddaf65c90537c341847bba?s=96&d=mm&r=g\",\"contentUrl\":\"https:\\\/\\\/secure.gravatar.com\\\/avatar\\\/6fc8d9021cfef3848dc756028babfce4b172a5cdf3ddaf65c90537c341847bba?s=96&d=mm&r=g\",\"caption\":\"Equipo OCARU\"},\"url\":\"https:\\\/\\\/ocaru.org.ec\\\/en\\\/author\\\/equipo-ocaru\\\/\"}]}<\/script>\n<!-- \/ Yoast SEO Premium plugin. -->","yoast_head_json":{"title":"La lucha sigue por un Ecuador Libre de Transg\u00e9nicos - Ocaru","robots":{"index":"index","follow":"follow","max-snippet":"max-snippet:-1","max-image-preview":"max-image-preview:large","max-video-preview":"max-video-preview:-1"},"canonical":"https:\/\/ocaru.org.ec\/en\/la-lucha-sigue-por-un-ecuador-libre-de-transgenicos\/","og_locale":"en_US","og_type":"article","og_title":"La lucha sigue por un Ecuador Libre de Transg\u00e9nicos","og_description":"Un d\u00eda como hoy, 14 de mayo de 2018, se dio una jornada hist\u00f3rica en la defensa por un Ecuador Libre de Transg\u00e9nicos. Junto a organizaciones campesinas e ind\u00edgenas,","og_url":"https:\/\/ocaru.org.ec\/en\/la-lucha-sigue-por-un-ecuador-libre-de-transgenicos\/","og_site_name":"Ocaru","article_publisher":"https:\/\/www.facebook.com\/Ocaruec\/","article_published_time":"2018-05-14T18:49:44+00:00","article_modified_time":"2023-10-05T01:33:39+00:00","og_image":[{"width":855,"height":600,"url":"https:\/\/ocaru.org.ec\/wp-content\/uploads\/2023\/09\/grano.jpg","type":"image\/jpeg"}],"author":"Equipo OCARU","schema":{"@context":"https:\/\/schema.org","@graph":[{"@type":"Article","@id":"https:\/\/ocaru.org.ec\/la-lucha-sigue-por-un-ecuador-libre-de-transgenicos\/#article","isPartOf":{"@id":"https:\/\/ocaru.org.ec\/la-lucha-sigue-por-un-ecuador-libre-de-transgenicos\/"},"author":{"name":"Equipo OCARU","@id":"https:\/\/ocaru.org.ec\/#\/schema\/person\/90b45d0b1a5b0e27ed66ebbfcdeb3b7f"},"headline":"La lucha sigue por un Ecuador Libre de Transg\u00e9nicos","datePublished":"2018-05-14T18:49:44+00:00","dateModified":"2023-10-05T01:33:39+00:00","mainEntityOfPage":{"@id":"https:\/\/ocaru.org.ec\/la-lucha-sigue-por-un-ecuador-libre-de-transgenicos\/"},"wordCount":787,"publisher":{"@id":"https:\/\/ocaru.org.ec\/#organization"},"image":{"@id":"https:\/\/ocaru.org.ec\/la-lucha-sigue-por-un-ecuador-libre-de-transgenicos\/#primaryimage"},"thumbnailUrl":"https:\/\/ocaru.org.ec\/wp-content\/uploads\/2023\/09\/grano.jpg","keywords":["Noticias Rotativas"],"articleSection":["Actualidad"],"inLanguage":"en-US"},{"@type":"WebPage","@id":"https:\/\/ocaru.org.ec\/la-lucha-sigue-por-un-ecuador-libre-de-transgenicos\/","url":"https:\/\/ocaru.org.ec\/la-lucha-sigue-por-un-ecuador-libre-de-transgenicos\/","name":"La lucha sigue por un Ecuador Libre de Transg\u00e9nicos - Ocaru","isPartOf":{"@id":"https:\/\/ocaru.org.ec\/#website"},"primaryImageOfPage":{"@id":"https:\/\/ocaru.org.ec\/la-lucha-sigue-por-un-ecuador-libre-de-transgenicos\/#primaryimage"},"image":{"@id":"https:\/\/ocaru.org.ec\/la-lucha-sigue-por-un-ecuador-libre-de-transgenicos\/#primaryimage"},"thumbnailUrl":"https:\/\/ocaru.org.ec\/wp-content\/uploads\/2023\/09\/grano.jpg","datePublished":"2018-05-14T18:49:44+00:00","dateModified":"2023-10-05T01:33:39+00:00","breadcrumb":{"@id":"https:\/\/ocaru.org.ec\/la-lucha-sigue-por-un-ecuador-libre-de-transgenicos\/#breadcrumb"},"inLanguage":"en-US","potentialAction":[{"@type":"ReadAction","target":["https:\/\/ocaru.org.ec\/la-lucha-sigue-por-un-ecuador-libre-de-transgenicos\/"]}]},{"@type":"ImageObject","inLanguage":"en-US","@id":"https:\/\/ocaru.org.ec\/la-lucha-sigue-por-un-ecuador-libre-de-transgenicos\/#primaryimage","url":"https:\/\/ocaru.org.ec\/wp-content\/uploads\/2023\/09\/grano.jpg","contentUrl":"https:\/\/ocaru.org.ec\/wp-content\/uploads\/2023\/09\/grano.jpg","width":855,"height":600,"caption":"Al Grano (Campa\u00f1a de Comunicaci\u00f3n Colectiva entre la Agencia Tegantai y OCARU)"},{"@type":"BreadcrumbList","@id":"https:\/\/ocaru.org.ec\/la-lucha-sigue-por-un-ecuador-libre-de-transgenicos\/#breadcrumb","itemListElement":[{"@type":"ListItem","position":1,"name":"Portada","item":"https:\/\/ocaru.org.ec\/"},{"@type":"ListItem","position":2,"name":"La lucha sigue por un Ecuador Libre de Transg\u00e9nicos"}]},{"@type":"WebSite","@id":"https:\/\/ocaru.org.ec\/#website","url":"https:\/\/ocaru.org.ec\/","name":"Ocaru","description":"Observatorio del Cambio Rural","publisher":{"@id":"https:\/\/ocaru.org.ec\/#organization"},"potentialAction":[{"@type":"SearchAction","target":{"@type":"EntryPoint","urlTemplate":"https:\/\/ocaru.org.ec\/?s={search_term_string}"},"query-input":{"@type":"PropertyValueSpecification","valueRequired":true,"valueName":"search_term_string"}}],"inLanguage":"en-US"},{"@type":"Organization","@id":"https:\/\/ocaru.org.ec\/#organization","name":"Ocaru","url":"https:\/\/ocaru.org.ec\/","logo":{"@type":"ImageObject","inLanguage":"en-US","@id":"https:\/\/ocaru.org.ec\/#\/schema\/logo\/image\/","url":"https:\/\/ocaru.org.ec\/wp-content\/uploads\/2026\/02\/Logo-150-x-150-1.jpg","contentUrl":"https:\/\/ocaru.org.ec\/wp-content\/uploads\/2026\/02\/Logo-150-x-150-1.jpg","width":150,"height":150,"caption":"Ocaru"},"image":{"@id":"https:\/\/ocaru.org.ec\/#\/schema\/logo\/image\/"},"sameAs":["https:\/\/www.facebook.com\/Ocaruec\/","https:\/\/x.com\/OCARUEc","https:\/\/www.instagram.com\/ocaru_ecuador\/","https:\/\/www.youtube.com\/user\/CambioRuralEC"]},{"@type":"Person","@id":"https:\/\/ocaru.org.ec\/#\/schema\/person\/90b45d0b1a5b0e27ed66ebbfcdeb3b7f","name":"Equipo OCARU","image":{"@type":"ImageObject","inLanguage":"en-US","@id":"https:\/\/secure.gravatar.com\/avatar\/6fc8d9021cfef3848dc756028babfce4b172a5cdf3ddaf65c90537c341847bba?s=96&d=mm&r=g","url":"https:\/\/secure.gravatar.com\/avatar\/6fc8d9021cfef3848dc756028babfce4b172a5cdf3ddaf65c90537c341847bba?s=96&d=mm&r=g","contentUrl":"https:\/\/secure.gravatar.com\/avatar\/6fc8d9021cfef3848dc756028babfce4b172a5cdf3ddaf65c90537c341847bba?s=96&d=mm&r=g","caption":"Equipo OCARU"},"url":"https:\/\/ocaru.org.ec\/en\/author\/equipo-ocaru\/"}]}},"_links":{"self":[{"href":"https:\/\/ocaru.org.ec\/en\/wp-json\/wp\/v2\/posts\/11810","targetHints":{"allow":["GET"]}}],"collection":[{"href":"https:\/\/ocaru.org.ec\/en\/wp-json\/wp\/v2\/posts"}],"about":[{"href":"https:\/\/ocaru.org.ec\/en\/wp-json\/wp\/v2\/types\/post"}],"author":[{"embeddable":true,"href":"https:\/\/ocaru.org.ec\/en\/wp-json\/wp\/v2\/users\/15"}],"replies":[{"embeddable":true,"href":"https:\/\/ocaru.org.ec\/en\/wp-json\/wp\/v2\/comments?post=11810"}],"version-history":[{"count":10,"href":"https:\/\/ocaru.org.ec\/en\/wp-json\/wp\/v2\/posts\/11810\/revisions"}],"predecessor-version":[{"id":12657,"href":"https:\/\/ocaru.org.ec\/en\/wp-json\/wp\/v2\/posts\/11810\/revisions\/12657"}],"wp:featuredmedia":[{"embeddable":true,"href":"https:\/\/ocaru.org.ec\/en\/wp-json\/wp\/v2\/media\/11811"}],"wp:attachment":[{"href":"https:\/\/ocaru.org.ec\/en\/wp-json\/wp\/v2\/media?parent=11810"}],"wp:term":[{"taxonomy":"category","embeddable":true,"href":"https:\/\/ocaru.org.ec\/en\/wp-json\/wp\/v2\/categories?post=11810"},{"taxonomy":"post_tag","embeddable":true,"href":"https:\/\/ocaru.org.ec\/en\/wp-json\/wp\/v2\/tags?post=11810"}],"curies":[{"name":"wp","href":"https:\/\/api.w.org\/{rel}","templated":true}]}}