{"id":11778,"date":"2018-06-14T12:57:25","date_gmt":"2018-06-14T17:57:25","guid":{"rendered":"https:\/\/ocaru.org.ec\/?p=11778"},"modified":"2023-09-25T13:12:06","modified_gmt":"2023-09-25T18:12:06","slug":"el-debate-agrario-durante-el-primer-seminario-permanente-de-investigacion-del-grupo-tierra","status":"publish","type":"post","link":"https:\/\/ocaru.org.ec\/en\/el-debate-agrario-durante-el-primer-seminario-permanente-de-investigacion-del-grupo-tierra\/","title":{"rendered":"El debate agrario durante el primer seminario permanente de investigaci\u00f3n del Grupo Tierra"},"content":{"rendered":"<div data-elementor-type=\"wp-post\" data-elementor-id=\"11778\" class=\"elementor elementor-11778\" data-elementor-post-type=\"post\">\n\t\t\t\t\t\t<section class=\"elementor-section elementor-top-section elementor-element elementor-element-3a144bd elementor-section-boxed elementor-section-height-default elementor-section-height-default\" data-id=\"3a144bd\" data-element_type=\"section\" data-e-type=\"section\">\n\t\t\t\t\t\t<div class=\"elementor-container elementor-column-gap-default\">\n\t\t\t\t\t<div class=\"elementor-column elementor-col-50 elementor-top-column elementor-element elementor-element-f1a0c01\" data-id=\"f1a0c01\" data-element_type=\"column\" data-e-type=\"column\">\n\t\t\t<div class=\"elementor-widget-wrap elementor-element-populated\">\n\t\t\t\t\t\t<div class=\"elementor-element elementor-element-c79cca2 elementor-widget elementor-widget-image\" data-id=\"c79cca2\" data-element_type=\"widget\" data-e-type=\"widget\" data-widget_type=\"image.default\">\n\t\t\t\t<div class=\"elementor-widget-container\">\n\t\t\t\t\t\t\t\t\t\t\t\t\t\t\t<img fetchpriority=\"high\" decoding=\"async\" width=\"855\" height=\"600\" src=\"https:\/\/ocaru.org.ec\/wp-content\/uploads\/2023\/09\/ddebate.jpg\" class=\"attachment-large size-large wp-image-11779\" alt=\"\" srcset=\"https:\/\/ocaru.org.ec\/wp-content\/uploads\/2023\/09\/ddebate.jpg 855w, https:\/\/ocaru.org.ec\/wp-content\/uploads\/2023\/09\/ddebate-300x211.jpg 300w, https:\/\/ocaru.org.ec\/wp-content\/uploads\/2023\/09\/ddebate-768x539.jpg 768w, https:\/\/ocaru.org.ec\/wp-content\/uploads\/2023\/09\/ddebate-18x12.jpg 18w\" sizes=\"(max-width: 855px) 100vw, 855px\" \/>\t\t\t\t\t\t\t\t\t\t\t\t\t\t\t<\/div>\n\t\t\t\t<\/div>\n\t\t\t\t\t<\/div>\n\t\t<\/div>\n\t\t\t\t<div class=\"elementor-column elementor-col-50 elementor-top-column elementor-element elementor-element-d0dd6b3\" data-id=\"d0dd6b3\" data-element_type=\"column\" data-e-type=\"column\">\n\t\t\t<div class=\"elementor-widget-wrap elementor-element-populated\">\n\t\t\t\t\t\t<div class=\"elementor-element elementor-element-76d4bf6 elementor-widget elementor-widget-text-editor\" data-id=\"76d4bf6\" data-element_type=\"widget\" data-e-type=\"widget\" data-widget_type=\"text-editor.default\">\n\t\t\t\t<div class=\"elementor-widget-container\">\n\t\t\t\t\t\t\t\t\t<div class=\"itemIntroText\"><p><em><strong>OCARU\/ Por Isabel Salcedo<br \/><\/strong><\/em><\/p><p>Tres d\u00edas de intensas jornadas de debate marcaron el Primer Seminario Permanente de Investigaci\u00f3n del Grupo Tierra durante el 5, 6 y 7 de junio, en la ciudad de Quito. Las sedes de Universidades como la UDLA, Flacso, Andina y Universidad Central del Ecuador fueron las encargadas de arropar a un centenar de ponencias e intervenciones, en uno de los seminarios\u00a0 m\u00e1s interesantes sobre investigaci\u00f3n de\u00a0<em>\u00ablo rural\u00bb<\/em>\u00a0en lo que va de a\u00f1o. El Instituto de Estudios Ecuatorianos y el Observatorio del Cambio Rural ocuparon diferentes espacios para la reflexi\u00f3n en torno a diferentes ejes tem\u00e1ticos de investigaci\u00f3n social.<\/p><\/div><div class=\"itemFullText\"><p><strong>Pensar las comunas en pleno siglo XXI<\/strong><\/p><\/div>\t\t\t\t\t\t\t\t<\/div>\n\t\t\t\t<\/div>\n\t\t\t\t\t<\/div>\n\t\t<\/div>\n\t\t\t\t\t<\/div>\n\t\t<\/section>\n\t\t\t\t<section class=\"elementor-section elementor-top-section elementor-element elementor-element-5d53e75 elementor-section-boxed elementor-section-height-default elementor-section-height-default\" data-id=\"5d53e75\" data-element_type=\"section\" data-e-type=\"section\">\n\t\t\t\t\t\t<div class=\"elementor-container elementor-column-gap-default\">\n\t\t\t\t\t<div class=\"elementor-column elementor-col-100 elementor-top-column elementor-element elementor-element-18b61e0\" data-id=\"18b61e0\" data-element_type=\"column\" data-e-type=\"column\">\n\t\t\t<div class=\"elementor-widget-wrap elementor-element-populated\">\n\t\t\t\t\t\t<div class=\"elementor-element elementor-element-4a94e40 elementor-widget elementor-widget-text-editor\" data-id=\"4a94e40\" data-element_type=\"widget\" data-e-type=\"widget\" data-widget_type=\"text-editor.default\">\n\t\t\t\t<div class=\"elementor-widget-container\">\n\t\t\t\t\t\t\t\t\t<p>Los aportes para el debate partieron desde la misma idea: las comunas se definen como una forma de organizaci\u00f3n social mucho antes del establecimiento del Estado Rep\u00fablica, pero pasando a ser una figura jur\u00eddica legalmente reconocida cuando comenz\u00f3 a ser de inter\u00e9s de estudio, seg\u00fan Ver\u00f3nica Morales\u2013Ramos. La investigadora destac\u00f3 que tal figura presenta una forma de propiedad no contemplada en la Constituci\u00f3n, una l\u00f3gica problem\u00e1tica ante la administraci\u00f3n local, nacional e incluso jur\u00eddica en tanto a la propiedad privada. Su exposici\u00f3n marc\u00f3 tres momentos hist\u00f3ricos espec\u00edficos: la Ley de comunas de 1937, donde se\u00f1al\u00f3 la necesidad de injerencia sobre dicha ley que no contempla marcos legales fuertes; en la Constituci\u00f3n de 1998 se reconoci\u00f3 a las comunidades con el establecimiento de la figura jur\u00eddica en torno a la propiedad, donde se manifiesta que es inalienable e intangible.<\/p><p>En representaci\u00f3n del IAEN (Instituto de Altos Estudios Nacionales), Jeremy Rayner expuso sobre las comunas, urbanizaci\u00f3n democr\u00e1tica y el derecho a la (no) ciudad. Hizo alusi\u00f3n a la realidad de los subalternos, los comuneros, cuya condici\u00f3n de ruralidad, ind\u00edgena e inclusive de pobreza, no concilia la negociaci\u00f3n sobre sus derechos. Desde una mirada legal, argument\u00f3 c\u00f3mo las comunas no \u201ctienen sentido\u201d en zonas urbanas. Cuando se refiri\u00f3 a la organizaci\u00f3n de las comunas enfatiz\u00f3:\u00a0<em>\u00abpara las comunas, conseguir electricidad, agua potable y construcci\u00f3n de caminos es un proceso de lucha colectiva\u00bb<\/em>. A modo conclusivo, se refiri\u00f3 a la necesidad de definir y ejecutar el tipo de organizaci\u00f3n que la misma comunidad quiera.<\/p><p>Para Floresmilo Simba\u00f1a, Comuna La Tola Chica, desde el Estado, han tomado elementos de lo comunitario y lo han inclu\u00eddo en sus pol\u00edticas. Simba\u00f1a destac\u00f3 c\u00f3mo en la Constituci\u00f3n se relativiza diciendo que\u00a0<em>\u201cla comunidad puede resolver todo conflicto interno\u201d<\/em>, pero si \u00e9sta no puede lograrlo ha de tener intervenci\u00f3n del Estado; es decir, insist\u00eda en c\u00f3mo, de esa forma, no tendr\u00eda autonom\u00eda ni decisi\u00f3n sobre s\u00ed misma. Para el dirigente, la comuna debe ser entendida como una realidad m\u00e1s amplia, y no como una realidad perif\u00e9rica que va m\u00e1s all\u00e1 de la relaci\u00f3n con la propiedad de la tierra, siendo un espacio que plantea nuevas realidades, nuevas l\u00edneas econ\u00f3micas, dado que no son enteramente agrarias ni enteramente rurales. Para llevar a cabo lo que planteaba se necesitar\u00eda de una ley de comunas que no legisle en espacios tan reducidos como una comuna y no debe legislar para una realidad netamente agraria. Desde la ley, se deber\u00e1 procurar la preservaci\u00f3n de las comunas.\u00a0<em>\u201cLas comunas han venido cambiando, el que debe cambiar es el Estado\u201d<\/em>, recalc\u00f3.<\/p><p><strong>La Agroindustria entendida como la llegada de los grandes capitales<br \/><\/strong><\/p><p>Desde la figura del relato, Stalin Herrera, Coordinador del OCARU, abord\u00f3 su ponencia. Narr\u00f3 c\u00f3mo viv\u00edan los campesinos en la costa donde imperaban violentas relaciones laborales durante la \u00e9poca de hacienda. Sus primeras palabras para el auditorio:\u00a0<em>\u201cimaginad a los campesinos como un sector aut\u00f3nomo con la tierra suficiente y mano de obra que les permita vivir y subsistir de su trabajo con un elemento de autonom\u00eda, no s\u00f3lo econ\u00f3mica sino tambi\u00e9n pol\u00edtica y cultural en la construcci\u00f3n de la idea de comunidad y un mundo premoderno con v\u00edas distintas al capital y la modernidad\u201d<\/em>.<br \/>Realiz\u00f3 un recorrido por las luchas campesinas en la costa ecuatoriana de principios del siglo XX, hasta las d\u00e9cadas de las reformas agrarias del 64 y 73, pasando por la reflexi\u00f3n de aquellos momentos donde se daba un cuestionamiento de los propios intelectuales, sociedad y Estado que miraban a la hacienda como un l\u00edmite para la construcci\u00f3n de un mundo moderno.<br \/>Para Herrera,\u00a0<em>\u201c50 a\u00f1os despu\u00e9s de la reforma agraria, uno mira a la costa y se observa que la reforma agraria parece haber marcado el fin del movimiento campesino en la costa. Las elites rurales no abandonaron los espacios sino que se recuperaron y se modernizaron\u201d<\/em>.<\/p><p><strong>Pol\u00edticas agrarias y cambio social: \u201cdeconstruyendo\u201d la Reforma \u201cDemocr\u00e1tica\u201d del Estado. Ecuador 2007-2017<br \/><\/strong><\/p><p>Esteban Daza abord\u00f3 la problematizaci\u00f3n de las\u00a0<em>\u201cexpectativas\u201d<\/em>\u00a0de la movilizaci\u00f3n social por el agro desde mayo 2017 hasta mayo de 2018, donde las organizaciones de agricultores, campesinos e ind\u00edgenas han pasado a ocupar cargos en la funci\u00f3n ejecutiva, sobre todo, en torno al tema de agua y la agricultura enmedio de una coyuntura de continuidad y ruptura con el anterior r\u00e9gimen de la \u201cRevoluci\u00f3n Ciudadana\u201d. En su discurso plante\u00f3 la hip\u00f3tesis que sit\u00faa a la reforma \u00abDemocr\u00e1tica\u00bb del Estado en materia agraria como objeto, en la configuraci\u00f3n a trav\u00e9s de los diagn\u00f3sticos de un escenario propicio para la creaci\u00f3n de una serie de urgencias: la necesidad del orden frente al caos institucional y la seguridad frente a la ausencia de Estado como regulador de lo p\u00fablico.<\/p>\t\t\t\t\t\t\t\t<\/div>\n\t\t\t\t<\/div>\n\t\t\t\t\t<\/div>\n\t\t<\/div>\n\t\t\t\t\t<\/div>\n\t\t<\/section>\n\t\t\t\t<section class=\"elementor-section elementor-top-section elementor-element elementor-element-a1ffd71 elementor-section-boxed elementor-section-height-default elementor-section-height-default\" data-id=\"a1ffd71\" data-element_type=\"section\" data-e-type=\"section\">\n\t\t\t\t\t\t<div class=\"elementor-container elementor-column-gap-default\">\n\t\t\t\t\t<div class=\"elementor-column elementor-col-50 elementor-top-column elementor-element elementor-element-4c28fc3\" data-id=\"4c28fc3\" data-element_type=\"column\" data-e-type=\"column\">\n\t\t\t<div class=\"elementor-widget-wrap elementor-element-populated\">\n\t\t\t\t\t\t<div class=\"elementor-element elementor-element-a7a4df4 elementor-widget elementor-widget-text-editor\" data-id=\"a7a4df4\" data-element_type=\"widget\" data-e-type=\"widget\" data-widget_type=\"text-editor.default\">\n\t\t\t\t<div class=\"elementor-widget-container\">\n\t\t\t\t\t\t\t\t\t<p><strong>Los derechos laborales en el sector bananero<br \/><\/strong><\/p><p>La mesa de banano, es un esfuerzo y una invitaci\u00f3n del IEE a presentar los avances parciales al equipo inter-diciplinario y en el que colaboran diferentes instituciones, que viene desarrollando una investigaci\u00f3n que permita dar cuenta de un sector tan estrat\u00e9gico para el Ecuador como la producci\u00f3n y venta de banano, durante a\u00f1os el principal producto de exportaci\u00f3n no petrolera y en \u00e9l trabajan alrededor de 200.000 personas de manera directa. Esta investigaci\u00f3n nos dar\u00e1 luces de c\u00f3mo funciona la cadena productiva, qui\u00e9nes se quedan con las ganancias, qu\u00e9 implic\u00f3 la firma del Tratado con la UE, c\u00f3mo se afecta a la salud de pobladores y trabajadores, cu\u00e1les son las condiciones de trabajo, la persistencia de violaciones a los derechos laborales y las estrategias organizativas desplegadas por los y las trabajadoras de las bananeras.<\/p>\t\t\t\t\t\t\t\t<\/div>\n\t\t\t\t<\/div>\n\t\t\t\t\t<\/div>\n\t\t<\/div>\n\t\t\t\t<div class=\"elementor-column elementor-col-50 elementor-top-column elementor-element elementor-element-65f8449\" data-id=\"65f8449\" data-element_type=\"column\" data-e-type=\"column\">\n\t\t\t<div class=\"elementor-widget-wrap elementor-element-populated\">\n\t\t\t\t\t\t<div class=\"elementor-element elementor-element-714c5ac elementor-widget elementor-widget-image\" data-id=\"714c5ac\" data-element_type=\"widget\" data-e-type=\"widget\" data-widget_type=\"image.default\">\n\t\t\t\t<div class=\"elementor-widget-container\">\n\t\t\t\t\t\t\t\t\t\t\t\t<figure class=\"wp-caption\">\n\t\t\t\t\t\t\t\t\t\t<img decoding=\"async\" width=\"855\" height=\"600\" src=\"https:\/\/ocaru.org.ec\/wp-content\/uploads\/2018\/06\/debate2.jpg\" class=\"attachment-large size-large wp-image-11783\" alt=\"\" srcset=\"https:\/\/ocaru.org.ec\/wp-content\/uploads\/2018\/06\/debate2.jpg 855w, https:\/\/ocaru.org.ec\/wp-content\/uploads\/2018\/06\/debate2-300x211.jpg 300w, https:\/\/ocaru.org.ec\/wp-content\/uploads\/2018\/06\/debate2-768x539.jpg 768w, https:\/\/ocaru.org.ec\/wp-content\/uploads\/2018\/06\/debate2-18x12.jpg 18w\" sizes=\"(max-width: 855px) 100vw, 855px\" \/>\t\t\t\t\t\t\t\t\t\t\t<figcaption class=\"widget-image-caption wp-caption-text\"><\/figcaption>\n\t\t\t\t\t\t\t\t\t\t<\/figure>\n\t\t\t\t\t\t\t\t\t<\/div>\n\t\t\t\t<\/div>\n\t\t\t\t\t<\/div>\n\t\t<\/div>\n\t\t\t\t\t<\/div>\n\t\t<\/section>\n\t\t\t\t<section class=\"elementor-section elementor-top-section elementor-element elementor-element-6798cac elementor-section-boxed elementor-section-height-default elementor-section-height-default\" data-id=\"6798cac\" data-element_type=\"section\" data-e-type=\"section\">\n\t\t\t\t\t\t<div class=\"elementor-container elementor-column-gap-default\">\n\t\t\t\t\t<div class=\"elementor-column elementor-col-100 elementor-top-column elementor-element elementor-element-33d6c21\" data-id=\"33d6c21\" data-element_type=\"column\" data-e-type=\"column\">\n\t\t\t<div class=\"elementor-widget-wrap elementor-element-populated\">\n\t\t\t\t\t\t<div class=\"elementor-element elementor-element-da330f8 elementor-widget elementor-widget-text-editor\" data-id=\"da330f8\" data-element_type=\"widget\" data-e-type=\"widget\" data-widget_type=\"text-editor.default\">\n\t\t\t\t<div class=\"elementor-widget-container\">\n\t\t\t\t\t\t\t\t\t<p>Como uno de los ejes investigativos del IEE, Anahi Macaroff present\u00f3 una investigaci\u00f3n a partir de casos denunciados desde el 2014. En ellos se muestra la persistencia de violaciones a los derechos laborales evidenciados en cuatro factores principales: la persistencia de la informalidad en el sector limitando el acceso de muchos trabajadores a los beneficios legales que les corresponde; las limitaciones legales que presenta el actual C\u00f3digo Laboral para que los trabajadores puedan organizarse en sindicatos para defender sus derechos; las estrategias de persecuci\u00f3n y amenazas por parte de las empresas para impedir que los trabajadores se organicen en sindicatos \u00f3 reclamen por sus derechos ante la inoperancia del Estado y, por \u00faltimo, la legalizaci\u00f3n de condiciones precarias de trabajo que representa la emisi\u00f3n de los \u00faltimos acuerdos ministeriales que permiten formas de contrataci\u00f3n m\u00e1s \u201cflexible\u201d para el sector.<\/p><p><strong>Estructura, tenencia y formas de propiedad de la tierra en Guangaje<br \/><\/strong><\/p><p>Para abordar este tema, Pamela Hidalgo, investigadora asociada al Instituto de Estudios Ecuatorianos, expuso que los objetivos de la investigaci\u00f3n en marcha en la zona, son: estudiar las percepciones y la compresi\u00f3n sobre la estructura y los conflictos de tierras; caracterizar la estructura, las formas de propiedad y tenencia de la tierra; elaborar una \u201ctipolog\u00eda\u201d de conflictos presentes en el territorio; y desarrollar recomendaciones para el an\u00e1lisis y resoluci\u00f3n de conflictos. En su intervenci\u00f3n, abord\u00f3 la importancia de la observaci\u00f3n en el comportamiento de los actores, sus visiones en tanto que instituciones y orgnanizaciones, las din\u00e1micas de resistencia,\u00a0qui\u00e9nes y c\u00f3mo se configuran los problemas, las propuestas para superar las problem\u00e1ticas, los distintos grados de influencia, c\u00f3mo intervienen en el territorio, alianzas y recursos, la caracterizaci\u00f3n valorativa sobre los temas de propiedad y estructura de la tierra y las formas de resoluci\u00f3n de conflictos, entre otras cuestiones.<\/p><p><strong>Del \u00abajuste h\u00eddrico a la centralidad del Estado\u00bb<br \/><\/strong><\/p><p>Melissa Moreano, Docente en la Universidad Andina, present\u00f3 su trabajo de investigaci\u00f3n sobre el recurso agua en Los R\u00edos y Tungurahua. Ubic\u00f3 tres per\u00edodos referenciales: en un inicio, situ\u00f3 al neoliberalismo, per\u00edodo donde el acceso al agua era restringido, se daba una transferencia de los sistemas p\u00fablicos al sector privado y, eventualmente, se originaba el acaparamiento de concesiones.\u00a0<em>\u201cEntre el 50 y 60% de los caudales disponibles estaban controlados entre el 1 y 4% del n\u00famero de los beneficiarios, grupo compuesto, b\u00e1sicamente, por grandes hacendados\u201d<\/em>\u00a0(Ter\u00e1n, 2005: 211), a\u00f1adi\u00f3 la investigadora.<\/p><p><strong>Agrobiodiversidad e identidad: de las manos que sostienen y reivindican nuestro patrimonio latente<br \/><\/strong><\/p><p>Los avances de la investigaci\u00f3n antropol\u00f3gica de\u00a0Stephanie Andrade Vinueza,\u00a0 junto a la Uni\u00f3n de Organizaciones Campesinas e Ind\u00edgenas de Cotacachi y el Comit\u00e9 Central de Mujeres de la UNORCAC, fueron compartidos durante las jornadas. Se trata de un trabajo desarrollado en conjunto tras intercambiar conversaciones, archivos con datos estad\u00edsticos, documentos hist\u00f3ricos, eventos, ceremonias y vida cotidiana. Vinueza destac\u00f3 que su trabajo est\u00e1 anclado, no tanto en compartir alguna propuesta proveniente desde lo te\u00f3rico, sino m\u00e1s bien desde la intencionalidad de una investigaci\u00f3n etnogr\u00e1fica que, lejos de buscar sus propios reconocimientos, intenta adentrarse en el universo de significados y de sentidos del grupo social con quien ha asumido un compromiso y, por tanto, intenta adoptar sus luchas como propias.<\/p>\t\t\t\t\t\t\t\t<\/div>\n\t\t\t\t<\/div>\n\t\t\t\t\t<\/div>\n\t\t<\/div>\n\t\t\t\t\t<\/div>\n\t\t<\/section>\n\t\t\t\t<section class=\"elementor-section elementor-top-section elementor-element elementor-element-7cc07d6 elementor-section-boxed elementor-section-height-default elementor-section-height-default\" data-id=\"7cc07d6\" data-element_type=\"section\" data-e-type=\"section\">\n\t\t\t\t\t\t<div class=\"elementor-container elementor-column-gap-default\">\n\t\t\t\t\t<div class=\"elementor-column elementor-col-100 elementor-top-column elementor-element elementor-element-6158e3e\" data-id=\"6158e3e\" data-element_type=\"column\" data-e-type=\"column\">\n\t\t\t<div class=\"elementor-widget-wrap elementor-element-populated\">\n\t\t\t\t\t\t<div class=\"elementor-element elementor-element-b6b23b5 elementor-widget elementor-widget-global elementor-global-10318 elementor-widget-heading\" data-id=\"b6b23b5\" data-element_type=\"widget\" data-e-type=\"widget\" data-widget_type=\"heading.default\">\n\t\t\t\t<div class=\"elementor-widget-container\">\n\t\t\t\t\t<h4 class=\"elementor-heading-title elementor-size-default\">Te podr\u00eda interesar<\/h4>\t\t\t\t<\/div>\n\t\t\t\t<\/div>\n\t\t\t\t<div class=\"elementor-element elementor-element-be0a0ed pp-card-slider-image-left pp-card-slider-dots-aside elementor-widget elementor-widget-global elementor-global-10298 elementor-widget-pp-card-slider\" data-id=\"be0a0ed\" data-element_type=\"widget\" data-e-type=\"widget\" data-settings=\"{&quot;open_lightbox&quot;:&quot;default&quot;,&quot;pause_on_hover&quot;:&quot;yes&quot;}\" data-widget_type=\"pp-card-slider.default\">\n\t\t\t\t<div class=\"elementor-widget-container\">\n\t\t\t\t\t\t\t<div class=\"pp-card-slider pp-swiper-slider\" data-slider-settings=\"{&quot;effect&quot;:&quot;fade&quot;,&quot;speed&quot;:500,&quot;slides_per_view&quot;:1,&quot;auto_height&quot;:false,&quot;loop&quot;:&quot;yes&quot;,&quot;autoplay&quot;:&quot;yes&quot;,&quot;autoplay_speed&quot;:3000,&quot;pause_on_interaction&quot;:false,&quot;keyboard&quot;:&quot;yes&quot;,&quot;pagination&quot;:&quot;bullets&quot;}\">\n\t\t\t<div class=\"swiper-wrapper\">\n\t\t\t\t\t\t\t\t<div class=\"pp-card-slider-item swiper-slide pp-card-slider-item-0\">\n\t\t\t\t\t\t\t\t\t\t\t\t\t<div class=\"pp-card-slider-image\">\n\t\t\t\t<a data-elementor-open-lightbox=\"yes\" data-elementor-lightbox-slideshow=\"be0a0ed\" data-elementor-lightbox-title=\"657555437_1359282936232278_422444842448717471_n\" data-e-action-hash=\"#elementor-action%3Aaction%3Dlightbox%26settings%3DeyJpZCI6MjEwMTUsInVybCI6Imh0dHBzOlwvXC9vY2FydS5vcmcuZWNcL3dwLWNvbnRlbnRcL3VwbG9hZHNcLzIwMjZcLzA0XC82NTc1NTU0MzdfMTM1OTI4MjkzNjIzMjI3OF80MjI0NDQ4NDI0NDg3MTc0NzFfbi5qcGciLCJzbGlkZXNob3ciOiJiZTBhMGVkIn0%3D\" href=\"https:\/\/ocaru.org.ec\/wp-content\/uploads\/2026\/04\/657555437_1359282936232278_422444842448717471_n-768x432.jpg\"><img decoding=\"async\" src=\"https:\/\/ocaru.org.ec\/wp-content\/uploads\/2026\/04\/657555437_1359282936232278_422444842448717471_n-768x432.jpg\" alt=\"\"><\/a>\t\t\t<\/div>\n\t\t\t\t\t\t\t\t<div class=\"pp-card-slider-content-wrap\">\n\t\t\t\t\t\t\t\t\t<div class=\"pp-card-slider-date\">\n\t\t\t\t\t\t\t\t\t<span class=\"pp-card-slider-meta-icon pp-icon\">\n\t\t\t\t\t\t<i aria-hidden=\"true\" class=\"fas fa-calendar-alt\"><\/i>\t\t\t\t\t<\/span>\n\t\t\t\t\t\t\t\t<span class=\"pp-card-slider-meta-text\">\n\t\t\t\t\tApril 23, 2026\t\t\t\t<\/span>\n\t\t\t<\/div>\n\t\t\t\t\t\t\t\t\t\t\t\t\t\t\t\t<h2 class=\"pp-card-slider-title\">\n\t\t\t\t\t\t\t\t<a href=\"https:\/\/ocaru.org.ec\/en\/el-ocaru-y-la-sandia-digital-destacan-el-papel-crucial-de-las-mujeres-rurales-y-la-comunicacion-politica\/\">El OCARU y La Sand\u00eda Digital destacan el papel crucial de las mujeres rurales y la comunicaci\u00f3n pol\u00edtica<\/a>\t\t\t\t\t\t\t<\/h2>\n\t\t\t\t\t\t\n\t\t\t\t\t\t\t\t\t<div class=\"pp-card-slider-meta\">\n\t\t\t\t\t\t\t\t\t<span class=\"pp-content-author\">\n\t\t\t\t\t\t\t\t\t\t\t\t\t<span class=\"pp-card-slider-meta-icon pp-icon\">\n\t\t\t\t\t\t\t\t<i aria-hidden=\"true\" class=\"fas fa-user\"><\/i>\t\t\t\t\t\t\t<\/span>\n\t\t\t\t\t\t\t\t\t\t\t\t<span class=\"pp-card-slider-meta-text\">\n\t\t\t\t\t\t\tGabriela Vanegas Carrera\t\t\t\t\t\t<\/span>\n\t\t\t\t\t<\/span>\n\t\t\t\t  \n\t\t\t\t\t\t\t\t\t<span class=\"pp-post-category\">\n\t\t\t\t\t\t\t\t\t\t\t\t\t<span class=\"pp-card-slider-meta-icon pp-icon\">\n\t\t\t\t\t\t\t\t<i aria-hidden=\"true\" class=\"fas fa-folder-open\"><\/i>\t\t\t\t\t\t\t<\/span>\n\t\t\t\t\t\t\t\t\t\t\t\t<span class=\"pp-card-slider-meta-text\">\n\t\t\t\t\t\t\tActualidad\t\t\t\t\t\t<\/span>\n\t\t\t\t\t<\/span>\n\t\t\t\t  \n\t\t\t<\/div>\n\t\t\t\n\t\t\t\t\t\t\t\t\t\t\t\t\t\t\t\t\t<\/div>\n\t\t\t\t<\/div>\n\t\t\t\t\t\t\t\t<div class=\"pp-card-slider-item swiper-slide pp-card-slider-item-1\">\n\t\t\t\t\t\t\t\t\t\t\t\t\t<div class=\"pp-card-slider-image\">\n\t\t\t\t<a data-elementor-open-lightbox=\"yes\" data-elementor-lightbox-slideshow=\"be0a0ed\" data-elementor-lightbox-title=\"IMG_9398\" data-e-action-hash=\"#elementor-action%3Aaction%3Dlightbox%26settings%3DeyJpZCI6MjExMDQsInVybCI6Imh0dHBzOlwvXC9vY2FydS5vcmcuZWNcL3dwLWNvbnRlbnRcL3VwbG9hZHNcLzIwMjZcLzA0XC9JTUdfOTM5OC5qcGciLCJzbGlkZXNob3ciOiJiZTBhMGVkIn0%3D\" href=\"https:\/\/ocaru.org.ec\/wp-content\/uploads\/2026\/04\/IMG_9398-768x432.jpg\"><img decoding=\"async\" src=\"https:\/\/ocaru.org.ec\/wp-content\/uploads\/2026\/04\/IMG_9398-768x432.jpg\" alt=\"\"><\/a>\t\t\t<\/div>\n\t\t\t\t\t\t\t\t<div class=\"pp-card-slider-content-wrap\">\n\t\t\t\t\t\t\t\t\t<div class=\"pp-card-slider-date\">\n\t\t\t\t\t\t\t\t\t<span class=\"pp-card-slider-meta-icon pp-icon\">\n\t\t\t\t\t\t<i aria-hidden=\"true\" class=\"fas fa-calendar-alt\"><\/i>\t\t\t\t\t<\/span>\n\t\t\t\t\t\t\t\t<span class=\"pp-card-slider-meta-text\">\n\t\t\t\t\tApril 23, 2026\t\t\t\t<\/span>\n\t\t\t<\/div>\n\t\t\t\t\t\t\t\t\t\t\t\t\t\t\t\t<h2 class=\"pp-card-slider-title\">\n\t\t\t\t\t\t\t\t<a href=\"https:\/\/ocaru.org.ec\/en\/resultados-de-la-primera-fase-del-mapa-interactivo-de-experiencias-agroecologicas-ecuador\/\">Resultados de la primera fase del mapa interactivo de experiencias agroecol\u00f3gicas &#8211; Ecuador<\/a>\t\t\t\t\t\t\t<\/h2>\n\t\t\t\t\t\t\n\t\t\t\t\t\t\t\t\t<div class=\"pp-card-slider-meta\">\n\t\t\t\t\t\t\t\t\t<span class=\"pp-content-author\">\n\t\t\t\t\t\t\t\t\t\t\t\t\t<span class=\"pp-card-slider-meta-icon pp-icon\">\n\t\t\t\t\t\t\t\t<i aria-hidden=\"true\" class=\"fas fa-user\"><\/i>\t\t\t\t\t\t\t<\/span>\n\t\t\t\t\t\t\t\t\t\t\t\t<span class=\"pp-card-slider-meta-text\">\n\t\t\t\t\t\t\tGabriela Vanegas Carrera\t\t\t\t\t\t<\/span>\n\t\t\t\t\t<\/span>\n\t\t\t\t  \n\t\t\t\t\t\t\t\t\t<span class=\"pp-post-category\">\n\t\t\t\t\t\t\t\t\t\t\t\t\t<span class=\"pp-card-slider-meta-icon pp-icon\">\n\t\t\t\t\t\t\t\t<i aria-hidden=\"true\" class=\"fas fa-folder-open\"><\/i>\t\t\t\t\t\t\t<\/span>\n\t\t\t\t\t\t\t\t\t\t\t\t<span class=\"pp-card-slider-meta-text\">\n\t\t\t\t\t\t\tActualidad\t\t\t\t\t\t<\/span>\n\t\t\t\t\t<\/span>\n\t\t\t\t  \n\t\t\t<\/div>\n\t\t\t\n\t\t\t\t\t\t\t\t\t\t\t\t\t\t\t\t\t<\/div>\n\t\t\t\t<\/div>\n\t\t\t\t\t\t\t\t<div class=\"pp-card-slider-item swiper-slide pp-card-slider-item-2\">\n\t\t\t\t\t\t\t\t\t\t\t\t\t<div class=\"pp-card-slider-image\">\n\t\t\t\t<a data-elementor-open-lightbox=\"yes\" data-elementor-lightbox-slideshow=\"be0a0ed\" data-elementor-lightbox-title=\"656533182_1421976049957131_5145742305313383296_n\" data-e-action-hash=\"#elementor-action%3Aaction%3Dlightbox%26settings%3DeyJpZCI6MjEwOTMsInVybCI6Imh0dHBzOlwvXC9vY2FydS5vcmcuZWNcL3dwLWNvbnRlbnRcL3VwbG9hZHNcLzIwMjZcLzA0XC82NTY1MzMxODJfMTQyMTk3NjA0OTk1NzEzMV81MTQ1NzQyMzA1MzEzMzgzMjk2X24uanBnIiwic2xpZGVzaG93IjoiYmUwYTBlZCJ9\" href=\"https:\/\/ocaru.org.ec\/wp-content\/uploads\/2026\/04\/656533182_1421976049957131_5145742305313383296_n-768x512.jpg\"><img decoding=\"async\" src=\"https:\/\/ocaru.org.ec\/wp-content\/uploads\/2026\/04\/656533182_1421976049957131_5145742305313383296_n-768x512.jpg\" alt=\"\"><\/a>\t\t\t<\/div>\n\t\t\t\t\t\t\t\t<div class=\"pp-card-slider-content-wrap\">\n\t\t\t\t\t\t\t\t\t<div class=\"pp-card-slider-date\">\n\t\t\t\t\t\t\t\t\t<span class=\"pp-card-slider-meta-icon pp-icon\">\n\t\t\t\t\t\t<i aria-hidden=\"true\" class=\"fas fa-calendar-alt\"><\/i>\t\t\t\t\t<\/span>\n\t\t\t\t\t\t\t\t<span class=\"pp-card-slider-meta-text\">\n\t\t\t\t\tApril 16, 2026\t\t\t\t<\/span>\n\t\t\t<\/div>\n\t\t\t\t\t\t\t\t\t\t\t\t\t\t\t\t<h2 class=\"pp-card-slider-title\">\n\t\t\t\t\t\t\t\t<a href=\"https:\/\/ocaru.org.ec\/en\/aportes-a-los-indicadores-de-soberania-alimentaria-en-ecuadorpor-que-es-importante-debatir\/\">Aportes a los indicadores de Soberan\u00eda Alimentaria en Ecuador<\/br> \u00bfPor qu\u00e9 es importante seguirlos debatiendo?<\/a>\t\t\t\t\t\t\t<\/h2>\n\t\t\t\t\t\t\n\t\t\t\t\t\t\t\t\t<div class=\"pp-card-slider-meta\">\n\t\t\t\t\t\t\t\t\t<span class=\"pp-content-author\">\n\t\t\t\t\t\t\t\t\t\t\t\t\t<span class=\"pp-card-slider-meta-icon pp-icon\">\n\t\t\t\t\t\t\t\t<i aria-hidden=\"true\" class=\"fas fa-user\"><\/i>\t\t\t\t\t\t\t<\/span>\n\t\t\t\t\t\t\t\t\t\t\t\t<span class=\"pp-card-slider-meta-text\">\n\t\t\t\t\t\t\tDavid Singa\u00f1a Tapia\t\t\t\t\t\t<\/span>\n\t\t\t\t\t<\/span>\n\t\t\t\t  \n\t\t\t\t\t\t\t\t\t<span class=\"pp-post-category\">\n\t\t\t\t\t\t\t\t\t\t\t\t\t<span class=\"pp-card-slider-meta-icon pp-icon\">\n\t\t\t\t\t\t\t\t<i aria-hidden=\"true\" class=\"fas fa-folder-open\"><\/i>\t\t\t\t\t\t\t<\/span>\n\t\t\t\t\t\t\t\t\t\t\t\t<span class=\"pp-card-slider-meta-text\">\n\t\t\t\t\t\t\tEconom\u00eda\t\t\t\t\t\t<\/span>\n\t\t\t\t\t<\/span>\n\t\t\t\t  \n\t\t\t<\/div>\n\t\t\t\n\t\t\t\t\t\t\t\t\t\t\t\t\t\t\t\t\t<\/div>\n\t\t\t\t<\/div>\n\t\t\t\t\t\t\t\t<div class=\"pp-card-slider-item swiper-slide pp-card-slider-item-3\">\n\t\t\t\t\t\t\t\t\t\t\t\t\t<div class=\"pp-card-slider-image\">\n\t\t\t\t<a data-elementor-open-lightbox=\"yes\" data-elementor-lightbox-slideshow=\"be0a0ed\" data-elementor-lightbox-title=\"Teal Modern ChatBot AI Presentation\" data-e-action-hash=\"#elementor-action%3Aaction%3Dlightbox%26settings%3DeyJpZCI6MjEwMDEsInVybCI6Imh0dHBzOlwvXC9vY2FydS5vcmcuZWNcL3dwLWNvbnRlbnRcL3VwbG9hZHNcLzIwMjZcLzA0XC9UZWFsLU1vZGVybi1DaGF0Qm90LUFJLVByZXNlbnRhdGlvbi5qcGciLCJzbGlkZXNob3ciOiJiZTBhMGVkIn0%3D\" href=\"https:\/\/ocaru.org.ec\/wp-content\/uploads\/2026\/04\/Teal-Modern-ChatBot-AI-Presentation-768x432.jpg\"><img decoding=\"async\" src=\"https:\/\/ocaru.org.ec\/wp-content\/uploads\/2026\/04\/Teal-Modern-ChatBot-AI-Presentation-768x432.jpg\" alt=\"\"><\/a>\t\t\t<\/div>\n\t\t\t\t\t\t\t\t<div class=\"pp-card-slider-content-wrap\">\n\t\t\t\t\t\t\t\t\t<div class=\"pp-card-slider-date\">\n\t\t\t\t\t\t\t\t\t<span class=\"pp-card-slider-meta-icon pp-icon\">\n\t\t\t\t\t\t<i aria-hidden=\"true\" class=\"fas fa-calendar-alt\"><\/i>\t\t\t\t\t<\/span>\n\t\t\t\t\t\t\t\t<span class=\"pp-card-slider-meta-text\">\n\t\t\t\t\tApril 8, 2026\t\t\t\t<\/span>\n\t\t\t<\/div>\n\t\t\t\t\t\t\t\t\t\t\t\t\t\t\t\t<h2 class=\"pp-card-slider-title\">\n\t\t\t\t\t\t\t\t<a href=\"https:\/\/ocaru.org.ec\/en\/abrir-las-puertas-para-unos-pocos-que-pasa-con-los-tratados-de-libre-comercio-en-ecuador\/\">Abrir las puertas para unos pocos: \u00bfQu\u00e9 pasa con los Tratados de Libre Comercio en Ecuador?<\/a>\t\t\t\t\t\t\t<\/h2>\n\t\t\t\t\t\t\n\t\t\t\t\t\t\t\t\t<div class=\"pp-card-slider-meta\">\n\t\t\t\t\t\t\t\t\t<span class=\"pp-content-author\">\n\t\t\t\t\t\t\t\t\t\t\t\t\t<span class=\"pp-card-slider-meta-icon pp-icon\">\n\t\t\t\t\t\t\t\t<i aria-hidden=\"true\" class=\"fas fa-user\"><\/i>\t\t\t\t\t\t\t<\/span>\n\t\t\t\t\t\t\t\t\t\t\t\t<span class=\"pp-card-slider-meta-text\">\n\t\t\t\t\t\t\tDavid Singa\u00f1a Tapia\t\t\t\t\t\t<\/span>\n\t\t\t\t\t<\/span>\n\t\t\t\t  \n\t\t\t\t\t\t\t\t\t<span class=\"pp-post-category\">\n\t\t\t\t\t\t\t\t\t\t\t\t\t<span class=\"pp-card-slider-meta-icon pp-icon\">\n\t\t\t\t\t\t\t\t<i aria-hidden=\"true\" class=\"fas fa-folder-open\"><\/i>\t\t\t\t\t\t\t<\/span>\n\t\t\t\t\t\t\t\t\t\t\t\t<span class=\"pp-card-slider-meta-text\">\n\t\t\t\t\t\t\tEconom\u00eda\t\t\t\t\t\t<\/span>\n\t\t\t\t\t<\/span>\n\t\t\t\t  \n\t\t\t<\/div>\n\t\t\t\n\t\t\t\t\t\t\t\t\t\t\t\t\t\t\t\t\t<\/div>\n\t\t\t\t<\/div>\n\t\t\t\t\t\t\t\t<div class=\"pp-card-slider-item swiper-slide pp-card-slider-item-4\">\n\t\t\t\t\t\t\t\t\t\t\t\t\t<div class=\"pp-card-slider-image\">\n\t\t\t\t<a data-elementor-open-lightbox=\"yes\" data-elementor-lightbox-slideshow=\"be0a0ed\" data-elementor-lightbox-title=\"IMG_20221216_103746_342\" data-e-action-hash=\"#elementor-action%3Aaction%3Dlightbox%26settings%3DeyJpZCI6MjA5MzgsInVybCI6Imh0dHBzOlwvXC9vY2FydS5vcmcuZWNcL3dwLWNvbnRlbnRcL3VwbG9hZHNcLzIwMjZcLzAzXC9JTUdfMjAyMjEyMTZfMTAzNzQ2XzM0Mi0xLXNjYWxlZC5qcGciLCJzbGlkZXNob3ciOiJiZTBhMGVkIn0%3D\" href=\"https:\/\/ocaru.org.ec\/wp-content\/uploads\/2026\/03\/IMG_20221216_103746_342-1-768x560.jpg\"><img decoding=\"async\" src=\"https:\/\/ocaru.org.ec\/wp-content\/uploads\/2026\/03\/IMG_20221216_103746_342-1-768x560.jpg\" alt=\"\"><\/a>\t\t\t<\/div>\n\t\t\t\t\t\t\t\t<div class=\"pp-card-slider-content-wrap\">\n\t\t\t\t\t\t\t\t\t<div class=\"pp-card-slider-date\">\n\t\t\t\t\t\t\t\t\t<span class=\"pp-card-slider-meta-icon pp-icon\">\n\t\t\t\t\t\t<i aria-hidden=\"true\" class=\"fas fa-calendar-alt\"><\/i>\t\t\t\t\t<\/span>\n\t\t\t\t\t\t\t\t<span class=\"pp-card-slider-meta-text\">\n\t\t\t\t\tMarch 27, 2026\t\t\t\t<\/span>\n\t\t\t<\/div>\n\t\t\t\t\t\t\t\t\t\t\t\t\t\t\t\t<h2 class=\"pp-card-slider-title\">\n\t\t\t\t\t\t\t\t<a href=\"https:\/\/ocaru.org.ec\/en\/no-se-dice-el-oriente-esto-es-la-amazonia-en-memoria-de-luis-yanza\/\">\u201cNo se dice el oriente, esto es la Amazon\u00eda\u201d. <\/br> En memoria de Luis Yanza<\/a>\t\t\t\t\t\t\t<\/h2>\n\t\t\t\t\t\t\n\t\t\t\t\t\t\t\t\t<div class=\"pp-card-slider-meta\">\n\t\t\t\t\t\t\t\t\t<span class=\"pp-content-author\">\n\t\t\t\t\t\t\t\t\t\t\t\t\t<span class=\"pp-card-slider-meta-icon pp-icon\">\n\t\t\t\t\t\t\t\t<i aria-hidden=\"true\" class=\"fas fa-user\"><\/i>\t\t\t\t\t\t\t<\/span>\n\t\t\t\t\t\t\t\t\t\t\t\t<span class=\"pp-card-slider-meta-text\">\n\t\t\t\t\t\t\tDavid Singa\u00f1a Tapia\t\t\t\t\t\t<\/span>\n\t\t\t\t\t<\/span>\n\t\t\t\t  \n\t\t\t\t\t\t\t\t\t<span class=\"pp-post-category\">\n\t\t\t\t\t\t\t\t\t\t\t\t\t<span class=\"pp-card-slider-meta-icon pp-icon\">\n\t\t\t\t\t\t\t\t<i aria-hidden=\"true\" class=\"fas fa-folder-open\"><\/i>\t\t\t\t\t\t\t<\/span>\n\t\t\t\t\t\t\t\t\t\t\t\t<span class=\"pp-card-slider-meta-text\">\n\t\t\t\t\t\t\tOpini\u00f3n\t\t\t\t\t\t<\/span>\n\t\t\t\t\t<\/span>\n\t\t\t\t  \n\t\t\t<\/div>\n\t\t\t\n\t\t\t\t\t\t\t\t\t\t\t\t\t\t\t\t\t<\/div>\n\t\t\t\t<\/div>\n\t\t\t\t\t\t\t\t<div class=\"pp-card-slider-item swiper-slide pp-card-slider-item-5\">\n\t\t\t\t\t\t\t\t\t\t\t\t\t<div class=\"pp-card-slider-image\">\n\t\t\t\t<a data-elementor-open-lightbox=\"yes\" data-elementor-lightbox-slideshow=\"be0a0ed\" data-elementor-lightbox-title=\"Blue Modern Ocean Presentation (2)\" data-e-action-hash=\"#elementor-action%3Aaction%3Dlightbox%26settings%3DeyJpZCI6MjA4ODEsInVybCI6Imh0dHBzOlwvXC9vY2FydS5vcmcuZWNcL3dwLWNvbnRlbnRcL3VwbG9hZHNcLzIwMjZcLzAzXC9CbHVlLU1vZGVybi1PY2Vhbi1QcmVzZW50YXRpb24tMi5qcGciLCJzbGlkZXNob3ciOiJiZTBhMGVkIn0%3D\" href=\"https:\/\/ocaru.org.ec\/wp-content\/uploads\/2026\/03\/Blue-Modern-Ocean-Presentation-2-768x432.jpg\"><img decoding=\"async\" src=\"https:\/\/ocaru.org.ec\/wp-content\/uploads\/2026\/03\/Blue-Modern-Ocean-Presentation-2-768x432.jpg\" alt=\"\"><\/a>\t\t\t<\/div>\n\t\t\t\t\t\t\t\t<div class=\"pp-card-slider-content-wrap\">\n\t\t\t\t\t\t\t\t\t<div class=\"pp-card-slider-date\">\n\t\t\t\t\t\t\t\t\t<span class=\"pp-card-slider-meta-icon pp-icon\">\n\t\t\t\t\t\t<i aria-hidden=\"true\" class=\"fas fa-calendar-alt\"><\/i>\t\t\t\t\t<\/span>\n\t\t\t\t\t\t\t\t<span class=\"pp-card-slider-meta-text\">\n\t\t\t\t\tMarch 17, 2026\t\t\t\t<\/span>\n\t\t\t<\/div>\n\t\t\t\t\t\t\t\t\t\t\t\t\t\t\t\t<h2 class=\"pp-card-slider-title\">\n\t\t\t\t\t\t\t\t<a href=\"https:\/\/ocaru.org.ec\/en\/la-mirada-en-lo-externo-y-la-desidia-en-lo-interno-ecuador-exportador\/\">La mirada en lo externo, y la desidia en lo interno: Ecuador exportador.<\/a>\t\t\t\t\t\t\t<\/h2>\n\t\t\t\t\t\t\n\t\t\t\t\t\t\t\t\t<div class=\"pp-card-slider-meta\">\n\t\t\t\t\t\t\t\t\t<span class=\"pp-content-author\">\n\t\t\t\t\t\t\t\t\t\t\t\t\t<span class=\"pp-card-slider-meta-icon pp-icon\">\n\t\t\t\t\t\t\t\t<i aria-hidden=\"true\" class=\"fas fa-user\"><\/i>\t\t\t\t\t\t\t<\/span>\n\t\t\t\t\t\t\t\t\t\t\t\t<span class=\"pp-card-slider-meta-text\">\n\t\t\t\t\t\t\tDavid Singa\u00f1a Tapia\t\t\t\t\t\t<\/span>\n\t\t\t\t\t<\/span>\n\t\t\t\t  \n\t\t\t\t\t\t\t\t\t<span class=\"pp-post-category\">\n\t\t\t\t\t\t\t\t\t\t\t\t\t<span class=\"pp-card-slider-meta-icon pp-icon\">\n\t\t\t\t\t\t\t\t<i aria-hidden=\"true\" class=\"fas fa-folder-open\"><\/i>\t\t\t\t\t\t\t<\/span>\n\t\t\t\t\t\t\t\t\t\t\t\t<span class=\"pp-card-slider-meta-text\">\n\t\t\t\t\t\t\tEconom\u00eda\t\t\t\t\t\t<\/span>\n\t\t\t\t\t<\/span>\n\t\t\t\t  \n\t\t\t<\/div>\n\t\t\t\n\t\t\t\t\t\t\t\t\t\t\t\t\t\t\t\t\t<\/div>\n\t\t\t\t<\/div>\n\t\t\t\t\t\t\t\t<div class=\"pp-card-slider-item swiper-slide pp-card-slider-item-6\">\n\t\t\t\t\t\t\t\t\t\t\t\t\t<div class=\"pp-card-slider-image\">\n\t\t\t\t<a data-elementor-open-lightbox=\"yes\" data-elementor-lightbox-slideshow=\"be0a0ed\" data-elementor-lightbox-title=\"Blue Modern Ocean Presentation (1)\" data-e-action-hash=\"#elementor-action%3Aaction%3Dlightbox%26settings%3DeyJpZCI6MjA3OTQsInVybCI6Imh0dHBzOlwvXC9vY2FydS5vcmcuZWNcL3dwLWNvbnRlbnRcL3VwbG9hZHNcLzIwMjZcLzAzXC9CbHVlLU1vZGVybi1PY2Vhbi1QcmVzZW50YXRpb24tMS5qcGciLCJzbGlkZXNob3ciOiJiZTBhMGVkIn0%3D\" href=\"https:\/\/ocaru.org.ec\/wp-content\/uploads\/2026\/03\/Blue-Modern-Ocean-Presentation-1-768x432.jpg\"><img decoding=\"async\" src=\"https:\/\/ocaru.org.ec\/wp-content\/uploads\/2026\/03\/Blue-Modern-Ocean-Presentation-1-768x432.jpg\" alt=\"\"><\/a>\t\t\t<\/div>\n\t\t\t\t\t\t\t\t<div class=\"pp-card-slider-content-wrap\">\n\t\t\t\t\t\t\t\t\t<div class=\"pp-card-slider-date\">\n\t\t\t\t\t\t\t\t\t<span class=\"pp-card-slider-meta-icon pp-icon\">\n\t\t\t\t\t\t<i aria-hidden=\"true\" class=\"fas fa-calendar-alt\"><\/i>\t\t\t\t\t<\/span>\n\t\t\t\t\t\t\t\t<span class=\"pp-card-slider-meta-text\">\n\t\t\t\t\tMarch 3, 2026\t\t\t\t<\/span>\n\t\t\t<\/div>\n\t\t\t\t\t\t\t\t\t\t\t\t\t\t\t\t<h2 class=\"pp-card-slider-title\">\n\t\t\t\t\t\t\t\t<a href=\"https:\/\/ocaru.org.ec\/en\/guayas-como-cristalizacion-del-regimen-alimentario-corporativo-resultados-del-censo-2025\/\">Guayas como cristalizaci\u00f3n del r\u00e9gimen alimentario corporativo: Resultados del Censo 2025<\/a>\t\t\t\t\t\t\t<\/h2>\n\t\t\t\t\t\t\n\t\t\t\t\t\t\t\t\t<div class=\"pp-card-slider-meta\">\n\t\t\t\t\t\t\t\t\t<span class=\"pp-content-author\">\n\t\t\t\t\t\t\t\t\t\t\t\t\t<span class=\"pp-card-slider-meta-icon pp-icon\">\n\t\t\t\t\t\t\t\t<i aria-hidden=\"true\" class=\"fas fa-user\"><\/i>\t\t\t\t\t\t\t<\/span>\n\t\t\t\t\t\t\t\t\t\t\t\t<span class=\"pp-card-slider-meta-text\">\n\t\t\t\t\t\t\tDavid Singa\u00f1a Tapia\t\t\t\t\t\t<\/span>\n\t\t\t\t\t<\/span>\n\t\t\t\t  \n\t\t\t\t\t\t\t\t\t<span class=\"pp-post-category\">\n\t\t\t\t\t\t\t\t\t\t\t\t\t<span class=\"pp-card-slider-meta-icon pp-icon\">\n\t\t\t\t\t\t\t\t<i aria-hidden=\"true\" class=\"fas fa-folder-open\"><\/i>\t\t\t\t\t\t\t<\/span>\n\t\t\t\t\t\t\t\t\t\t\t\t<span class=\"pp-card-slider-meta-text\">\n\t\t\t\t\t\t\tEconom\u00eda\t\t\t\t\t\t<\/span>\n\t\t\t\t\t<\/span>\n\t\t\t\t  \n\t\t\t<\/div>\n\t\t\t\n\t\t\t\t\t\t\t\t\t\t\t\t\t\t\t\t\t<\/div>\n\t\t\t\t<\/div>\n\t\t\t\t\t\t\t\t<div class=\"pp-card-slider-item swiper-slide pp-card-slider-item-7\">\n\t\t\t\t\t\t\t\t\t\t\t\t\t<div class=\"pp-card-slider-image\">\n\t\t\t\t<a data-elementor-open-lightbox=\"yes\" data-elementor-lightbox-slideshow=\"be0a0ed\" data-elementor-lightbox-title=\"Disen\u0303o sin ti\u0301tulo\" data-e-action-hash=\"#elementor-action%3Aaction%3Dlightbox%26settings%3DeyJpZCI6MjA3MDcsInVybCI6Imh0dHBzOlwvXC9vY2FydS5vcmcuZWNcL3dwLWNvbnRlbnRcL3VwbG9hZHNcLzIwMjZcLzAyXC9EaXNlbm8tc2luLXRpdHVsby5qcGciLCJzbGlkZXNob3ciOiJiZTBhMGVkIn0%3D\" href=\"https:\/\/ocaru.org.ec\/wp-content\/uploads\/2026\/02\/Diseno-sin-titulo-768x576.jpg\"><img decoding=\"async\" src=\"https:\/\/ocaru.org.ec\/wp-content\/uploads\/2026\/02\/Diseno-sin-titulo-768x576.jpg\" alt=\"\"><\/a>\t\t\t<\/div>\n\t\t\t\t\t\t\t\t<div class=\"pp-card-slider-content-wrap\">\n\t\t\t\t\t\t\t\t\t<div class=\"pp-card-slider-date\">\n\t\t\t\t\t\t\t\t\t<span class=\"pp-card-slider-meta-icon pp-icon\">\n\t\t\t\t\t\t<i aria-hidden=\"true\" class=\"fas fa-calendar-alt\"><\/i>\t\t\t\t\t<\/span>\n\t\t\t\t\t\t\t\t<span class=\"pp-card-slider-meta-text\">\n\t\t\t\t\tFebruary 19, 2026\t\t\t\t<\/span>\n\t\t\t<\/div>\n\t\t\t\t\t\t\t\t\t\t\t\t\t\t\t\t<h2 class=\"pp-card-slider-title\">\n\t\t\t\t\t\t\t\t<a href=\"https:\/\/ocaru.org.ec\/en\/entre-saberes-y-juventudes-la-nueva-imagen-del-ocaru-para-una-realidad-diversa\/\">Entre saberes y juventudes: La nueva imagen del OCARU para una realidad diversa<\/a>\t\t\t\t\t\t\t<\/h2>\n\t\t\t\t\t\t\n\t\t\t\t\t\t\t\t\t<div class=\"pp-card-slider-meta\">\n\t\t\t\t\t\t\t\t\t<span class=\"pp-content-author\">\n\t\t\t\t\t\t\t\t\t\t\t\t\t<span class=\"pp-card-slider-meta-icon pp-icon\">\n\t\t\t\t\t\t\t\t<i aria-hidden=\"true\" class=\"fas fa-user\"><\/i>\t\t\t\t\t\t\t<\/span>\n\t\t\t\t\t\t\t\t\t\t\t\t<span class=\"pp-card-slider-meta-text\">\n\t\t\t\t\t\t\tGabriela Vanegas Carrera\t\t\t\t\t\t<\/span>\n\t\t\t\t\t<\/span>\n\t\t\t\t  \n\t\t\t\t\t\t\t\t\t<span class=\"pp-post-category\">\n\t\t\t\t\t\t\t\t\t\t\t\t\t<span class=\"pp-card-slider-meta-icon pp-icon\">\n\t\t\t\t\t\t\t\t<i aria-hidden=\"true\" class=\"fas fa-folder-open\"><\/i>\t\t\t\t\t\t\t<\/span>\n\t\t\t\t\t\t\t\t\t\t\t\t<span class=\"pp-card-slider-meta-text\">\n\t\t\t\t\t\t\tActualidad\t\t\t\t\t\t<\/span>\n\t\t\t\t\t<\/span>\n\t\t\t\t  \n\t\t\t<\/div>\n\t\t\t\n\t\t\t\t\t\t\t\t\t\t\t\t\t\t\t\t\t<\/div>\n\t\t\t\t<\/div>\n\t\t\t\t\t\t\t\t<div class=\"pp-card-slider-item swiper-slide pp-card-slider-item-8\">\n\t\t\t\t\t\t\t\t\t\t\t\t\t<div class=\"pp-card-slider-image\">\n\t\t\t\t<a data-elementor-open-lightbox=\"yes\" data-elementor-lightbox-slideshow=\"be0a0ed\" data-elementor-lightbox-title=\"Blue Modern Ocean Presentation\" data-e-action-hash=\"#elementor-action%3Aaction%3Dlightbox%26settings%3DeyJpZCI6MjA1NzYsInVybCI6Imh0dHBzOlwvXC9vY2FydS5vcmcuZWNcL3dwLWNvbnRlbnRcL3VwbG9hZHNcLzIwMjZcLzAyXC9CbHVlLU1vZGVybi1PY2Vhbi1QcmVzZW50YXRpb24uanBnIiwic2xpZGVzaG93IjoiYmUwYTBlZCJ9\" href=\"https:\/\/ocaru.org.ec\/wp-content\/uploads\/2026\/02\/Blue-Modern-Ocean-Presentation-768x432.jpg\"><img decoding=\"async\" src=\"https:\/\/ocaru.org.ec\/wp-content\/uploads\/2026\/02\/Blue-Modern-Ocean-Presentation-768x432.jpg\" alt=\"\"><\/a>\t\t\t<\/div>\n\t\t\t\t\t\t\t\t<div class=\"pp-card-slider-content-wrap\">\n\t\t\t\t\t\t\t\t\t<div class=\"pp-card-slider-date\">\n\t\t\t\t\t\t\t\t\t<span class=\"pp-card-slider-meta-icon pp-icon\">\n\t\t\t\t\t\t<i aria-hidden=\"true\" class=\"fas fa-calendar-alt\"><\/i>\t\t\t\t\t<\/span>\n\t\t\t\t\t\t\t\t<span class=\"pp-card-slider-meta-text\">\n\t\t\t\t\tFebruary 12, 2026\t\t\t\t<\/span>\n\t\t\t<\/div>\n\t\t\t\t\t\t\t\t\t\t\t\t\t\t\t\t<h2 class=\"pp-card-slider-title\">\n\t\t\t\t\t\t\t\t<a href=\"https:\/\/ocaru.org.ec\/en\/de-la-lucha-arancelaria-a-los-territorios-rurales-que-pasa-con-los-aranceles-entre-colombia-y-ecuador\/\">De la lucha arancelaria a los territorios rurales:  \u00bfQu\u00e9 pasa con los aranceles entre Colombia y Ecuador?<\/a>\t\t\t\t\t\t\t<\/h2>\n\t\t\t\t\t\t\n\t\t\t\t\t\t\t\t\t<div class=\"pp-card-slider-meta\">\n\t\t\t\t\t\t\t\t\t<span class=\"pp-content-author\">\n\t\t\t\t\t\t\t\t\t\t\t\t\t<span class=\"pp-card-slider-meta-icon pp-icon\">\n\t\t\t\t\t\t\t\t<i aria-hidden=\"true\" class=\"fas fa-user\"><\/i>\t\t\t\t\t\t\t<\/span>\n\t\t\t\t\t\t\t\t\t\t\t\t<span class=\"pp-card-slider-meta-text\">\n\t\t\t\t\t\t\tDavid Singa\u00f1a Tapia\t\t\t\t\t\t<\/span>\n\t\t\t\t\t<\/span>\n\t\t\t\t  \n\t\t\t\t\t\t\t\t\t<span class=\"pp-post-category\">\n\t\t\t\t\t\t\t\t\t\t\t\t\t<span class=\"pp-card-slider-meta-icon pp-icon\">\n\t\t\t\t\t\t\t\t<i aria-hidden=\"true\" class=\"fas fa-folder-open\"><\/i>\t\t\t\t\t\t\t<\/span>\n\t\t\t\t\t\t\t\t\t\t\t\t<span class=\"pp-card-slider-meta-text\">\n\t\t\t\t\t\t\tOpini\u00f3n\t\t\t\t\t\t<\/span>\n\t\t\t\t\t<\/span>\n\t\t\t\t  \n\t\t\t<\/div>\n\t\t\t\n\t\t\t\t\t\t\t\t\t\t\t\t\t\t\t\t\t<\/div>\n\t\t\t\t<\/div>\n\t\t\t\t\t\t\t\t<div class=\"pp-card-slider-item swiper-slide pp-card-slider-item-9\">\n\t\t\t\t\t\t\t\t\t\t\t\t\t<div class=\"pp-card-slider-image\">\n\t\t\t\t<a data-elementor-open-lightbox=\"yes\" data-elementor-lightbox-slideshow=\"be0a0ed\" data-elementor-lightbox-title=\"IMG_1706\" data-e-action-hash=\"#elementor-action%3Aaction%3Dlightbox%26settings%3DeyJpZCI6MjAwMzksInVybCI6Imh0dHBzOlwvXC9vY2FydS5vcmcuZWNcL3dwLWNvbnRlbnRcL3VwbG9hZHNcLzIwMjVcLzExXC9JTUdfMTcwNi5qcGciLCJzbGlkZXNob3ciOiJiZTBhMGVkIn0%3D\" href=\"https:\/\/ocaru.org.ec\/wp-content\/uploads\/2025\/11\/IMG_1706-768x432.jpg\"><img decoding=\"async\" src=\"https:\/\/ocaru.org.ec\/wp-content\/uploads\/2025\/11\/IMG_1706-768x432.jpg\" alt=\"\"><\/a>\t\t\t<\/div>\n\t\t\t\t\t\t\t\t<div class=\"pp-card-slider-content-wrap\">\n\t\t\t\t\t\t\t\t\t<div class=\"pp-card-slider-date\">\n\t\t\t\t\t\t\t\t\t<span class=\"pp-card-slider-meta-icon pp-icon\">\n\t\t\t\t\t\t<i aria-hidden=\"true\" class=\"fas fa-calendar-alt\"><\/i>\t\t\t\t\t<\/span>\n\t\t\t\t\t\t\t\t<span class=\"pp-card-slider-meta-text\">\n\t\t\t\t\tNovember 23, 2025\t\t\t\t<\/span>\n\t\t\t<\/div>\n\t\t\t\t\t\t\t\t\t\t\t\t\t\t\t\t<h2 class=\"pp-card-slider-title\">\n\t\t\t\t\t\t\t\t<a href=\"https:\/\/ocaru.org.ec\/en\/mapeo-de-experiencias-agroecologicas-ecuador\/\">Ecuador lanza el Mapeo de Experiencias Agroecol\u00f3gicas <br> Mapea tu historia y sembremos transformaci\u00f3n<\/a>\t\t\t\t\t\t\t<\/h2>\n\t\t\t\t\t\t\n\t\t\t\t\t\t\t\t\t<div class=\"pp-card-slider-meta\">\n\t\t\t\t\t\t\t\t\t<span class=\"pp-content-author\">\n\t\t\t\t\t\t\t\t\t\t\t\t\t<span class=\"pp-card-slider-meta-icon pp-icon\">\n\t\t\t\t\t\t\t\t<i aria-hidden=\"true\" class=\"fas fa-user\"><\/i>\t\t\t\t\t\t\t<\/span>\n\t\t\t\t\t\t\t\t\t\t\t\t<span class=\"pp-card-slider-meta-text\">\n\t\t\t\t\t\t\tGabriela Vanegas Carrera\t\t\t\t\t\t<\/span>\n\t\t\t\t\t<\/span>\n\t\t\t\t  \n\t\t\t\t\t\t\t\t\t<span class=\"pp-post-category\">\n\t\t\t\t\t\t\t\t\t\t\t\t\t<span class=\"pp-card-slider-meta-icon pp-icon\">\n\t\t\t\t\t\t\t\t<i aria-hidden=\"true\" class=\"fas fa-folder-open\"><\/i>\t\t\t\t\t\t\t<\/span>\n\t\t\t\t\t\t\t\t\t\t\t\t<span class=\"pp-card-slider-meta-text\">\n\t\t\t\t\t\t\tActualidad\t\t\t\t\t\t<\/span>\n\t\t\t\t\t<\/span>\n\t\t\t\t  \n\t\t\t<\/div>\n\t\t\t\n\t\t\t\t\t\t\t\t\t\t\t\t\t\t\t\t\t<\/div>\n\t\t\t\t<\/div>\n\t\t\t\t\t\t\t<\/div>\n\t\t\t\t\t\t\t<div class=\"swiper-pagination swiper-pagination-be0a0ed\"><\/div>\n\t\t\t\t\t<\/div>\n\t\t\t\t\t\t<\/div>\n\t\t\t\t<\/div>\n\t\t\t\t\t<\/div>\n\t\t<\/div>\n\t\t\t\t\t<\/div>\n\t\t<\/section>\n\t\t\t\t<section class=\"elementor-section elementor-top-section elementor-element elementor-element-a47d51b elementor-section-boxed elementor-section-height-default elementor-section-height-default\" data-id=\"a47d51b\" data-element_type=\"section\" data-e-type=\"section\">\n\t\t\t\t\t\t<div class=\"elementor-container elementor-column-gap-default\">\n\t\t\t\t\t<div class=\"elementor-column elementor-col-100 elementor-top-column elementor-element elementor-element-3bd6fd6\" data-id=\"3bd6fd6\" data-element_type=\"column\" data-e-type=\"column\">\n\t\t\t<div class=\"elementor-widget-wrap elementor-element-populated\">\n\t\t\t\t\t\t<div class=\"elementor-element elementor-element-0538513 elementor-widget elementor-widget-heading\" data-id=\"0538513\" data-element_type=\"widget\" data-e-type=\"widget\" data-widget_type=\"heading.default\">\n\t\t\t\t<div class=\"elementor-widget-container\">\n\t\t\t\t\t<h4 class=\"elementor-heading-title elementor-size-default\">Compartir este art\u00edculo<\/h4>\t\t\t\t<\/div>\n\t\t\t\t<\/div>\n\t\t\t\t<div class=\"elementor-element elementor-element-d222c3d elementor-share-buttons--view-icon elementor-share-buttons--skin-minimal elementor-share-buttons--shape-circle elementor-share-buttons--color-custom elementor-grid-mobile-0 elementor-grid-0 elementor-widget elementor-widget-global elementor-global-9480 elementor-widget-mdp-sharinger-elementor\" data-id=\"d222c3d\" data-element_type=\"widget\" data-e-type=\"widget\" data-widget_type=\"mdp-sharinger-elementor.default\">\n\t\t\t\t<div class=\"elementor-widget-container\">\n\t\t\t\t\t        <div class=\"elementor-grid mdp-sharinger\">\n                            <div class=\"elementor-grid-item\">\n                    <div class=\"elementor-share-btn elementor-share-btn_facebook elementor-animation-pulse\" tabindex=\"0\" aria-label=\"Share on facebook\">\n                                                    <span class=\"elementor-share-btn__icon\">\n\t\t\t\t\t\t\t\t<i class=\"fab fa-facebook\" aria-hidden=\"true\"><\/i>\t\t\t\t\t\t\t<\/span>\n                                                                    <\/div>\n                <\/div>\n                                <div class=\"elementor-grid-item\">\n                    <div class=\"elementor-share-btn elementor-share-btn_twitter elementor-animation-pulse\" tabindex=\"0\" aria-label=\"Share on twitter\">\n                                                    <span class=\"elementor-share-btn__icon\">\n\t\t\t\t\t\t\t\t<i class=\"fab fa-twitter\" aria-hidden=\"true\"><\/i>\t\t\t\t\t\t\t<\/span>\n                                                                    <\/div>\n                <\/div>\n                                <div class=\"elementor-grid-item\">\n                    <div class=\"elementor-share-btn elementor-share-btn_linkedin elementor-animation-pulse\" tabindex=\"0\" aria-label=\"Share on linkedin\">\n                                                    <span class=\"elementor-share-btn__icon\">\n\t\t\t\t\t\t\t\t<i class=\"fab fa-linkedin\" aria-hidden=\"true\"><\/i>\t\t\t\t\t\t\t<\/span>\n                                                                    <\/div>\n                <\/div>\n                                <div class=\"elementor-grid-item\">\n                    <div class=\"elementor-share-btn elementor-share-btn_telegram elementor-animation-pulse\" tabindex=\"0\" aria-label=\"Share on telegram\">\n                                                    <span class=\"elementor-share-btn__icon\">\n\t\t\t\t\t\t\t\t<i class=\"fab fa-telegram\" aria-hidden=\"true\"><\/i>\t\t\t\t\t\t\t<\/span>\n                                                                    <\/div>\n                <\/div>\n                                <div class=\"elementor-grid-item\">\n                    <div class=\"elementor-share-btn elementor-share-btn_whatsapp elementor-animation-pulse\" tabindex=\"0\" aria-label=\"Share on whatsapp\">\n                                                    <span class=\"elementor-share-btn__icon\">\n\t\t\t\t\t\t\t\t<i class=\"fab fa-whatsapp\" aria-hidden=\"true\"><\/i>\t\t\t\t\t\t\t<\/span>\n                                                                    <\/div>\n                <\/div>\n                                <div class=\"elementor-grid-item\">\n                    <div class=\"elementor-share-btn elementor-share-btn_email elementor-animation-pulse\" tabindex=\"0\" aria-label=\"Share on email\">\n                                                    <span class=\"elementor-share-btn__icon\">\n\t\t\t\t\t\t\t\t<i class=\"fas fa-envelope\" aria-hidden=\"true\"><\/i>\t\t\t\t\t\t\t<\/span>\n                                                                    <\/div>\n                <\/div>\n                        <\/div>\n        \t\t\t\t<\/div>\n\t\t\t\t<\/div>\n\t\t\t\t\t<\/div>\n\t\t<\/div>\n\t\t\t\t\t<\/div>\n\t\t<\/section>\n\t\t\t\t<\/div>","protected":false},"excerpt":{"rendered":"<div class=\"tmnf_excerpt meta_deko\"><p>Tres d\u00edas de intensas jornadas de debate marcaron el Primer Seminario Permanente de Investigaci\u00f3n del Grupo Tierra durante el 5, 6 y 7 de junio, en la ciudad de Quito.<\/p>\n<\/div>","protected":false},"author":15,"featured_media":11779,"comment_status":"closed","ping_status":"open","sticky":false,"template":"","format":"standard","meta":{"_mi_skip_tracking":false,"_monsterinsights_sitenote_active":false,"_monsterinsights_sitenote_note":"","_monsterinsights_sitenote_category":0,"footnotes":""},"categories":[84],"tags":[103],"class_list":["post-11778","post","type-post","status-publish","format-standard","has-post-thumbnail","hentry","category-actualidad","tag-noticias-rotativas"],"yoast_head":"<!-- This site is optimized with the Yoast SEO Premium plugin v24.8 (Yoast SEO v27.4) - https:\/\/yoast.com\/product\/yoast-seo-premium-wordpress\/ -->\n<title>El debate agrario durante el primer seminario permanente de investigaci\u00f3n del Grupo Tierra - Ocaru<\/title>\n<meta name=\"robots\" content=\"index, follow, max-snippet:-1, max-image-preview:large, max-video-preview:-1\" \/>\n<link rel=\"canonical\" href=\"https:\/\/ocaru.org.ec\/en\/el-debate-agrario-durante-el-primer-seminario-permanente-de-investigacion-del-grupo-tierra\/\" \/>\n<meta property=\"og:locale\" content=\"en_US\" \/>\n<meta property=\"og:type\" content=\"article\" \/>\n<meta property=\"og:title\" content=\"El debate agrario durante el primer seminario permanente de investigaci\u00f3n del Grupo Tierra\" \/>\n<meta property=\"og:description\" content=\"Tres d\u00edas de intensas jornadas de debate marcaron el Primer Seminario Permanente de Investigaci\u00f3n del Grupo Tierra durante el 5, 6 y 7 de junio, en la ciudad de Quito.\" \/>\n<meta property=\"og:url\" content=\"https:\/\/ocaru.org.ec\/en\/el-debate-agrario-durante-el-primer-seminario-permanente-de-investigacion-del-grupo-tierra\/\" \/>\n<meta property=\"og:site_name\" content=\"Ocaru\" \/>\n<meta property=\"article:publisher\" content=\"https:\/\/www.facebook.com\/Ocaruec\/\" \/>\n<meta property=\"article:published_time\" content=\"2018-06-14T17:57:25+00:00\" \/>\n<meta property=\"article:modified_time\" content=\"2023-09-25T18:12:06+00:00\" \/>\n<meta property=\"og:image\" content=\"https:\/\/ocaru.org.ec\/wp-content\/uploads\/2023\/09\/ddebate.jpg\" \/>\n\t<meta property=\"og:image:width\" content=\"855\" \/>\n\t<meta property=\"og:image:height\" content=\"600\" \/>\n\t<meta property=\"og:image:type\" content=\"image\/jpeg\" \/>\n<meta name=\"author\" content=\"Equipo OCARU\" \/>\n<script type=\"application\/ld+json\" class=\"yoast-schema-graph\">{\"@context\":\"https:\\\/\\\/schema.org\",\"@graph\":[{\"@type\":\"Article\",\"@id\":\"https:\\\/\\\/ocaru.org.ec\\\/el-debate-agrario-durante-el-primer-seminario-permanente-de-investigacion-del-grupo-tierra\\\/#article\",\"isPartOf\":{\"@id\":\"https:\\\/\\\/ocaru.org.ec\\\/el-debate-agrario-durante-el-primer-seminario-permanente-de-investigacion-del-grupo-tierra\\\/\"},\"author\":{\"name\":\"Equipo OCARU\",\"@id\":\"https:\\\/\\\/ocaru.org.ec\\\/#\\\/schema\\\/person\\\/90b45d0b1a5b0e27ed66ebbfcdeb3b7f\"},\"headline\":\"El debate agrario durante el primer seminario permanente de investigaci\u00f3n del Grupo Tierra\",\"datePublished\":\"2018-06-14T17:57:25+00:00\",\"dateModified\":\"2023-09-25T18:12:06+00:00\",\"mainEntityOfPage\":{\"@id\":\"https:\\\/\\\/ocaru.org.ec\\\/el-debate-agrario-durante-el-primer-seminario-permanente-de-investigacion-del-grupo-tierra\\\/\"},\"wordCount\":1853,\"publisher\":{\"@id\":\"https:\\\/\\\/ocaru.org.ec\\\/#organization\"},\"image\":{\"@id\":\"https:\\\/\\\/ocaru.org.ec\\\/el-debate-agrario-durante-el-primer-seminario-permanente-de-investigacion-del-grupo-tierra\\\/#primaryimage\"},\"thumbnailUrl\":\"https:\\\/\\\/ocaru.org.ec\\\/wp-content\\\/uploads\\\/2023\\\/09\\\/ddebate.jpg\",\"keywords\":[\"Noticias Rotativas\"],\"articleSection\":[\"Actualidad\"],\"inLanguage\":\"en-US\"},{\"@type\":\"WebPage\",\"@id\":\"https:\\\/\\\/ocaru.org.ec\\\/el-debate-agrario-durante-el-primer-seminario-permanente-de-investigacion-del-grupo-tierra\\\/\",\"url\":\"https:\\\/\\\/ocaru.org.ec\\\/el-debate-agrario-durante-el-primer-seminario-permanente-de-investigacion-del-grupo-tierra\\\/\",\"name\":\"El debate agrario durante el primer seminario permanente de investigaci\u00f3n del Grupo Tierra - Ocaru\",\"isPartOf\":{\"@id\":\"https:\\\/\\\/ocaru.org.ec\\\/#website\"},\"primaryImageOfPage\":{\"@id\":\"https:\\\/\\\/ocaru.org.ec\\\/el-debate-agrario-durante-el-primer-seminario-permanente-de-investigacion-del-grupo-tierra\\\/#primaryimage\"},\"image\":{\"@id\":\"https:\\\/\\\/ocaru.org.ec\\\/el-debate-agrario-durante-el-primer-seminario-permanente-de-investigacion-del-grupo-tierra\\\/#primaryimage\"},\"thumbnailUrl\":\"https:\\\/\\\/ocaru.org.ec\\\/wp-content\\\/uploads\\\/2023\\\/09\\\/ddebate.jpg\",\"datePublished\":\"2018-06-14T17:57:25+00:00\",\"dateModified\":\"2023-09-25T18:12:06+00:00\",\"breadcrumb\":{\"@id\":\"https:\\\/\\\/ocaru.org.ec\\\/el-debate-agrario-durante-el-primer-seminario-permanente-de-investigacion-del-grupo-tierra\\\/#breadcrumb\"},\"inLanguage\":\"en-US\",\"potentialAction\":[{\"@type\":\"ReadAction\",\"target\":[\"https:\\\/\\\/ocaru.org.ec\\\/el-debate-agrario-durante-el-primer-seminario-permanente-de-investigacion-del-grupo-tierra\\\/\"]}]},{\"@type\":\"ImageObject\",\"inLanguage\":\"en-US\",\"@id\":\"https:\\\/\\\/ocaru.org.ec\\\/el-debate-agrario-durante-el-primer-seminario-permanente-de-investigacion-del-grupo-tierra\\\/#primaryimage\",\"url\":\"https:\\\/\\\/ocaru.org.ec\\\/wp-content\\\/uploads\\\/2023\\\/09\\\/ddebate.jpg\",\"contentUrl\":\"https:\\\/\\\/ocaru.org.ec\\\/wp-content\\\/uploads\\\/2023\\\/09\\\/ddebate.jpg\",\"width\":855,\"height\":600},{\"@type\":\"BreadcrumbList\",\"@id\":\"https:\\\/\\\/ocaru.org.ec\\\/el-debate-agrario-durante-el-primer-seminario-permanente-de-investigacion-del-grupo-tierra\\\/#breadcrumb\",\"itemListElement\":[{\"@type\":\"ListItem\",\"position\":1,\"name\":\"Portada\",\"item\":\"https:\\\/\\\/ocaru.org.ec\\\/\"},{\"@type\":\"ListItem\",\"position\":2,\"name\":\"El debate agrario durante el primer seminario permanente de investigaci\u00f3n del Grupo Tierra\"}]},{\"@type\":\"WebSite\",\"@id\":\"https:\\\/\\\/ocaru.org.ec\\\/#website\",\"url\":\"https:\\\/\\\/ocaru.org.ec\\\/\",\"name\":\"Ocaru\",\"description\":\"Observatorio del Cambio Rural\",\"publisher\":{\"@id\":\"https:\\\/\\\/ocaru.org.ec\\\/#organization\"},\"potentialAction\":[{\"@type\":\"SearchAction\",\"target\":{\"@type\":\"EntryPoint\",\"urlTemplate\":\"https:\\\/\\\/ocaru.org.ec\\\/?s={search_term_string}\"},\"query-input\":{\"@type\":\"PropertyValueSpecification\",\"valueRequired\":true,\"valueName\":\"search_term_string\"}}],\"inLanguage\":\"en-US\"},{\"@type\":\"Organization\",\"@id\":\"https:\\\/\\\/ocaru.org.ec\\\/#organization\",\"name\":\"Ocaru\",\"url\":\"https:\\\/\\\/ocaru.org.ec\\\/\",\"logo\":{\"@type\":\"ImageObject\",\"inLanguage\":\"en-US\",\"@id\":\"https:\\\/\\\/ocaru.org.ec\\\/#\\\/schema\\\/logo\\\/image\\\/\",\"url\":\"https:\\\/\\\/ocaru.org.ec\\\/wp-content\\\/uploads\\\/2026\\\/02\\\/Logo-150-x-150-1.jpg\",\"contentUrl\":\"https:\\\/\\\/ocaru.org.ec\\\/wp-content\\\/uploads\\\/2026\\\/02\\\/Logo-150-x-150-1.jpg\",\"width\":150,\"height\":150,\"caption\":\"Ocaru\"},\"image\":{\"@id\":\"https:\\\/\\\/ocaru.org.ec\\\/#\\\/schema\\\/logo\\\/image\\\/\"},\"sameAs\":[\"https:\\\/\\\/www.facebook.com\\\/Ocaruec\\\/\",\"https:\\\/\\\/x.com\\\/OCARUEc\",\"https:\\\/\\\/www.instagram.com\\\/ocaru_ecuador\\\/\",\"https:\\\/\\\/www.youtube.com\\\/user\\\/CambioRuralEC\"]},{\"@type\":\"Person\",\"@id\":\"https:\\\/\\\/ocaru.org.ec\\\/#\\\/schema\\\/person\\\/90b45d0b1a5b0e27ed66ebbfcdeb3b7f\",\"name\":\"Equipo OCARU\",\"image\":{\"@type\":\"ImageObject\",\"inLanguage\":\"en-US\",\"@id\":\"https:\\\/\\\/secure.gravatar.com\\\/avatar\\\/6fc8d9021cfef3848dc756028babfce4b172a5cdf3ddaf65c90537c341847bba?s=96&d=mm&r=g\",\"url\":\"https:\\\/\\\/secure.gravatar.com\\\/avatar\\\/6fc8d9021cfef3848dc756028babfce4b172a5cdf3ddaf65c90537c341847bba?s=96&d=mm&r=g\",\"contentUrl\":\"https:\\\/\\\/secure.gravatar.com\\\/avatar\\\/6fc8d9021cfef3848dc756028babfce4b172a5cdf3ddaf65c90537c341847bba?s=96&d=mm&r=g\",\"caption\":\"Equipo OCARU\"},\"url\":\"https:\\\/\\\/ocaru.org.ec\\\/en\\\/author\\\/equipo-ocaru\\\/\"}]}<\/script>\n<!-- \/ Yoast SEO Premium plugin. -->","yoast_head_json":{"title":"El debate agrario durante el primer seminario permanente de investigaci\u00f3n del Grupo Tierra - Ocaru","robots":{"index":"index","follow":"follow","max-snippet":"max-snippet:-1","max-image-preview":"max-image-preview:large","max-video-preview":"max-video-preview:-1"},"canonical":"https:\/\/ocaru.org.ec\/en\/el-debate-agrario-durante-el-primer-seminario-permanente-de-investigacion-del-grupo-tierra\/","og_locale":"en_US","og_type":"article","og_title":"El debate agrario durante el primer seminario permanente de investigaci\u00f3n del Grupo Tierra","og_description":"Tres d\u00edas de intensas jornadas de debate marcaron el Primer Seminario Permanente de Investigaci\u00f3n del Grupo Tierra durante el 5, 6 y 7 de junio, en la ciudad de Quito.","og_url":"https:\/\/ocaru.org.ec\/en\/el-debate-agrario-durante-el-primer-seminario-permanente-de-investigacion-del-grupo-tierra\/","og_site_name":"Ocaru","article_publisher":"https:\/\/www.facebook.com\/Ocaruec\/","article_published_time":"2018-06-14T17:57:25+00:00","article_modified_time":"2023-09-25T18:12:06+00:00","og_image":[{"width":855,"height":600,"url":"https:\/\/ocaru.org.ec\/wp-content\/uploads\/2023\/09\/ddebate.jpg","type":"image\/jpeg"}],"author":"Equipo OCARU","schema":{"@context":"https:\/\/schema.org","@graph":[{"@type":"Article","@id":"https:\/\/ocaru.org.ec\/el-debate-agrario-durante-el-primer-seminario-permanente-de-investigacion-del-grupo-tierra\/#article","isPartOf":{"@id":"https:\/\/ocaru.org.ec\/el-debate-agrario-durante-el-primer-seminario-permanente-de-investigacion-del-grupo-tierra\/"},"author":{"name":"Equipo OCARU","@id":"https:\/\/ocaru.org.ec\/#\/schema\/person\/90b45d0b1a5b0e27ed66ebbfcdeb3b7f"},"headline":"El debate agrario durante el primer seminario permanente de investigaci\u00f3n del Grupo Tierra","datePublished":"2018-06-14T17:57:25+00:00","dateModified":"2023-09-25T18:12:06+00:00","mainEntityOfPage":{"@id":"https:\/\/ocaru.org.ec\/el-debate-agrario-durante-el-primer-seminario-permanente-de-investigacion-del-grupo-tierra\/"},"wordCount":1853,"publisher":{"@id":"https:\/\/ocaru.org.ec\/#organization"},"image":{"@id":"https:\/\/ocaru.org.ec\/el-debate-agrario-durante-el-primer-seminario-permanente-de-investigacion-del-grupo-tierra\/#primaryimage"},"thumbnailUrl":"https:\/\/ocaru.org.ec\/wp-content\/uploads\/2023\/09\/ddebate.jpg","keywords":["Noticias Rotativas"],"articleSection":["Actualidad"],"inLanguage":"en-US"},{"@type":"WebPage","@id":"https:\/\/ocaru.org.ec\/el-debate-agrario-durante-el-primer-seminario-permanente-de-investigacion-del-grupo-tierra\/","url":"https:\/\/ocaru.org.ec\/el-debate-agrario-durante-el-primer-seminario-permanente-de-investigacion-del-grupo-tierra\/","name":"El debate agrario durante el primer seminario permanente de investigaci\u00f3n del Grupo Tierra - Ocaru","isPartOf":{"@id":"https:\/\/ocaru.org.ec\/#website"},"primaryImageOfPage":{"@id":"https:\/\/ocaru.org.ec\/el-debate-agrario-durante-el-primer-seminario-permanente-de-investigacion-del-grupo-tierra\/#primaryimage"},"image":{"@id":"https:\/\/ocaru.org.ec\/el-debate-agrario-durante-el-primer-seminario-permanente-de-investigacion-del-grupo-tierra\/#primaryimage"},"thumbnailUrl":"https:\/\/ocaru.org.ec\/wp-content\/uploads\/2023\/09\/ddebate.jpg","datePublished":"2018-06-14T17:57:25+00:00","dateModified":"2023-09-25T18:12:06+00:00","breadcrumb":{"@id":"https:\/\/ocaru.org.ec\/el-debate-agrario-durante-el-primer-seminario-permanente-de-investigacion-del-grupo-tierra\/#breadcrumb"},"inLanguage":"en-US","potentialAction":[{"@type":"ReadAction","target":["https:\/\/ocaru.org.ec\/el-debate-agrario-durante-el-primer-seminario-permanente-de-investigacion-del-grupo-tierra\/"]}]},{"@type":"ImageObject","inLanguage":"en-US","@id":"https:\/\/ocaru.org.ec\/el-debate-agrario-durante-el-primer-seminario-permanente-de-investigacion-del-grupo-tierra\/#primaryimage","url":"https:\/\/ocaru.org.ec\/wp-content\/uploads\/2023\/09\/ddebate.jpg","contentUrl":"https:\/\/ocaru.org.ec\/wp-content\/uploads\/2023\/09\/ddebate.jpg","width":855,"height":600},{"@type":"BreadcrumbList","@id":"https:\/\/ocaru.org.ec\/el-debate-agrario-durante-el-primer-seminario-permanente-de-investigacion-del-grupo-tierra\/#breadcrumb","itemListElement":[{"@type":"ListItem","position":1,"name":"Portada","item":"https:\/\/ocaru.org.ec\/"},{"@type":"ListItem","position":2,"name":"El debate agrario durante el primer seminario permanente de investigaci\u00f3n del Grupo Tierra"}]},{"@type":"WebSite","@id":"https:\/\/ocaru.org.ec\/#website","url":"https:\/\/ocaru.org.ec\/","name":"Ocaru","description":"Observatorio del Cambio Rural","publisher":{"@id":"https:\/\/ocaru.org.ec\/#organization"},"potentialAction":[{"@type":"SearchAction","target":{"@type":"EntryPoint","urlTemplate":"https:\/\/ocaru.org.ec\/?s={search_term_string}"},"query-input":{"@type":"PropertyValueSpecification","valueRequired":true,"valueName":"search_term_string"}}],"inLanguage":"en-US"},{"@type":"Organization","@id":"https:\/\/ocaru.org.ec\/#organization","name":"Ocaru","url":"https:\/\/ocaru.org.ec\/","logo":{"@type":"ImageObject","inLanguage":"en-US","@id":"https:\/\/ocaru.org.ec\/#\/schema\/logo\/image\/","url":"https:\/\/ocaru.org.ec\/wp-content\/uploads\/2026\/02\/Logo-150-x-150-1.jpg","contentUrl":"https:\/\/ocaru.org.ec\/wp-content\/uploads\/2026\/02\/Logo-150-x-150-1.jpg","width":150,"height":150,"caption":"Ocaru"},"image":{"@id":"https:\/\/ocaru.org.ec\/#\/schema\/logo\/image\/"},"sameAs":["https:\/\/www.facebook.com\/Ocaruec\/","https:\/\/x.com\/OCARUEc","https:\/\/www.instagram.com\/ocaru_ecuador\/","https:\/\/www.youtube.com\/user\/CambioRuralEC"]},{"@type":"Person","@id":"https:\/\/ocaru.org.ec\/#\/schema\/person\/90b45d0b1a5b0e27ed66ebbfcdeb3b7f","name":"Equipo OCARU","image":{"@type":"ImageObject","inLanguage":"en-US","@id":"https:\/\/secure.gravatar.com\/avatar\/6fc8d9021cfef3848dc756028babfce4b172a5cdf3ddaf65c90537c341847bba?s=96&d=mm&r=g","url":"https:\/\/secure.gravatar.com\/avatar\/6fc8d9021cfef3848dc756028babfce4b172a5cdf3ddaf65c90537c341847bba?s=96&d=mm&r=g","contentUrl":"https:\/\/secure.gravatar.com\/avatar\/6fc8d9021cfef3848dc756028babfce4b172a5cdf3ddaf65c90537c341847bba?s=96&d=mm&r=g","caption":"Equipo OCARU"},"url":"https:\/\/ocaru.org.ec\/en\/author\/equipo-ocaru\/"}]}},"_links":{"self":[{"href":"https:\/\/ocaru.org.ec\/en\/wp-json\/wp\/v2\/posts\/11778","targetHints":{"allow":["GET"]}}],"collection":[{"href":"https:\/\/ocaru.org.ec\/en\/wp-json\/wp\/v2\/posts"}],"about":[{"href":"https:\/\/ocaru.org.ec\/en\/wp-json\/wp\/v2\/types\/post"}],"author":[{"embeddable":true,"href":"https:\/\/ocaru.org.ec\/en\/wp-json\/wp\/v2\/users\/15"}],"replies":[{"embeddable":true,"href":"https:\/\/ocaru.org.ec\/en\/wp-json\/wp\/v2\/comments?post=11778"}],"version-history":[{"count":5,"href":"https:\/\/ocaru.org.ec\/en\/wp-json\/wp\/v2\/posts\/11778\/revisions"}],"predecessor-version":[{"id":11786,"href":"https:\/\/ocaru.org.ec\/en\/wp-json\/wp\/v2\/posts\/11778\/revisions\/11786"}],"wp:featuredmedia":[{"embeddable":true,"href":"https:\/\/ocaru.org.ec\/en\/wp-json\/wp\/v2\/media\/11779"}],"wp:attachment":[{"href":"https:\/\/ocaru.org.ec\/en\/wp-json\/wp\/v2\/media?parent=11778"}],"wp:term":[{"taxonomy":"category","embeddable":true,"href":"https:\/\/ocaru.org.ec\/en\/wp-json\/wp\/v2\/categories?post=11778"},{"taxonomy":"post_tag","embeddable":true,"href":"https:\/\/ocaru.org.ec\/en\/wp-json\/wp\/v2\/tags?post=11778"}],"curies":[{"name":"wp","href":"https:\/\/api.w.org\/{rel}","templated":true}]}}